{"id":16142,"date":"2023-04-24T00:00:00","date_gmt":"2023-04-24T00:00:00","guid":{"rendered":"https:\/\/megnyitasa.com\/tudas\/a-meg-nem-enekelt-hosok-a-belso-ellenorok-letfontossagu-szerepe-a-vallalatnal\/"},"modified":"2023-04-24T00:00:00","modified_gmt":"2023-04-24T00:00:00","slug":"a-meg-nem-enekelt-hosok-a-belso-ellenorok-letfontossagu-szerepe-a-vallalatnal","status":"publish","type":"post","link":"https:\/\/megnyitasa.com\/tudas\/a-meg-nem-enekelt-hosok-a-belso-ellenorok-letfontossagu-szerepe-a-vallalatnal\/","title":{"rendered":"A meg nem \u00e9nekelt h\u0151s\u00f6k: a bels\u0151 ellen\u0151r\u00f6k l\u00e9tfontoss\u00e1g\u00fa szerepe a v\u00e1llalatn\u00e1l"},"content":{"rendered":"<div class=\"articlecontent\">\n<div class=\"newlinediv\"><\/div>\n<p> A bels\u0151 ellen\u0151r\u00f6k a v\u00e1llalat meg nem \u00e9nekelt h\u0151sei. L\u00e9tfontoss\u00e1g\u00fa szerepet j\u00e1tszanak a p\u00e9nz\u00fcgyi stabilit\u00e1s, a m\u0171k\u00f6d\u00e9si hat\u00e9konys\u00e1g, valamint a t\u00f6rv\u00e9nyeknek \u00e9s szab\u00e1lyoz\u00e1soknak val\u00f3 megfelel\u00e9s biztos\u00edt\u00e1s\u00e1ban. A bels\u0151 ellen\u0151rz\u00e9si funkci\u00f3 a v\u00e1llalatir\u00e1ny\u00edt\u00e1s l\u00e9nyeges r\u00e9sze, amely felel\u0151s a kock\u00e1zatok m\u00e9rs\u00e9kl\u00e9s\u00e9\u00e9rt, a lehets\u00e9ges csal\u00e1sok azonos\u00edt\u00e1s\u00e1\u00e9rt \u00e9s a szervezet \u00e1ltal\u00e1nos teljes\u00edtm\u00e9ny\u00e9nek jav\u00edt\u00e1s\u00e1\u00e9rt. Ebben a cikkben a bels\u0151 ellen\u0151rz\u00e9si funkci\u00f3 jelent\u0151s\u00e9g\u00e9t t\u00e1rgyaljuk egy v\u00e1llalatn\u00e1l. <\/p>\n<div class=\"newlinediv\"><\/div>\n<p> El\u0151sz\u00f6r is, a bels\u0151 ellen\u0151r\u00f6k felel\u0151sek a szervezetet \u00e9rint\u0151 kock\u00e1zatok azonos\u00edt\u00e1s\u00e1\u00e9rt \u00e9s \u00e9rt\u00e9kel\u00e9s\u00e9\u00e9rt. Elemzik a v\u00e1llalat m\u0171k\u00f6d\u00e9s\u00e9t \u00e9s folyamatait, hogy meghat\u00e1rozz\u00e1k azokat a potenci\u00e1lis kock\u00e1zatokat, amelyek hat\u00e1ssal lehetnek a v\u00e1llalat c\u00e9ljaira. P\u00e9ld\u00e1ul azonos\u00edthatj\u00e1k a p\u00e9nz\u00fcgyi besz\u00e1mol\u00e1ssal, az inform\u00e1ci\u00f3technol\u00f3gi\u00e1val, az ell\u00e1t\u00e1si l\u00e1nccal vagy a megfelel\u0151s\u00e9ggel kapcsolatos kock\u00e1zatokat. E kock\u00e1zatok azonos\u00edt\u00e1s\u00e1val a bels\u0151 ellen\u0151r\u00f6k aj\u00e1nl\u00e1sokat tehetnek a vezet\u0151s\u00e9gnek e kock\u00e1zatok m\u00e9rs\u00e9kl\u00e9s\u00e9re \u00e9s a v\u00e1llalat ellen\u00e1ll\u00f3 k\u00e9pess\u00e9g\u00e9nek jav\u00edt\u00e1s\u00e1ra. <\/p>\n<div class=\"newlinediv\"><\/div>\n<p> M\u00e1sodszor, a bels\u0151 ellen\u0151r\u00f6k biztos\u00edtj\u00e1k a t\u00f6rv\u00e9nyeknek \u00e9s szab\u00e1lyzatoknak val\u00f3 megfelel\u00e9st. Ellen\u0151rzik a v\u00e1llalat m\u0171k\u00f6d\u00e9s\u00e9t annak biztos\u00edt\u00e1sa \u00e9rdek\u00e9ben, hogy az megfeleljen a vonatkoz\u00f3 t\u00f6rv\u00e9nyeknek \u00e9s rendeleteknek. Ez mag\u00e1ban foglalja a p\u00e9nz\u00fcgyi besz\u00e1mol\u00e1si standardoknak, az ad\u00f3t\u00f6rv\u00e9nyeknek, a munka\u00fcgyi t\u00f6rv\u00e9nyeknek, a k\u00f6rnyezetv\u00e9delmi el\u0151\u00edr\u00e1soknak \u00e9s az adatv\u00e9delmi t\u00f6rv\u00e9nyeknek val\u00f3 megfelel\u00e9s ellen\u0151rz\u00e9s\u00e9t. A megfelel\u00e9s biztos\u00edt\u00e1s\u00e1val a bels\u0151 ellen\u0151r\u00f6k megv\u00e9dik a v\u00e1llalatot a jogi \u00e9s h\u00edrn\u00e9vbeli kock\u00e1zatokt\u00f3l, amelyek a megfelel\u00e9s elmulaszt\u00e1s\u00e1b\u00f3l ad\u00f3dhatnak. <\/p>\n<div class=\"newlinediv\"><\/div>\n<p> Harmadszor, a bels\u0151 ellen\u0151r\u00f6k biztos\u00edt\u00e9kot ny\u00fajtanak a v\u00e1llalat bels\u0151 ellen\u0151rz\u00e9seinek hat\u00e9konys\u00e1g\u00e1r\u00f3l. Fel\u00fclvizsg\u00e1lj\u00e1k a v\u00e1llalat bels\u0151 ellen\u0151rz\u00e9seit annak biztos\u00edt\u00e1sa \u00e9rdek\u00e9ben, hogy azok megfelel\u0151ek \u00e9s hat\u00e9konyak legyenek. Ez mag\u00e1ban foglalja a t\u00e1rsas\u00e1g politik\u00e1inak \u00e9s elj\u00e1r\u00e1sainak fel\u00fclvizsg\u00e1lat\u00e1t, a kontrollok v\u00e9grehajt\u00e1s\u00e1nak nyomon k\u00f6vet\u00e9s\u00e9t \u00e9s a kontrollok hat\u00e9konys\u00e1g\u00e1nak tesztel\u00e9s\u00e9t. A bels\u0151 ellen\u0151r\u00f6k az\u00e1ltal, hogy bizonyoss\u00e1got ny\u00fajtanak a bels\u0151 kontrollok hat\u00e9konys\u00e1g\u00e1r\u00f3l, seg\u00edtik a vezet\u00e9st a jav\u00edt\u00e1sra szorul\u00f3 ter\u00fcletek azonos\u00edt\u00e1s\u00e1ban \u00e9s a v\u00e1llalat m\u0171k\u00f6d\u00e9si hat\u00e9konys\u00e1g\u00e1nak n\u00f6vel\u00e9s\u00e9ben. <\/p>\n<div class=\"newlinediv\"><\/div>\n<p> V\u00e9g\u00fcl a bels\u0151 ellen\u0151r\u00f6k kritikus szerepet j\u00e1tszanak a csal\u00e1sok felder\u00edt\u00e9s\u00e9ben \u00e9s megel\u0151z\u00e9s\u00e9ben. Felel\u0151sek a csal\u00e1sgyan\u00fas tev\u00e9kenys\u00e9gek kivizsg\u00e1l\u00e1s\u00e1\u00e9rt, \u00e9s aj\u00e1nl\u00e1sokat tesznek a vezet\u00e9snek a j\u00f6v\u0151beli esetek megel\u0151z\u00e9se \u00e9rdek\u00e9ben. A csal\u00e1sok felder\u00edt\u00e9s\u00e9vel \u00e9s megel\u0151z\u00e9s\u00e9vel a bels\u0151 ellen\u0151r\u00f6k seg\u00edtenek megv\u00e9deni a v\u00e1llalat vagyon\u00e1t \u00e9s h\u00edrnev\u00e9t. <\/p>\n<div class=\"newlinediv\"><\/div>\n<p> \u00d6sszefoglalva, a bels\u0151 ellen\u0151rz\u00e9si funkci\u00f3 a v\u00e1llalatir\u00e1ny\u00edt\u00e1s kritikus r\u00e9sze. A bels\u0151 ellen\u0151r\u00f6k l\u00e9tfontoss\u00e1g\u00fa szerepet j\u00e1tszanak a p\u00e9nz\u00fcgyi stabilit\u00e1s, a m\u0171k\u00f6d\u00e9si hat\u00e9konys\u00e1g, valamint a t\u00f6rv\u00e9nyeknek \u00e9s szab\u00e1lyoz\u00e1soknak val\u00f3 megfelel\u00e9s biztos\u00edt\u00e1s\u00e1ban. Azonos\u00edtj\u00e1k \u00e9s \u00e9rt\u00e9kelik a kock\u00e1zatokat, biztos\u00edtj\u00e1k a megfelel\u0151s\u00e9get, bizonyoss\u00e1got ny\u00fajtanak a bels\u0151 kontrollokr\u00f3l, valamint felder\u00edtik \u00e9s megel\u0151zik a csal\u00e1sokat. Ez\u00e1ltal a bels\u0151 ellen\u0151r\u00f6k hozz\u00e1j\u00e1rulnak a szervezet \u00e1ltal\u00e1nos teljes\u00edtm\u00e9ny\u00e9nek jav\u00edt\u00e1s\u00e1hoz \u00e9s a szervezet h\u00edrnev\u00e9nek v\u00e9delm\u00e9hez. Ez\u00e9rt a v\u00e1llalatoknak hossz\u00fa t\u00e1v\u00fa siker\u00fck biztos\u00edt\u00e1sa \u00e9rdek\u00e9ben be kell fektetni\u00fck egy er\u0151s bels\u0151 ellen\u0151rz\u00e9si funkci\u00f3 ki\u00e9p\u00edt\u00e9s\u00e9be.<\/p><\/div>\n<div class=\"questions\">\n<div class=\"questionstitle\">FAQ<\/div>\n<div class=\"question\">\n<div class=\"qtitle\"> Mi\u00e9rt fontos az ellen\u0151rz\u00e9si funkci\u00f3?<\/div>\n<p> Az ellen\u0151rz\u00e9si funkci\u00f3 a sz\u00e1mvitel \u00e9s a k\u00f6nyvel\u00e9s fontos aspektusa, mivel biztos\u00edt\u00e9kot ny\u00fajt az \u00e9rdekeltek sz\u00e1m\u00e1ra, hogy a v\u00e1llalat \u00e1ltal k\u00e9sz\u00edtett p\u00e9nz\u00fcgyi kimutat\u00e1sok pontosak \u00e9s megb\u00edzhat\u00f3ak. A k\u00f6nyvvizsg\u00e1l\u00f3k k\u00e9pzett szakemberek, akik fel\u00fclvizsg\u00e1lj\u00e1k a v\u00e1llalat p\u00e9nz\u00fcgyi nyilv\u00e1ntart\u00e1sait \u00e9s folyamatait annak biztos\u00edt\u00e1sa \u00e9rdek\u00e9ben, hogy azok megfeleljenek a sz\u00e1mviteli el\u0151\u00edr\u00e1soknak \u00e9s szab\u00e1lyzatoknak. Emellett \u00e9rt\u00e9kelik a v\u00e1llalat bels\u0151 ellen\u0151rz\u00e9seinek \u00e9s kock\u00e1zatkezel\u00e9si elj\u00e1r\u00e1sainak hat\u00e9konys\u00e1g\u00e1t, hogy azonos\u00edts\u00e1k azokat a ter\u00fcleteket, ahol jav\u00edtani lehet. <\/p>\n<div class=\"newlinediv\"><\/div>\n<p> Az ellen\u0151rz\u00e9si funkci\u00f3 t\u00f6bb okb\u00f3l is fontos. El\u0151sz\u00f6r is seg\u00edt biztos\u00edtani, hogy a p\u00e9nz\u00fcgyi kimutat\u00e1sok ne tartalmazzanak l\u00e9nyeges hib\u00e1s \u00e1ll\u00edt\u00e1sokat vagy hib\u00e1kat, amelyek jelent\u0151s hat\u00e1ssal lehetnek a v\u00e1llalat h\u00edrnev\u00e9re \u00e9s p\u00e9nz\u00fcgyi teljes\u00edtm\u00e9ny\u00e9re. M\u00e1sodszor, seg\u00edt azonos\u00edtani a lehets\u00e9ges csal\u00e1sokat vagy egy\u00e9b szab\u00e1lytalans\u00e1gokat, ami seg\u00edthet a vesztes\u00e9gek megel\u0151z\u00e9s\u00e9ben \u00e9s a p\u00e9nz\u00fcgyi inform\u00e1ci\u00f3k integrit\u00e1s\u00e1nak meg\u0151rz\u00e9s\u00e9ben. Harmadszor, \u00e9rt\u00e9kes visszajelz\u00e9st ad a vezet\u00e9snek a p\u00e9nz\u00fcgyi besz\u00e1mol\u00e1s \u00e9s a kontrollok hat\u00e9konys\u00e1g\u00e1r\u00f3l, seg\u00edtve \u0151ket abban, hogy jobb d\u00f6nt\u00e9seket hozzanak \u00e9s jav\u00edts\u00e1k az \u00e1ltal\u00e1nos teljes\u00edtm\u00e9nyt. V\u00e9g\u00fcl, a k\u00f6nyvvizsg\u00e1latokat gyakran t\u00f6rv\u00e9ny vagy szab\u00e1lyoz\u00e1s \u00edrja el\u0151, \u00e9s a megfelel\u00e9s elmulaszt\u00e1sa jogi vagy p\u00e9nz\u00fcgyi szankci\u00f3kat vonhat maga ut\u00e1n. <\/p>\n<div class=\"newlinediv\"><\/div>\n<p> \u00d6sszefoglalva, az ellen\u0151rz\u00e9si funkci\u00f3 a sz\u00e1mvitel \u00e9s a k\u00f6nyvel\u00e9s kritikus eleme. Biztos\u00edt\u00e9kot ny\u00fajt az \u00e9rdekeltek sz\u00e1m\u00e1ra, hogy a p\u00e9nz\u00fcgyi kimutat\u00e1sok pontosak \u00e9s megb\u00edzhat\u00f3ak, seg\u00edt megel\u0151zni a csal\u00e1st \u00e9s m\u00e1s szab\u00e1lytalans\u00e1gokat, \u00e9rt\u00e9kes visszajelz\u00e9st ad a vezet\u00e9snek, \u00e9s biztos\u00edtja a jogi \u00e9s szab\u00e1lyoz\u00e1si k\u00f6vetelm\u00e9nyeknek val\u00f3 megfelel\u00e9st. <\/p>\n<\/div>\n<div class=\"question\">\n<div class=\"qtitle\"> Mi\u00e9rt fontos, hogy a bels\u0151 ellen\u0151rz\u00e9si funkci\u00f3 f\u00fcggetlen legyen az \u00e1ltala ellen\u0151rz\u00f6tt funkci\u00f3kt\u00f3l?<\/div>\n<p> A bels\u0151 ellen\u0151rz\u00e9si funkci\u00f3 minden szervezet ellen\u0151rz\u00e9si keretrendszer\u00e9nek kulcsfontoss\u00e1g\u00fa eleme. Felel\u0151s a szervezet kock\u00e1zatkezel\u00e9si, ellen\u0151rz\u00e9si \u00e9s ir\u00e1ny\u00edt\u00e1si folyamatai hat\u00e9konys\u00e1g\u00e1nak \u00e9rt\u00e9kel\u00e9s\u00e9\u00e9rt. Annak biztos\u00edt\u00e1sa \u00e9rdek\u00e9ben, hogy a bels\u0151 ellen\u0151rz\u00e9si funkci\u00f3 hat\u00e9konyan tudja ell\u00e1tni feladatait, alapvet\u0151 fontoss\u00e1g\u00fa, hogy f\u00fcggetlen legyen az \u00e1ltala ellen\u0151rz\u00f6tt funkci\u00f3kt\u00f3l. <\/p>\n<div class=\"newlinediv\"><\/div>\n<p> A f\u00fcggetlens\u00e9g az\u00e9rt fontos, mert lehet\u0151v\u00e9 teszi a bels\u0151 ellen\u0151rz\u00e9si funkci\u00f3 sz\u00e1m\u00e1ra, hogy munk\u00e1j\u00e1t objekt\u00edven, az \u00e1ltala ellen\u0151rz\u00f6tt funkci\u00f3k elfogults\u00e1ga vagy nyom\u00e1sa n\u00e9lk\u00fcl v\u00e9gezze. Ez azt jelenti, hogy a bels\u0151 ellen\u0151rz\u00e9si funkci\u00f3 p\u00e1rtatlanul \u00e9rt\u00e9kelheti a szervezet bels\u0151 kontrolljait, kock\u00e1zatkezel\u00e9si gyakorlat\u00e1t, valamint a jogszab\u00e1lyoknak \u00e9s el\u0151\u00edr\u00e1soknak val\u00f3 megfelel\u00e9s\u00e9t. <\/p>\n<div class=\"newlinediv\"><\/div>\n<p> Ha a bels\u0151 ellen\u0151rz\u00e9si funkci\u00f3 nem lenne f\u00fcggetlen, a szervezet sz\u00e1m\u00e1ra nehezebb lenne azonos\u00edtani a szervezet ellen\u0151rz\u00e9si keretrendszer\u00e9nek gyenges\u00e9geit, \u00e9s a vezet\u00e9s sz\u00e1m\u00e1ra is nehezebb lenne megfelel\u0151 int\u00e9zked\u00e9seket tenni e gyenges\u00e9gek kezel\u00e9s\u00e9re. Tov\u00e1bb\u00e1, ha a bels\u0151 ellen\u0151rz\u00e9si funkci\u00f3 nem lenne f\u00fcggetlen, fenn\u00e1llna annak a kock\u00e1zata, hogy a funkci\u00f3t a szervezeten bel\u00fcli probl\u00e9m\u00e1k elfed\u00e9s\u00e9re vagy lekicsinyl\u00e9s\u00e9re haszn\u00e1lj\u00e1k fel. <\/p>\n<div class=\"newlinediv\"><\/div>\n<p> A f\u00fcggetlens\u00e9g biztos\u00edt\u00e1sa \u00e9rdek\u00e9ben a bels\u0151 ellen\u0151rz\u00e9si funkci\u00f3 \u00e1ltal\u00e1ban a vezet\u00e9s legmagasabb szintj\u00e9nek, p\u00e9ld\u00e1ul az igazgat\u00f3tan\u00e1csnak vagy az auditbizotts\u00e1gnak tesz jelent\u00e9st. Ez a jelent\u00e9st\u00e9teli kapcsolat seg\u00edt annak biztos\u00edt\u00e1s\u00e1ban, hogy a bels\u0151 ellen\u0151rz\u00e9si funkci\u00f3 a vezet\u00e9s indokolatlan befoly\u00e1sa vagy nyom\u00e1sa n\u00e9lk\u00fcl hat\u00e9konyan m\u0171k\u00f6dhessen. <\/p>\n<div class=\"newlinediv\"><\/div>\n<p> \u00d6sszefoglalva, a bels\u0151 ellen\u0151rz\u00e9si funkci\u00f3 f\u00fcggetlens\u00e9g\u00e9nek fontoss\u00e1g\u00e1t nem lehet el\u00e9gg\u00e9 hangs\u00falyozni. A f\u00fcggetlens\u00e9g lehet\u0151v\u00e9 teszi a bels\u0151 ellen\u0151rz\u00e9si funkci\u00f3 sz\u00e1m\u00e1ra, hogy objekt\u00edven v\u00e9gezze munk\u00e1j\u00e1t, azonos\u00edtsa a szervezet ellen\u0151rz\u00e9si keretrendszer\u00e9nek gyenges\u00e9geit, \u00e9s a vezet\u00e9s sz\u00e1m\u00e1ra a megfelel\u0151 int\u00e9zked\u00e9sek megt\u00e9tel\u00e9hez sz\u00fcks\u00e9ges inform\u00e1ci\u00f3kat biztos\u00edtsa.<\/p>\n<\/div>\n<\/div>\n","protected":false},"excerpt":{"rendered":"<p>A bels\u0151 ellen\u0151r\u00f6k a v\u00e1llalat meg nem \u00e9nekelt h\u0151sei. L\u00e9tfontoss\u00e1g\u00fa szerepet j\u00e1tszanak a p\u00e9nz\u00fcgyi stabilit\u00e1s, a m\u0171k\u00f6d\u00e9si hat\u00e9konys\u00e1g, valamint a t\u00f6rv\u00e9nyeknek \u00e9s szab\u00e1lyoz\u00e1soknak val\u00f3 megfelel\u00e9s biztos\u00edt\u00e1s\u00e1ban. A bels\u0151 ellen\u0151rz\u00e9si funkci\u00f3 a v\u00e1llalatir\u00e1ny\u00edt\u00e1s l\u00e9nyeges r\u00e9sze, amely felel\u0151s a kock\u00e1zatok m\u00e9rs\u00e9kl\u00e9s\u00e9\u00e9rt, a lehets\u00e9ges csal\u00e1sok azonos\u00edt\u00e1s\u00e1\u00e9rt \u00e9s a szervezet \u00e1ltal\u00e1nos teljes\u00edtm\u00e9ny\u00e9nek jav\u00edt\u00e1s\u00e1\u00e9rt. Ebben a cikkben a bels\u0151 ellen\u0151rz\u00e9si &#8230; <a title=\"A meg nem \u00e9nekelt h\u0151s\u00f6k: a bels\u0151 ellen\u0151r\u00f6k l\u00e9tfontoss\u00e1g\u00fa szerepe a v\u00e1llalatn\u00e1l\" class=\"read-more\" href=\"https:\/\/megnyitasa.com\/tudas\/a-meg-nem-enekelt-hosok-a-belso-ellenorok-letfontossagu-szerepe-a-vallalatnal\/\" aria-label=\"Read more about A meg nem \u00e9nekelt h\u0151s\u00f6k: a bels\u0151 ellen\u0151r\u00f6k l\u00e9tfontoss\u00e1g\u00fa szerepe a v\u00e1llalatn\u00e1l\">Read more<\/a><\/p>\n","protected":false},"author":2395,"featured_media":0,"comment_status":"closed","ping_status":"closed","sticky":false,"template":"","format":"standard","meta":{"footnotes":""},"categories":[8],"tags":[],"class_list":["post-16142","post","type-post","status-publish","format-standard","hentry","category-szamvitel-es-konyveles"],"_links":{"self":[{"href":"https:\/\/megnyitasa.com\/tudas\/wp-json\/wp\/v2\/posts\/16142","targetHints":{"allow":["GET"]}}],"collection":[{"href":"https:\/\/megnyitasa.com\/tudas\/wp-json\/wp\/v2\/posts"}],"about":[{"href":"https:\/\/megnyitasa.com\/tudas\/wp-json\/wp\/v2\/types\/post"}],"author":[{"embeddable":true,"href":"https:\/\/megnyitasa.com\/tudas\/wp-json\/wp\/v2\/users\/2395"}],"replies":[{"embeddable":true,"href":"https:\/\/megnyitasa.com\/tudas\/wp-json\/wp\/v2\/comments?post=16142"}],"version-history":[{"count":0,"href":"https:\/\/megnyitasa.com\/tudas\/wp-json\/wp\/v2\/posts\/16142\/revisions"}],"wp:attachment":[{"href":"https:\/\/megnyitasa.com\/tudas\/wp-json\/wp\/v2\/media?parent=16142"}],"wp:term":[{"taxonomy":"category","embeddable":true,"href":"https:\/\/megnyitasa.com\/tudas\/wp-json\/wp\/v2\/categories?post=16142"},{"taxonomy":"post_tag","embeddable":true,"href":"https:\/\/megnyitasa.com\/tudas\/wp-json\/wp\/v2\/tags?post=16142"}],"curies":[{"name":"wp","href":"https:\/\/api.w.org\/{rel}","templated":true}]}}