{"id":16626,"date":"2023-07-26T20:31:13","date_gmt":"2023-07-26T20:31:13","guid":{"rendered":"https:\/\/megnyitasa.com\/tudas\/?p=16626"},"modified":"2023-07-26T20:31:13","modified_gmt":"2023-07-26T20:31:13","slug":"a-torekeny-iparag-az-uvegfuvas-munkahelyi-veszelyeinek-megertese","status":"publish","type":"post","link":"https:\/\/megnyitasa.com\/tudas\/a-torekeny-iparag-az-uvegfuvas-munkahelyi-veszelyeinek-megertese\/","title":{"rendered":"A t\u00f6r\u00e9keny ipar\u00e1g: Az \u00fcvegf\u00fav\u00e1s munkahelyi vesz\u00e9lyeinek meg\u00e9rt\u00e9se"},"content":{"rendered":"<div class=\"articlecontent\">\n<div class=\"newlinediv\"><\/div>\n<p> Az \u00fcvegf\u00fav\u00e1s bonyolult \u00e9s k\u00e9nyes mesters\u00e9g, amely szak\u00e9rtelmet \u00e9s t\u00fcrelmet ig\u00e9nyel. A gy\u00f6ny\u00f6r\u0171 \u00fcvegdarabok k\u00e9sz\u00edt\u00e9s\u00e9nek m\u0171v\u00e9szete \u00e9vsz\u00e1zados hagyom\u00e1ny, amely napjainkban is vir\u00e1gzik. Az \u00fcvegf\u00fav\u00e1s folyamata azonban vesz\u00e9lyes lehet, \u00e9s a munkav\u00e1llal\u00f3knak \u00f3vint\u00e9zked\u00e9seket kell tenni\u00fck a s\u00e9r\u00fcl\u00e9sek elker\u00fcl\u00e9se \u00e9rdek\u00e9ben. <\/p>\n<div class=\"newlinediv\"><\/div>\n<p> Az \u00fcvegf\u00fav\u00e1s egyik legnyilv\u00e1nval\u00f3bb vesz\u00e9lyforr\u00e1sa maga a forr\u00f3 \u00fcveg. Az \u00fcvegf\u00fav\u00f3k olvadt \u00fcveggel dolgoznak, amely ak\u00e1r 2400 Fahrenheit-fokos h\u0151m\u00e9rs\u00e9kletet is el\u00e9rhet. Ez komoly \u00e9g\u00e9si kock\u00e1zatot jelent a dolgoz\u00f3k sz\u00e1m\u00e1ra, mivel m\u00e1r kis mennyis\u00e9g\u0171 \u00fcveg is s\u00falyos \u00e9g\u00e9si s\u00e9r\u00fcl\u00e9seket okozhat, ha b\u0151rrel \u00e9rintkezik. Ezenk\u00edv\u00fcl az intenz\u00edv h\u0151s\u00e9g h\u0151kimer\u00fclts\u00e9get, kisz\u00e1rad\u00e1st \u00e9s m\u00e1s h\u0151s\u00e9ggel kapcsolatos betegs\u00e9geket okozhat. <\/p>\n<div class=\"newlinediv\"><\/div>\n<p> Az \u00fcvegf\u00fav\u00e1s m\u00e1sik vesz\u00e9lyforr\u00e1sa a vegyi anyagok haszn\u00e1lata. Sok \u00fcvegf\u00fav\u00f3 sz\u00ednes \u00fcvegek k\u00e9sz\u00edt\u00e9s\u00e9hez olyan vegyi anyagokat haszn\u00e1l, mint az \u00f3lom, az arz\u00e9n \u00e9s a kadmium. Ezek a vegyi anyagok m\u00e9rgez\u0151ek lehetnek, ha nem megfelel\u0151en kezelik \u0151ket, \u00e9s a dolgoz\u00f3knak \u00f3vint\u00e9zked\u00e9seket kell tenni\u00fck az expoz\u00edci\u00f3 elker\u00fcl\u00e9se \u00e9rdek\u00e9ben. Az ezeknek a vegyi anyagoknak val\u00f3 tart\u00f3s kitetts\u00e9g l\u00e9gz\u0151szervi probl\u00e9m\u00e1khoz, b\u0151rirrit\u00e1ci\u00f3hoz \u00e9s egy\u00e9b eg\u00e9szs\u00e9g\u00fcgyi probl\u00e9m\u00e1khoz vezethet. <\/p>\n<div class=\"newlinediv\"><\/div>\n<p> Az \u00fcvegf\u00fav\u00e1shoz speci\u00e1lis szersz\u00e1mok, p\u00e9ld\u00e1ul f\u00fav\u00f3cs\u00f6vek, lyukaszt\u00f3k \u00e9s emel\u0151k haszn\u00e1lat\u00e1ra is sz\u00fcks\u00e9g van. B\u00e1r ezek a szersz\u00e1mok n\u00e9lk\u00fcl\u00f6zhetetlenek a mesters\u00e9ghez, vesz\u00e9lyesek lehetnek, ha nem megfelel\u0151en haszn\u00e1lj\u00e1k \u0151ket. Az \u00fcvegf\u00fav\u00f3kat ki kell k\u00e9pezni ezen eszk\u00f6z\u00f6k biztons\u00e1gos haszn\u00e1lat\u00e1ra, \u00e9s a s\u00e9r\u00fcl\u00e9sek elker\u00fcl\u00e9se \u00e9rdek\u00e9ben v\u00e9d\u0151felszerel\u00e9st, p\u00e9ld\u00e1ul keszty\u0171t \u00e9s v\u00e9d\u0151szem\u00fcveget kell viselni\u00fck. <\/p>\n<div class=\"newlinediv\"><\/div>\n<p> V\u00e9g\u00fcl, az \u00fcvegf\u00fav\u00e1s nagyfok\u00fa fizikai megterhel\u00e9st ig\u00e9nyel. A dolgoz\u00f3knak k\u00e9pesnek kell lenni\u00fck hossz\u00fa ideig \u00e1llni, neh\u00e9z t\u00e1rgyakat emelni, valamint forr\u00f3 \u00e9s p\u00e1r\u00e1s k\u00f6r\u00fclm\u00e9nyek k\u00f6z\u00f6tt dolgozni. Ez f\u00e1radts\u00e1ghoz, izomh\u00faz\u00f3d\u00e1shoz \u00e9s egy\u00e9b fizikai s\u00e9r\u00fcl\u00e9sekhez vezethet, ha a munkav\u00e1llal\u00f3k nem vigy\u00e1znak. <\/p>\n<div class=\"newlinediv\"><\/div>\n<p> \u00d6sszefoglalva, az \u00fcvegf\u00fav\u00e1s egy gy\u00f6ny\u00f6r\u0171 \u00e9s bonyolult m\u0171v\u00e9szeti forma, amely szak\u00e9rtelmet \u00e9s elk\u00f6telezetts\u00e9get ig\u00e9nyel. Ugyanakkor sz\u00e1mos munkahelyi vesz\u00e9lyt is rejt mag\u00e1ban, amelyekkel a munkav\u00e1llal\u00f3knak tiszt\u00e1ban kell lenni\u00fck. Az \u00f3vint\u00e9zked\u00e9sek megt\u00e9tel\u00e9vel \u00e9s a biztons\u00e1gi protokollok betart\u00e1s\u00e1val az \u00fcvegf\u00fav\u00f3k biztons\u00e1gos \u00e9s eg\u00e9szs\u00e9ges munkak\u00f6rnyezetet biztos\u00edthatnak.<\/p><\/div>\n<div class=\"questions\">\n<div class=\"questionstitle\">FAQ<\/div>\n<div class=\"question\">\n<div class=\"qtitle\"> Milyen s\u00e9r\u00fcl\u00e9sek voltak a leggyakoribbak az \u00fcvegf\u00fav\u00f3 \u00fczemekben?<\/div>\n<p> Az \u00fcvegf\u00fav\u00f3 \u00fczemekben a leggyakoribb s\u00e9r\u00fcl\u00e9sek az \u00e9g\u00e9si s\u00e9r\u00fcl\u00e9sekkel, v\u00e1g\u00e1sokkal \u00e9s szems\u00e9r\u00fcl\u00e9sekkel voltak kapcsolatosak. Az \u00fcvegf\u00fav\u00e1s sor\u00e1n rendk\u00edv\u00fcl forr\u00f3 anyagokkal kell dolgozni, ami s\u00falyos \u00e9g\u00e9si s\u00e9r\u00fcl\u00e9seket okozhat, ha nem tesznek megfelel\u0151 \u00f3vint\u00e9zked\u00e9seket. Ezenk\u00edv\u00fcl az \u00fcveg t\u00f6r\u00e9keny anyag, \u00e9s a dolgoz\u00f3k k\u00f6nnyen megv\u00e1ghatj\u00e1k magukat a t\u00f6r\u00f6tt \u00fcvegen. A szems\u00e9r\u00fcl\u00e9sek szint\u00e9n gyakoriak a magas h\u0151m\u00e9rs\u00e9klet\u0171 kemenc\u00e9k haszn\u00e1lata \u00e9s az \u00fcvegszil\u00e1nkok szembe rep\u00fcl\u00e9s\u00e9nek lehet\u0151s\u00e9ge miatt. E s\u00e9r\u00fcl\u00e9sek megel\u0151z\u00e9se \u00e9rdek\u00e9ben az \u00fcvegf\u00fav\u00f3 \u00fczemeknek megfelel\u0151 egy\u00e9ni v\u00e9d\u0151felszerel\u00e9st, p\u00e9ld\u00e1ul h\u0151\u00e1ll\u00f3 keszty\u0171t, v\u00e9d\u0151szem\u00fcveget \u00e9s v\u00e9d\u0151ruh\u00e1zatot kell biztos\u00edtaniuk a munkav\u00e1llal\u00f3k sz\u00e1m\u00e1ra. Ezenk\u00edv\u00fcl a dolgoz\u00f3knak megfelel\u0151 k\u00e9pz\u00e9sben kell r\u00e9szes\u00fclni\u00fck a forr\u00f3 anyagok kezel\u00e9s\u00e9r\u0151l \u00e9s az \u00fcvegf\u00fav\u00f3 berendez\u00e9sek k\u00f6r\u00fcli biztons\u00e1gos munkav\u00e9gz\u00e9sr\u0151l. <\/p>\n<\/div>\n<div class=\"question\">\n<div class=\"qtitle\"> Milyen vesz\u00e9lyt jelent az \u00fcveg?<\/div>\n<p> Az \u00fcveg miatti vesz\u00e9ly egy munkahelyen vagy \u00fczleti k\u00f6rnyezetben jelent\u0151s lehet. Az \u00fcveg k\u00f6nnyen elt\u00f6rhet, \u00e9les darabokra t\u00f6rhet, \u00e9s v\u00e1g\u00e1sokat, sz\u00far\u00e1sokat \u00e9s reped\u00e9seket okozhat a munkav\u00e1llal\u00f3k \u00e9s az \u00fcgyfelek sz\u00e1m\u00e1ra. A t\u00f6r\u00f6tt \u00fcveg cs\u00fasz\u00e1s- \u00e9s es\u00e9svesz\u00e9lyt is okozhat, ami s\u00e9r\u00fcl\u00e9sekhez \u00e9s anyagi k\u00e1rokhoz vezethet. <\/p>\n<div class=\"newlinediv\"><\/div>\n<p> A munkahelyi \u00fcvegvesz\u00e9lyek kock\u00e1zat\u00e1nak cs\u00f6kkent\u00e9se \u00e9rdek\u00e9ben a v\u00e1llalkoz\u00e1soknak t\u00f6bb l\u00e9p\u00e9st kell tenni\u00fck. Biztos\u00edtaniuk kell, hogy a munkahelyen haszn\u00e1lt \u00f6sszes \u00fcveg biztons\u00e1gi \u00fcveg vagy edzett \u00fcveg legyen, amelyet \u00fagy terveztek, hogy \u00e9les szil\u00e1nkok helyett apr\u00f3, lekerek\u00edtett darabokra t\u00f6rj\u00f6n. Ezenk\u00edv\u00fcl a v\u00e1llalkoz\u00e1soknak ir\u00e1nyelveket \u00e9s elj\u00e1r\u00e1sokat kell bevezetni\u00fck a t\u00f6r\u00f6tt \u00fcveg kezel\u00e9s\u00e9re \u00e9s \u00e1rtalmatlan\u00edt\u00e1s\u00e1ra vonatkoz\u00f3an, bele\u00e9rtve a munkav\u00e1llal\u00f3k megfelel\u0151 k\u00e9pz\u00e9s\u00e9t is. A balesetek megel\u0151z\u00e9se \u00e9rdek\u00e9ben rendszeresen ellen\u0151rizni\u00fck kell az \u00fcvegfel\u00fcleteket, \u00e9s a s\u00e9r\u00fclt vagy t\u00f6r\u00f6tt \u00fcveget azonnal ki kell cser\u00e9lni\u00fck. V\u00e9gezet\u00fcl a v\u00e1llalkoz\u00e1soknak figyelmeztet\u0151 t\u00e1bl\u00e1kat kell kihelyezni\u00fck, \u00e9s akad\u00e1lyokkal kell megakad\u00e1lyozniuk a t\u00f6r\u00f6tt \u00fcveggel bor\u00edtott ter\u00fcletek megk\u00f6zel\u00edt\u00e9s\u00e9t, am\u00edg azokat biztons\u00e1gosan el nem takar\u00edtj\u00e1k. <\/p>\n<div class=\"newlinediv\"><\/div>\n<p> Ezeknek a l\u00e9p\u00e9seknek a megt\u00e9tel\u00e9vel a v\u00e1llalkoz\u00e1sok seg\u00edthetnek megv\u00e9deni alkalmazottaikat \u00e9s \u00fcgyfeleiket a munkahelyi \u00fcvegt\u00f6r\u00e9sekkel kapcsolatos vesz\u00e9lyekt\u0151l. <\/p>\n<\/div>\n<div class=\"question\">\n<div class=\"qtitle\"> Mi t\u00f6rt\u00e9nne, ha \u00fcvegf\u00fav\u00e1s k\u00f6zben bel\u00e9legezn\u00e9 a leveg\u0151t?<\/div>\n<p> Az \u00fcvegf\u00faj\u00e1s k\u00f6zbeni bel\u00e9gz\u00e9s vesz\u00e9lyes lehet az eg\u00e9szs\u00e9gre. Az \u00fcvegf\u00fav\u00e1shoz f\u00fav\u00f3cs\u0151 haszn\u00e1lat\u00e1ra van sz\u00fcks\u00e9g, amellyel leveg\u0151t f\u00fajnak az olvadt \u00fcvegbe annak form\u00e1z\u00e1sa \u00e9rdek\u00e9ben. Ha valaki f\u00faj\u00e1s k\u00f6zben bel\u00e9legzik, bel\u00e9legezheti az olvadt \u00fcvegb\u0151l sz\u00e1rmaz\u00f3 forr\u00f3 \u00e9s m\u00e9rgez\u0151 g\u00e1zokat, amelyek s\u00falyos l\u00e9gz\u00e9si probl\u00e9m\u00e1kat okozhatnak. Ezek a g\u00e1zok k\u00f6z\u00e9 tartozhat k\u00e9n-dioxid, nitrog\u00e9n-oxidok, sz\u00e9n-monoxid \u00e9s m\u00e1s vesz\u00e9lyes anyagok. <\/p>\n<div class=\"newlinediv\"><\/div>\n<p> Az ezeknek a g\u00e1zoknak val\u00f3 ism\u00e9telt kitetts\u00e9g hossz\u00fa t\u00e1v\u00fa eg\u00e9szs\u00e9g\u00fcgyi probl\u00e9m\u00e1kat okozhat, p\u00e9ld\u00e1ul kr\u00f3nikus h\u00f6rghurutot, t\u00fcd\u0151t\u00e1gul\u00e1st \u00e9s t\u00fcd\u0151r\u00e1kot. Ezenk\u00edv\u00fcl a forr\u00f3 g\u00e1zok bel\u00e9legz\u00e9se azonnali eg\u00e9szs\u00e9g\u00fcgyi probl\u00e9m\u00e1kat okozhat, p\u00e9ld\u00e1ul \u00e9g\u00e9si s\u00e9r\u00fcl\u00e9seket a sz\u00e1jban, a torokban \u00e9s a t\u00fcd\u0151ben. <\/p>\n<div class=\"newlinediv\"><\/div>\n<p> E vesz\u00e9lyes anyagok bel\u00e9gz\u00e9s\u00e9nek megel\u0151z\u00e9se \u00e9rdek\u00e9ben az \u00fcvegf\u00fav\u00f3k l\u00e9gz\u00e9sv\u00e9d\u0151t, p\u00e9ld\u00e1ul l\u00e9gz\u0151k\u00e9sz\u00fcl\u00e9ket viselnek, szell\u0151z\u0151rendszert haszn\u00e1lnak, \u00e9s sz\u00fcneteket tartanak a friss leveg\u0151 bevitel\u00e9hez. A munk\u00e1ltat\u00f3knak megfelel\u0151 k\u00e9pz\u00e9st \u00e9s felszerel\u00e9st is biztos\u00edtaniuk kell a munkav\u00e1llal\u00f3ik biztons\u00e1ga \u00e9rdek\u00e9ben. A biztons\u00e1gi protokollok be nem tart\u00e1sa b\u00edrs\u00e1gokat, jogi l\u00e9p\u00e9seket \u00e9s eg\u00e9szs\u00e9gk\u00e1rosod\u00e1st eredm\u00e9nyezhet. <\/p>\n<\/div>\n<div class=\"question\">\n<div class=\"qtitle\"> Vesz\u00e9lyes az \u00fcvegf\u00fav\u00e1s az eg\u00e9szs\u00e9gre?<\/div>\n<p> Az \u00fcvegf\u00fav\u00e1s vesz\u00e9lyes foglalkoz\u00e1snak min\u0151s\u00fcl a vesz\u00e9lyes anyagoknak \u00e9s a magas h\u0151m\u00e9rs\u00e9kletnek val\u00f3 kitetts\u00e9g lehet\u0151s\u00e9ge miatt. Az \u00fcvegf\u00fav\u00e1s sor\u00e1n haszn\u00e1lt anyagok, mint p\u00e9ld\u00e1ul a kovahomok, az \u00f3lom \u00e9s a b\u00f3rax, meleg\u00edt\u00e9skor k\u00e1ros r\u00e9szecsk\u00e9ket \u00e9s f\u00fcst\u00f6t bocs\u00e1thatnak ki. E r\u00e9szecsk\u00e9k \u00e9s f\u00fcst\u00f6k bel\u00e9legz\u00e9se l\u00e9gz\u00e9si probl\u00e9m\u00e1kat, szem- \u00e9s b\u0151rirrit\u00e1ci\u00f3t okozhat. Ezenk\u00edv\u00fcl az \u00fcvegf\u00fav\u00e1s sor\u00e1n rendk\u00edv\u00fcl forr\u00f3 h\u0151m\u00e9rs\u00e9kleten kell dolgozni, ami \u00e9g\u00e9si s\u00e9r\u00fcl\u00e9seket \u00e9s h\u0151kimer\u00fclts\u00e9get okozhat. Az eg\u00e9szs\u00e9g\u00fcgyi kock\u00e1zatok kock\u00e1zat\u00e1nak minimaliz\u00e1l\u00e1sa \u00e9rdek\u00e9ben az \u00fcvegf\u00fav\u00f3knak v\u00e9d\u0151felszerel\u00e9st, p\u00e9ld\u00e1ul l\u00e9gz\u0151k\u00e9sz\u00fcl\u00e9ket, v\u00e9d\u0151szem\u00fcveget \u00e9s h\u0151\u00e1ll\u00f3 ruh\u00e1zatot kell viselni\u00fck. A megfelel\u0151 szell\u0151z\u00e9s \u00e9s az anyagok biztons\u00e1gos kezel\u00e9se szint\u00e9n kulcsfontoss\u00e1g\u00fa az eg\u00e9szs\u00e9g\u00fcgyi kock\u00e1zatok minimaliz\u00e1l\u00e1s\u00e1hoz. Fontos, hogy az \u00fcvegf\u00fav\u00f3k tiszt\u00e1ban legyenek a lehets\u00e9ges vesz\u00e9lyekkel, \u00e9s megtegy\u00e9k a sz\u00fcks\u00e9ges \u00f3vint\u00e9zked\u00e9seket eg\u00e9szs\u00e9g\u00fck \u00e9s biztons\u00e1guk v\u00e9delme \u00e9rdek\u00e9ben.<\/p>\n<\/div>\n<\/div>\n","protected":false},"excerpt":{"rendered":"<p>Az \u00fcvegf\u00fav\u00e1s bonyolult \u00e9s k\u00e9nyes mesters\u00e9g, amely szak\u00e9rtelmet \u00e9s t\u00fcrelmet ig\u00e9nyel. A gy\u00f6ny\u00f6r\u0171 \u00fcvegdarabok k\u00e9sz\u00edt\u00e9s\u00e9nek m\u0171v\u00e9szete \u00e9vsz\u00e1zados hagyom\u00e1ny, amely napjainkban is vir\u00e1gzik. Az \u00fcvegf\u00fav\u00e1s folyamata azonban vesz\u00e9lyes lehet, \u00e9s a munkav\u00e1llal\u00f3knak \u00f3vint\u00e9zked\u00e9seket kell tenni\u00fck a s\u00e9r\u00fcl\u00e9sek elker\u00fcl\u00e9se \u00e9rdek\u00e9ben. Az \u00fcvegf\u00fav\u00e1s egyik legnyilv\u00e1nval\u00f3bb vesz\u00e9lyforr\u00e1sa maga a forr\u00f3 \u00fcveg. Az \u00fcvegf\u00fav\u00f3k olvadt \u00fcveggel dolgoznak, amely ak\u00e1r 2400 &#8230; <a title=\"A t\u00f6r\u00e9keny ipar\u00e1g: Az \u00fcvegf\u00fav\u00e1s munkahelyi vesz\u00e9lyeinek meg\u00e9rt\u00e9se\" class=\"read-more\" href=\"https:\/\/megnyitasa.com\/tudas\/a-torekeny-iparag-az-uvegfuvas-munkahelyi-veszelyeinek-megertese\/\" aria-label=\"Read more about A t\u00f6r\u00e9keny ipar\u00e1g: Az \u00fcvegf\u00fav\u00e1s munkahelyi vesz\u00e9lyeinek meg\u00e9rt\u00e9se\">Read more<\/a><\/p>\n","protected":false},"author":889,"featured_media":0,"comment_status":"closed","ping_status":"closed","sticky":false,"template":"","format":"standard","meta":{"footnotes":""},"categories":[23],"tags":[],"class_list":["post-16626","post","type-post","status-publish","format-standard","hentry","category-uzleti-es-munkahelyi-szabalyozasok"],"_links":{"self":[{"href":"https:\/\/megnyitasa.com\/tudas\/wp-json\/wp\/v2\/posts\/16626","targetHints":{"allow":["GET"]}}],"collection":[{"href":"https:\/\/megnyitasa.com\/tudas\/wp-json\/wp\/v2\/posts"}],"about":[{"href":"https:\/\/megnyitasa.com\/tudas\/wp-json\/wp\/v2\/types\/post"}],"author":[{"embeddable":true,"href":"https:\/\/megnyitasa.com\/tudas\/wp-json\/wp\/v2\/users\/889"}],"replies":[{"embeddable":true,"href":"https:\/\/megnyitasa.com\/tudas\/wp-json\/wp\/v2\/comments?post=16626"}],"version-history":[{"count":0,"href":"https:\/\/megnyitasa.com\/tudas\/wp-json\/wp\/v2\/posts\/16626\/revisions"}],"wp:attachment":[{"href":"https:\/\/megnyitasa.com\/tudas\/wp-json\/wp\/v2\/media?parent=16626"}],"wp:term":[{"taxonomy":"category","embeddable":true,"href":"https:\/\/megnyitasa.com\/tudas\/wp-json\/wp\/v2\/categories?post=16626"},{"taxonomy":"post_tag","embeddable":true,"href":"https:\/\/megnyitasa.com\/tudas\/wp-json\/wp\/v2\/tags?post=16626"}],"curies":[{"name":"wp","href":"https:\/\/api.w.org\/{rel}","templated":true}]}}