{"id":16638,"date":"2023-04-24T00:00:00","date_gmt":"2023-04-24T00:00:00","guid":{"rendered":"https:\/\/megnyitasa.com\/tudas\/adokedvezmenyek-maximalizalasa-5\/"},"modified":"2023-04-24T00:00:00","modified_gmt":"2023-04-24T00:00:00","slug":"adokedvezmenyek-maximalizalasa-5","status":"publish","type":"post","link":"https:\/\/megnyitasa.com\/tudas\/adokedvezmenyek-maximalizalasa-5\/","title":{"rendered":"Ad\u00f3kedvezm\u00e9nyek maximaliz\u00e1l\u00e1sa:"},"content":{"rendered":"<div class=\"articlecontent\">\n<div class=\"newlinediv\"><\/div>\n<p> Munkav\u00e1llal\u00f3k\u00e9nt jogosult lehet bizonyos ad\u00f3kedvezm\u00e9nyekre, amelyek seg\u00edts\u00e9g\u00e9vel p\u00e9nzt takar\u00edthat meg az ad\u00f3szezonban. Az egyik ilyen el\u0151ny az, hogy bizonyos, a munkahelyen felmer\u00fcl\u0151 \u00e9tkez\u00e9si k\u00f6lts\u00e9geket levonhat. Az al\u00e1bbiakat kell tudnia ahhoz, hogy a legt\u00f6bbet hozhassa ki a levon\u00e1sokb\u00f3l. <\/p>\n<div class=\"newlinediv\"><\/div>\n<p> El\u0151sz\u00f6r is fontos meg\u00e9rteni, hogy nem minden \u00e9tkez\u00e9si k\u00f6lts\u00e9g vonhat\u00f3 le. Ahhoz, hogy egy \u00e9tkez\u00e9s levonhat\u00f3 legyen, annak k\u00f6zvetlen\u00fcl a munkak\u00f6ri feladataihoz kell kapcsol\u00f3dnia, \u00e9s a munkav\u00e9gz\u00e9s sor\u00e1n kell felmer\u00fclnie. Ez azt jelenti, hogy ha a szabadnapj\u00e1n elmegy eb\u00e9delni a bar\u00e1taival, akkor ezt a kiad\u00e1st nem vonhatja le. <\/p>\n<div class=\"newlinediv\"><\/div>\n<p> Ha azonban a munk\u00e1ja r\u00e9szek\u00e9nt \u00fczleti eb\u00e9den vagy vacsor\u00e1n kell r\u00e9szt vennie, vagy ha munk\u00e1ja miatt utazik, \u00e9s otthon\u00e1t\u00f3l t\u00e1vol \u00e9tkez\u00e9st kell v\u00e1s\u00e1rolnia, ezek a kiad\u00e1sok levonhat\u00f3k. Ne feledje, hogy az IRS \u00e1ltal\u00e1ban az \u00e9tkez\u00e9s k\u00f6lts\u00e9g\u00e9nek legfeljebb 50%-\u00e1ig enged\u00e9lyezi a levon\u00e1st. <\/p>\n<div class=\"newlinediv\"><\/div>\n<p> Annak biztos\u00edt\u00e1sa \u00e9rdek\u00e9ben, hogy a megfelel\u0151 levon\u00e1st tudja \u00e9rv\u00e9nyes\u00edteni, fontos, hogy gondosan nyilv\u00e1ntart\u00e1st vezessen a kiad\u00e1sair\u00f3l. Ez mag\u00e1ban foglalja az \u00f6sszes \u00e9tkez\u00e9sr\u0151l sz\u00f3l\u00f3 nyugta meg\u0151rz\u00e9s\u00e9t, valamint az \u00e9tkez\u00e9s d\u00e1tum\u00e1nak, id\u0151pontj\u00e1nak \u00e9s hely\u00e9nek, valamint a kiad\u00e1s \u00fczleti c\u00e9lj\u00e1nak feljegyz\u00e9s\u00e9t. <\/p>\n<div class=\"newlinediv\"><\/div>\n<p> Az \u00e9tkez\u00e9si k\u00f6lts\u00e9gekre vonatkoz\u00f3 v\u00e1llalati ir\u00e1nyelvekkel is tiszt\u00e1ban kell lennie, mivel egyes munk\u00e1ltat\u00f3knak saj\u00e1t szab\u00e1lyaik lehetnek arra vonatkoz\u00f3an, hogy mi tartozik \u00e9s mi nem. Ha a munk\u00e1ltat\u00f3ja rendelkezik k\u00f6lts\u00e9gt\u00e9r\u00edt\u00e9si szab\u00e1lyzattal, el\u0151fordulhat, hogy be kell ny\u00fajtania k\u00f6lts\u00e9geit k\u00f6lts\u00e9gt\u00e9r\u00edt\u00e9sre, miel\u0151tt azokat levon\u00e1sk\u00e9nt \u00e9rv\u00e9nyes\u00edthetn\u00e9 az ad\u00f3j\u00e1ban. <\/p>\n<div class=\"newlinediv\"><\/div>\n<p> A gondos nyilv\u00e1ntart\u00e1s vezet\u00e9se \u00e9s a v\u00e1llalati ir\u00e1nyelvek betart\u00e1sa mellett \u00e9rdemes konzult\u00e1lni egy ad\u00f3szak\u00e9rt\u0151vel, hogy biztos\u00edtsa a levon\u00e1sok maximaliz\u00e1l\u00e1s\u00e1t, mik\u00f6zben a t\u00f6rv\u00e9nyes kereteken bel\u00fcl marad. Megfelel\u0151 tervez\u00e9ssel \u00e9s dokument\u00e1ci\u00f3val kihaszn\u00e1lhatja a rendelkez\u00e9s\u00e9re \u00e1ll\u00f3 ad\u00f3kedvezm\u00e9nyeket, \u00e9s cs\u00f6kkentheti az \u00e1prilis 15-i ad\u00f3fizet\u00e9si k\u00f6telezetts\u00e9g\u00e9t.<\/p><\/div>\n<div class=\"questions\">\n<div class=\"questionstitle\">FAQ<\/div>\n<div class=\"question\">\n<div class=\"qtitle\"> Mire vonatkozik a 100%-os \u00e9tkez\u00e9si levon\u00e1s?<\/div>\n<p> A 100%-os \u00e9tkez\u00e9si levon\u00e1s egy olyan ad\u00f3kedvezm\u00e9ny, amely lehet\u0151v\u00e9 teszi a v\u00e1llalkoz\u00f3k sz\u00e1m\u00e1ra, hogy levonj\u00e1k az alkalmazottak vagy \u00fcgyfelek sz\u00e1m\u00e1ra \u00fczleti c\u00e9lb\u00f3l biztos\u00edtott \u00e9tkez\u00e9sek teljes k\u00f6lts\u00e9g\u00e9t. A 100%-os \u00e9tkez\u00e9si levon\u00e1s ig\u00e9nybev\u00e9tel\u00e9hez a k\u00f6vetkez\u0151 felt\u00e9teleknek kell teljes\u00fclni\u00fck: <\/p>\n<div class=\"newlinediv\"><\/div>\n<p> 1. Az \u00e9tkez\u00e9st \u00fczleti c\u00e9llal kell biztos\u00edtani, p\u00e9ld\u00e1ul \u00fcgyf\u00e9llel val\u00f3 tal\u00e1lkoz\u00f3, \u00fczleti \u00fat vagy v\u00e1llalati rendezv\u00e9ny c\u00e9lj\u00e1b\u00f3l. <\/p>\n<div class=\"newlinediv\"><\/div>\n<p> 2. Az \u00e9tkez\u00e9s nem lehet pazarl\u00f3 vagy extravag\u00e1ns. Ez azt jelenti, hogy az \u00e9tkez\u00e9s k\u00f6lts\u00e9g\u00e9nek \u00e9sszer\u0171nek \u00e9s nem t\u00falzottnak kell lennie. <\/p>\n<div class=\"newlinediv\"><\/div>\n<p> 3. Az \u00e9tkez\u00e9st olyan alkalmazottak vagy \u00fcgyfelek sz\u00e1m\u00e1ra kell biztos\u00edtani, akik nem tulajdonosai vagy r\u00e9szv\u00e9nyesei a v\u00e1llalkoz\u00e1snak. Ha az \u00e9tkez\u00e9st a v\u00e1llalkoz\u00e1s tulajdonos\u00e1nak vagy r\u00e9szv\u00e9nyes\u00e9nek biztos\u00edtj\u00e1k, a levon\u00e1s a k\u00f6lts\u00e9gek 50 %-\u00e1ra korl\u00e1toz\u00f3dik. <\/p>\n<div class=\"newlinediv\"><\/div>\n<p> 4. Az \u00e9tkez\u00e9st olyan k\u00f6rnyezetben kell biztos\u00edtani, amely el\u0151seg\u00edti az \u00fczleti megbesz\u00e9l\u00e9seket. Ez azt jelenti, hogy az \u00e9tkez\u00e9st \u00e9tteremben, sz\u00e1llod\u00e1ban vagy m\u00e1s hasonl\u00f3 helyen kell felszolg\u00e1lni, nem pedig t\u00e1rsas\u00e1gi k\u00f6rnyezetben, p\u00e9ld\u00e1ul \u00e9jszakai klubban vagy sportesem\u00e9nyen. <\/p>\n<div class=\"newlinediv\"><\/div>\n<p> Fontos, hogy pontos nyilv\u00e1ntart\u00e1st vezessen minden \u00fczleti jelleg\u0171 \u00e9tkez\u00e9sr\u0151l, bele\u00e9rtve az \u00e9tkez\u00e9s id\u0151pontj\u00e1t, hely\u00e9t \u00e9s c\u00e9lj\u00e1t, valamint a r\u00e9sztvev\u0151k nev\u00e9t \u00e9s az \u00e9tkez\u00e9s k\u00f6lts\u00e9g\u00e9t. Ez seg\u00edt biztos\u00edtani, hogy a megfelel\u0151 levon\u00e1sokat \u00e9rv\u00e9nyes\u00edthesse az ad\u00f3bevall\u00e1s\u00e1ban. <\/p>\n<\/div>\n<div class=\"question\">\n<div class=\"qtitle\"> Sz\u00fcks\u00e9gem van-e bizonylatokra az \u00e9tkez\u00e9si k\u00f6lts\u00e9gekr\u0151l?<\/div>\n<p> Igen, \u00e1ltal\u00e1ban sz\u00fcks\u00e9g van az \u00e9tkez\u00e9si k\u00f6lts\u00e9gekr\u0151l sz\u00f3l\u00f3 bizonylatokra, ha azokat levon\u00e1sk\u00e9nt szeretn\u00e9 \u00e9rv\u00e9nyes\u00edteni az ad\u00f3j\u00e1ban. Az Internal Revenue Service (IRS) megk\u00f6veteli, hogy pontos nyilv\u00e1ntart\u00e1st vezessen minden \u00fczleti k\u00f6lts\u00e9gr\u0151l, bele\u00e9rtve az \u00e9tkez\u00e9si k\u00f6lts\u00e9geket is, hogy igazolni tudja az ig\u00e9nyeit. Ez azt jelenti, hogy minden \u00e9tkez\u00e9sr\u0151l, amelyet \u00fczleti tev\u00e9kenys\u00e9ge sor\u00e1n fogyaszt, bele\u00e9rtve az \u00fcgyfelekkel, koll\u00e9g\u00e1kkal vagy potenci\u00e1lis \u00fcgyfelekkel val\u00f3 \u00e9tkez\u00e9seket is, meg kell \u0151riznie a nyugt\u00e1kat. <\/p>\n<div class=\"newlinediv\"><\/div>\n<p> Fontos megjegyezni, hogy vannak bizonyos szab\u00e1lyok \u00e9s korl\u00e1toz\u00e1sok az \u00e9tkez\u00e9si k\u00f6lts\u00e9gek ad\u00f3ban t\u00f6rt\u00e9n\u0151 levon\u00e1sa tekintet\u00e9ben. \u00c1ltal\u00e1ban az \u00e9tkez\u00e9s k\u00f6lts\u00e9g\u00e9nek csak 50%-\u00e1t vonhatja le, \u00e9s az \u00e9tkez\u00e9snek &#8222;szok\u00e1sosnak \u00e9s sz\u00fcks\u00e9gesnek&#8221; kell lennie az \u00fczleti tev\u00e9kenys\u00e9g\u00e9hez. Ezenk\u00edv\u00fcl nem vonhatja le az \u00e9tkez\u00e9s k\u00f6lts\u00e9geit, ha az pazarl\u00f3 vagy extravag\u00e1ns, vagy ha az nem kapcsol\u00f3dik k\u00f6zvetlen\u00fcl az \u00fczleti tev\u00e9kenys\u00e9g\u00e9hez. <\/p>\n<div class=\"newlinediv\"><\/div>\n<p> Annak biztos\u00edt\u00e1sa \u00e9rdek\u00e9ben, hogy megfelel\u0151en dokument\u00e1lja \u00e9tkez\u00e9si k\u00f6lts\u00e9geit, \u00e9rdemes r\u00e9szletes nyilv\u00e1ntart\u00e1st vezetni minden egyes \u00e9tkez\u00e9s d\u00e1tum\u00e1r\u00f3l, id\u0151pontj\u00e1r\u00f3l, hely\u00e9r\u0151l \u00e9s c\u00e9lj\u00e1r\u00f3l, valamint a jelenl\u00e9v\u0151 szem\u00e9lyek nev\u00e9r\u0151l. Ezeket az inform\u00e1ci\u00f3kat r\u00f6gz\u00edtheti mag\u00e1n a nyugt\u00e1n vagy egy k\u00fcl\u00f6n napl\u00f3ban. <\/p>\n<div class=\"newlinediv\"><\/div>\n<p> \u00d6sszefoglalva, b\u00e1r az \u00e9tkez\u00e9si k\u00f6lts\u00e9gekr\u0151l sz\u00f3l\u00f3 bizonylatok nyilv\u00e1ntart\u00e1sa neh\u00e9zkes lehet, fontos, hogy ezt tegye, ha levon\u00e1sk\u00e9nt akarja \u00e9rv\u00e9nyes\u00edteni az ad\u00f3bevall\u00e1s\u00e1ban. A pontos nyilv\u00e1ntart\u00e1s vezet\u00e9s\u00e9vel \u00e9s az IRS szab\u00e1lyainak \u00e9s korl\u00e1tainak betart\u00e1s\u00e1val biztos\u00edthatja, hogy maximaliz\u00e1lja levon\u00e1sait, mik\u00f6zben betartja az ad\u00f3t\u00f6rv\u00e9nyeket. <\/p>\n<\/div>\n<div class=\"question\">\n<div class=\"qtitle\"> Az \u00e9tkez\u00e9s teljes m\u00e9rt\u00e9kben levonhat\u00f3 a C-list\u00e1n?<\/div>\n<p> Az \u00e9tkez\u00e9seknek a C-list\u00e1n val\u00f3 levonhat\u00f3s\u00e1g\u00e1ra vonatkoz\u00f3 ad\u00f3szab\u00e1lyok az \u00e9tkez\u00e9si k\u00f6lts\u00e9g k\u00f6r\u00fclm\u00e9nyeit\u0151l f\u00fcggenek. \u00c1ltal\u00e1ban az \u00f6n\u00e1ll\u00f3 v\u00e1llalkoz\u00f3kn\u00e1l felmer\u00fcl\u0151 \u00e9tkez\u00e9si k\u00f6lts\u00e9gek r\u00e9szben levonhat\u00f3k a C-t\u00e1bl\u00e1zatban \u00fczleti k\u00f6lts\u00e9gk\u00e9nt. A levon\u00e1s \u00f6sszege azonban az \u00e9tkez\u00e9s c\u00e9lj\u00e1t\u00f3l \u00e9s jelleg\u00e9t\u0151l f\u00fcgg. <\/p>\n<div class=\"newlinediv\"><\/div>\n<p> Az \u00e9tkez\u00e9sek levonhat\u00f3s\u00e1ga a C-t\u00e1bl\u00e1zatban bizonyos korl\u00e1toz\u00e1sokt\u00f3l \u00e9s k\u00f6vetelm\u00e9nyekt\u0151l f\u00fcgg. Ahhoz, hogy az \u00e9tkez\u00e9s levonhat\u00f3 \u00fczleti k\u00f6lts\u00e9gnek min\u0151s\u00fclj\u00f6n, k\u00f6zvetlen\u00fcl az ad\u00f3fizet\u0151 kereskedelmi vagy \u00fczleti tev\u00e9kenys\u00e9g\u00e9hez kell kapcsol\u00f3dnia. Ez azt jelenti, hogy az \u00e9tkez\u00e9si k\u00f6lts\u00e9gnek a szok\u00e1sos \u00fczleti tev\u00e9kenys\u00e9g sor\u00e1n kell felmer\u00fclnie, \u00e9s egy\u00e9rtelm\u0171 \u00fczleti c\u00e9llal kell rendelkeznie, p\u00e9ld\u00e1ul egy konkr\u00e9t \u00fczleti \u00fcgy megbesz\u00e9l\u00e9se egy \u00fcgyf\u00e9llel vagy potenci\u00e1lis \u00fczleti partnerrel. <\/p>\n<div class=\"newlinediv\"><\/div>\n<p> Ezenk\u00edv\u00fcl a levon\u00e1s \u00f6sszege az \u00e9tkez\u00e9s t\u00e9nyleges k\u00f6lts\u00e9g\u00e9nek 50%-\u00e1ra korl\u00e1tozhat\u00f3. Ez az \u00fagynevezett 50%-os \u00e9tkez\u00e9si k\u00f6lts\u00e9gkorl\u00e1toz\u00e1s. Az 50%-os korl\u00e1t vonatkozik mind azokra az \u00e9tkez\u00e9sekre, amelyeket \u00fczleti c\u00e9l\u00fa utaz\u00e1s sor\u00e1n fogyasztanak el, mind pedig azokra, amelyeket az ad\u00f3fizet\u0151 helyi ter\u00fclet\u00e9n fogyasztanak el \u00fczleti tev\u00e9kenys\u00e9ge sor\u00e1n. <\/p>\n<div class=\"newlinediv\"><\/div>\n<p> Fontos megjegyezni, hogy bizonyos \u00e9tkez\u00e9si k\u00f6lts\u00e9gek egy\u00e1ltal\u00e1n nem vonhat\u00f3k le, p\u00e9ld\u00e1ul a pazarl\u00f3 vagy extravag\u00e1ns \u00e9tkez\u00e9sek, amelyek a k\u00f6r\u00fclm\u00e9nyek f\u00e9ny\u00e9ben nem tekinthet\u0151k \u00e9sszer\u0171nek. Az alkalmazottaknak a munk\u00e1ltat\u00f3 k\u00e9nyelme \u00e9rdek\u00e9ben ny\u00fajtott \u00e9tkez\u00e9sekre is elt\u00e9r\u0151 szab\u00e1lyok \u00e9s korl\u00e1toz\u00e1sok vonatkozhatnak. <\/p>\n<div class=\"newlinediv\"><\/div>\n<p> \u00d6sszefoglalva, az \u00e9tkez\u00e9sek r\u00e9szben levonhat\u00f3k a C. t\u00e1bl\u00e1zatban \u00fczleti k\u00f6lts\u00e9gk\u00e9nt, de a levon\u00e1s \u00f6sszege az \u00e9tkez\u00e9s c\u00e9lj\u00e1t\u00f3l \u00e9s jelleg\u00e9t\u0151l f\u00fcgg, \u00e9s bizonyos korl\u00e1toz\u00e1sok \u00e9s k\u00f6vetelm\u00e9nyek vonatkoznak r\u00e1. Az \u00e9tkez\u00e9si k\u00f6lts\u00e9gek levonhat\u00f3s\u00e1g\u00e1val kapcsolatos konkr\u00e9t \u00fatmutat\u00e1s\u00e9rt mindig aj\u00e1nlott ad\u00f3szak\u00e9rt\u0151vel konzult\u00e1lni.<\/p>\n<\/div>\n<\/div>\n","protected":false},"excerpt":{"rendered":"<p>Munkav\u00e1llal\u00f3k\u00e9nt jogosult lehet bizonyos ad\u00f3kedvezm\u00e9nyekre, amelyek seg\u00edts\u00e9g\u00e9vel p\u00e9nzt takar\u00edthat meg az ad\u00f3szezonban. Az egyik ilyen el\u0151ny az, hogy bizonyos, a munkahelyen felmer\u00fcl\u0151 \u00e9tkez\u00e9si k\u00f6lts\u00e9geket levonhat. Az al\u00e1bbiakat kell tudnia ahhoz, hogy a legt\u00f6bbet hozhassa ki a levon\u00e1sokb\u00f3l. El\u0151sz\u00f6r is fontos meg\u00e9rteni, hogy nem minden \u00e9tkez\u00e9si k\u00f6lts\u00e9g vonhat\u00f3 le. Ahhoz, hogy egy \u00e9tkez\u00e9s levonhat\u00f3 legyen, annak &#8230; <a title=\"Ad\u00f3kedvezm\u00e9nyek maximaliz\u00e1l\u00e1sa:\" class=\"read-more\" href=\"https:\/\/megnyitasa.com\/tudas\/adokedvezmenyek-maximalizalasa-5\/\" aria-label=\"Read more about Ad\u00f3kedvezm\u00e9nyek maximaliz\u00e1l\u00e1sa:\">Read more<\/a><\/p>\n","protected":false},"author":1592,"featured_media":0,"comment_status":"closed","ping_status":"closed","sticky":false,"template":"","format":"standard","meta":{"footnotes":""},"categories":[12],"tags":[],"class_list":["post-16638","post","type-post","status-publish","format-standard","hentry","category-penzugyek-es-adok"],"_links":{"self":[{"href":"https:\/\/megnyitasa.com\/tudas\/wp-json\/wp\/v2\/posts\/16638","targetHints":{"allow":["GET"]}}],"collection":[{"href":"https:\/\/megnyitasa.com\/tudas\/wp-json\/wp\/v2\/posts"}],"about":[{"href":"https:\/\/megnyitasa.com\/tudas\/wp-json\/wp\/v2\/types\/post"}],"author":[{"embeddable":true,"href":"https:\/\/megnyitasa.com\/tudas\/wp-json\/wp\/v2\/users\/1592"}],"replies":[{"embeddable":true,"href":"https:\/\/megnyitasa.com\/tudas\/wp-json\/wp\/v2\/comments?post=16638"}],"version-history":[{"count":0,"href":"https:\/\/megnyitasa.com\/tudas\/wp-json\/wp\/v2\/posts\/16638\/revisions"}],"wp:attachment":[{"href":"https:\/\/megnyitasa.com\/tudas\/wp-json\/wp\/v2\/media?parent=16638"}],"wp:term":[{"taxonomy":"category","embeddable":true,"href":"https:\/\/megnyitasa.com\/tudas\/wp-json\/wp\/v2\/categories?post=16638"},{"taxonomy":"post_tag","embeddable":true,"href":"https:\/\/megnyitasa.com\/tudas\/wp-json\/wp\/v2\/tags?post=16638"}],"curies":[{"name":"wp","href":"https:\/\/api.w.org\/{rel}","templated":true}]}}