{"id":16812,"date":"2023-04-24T00:00:00","date_gmt":"2023-04-24T00:00:00","guid":{"rendered":"https:\/\/megnyitasa.com\/tudas\/konnyeden-rendszerezheti-fenykepeit-a-gmail-es-az-iphoto-hasznalata\/"},"modified":"2023-04-24T00:00:00","modified_gmt":"2023-04-24T00:00:00","slug":"konnyeden-rendszerezheti-fenykepeit-a-gmail-es-az-iphoto-hasznalata","status":"publish","type":"post","link":"https:\/\/megnyitasa.com\/tudas\/konnyeden-rendszerezheti-fenykepeit-a-gmail-es-az-iphoto-hasznalata\/","title":{"rendered":"K\u00f6nnyed\u00e9n rendszerezheti f\u00e9nyk\u00e9peit: a Gmail \u00e9s az iPhoto haszn\u00e1lata"},"content":{"rendered":"<div class=\"articlecontent\">\n<div class=\"newlinediv\"><\/div>\n<p> A Gmail \u00e9s az iPhoto k\u00e9t n\u00e9pszer\u0171, k\u00fcl\u00f6nb\u00f6z\u0151 c\u00e9lokra haszn\u00e1lt alkalmaz\u00e1s. A Gmail egy e-mail szolg\u00e1ltat\u00f3, m\u00edg az iPhoto egy fot\u00f3kezel\u0151 alkalmaz\u00e1s Mac OS X oper\u00e1ci\u00f3s rendszerhez. Tudta azonban, hogy ezt a k\u00e9t alkalmaz\u00e1st egy\u00fctt is haszn\u00e1lhatja a fot\u00f3k hat\u00e9konyabb kezel\u00e9s\u00e9re? Ez a cikk eligaz\u00edt abban, hogyan haszn\u00e1lhatja a Gmailt az iPhoto alkalmaz\u00e1ssal egy\u00fctt. <\/p>\n<div class=\"newlinediv\"><\/div>\n<p> El\u0151sz\u00f6r is enged\u00e9lyeznie kell a Gmail fi\u00f3kot az iPhoto-ban. Ehhez nyissa meg az iPhoto-t, \u00e9s kattintson az &#8222;iPhoto&#8221; men\u00fcre. Ezut\u00e1n v\u00e1lassza a &#8222;Be\u00e1ll\u00edt\u00e1sok&#8221; men\u00fcpontot, \u00e9s l\u00e9pjen a &#8222;Fi\u00f3kok&#8221; f\u00fclre. Kattintson a &#8222;+&#8221; gombra egy \u00faj fi\u00f3k hozz\u00e1ad\u00e1s\u00e1hoz, \u00e9s v\u00e1lassza ki a &#8222;Gmail&#8221;-t a rendelkez\u00e9sre \u00e1ll\u00f3 szolg\u00e1ltat\u00e1sok list\u00e1j\u00e1b\u00f3l. T\u00f6ltse ki a Gmail fi\u00f3k adatait, \u00e9s kattintson a &#8222;L\u00e9trehoz\u00e1s&#8221; gombra. <\/p>\n<div class=\"newlinediv\"><\/div>\n<p> Miut\u00e1n a Gmail-fi\u00f3kod hozz\u00e1 lett adva az iPhoto alkalmaz\u00e1shoz, elkezdheted a f\u00e9nyk\u00e9pek import\u00e1l\u00e1s\u00e1t a Gmailb\u0151l. Nyissa meg az iPhoto-t, \u00e9s kattintson a &#8222;F\u00e1jl&#8221; men\u00fcre. V\u00e1lassza az &#8222;Import\u00e1l\u00e1s&#8221; lehet\u0151s\u00e9get, majd v\u00e1lassza a &#8222;Gmail&#8221;-t a rendelkez\u00e9sre \u00e1ll\u00f3 forr\u00e1sok list\u00e1j\u00e1b\u00f3l. Most kiv\u00e1laszthatja a Gmail fi\u00f3kj\u00e1b\u00f3l import\u00e1lni k\u00edv\u00e1nt f\u00e9nyk\u00e9peket. <\/p>\n<div class=\"newlinediv\"><\/div>\n<p> A Gmailb\u0151l sz\u00e1rmaz\u00f3 f\u00e9nyk\u00e9pek import\u00e1l\u00e1sa nem az iPhoto egyetlen el\u00e9rhet\u0151 funkci\u00f3ja. A Gmail seg\u00edts\u00e9g\u00e9vel megoszthatja a f\u00e9nyk\u00e9peit m\u00e1sokkal is. Ehhez v\u00e1lassza ki a megosztani k\u00edv\u00e1nt f\u00e9nyk\u00e9peket, \u00e9s kattintson a &#8222;Megoszt\u00e1s&#8221; gombra. V\u00e1lassza az &#8222;Email&#8221; lehet\u0151s\u00e9get, \u00e9s adja meg a c\u00edmzettek e-mail c\u00edm\u00e9t. Az iPhoto automatikusan l\u00e9trehoz egy e-mailt a kiv\u00e1lasztott f\u00e9nyk\u00e9pek csatol\u00e1s\u00e1val. <\/p>\n<div class=\"newlinediv\"><\/div>\n<p> A Gmail \u00e9s az iPhoto haszn\u00e1lata nagyszer\u0171 m\u00f3dja a f\u00e9nyk\u00e9pek rendszerez\u00e9s\u00e9nek. A Gmailt haszn\u00e1lhatja a fot\u00f3k biztons\u00e1gi ment\u00e9sek\u00e9nt, vagy arra, hogy k\u00f6nnyed\u00e9n megossza a fot\u00f3it m\u00e1sokkal. Ezenk\u00edv\u00fcl a Gmailt arra is haszn\u00e1lhatja, hogy f\u00e9nyk\u00e9peket k\u00fcldj\u00f6n nyomtat\u00e1si szolg\u00e1ltat\u00e1soknak vagy online f\u00e9nyk\u00e9pmegoszt\u00f3 webhelyeknek. <\/p>\n<div class=\"newlinediv\"><\/div>\n<p> \u00d6sszefoglalva, a Gmail \u00e9s az iPhoto haszn\u00e1lata hat\u00e9kony kombin\u00e1ci\u00f3, amely seg\u00edthet a f\u00e9nyk\u00e9pek hat\u00e9konyabb kezel\u00e9s\u00e9ben. A cikkben ismertetett l\u00e9p\u00e9seket k\u00f6vetve k\u00f6nnyed\u00e9n import\u00e1lhatja, megoszthatja \u00e9s rendszerezheti f\u00e9nyk\u00e9peit e k\u00e9t alkalmaz\u00e1s seg\u00edts\u00e9g\u00e9vel. Pr\u00f3b\u00e1lja ki m\u00e9g ma, \u00e9s n\u00e9zze meg, hogyan egyszer\u0171s\u00edtheti le a fot\u00f3kezel\u00e9si feladatait!<\/p><\/div>\n<div class=\"questions\">\n<div class=\"questionstitle\">FAQ<\/div>\n<div class=\"question\">\n<div class=\"qtitle\"> Hogyan k\u00fcldhet e-mailt az iPhoto alkalmaz\u00e1sb\u00f3l?<\/div>\n<p> Az iPhoto az Apple Inc. \u00e1ltal kifejlesztett fot\u00f3kezel\u0151 alkalmaz\u00e1s, amelynek seg\u00edts\u00e9g\u00e9vel a felhaszn\u00e1l\u00f3k rendszerezhetik, szerkeszthetik \u00e9s megoszthatj\u00e1k f\u00e9nyk\u00e9peiket. B\u00e1r az iPhoto els\u0151sorban a f\u00e9nyk\u00e9pek kezel\u00e9s\u00e9re szolg\u00e1l, rendelkezik n\u00e9mi e-mail funkci\u00f3val is. Ha e-mailben szeretne elk\u00fcldeni egy f\u00e9nyk\u00e9pet az iPhoto alkalmaz\u00e1sb\u00f3l, k\u00f6vesse az al\u00e1bbi l\u00e9p\u00e9seket: <\/p>\n<div class=\"newlinediv\"><\/div>\n<p> 1. Nyissa meg az iPhoto programot, \u00e9s v\u00e1lassza ki az e-mailben elk\u00fcldeni k\u00edv\u00e1nt f\u00e9nyk\u00e9pet. <\/p>\n<div class=\"newlinediv\"><\/div>\n<p> 2. Kattintson a k\u00e9perny\u0151 alj\u00e1n tal\u00e1lhat\u00f3 Megoszt\u00e1s ikonra. <\/p>\n<div class=\"newlinediv\"><\/div>\n<p> 3. V\u00e1lassza az Email lehet\u0151s\u00e9get a lehet\u0151s\u00e9gek list\u00e1j\u00e1b\u00f3l. <\/p>\n<div class=\"newlinediv\"><\/div>\n<p> 4. Egy \u00faj e-mail \u00fczenet ny\u00edlik meg az alap\u00e9rtelmezett e-mail kliensben a f\u00e9nyk\u00e9p csatol\u00e1s\u00e1val. <\/p>\n<div class=\"newlinediv\"><\/div>\n<p> 5. Adja meg a c\u00edmzett e-mail c\u00edm\u00e9t, \u00e9s ha k\u00edv\u00e1nja, adjon hozz\u00e1 t\u00e1rgyat \u00e9s \u00fczenetet. <\/p>\n<div class=\"newlinediv\"><\/div>\n<p> 6. Kattintson a K\u00fcld\u00e9s gombra a csatolt f\u00e9nyk\u00e9pet tartalmaz\u00f3 e-mail elk\u00fcld\u00e9s\u00e9hez. <\/p>\n<div class=\"newlinediv\"><\/div>\n<p> Fontos megjegyezni, hogy az iPhoto e-mail funkci\u00f3ja meglehet\u0151sen egyszer\u0171, \u00e9s egyszerre csak egy f\u00e9nyk\u00e9p elk\u00fcld\u00e9s\u00e9t teszi lehet\u0151v\u00e9. Ha t\u00f6bb f\u00e9nyk\u00e9pet kell elk\u00fcldenie, vagy fejlettebb e-mail funkci\u00f3kat szeretne, mint p\u00e9ld\u00e1ul a f\u00e9nyk\u00e9pek \u00e1tm\u00e9retez\u00e9s\u00e9nek vagy e-mail sablonok l\u00e9trehoz\u00e1s\u00e1nak lehet\u0151s\u00e9ge, \u00e9rdemes megfontolnia egy k\u00fcl\u00f6n e-mail kliens vagy online f\u00e9nyk\u00e9pmegoszt\u00f3 szolg\u00e1ltat\u00e1s haszn\u00e1lat\u00e1t. <\/p>\n<\/div>\n<div class=\"question\">\n<div class=\"qtitle\"> Hogyan enged\u00e9lyezhetem, hogy a Gmail hozz\u00e1f\u00e9rjen a f\u00e9nyk\u00e9peimhez?<\/div>\n<p> Ha enged\u00e9lyezni szeretn\u00e9, hogy a Gmail hozz\u00e1f\u00e9rjen a fot\u00f3ihoz, enged\u00e9lyt kell adnia a Gmail alkalmaz\u00e1snak a k\u00e9sz\u00fcl\u00e9k\u00e9n. Itt vannak az ehhez sz\u00fcks\u00e9ges l\u00e9p\u00e9sek: <\/p>\n<div class=\"newlinediv\"><\/div>\n<p> 1. Androidos k\u00e9sz\u00fcl\u00e9k\u00e9n l\u00e9pjen a Be\u00e1ll\u00edt\u00e1sok men\u00fcpontba. <\/p>\n<div class=\"newlinediv\"><\/div>\n<p> 2. G\u00f6rgessen lefel\u00e9, \u00e9s koppintson az Alkalmaz\u00e1sok \u00e9s \u00e9rtes\u00edt\u00e9sek elemre. <\/p>\n<div class=\"newlinediv\"><\/div>\n<p> 3. Keresse meg \u00e9s koppintson a Gmailre. <\/p>\n<div class=\"newlinediv\"><\/div>\n<p> 4. Koppintson az Enged\u00e9lyek elemre. <\/p>\n<div class=\"newlinediv\"><\/div>\n<p> 5. Kapcsolja be a Fot\u00f3k enged\u00e9lyt. <\/p>\n<div class=\"newlinediv\"><\/div>\n<p> E l\u00e9p\u00e9sek elv\u00e9gz\u00e9se ut\u00e1n a Gmail hozz\u00e1f\u00e9rhet a f\u00e9nyk\u00e9pekhez. Ha iOS-eszk\u00f6zt haszn\u00e1l, a l\u00e9p\u00e9sek n\u00e9mileg elt\u00e9r\u0151ek lehetnek. A Be\u00e1ll\u00edt\u00e1sok &gt; Adatv\u00e9delem &gt; Fot\u00f3k men\u00fcpontban kapcsolhatja be a Gmail enged\u00e9ly\u00e9t. <\/p>\n<div class=\"newlinediv\"><\/div>\n<p> Fontos megjegyezni, hogy a f\u00e9nyk\u00e9pekhez val\u00f3 hozz\u00e1f\u00e9r\u00e9s enged\u00e9lyez\u00e9s\u00e9vel a Gmail sz\u00e1m\u00e1ra lehet\u0151v\u00e9 teszi a f\u00e9nyk\u00e9pek megtekint\u00e9s\u00e9t, felt\u00f6lt\u00e9s\u00e9t \u00e9s megoszt\u00e1s\u00e1t. Ez\u00e9rt \u00fcgyeljen arra, hogy csak olyan alkalmaz\u00e1soknak adjon enged\u00e9lyt, amelyekben megb\u00edzik. <\/p>\n<\/div>\n<div class=\"question\">\n<div class=\"qtitle\"> Hogyan k\u00fcldhetek f\u00e9nyk\u00e9peket e-mailben az iPhoto alkalmaz\u00e1sb\u00f3l Macen?<\/div>\n<p> Ha e-mailben szeretne f\u00e9nyk\u00e9peket k\u00fcldeni az iPhoto alkalmaz\u00e1sb\u00f3l Macen, k\u00f6vesse az al\u00e1bbi l\u00e9p\u00e9seket: <\/p>\n<div class=\"newlinediv\"><\/div>\n<p> 1. Nyissa meg az iPhoto programot a Mac sz\u00e1m\u00edt\u00f3g\u00e9pen. <\/p>\n<div class=\"newlinediv\"><\/div>\n<p> 2. V\u00e1lassza ki az e-mailben elk\u00fcldeni k\u00edv\u00e1nt f\u00e9nyk\u00e9peket a Command billenty\u0171 lenyomva tart\u00e1s\u00e1val \u00e9s az egyes f\u00e9nyk\u00e9pekre kattintva. <\/p>\n<div class=\"newlinediv\"><\/div>\n<p> 3. Kattintson a &#8222;Megoszt\u00e1s&#8221; gombra az iPhoto ablak alj\u00e1n tal\u00e1lhat\u00f3 eszk\u00f6zt\u00e1ron. <\/p>\n<div class=\"newlinediv\"><\/div>\n<p> 4. Kattintson a leg\u00f6rd\u00fcl\u0151 men\u00fcben az &#8222;Email&#8221; lehet\u0151s\u00e9gre. <\/p>\n<div class=\"newlinediv\"><\/div>\n<p> 5. Megny\u00edlik egy \u00faj e-mail ablak a kiv\u00e1lasztott f\u00e9nyk\u00e9pek csatol\u00e1s\u00e1val. \u00cdrja be a c\u00edmzett e-mail c\u00edm\u00e9t a &#8222;C\u00edmzett&#8221; mez\u0151be, \u00e9s adjon hozz\u00e1 b\u00e1rmilyen tov\u00e1bbi sz\u00f6veget. <\/p>\n<div class=\"newlinediv\"><\/div>\n<p> 6. Kattintson a &#8222;Send&#8221; (K\u00fcld\u00e9s) gombra a csatolt f\u00e9nyk\u00e9peket tartalmaz\u00f3 e-mail elk\u00fcld\u00e9s\u00e9hez. <\/p>\n<div class=\"newlinediv\"><\/div>\n<p> Alternat\u00edv megold\u00e1sk\u00e9nt a kiv\u00e1lasztott f\u00e9nyk\u00e9peket k\u00f6zvetlen\u00fcl az iPhoto alkalmaz\u00e1sb\u00f3l is \u00e1th\u00fazhatja egy \u00faj e-mail ablakba az e-mail kliens\u00e9ben, p\u00e9ld\u00e1ul az Apple Mail vagy a Gmail alkalmaz\u00e1sban. Ez\u00e1ltal a f\u00e9nyk\u00e9pek csatolva lesznek az e-mailhez, majd megadhatja a c\u00edmzett e-mail c\u00edm\u00e9t, \u00e9s a szok\u00e1sos m\u00f3don elk\u00fcldheti az e-mailt. <\/p>\n<\/div>\n<div class=\"question\">\n<div class=\"qtitle\"> Hogyan export\u00e1lhatom a teljes iphoto k\u00f6nyvt\u00e1ramat?<\/div>\n<p> A teljes iPhoto k\u00f6nyvt\u00e1r export\u00e1l\u00e1s\u00e1hoz a k\u00f6vetkez\u0151 l\u00e9p\u00e9seket k\u00f6vetheti: <\/p>\n<div class=\"newlinediv\"><\/div>\n<p> 1. Nyissa meg az iPhoto programot a Mac sz\u00e1m\u00edt\u00f3g\u00e9p\u00e9n. <\/p>\n<div class=\"newlinediv\"><\/div>\n<p> 2. V\u00e1lassza ki az export\u00e1lni k\u00edv\u00e1nt f\u00e9nyk\u00e9peket. Az \u00f6sszes f\u00e9nyk\u00e9p kiv\u00e1laszt\u00e1s\u00e1hoz nyomja le a Command + A billenty\u0171kombin\u00e1ci\u00f3t. <\/p>\n<div class=\"newlinediv\"><\/div>\n<p> 3. L\u00e9pjen a F\u00e1jl men\u00fcbe, \u00e9s v\u00e1lassza az Export\u00e1l\u00e1s parancsot. <\/p>\n<div class=\"newlinediv\"><\/div>\n<p> 4. Az Export\u00e1l\u00e1s ablakban v\u00e1lassza ki azt a helyet, ahov\u00e1 az export\u00e1lt f\u00e9nyk\u00e9peket menteni k\u00edv\u00e1nja. <\/p>\n<div class=\"newlinediv\"><\/div>\n<p> 5. V\u00e1lassza ki, hogy milyen form\u00e1tumban szeretn\u00e9 export\u00e1lni a f\u00e9nyk\u00e9peket. V\u00e1laszthat JPEG, TIFF vagy PNG form\u00e1tumot. <\/p>\n<div class=\"newlinediv\"><\/div>\n<p> 6. V\u00e1lassza ki a f\u00e9nyk\u00e9pek export\u00e1land\u00f3 m\u00e9ret\u00e9t. V\u00e1laszthat a Kicsi, K\u00f6zepes, Nagy vagy Teljes m\u00e9ret k\u00f6z\u00fcl. <\/p>\n<div class=\"newlinediv\"><\/div>\n<p> 7. Ha az export\u00e1lt f\u00e9nyk\u00e9pekhez csatolni szeretn\u00e9 a metaadatokat \u00e9s a helyadatokat, jel\u00f6lje be az IPTC- \u00e9s helyadatok felv\u00e9tele melletti jel\u00f6l\u0151n\u00e9gyzetet. <\/p>\n<div class=\"newlinediv\"><\/div>\n<p> 8. Kattintson az Export\u00e1l\u00e1s gombra a f\u00e9nyk\u00e9pek export\u00e1l\u00e1s\u00e1hoz. <\/p>\n<div class=\"newlinediv\"><\/div>\n<p> Az export\u00e1l\u00e1s befejez\u00e9se ut\u00e1n a teljes iPhoto k\u00f6nyvt\u00e1r\u00e1nak m\u00e1solata a kiv\u00e1lasztott helyre lesz mentve. Ezt a m\u00e1solatot azt\u00e1n sz\u00fcks\u00e9g szerint \u00e1tviheti egy m\u00e1sik eszk\u00f6zre, vagy megoszthatja m\u00e1sokkal.<\/p>\n<\/div>\n<\/div>\n","protected":false},"excerpt":{"rendered":"<p>A Gmail \u00e9s az iPhoto k\u00e9t n\u00e9pszer\u0171, k\u00fcl\u00f6nb\u00f6z\u0151 c\u00e9lokra haszn\u00e1lt alkalmaz\u00e1s. A Gmail egy e-mail szolg\u00e1ltat\u00f3, m\u00edg az iPhoto egy fot\u00f3kezel\u0151 alkalmaz\u00e1s Mac OS X oper\u00e1ci\u00f3s rendszerhez. Tudta azonban, hogy ezt a k\u00e9t alkalmaz\u00e1st egy\u00fctt is haszn\u00e1lhatja a fot\u00f3k hat\u00e9konyabb kezel\u00e9s\u00e9re? Ez a cikk eligaz\u00edt abban, hogyan haszn\u00e1lhatja a Gmailt az iPhoto alkalmaz\u00e1ssal egy\u00fctt. El\u0151sz\u00f6r &#8230; <a title=\"K\u00f6nnyed\u00e9n rendszerezheti f\u00e9nyk\u00e9peit: a Gmail \u00e9s az iPhoto haszn\u00e1lata\" class=\"read-more\" href=\"https:\/\/megnyitasa.com\/tudas\/konnyeden-rendszerezheti-fenykepeit-a-gmail-es-az-iphoto-hasznalata\/\" aria-label=\"Read more about K\u00f6nnyed\u00e9n rendszerezheti f\u00e9nyk\u00e9peit: a Gmail \u00e9s az iPhoto haszn\u00e1lata\">Read more<\/a><\/p>\n","protected":false},"author":4144,"featured_media":0,"comment_status":"closed","ping_status":"closed","sticky":false,"template":"","format":"standard","meta":{"footnotes":""},"categories":[16],"tags":[],"class_list":["post-16812","post","type-post","status-publish","format-standard","hentry","category-az-inditando-vallalkozasok-tipusai"],"_links":{"self":[{"href":"https:\/\/megnyitasa.com\/tudas\/wp-json\/wp\/v2\/posts\/16812","targetHints":{"allow":["GET"]}}],"collection":[{"href":"https:\/\/megnyitasa.com\/tudas\/wp-json\/wp\/v2\/posts"}],"about":[{"href":"https:\/\/megnyitasa.com\/tudas\/wp-json\/wp\/v2\/types\/post"}],"author":[{"embeddable":true,"href":"https:\/\/megnyitasa.com\/tudas\/wp-json\/wp\/v2\/users\/4144"}],"replies":[{"embeddable":true,"href":"https:\/\/megnyitasa.com\/tudas\/wp-json\/wp\/v2\/comments?post=16812"}],"version-history":[{"count":0,"href":"https:\/\/megnyitasa.com\/tudas\/wp-json\/wp\/v2\/posts\/16812\/revisions"}],"wp:attachment":[{"href":"https:\/\/megnyitasa.com\/tudas\/wp-json\/wp\/v2\/media?parent=16812"}],"wp:term":[{"taxonomy":"category","embeddable":true,"href":"https:\/\/megnyitasa.com\/tudas\/wp-json\/wp\/v2\/categories?post=16812"},{"taxonomy":"post_tag","embeddable":true,"href":"https:\/\/megnyitasa.com\/tudas\/wp-json\/wp\/v2\/tags?post=16812"}],"curies":[{"name":"wp","href":"https:\/\/api.w.org\/{rel}","templated":true}]}}