{"id":17049,"date":"2023-04-24T00:00:00","date_gmt":"2023-04-24T00:00:00","guid":{"rendered":"https:\/\/megnyitasa.com\/tudas\/az-instagram-nepszerusegenek-titka\/"},"modified":"2023-04-24T00:00:00","modified_gmt":"2023-04-24T00:00:00","slug":"az-instagram-nepszerusegenek-titka","status":"publish","type":"post","link":"https:\/\/megnyitasa.com\/tudas\/az-instagram-nepszerusegenek-titka\/","title":{"rendered":"Az Instagram n\u00e9pszer\u0171s\u00e9g\u00e9nek titka"},"content":{"rendered":"<div class=\"articlecontent\">\n<div class=\"newlinediv\"><\/div>\n<p> Az Instagram egy olyan k\u00f6z\u00f6ss\u00e9gi m\u00e9dia platform, amely az elm\u00falt \u00e9vekben egyre n\u00e9pszer\u0171bb\u00e9 v\u00e1lt. T\u00f6bb mint egymilli\u00e1rd havi akt\u00edv felhaszn\u00e1l\u00f3val a mag\u00e1nszem\u00e9lyek, v\u00e1llalkoz\u00e1sok \u00e9s h\u00edress\u00e9gek csom\u00f3pontj\u00e1v\u00e1 v\u00e1lt, ahol megoszthatj\u00e1k \u00e9let\u00fcket, n\u00e9pszer\u0171s\u00edthetik term\u00e9keiket \u00e9s kapcsolatot teremthetnek k\u00f6z\u00f6ns\u00e9g\u00fckkel. Az Instagram-felhaszn\u00e1l\u00f3k egyik leggyakoribb c\u00e9lja, hogy min\u00e9l t\u00f6bb like-ot kapjanak a posztjaikra. De hogyan szereznek az emberek ennyi kedvel\u00e9st az Instagramon? <\/p>\n<div class=\"title\"> A k\u00f6vetkezetess\u00e9g a kulcs <\/div>\n<p> Az Instagramon val\u00f3 tetsz\u00e9snyer\u00e9s egyik legfontosabb szempontja a k\u00f6vetkezetess\u00e9g. A rendszeres \u00e9s k\u00f6vetkezetes id\u0151ben t\u00f6rt\u00e9n\u0151 posztol\u00e1s seg\u00edthet a k\u00f6vet\u0151k elk\u00f6telezetts\u00e9g\u00e9nek n\u00f6vel\u00e9s\u00e9ben. Aj\u00e1nlott naponta legal\u00e1bb egyszer, de legfeljebb h\u00e1romszor posztolni, hogy ne terhelje t\u00fal a k\u00f6vet\u0151k feedj\u00e9t. A cs\u00facsid\u0151ben, p\u00e9ld\u00e1ul kora reggel vagy este t\u00f6rt\u00e9n\u0151 posztol\u00e1s szint\u00e9n n\u00f6velheti a l\u00e1that\u00f3s\u00e1got \u00e9s az elk\u00f6telezetts\u00e9get. <\/p>\n<div class=\"title\"> Hashtagek \u00e9s k\u00e9pal\u00e1\u00edr\u00e1sok <\/div>\n<p> A hashtagek \u00e9s a k\u00e9pal\u00e1\u00edr\u00e1sok szint\u00e9n elengedhetetlenek a kedvel\u00e9sek megszerz\u00e9s\u00e9hez az Instagramon. A hashtagek seg\u00edtenek a felhaszn\u00e1l\u00f3knak felfedezni az \u00faj tartalmakat, \u00e9s n\u00f6velik a posztok l\u00e1that\u00f3s\u00e1g\u00e1t. Fontos, hogy relev\u00e1ns \u00e9s n\u00e9pszer\u0171 hashtageket haszn\u00e1ljon, hogy posztjait nagyobb k\u00f6z\u00f6ns\u00e9g l\u00e1ssa. A k\u00e9pal\u00e1\u00edr\u00e1sok szint\u00e9n fontosak, mivel kontextust adnak a posztodhoz, \u00e9s bepillant\u00e1st engednek a k\u00f6vet\u0151idnek a szem\u00e9lyis\u00e9gedbe. Egy j\u00f3l megfogalmazott felirat \u00f6szt\u00f6n\u00f6zheti az elk\u00f6telez\u0151d\u00e9st \u00e9s n\u00f6velheti a kedvelts\u00e9get. <\/p>\n<div class=\"title\"> Min\u0151s\u00e9gi tartalom <\/div>\n<p> A tartalom min\u0151s\u00e9ge szint\u00e9n d\u00f6nt\u0151 fontoss\u00e1g\u00fa a kedvel\u00e9sek megszerz\u00e9s\u00e9ben az Instagramon. A vizu\u00e1lisan vonz\u00f3 fot\u00f3k \u00e9s vide\u00f3k k\u00f6zz\u00e9t\u00e9tele vonz\u00f3v\u00e1 teheti a k\u00f6vet\u0151ket \u00e9s \u00f6szt\u00f6n\u00f6zheti az elk\u00f6telez\u0151d\u00e9st. Az olyan szerkeszt\u0151eszk\u00f6z\u00f6k, mint a sz\u0171r\u0151k \u00e9s egy\u00e9b vizu\u00e1lis effektek haszn\u00e1lata szint\u00e9n jav\u00edthatja tartalma min\u0151s\u00e9g\u00e9t. Fontos, hogy eredeti tartalmat hozzon l\u00e9tre, \u00e9s ne kiz\u00e1r\u00f3lag m\u00e1s felhaszn\u00e1l\u00f3k tartalmainak \u00fajraposztol\u00e1s\u00e1ra hagyatkozzon. <\/p>\n<div class=\"title\"> Elk\u00f6telezetts\u00e9g <\/div>\n<p> V\u00e9g\u00fcl, a k\u00f6z\u00f6ns\u00e9ggel val\u00f3 elk\u00f6telez\u0151d\u00e9s alapvet\u0151 fontoss\u00e1g\u00fa az Instagramon val\u00f3 tetsz\u00e9snyer\u00e9s szempontj\u00e1b\u00f3l. A kommentekre \u00e9s k\u00f6zvetlen \u00fczenetekre val\u00f3 reag\u00e1l\u00e1s n\u00f6velheti annak val\u00f3sz\u00edn\u0171s\u00e9g\u00e9t, hogy a felhaszn\u00e1l\u00f3k kedvelik a posztjait. Az is fontos, hogy m\u00e1s felhaszn\u00e1l\u00f3k tartalmaival is foglalkozzon az\u00e1ltal, hogy l\u00e1jkolja \u00e9s komment\u00e1lja a posztjaikat. Ez n\u00f6velheti a l\u00e1that\u00f3s\u00e1g\u00e1t, \u00e9s \u00faj k\u00f6vet\u0151ket vonzhat, akiket \u00e9rdekelhet a tartalma. <\/p>\n<div class=\"newlinediv\"><\/div>\n<p> \u00d6sszefoglalva, a kedvel\u00e9sek megszerz\u00e9s\u00e9hez az Instagramon k\u00f6vetkezetess\u00e9gre, relev\u00e1ns hashtagekre, min\u0151s\u00e9gi tartalomra \u00e9s a k\u00f6z\u00f6ns\u00e9ggel val\u00f3 kapcsolatra van sz\u00fcks\u00e9g. B\u00e1r id\u0151be \u00e9s er\u0151fesz\u00edt\u00e9sbe telhet a k\u00f6vet\u0151k ki\u00e9p\u00edt\u00e9se, ezeknek a strat\u00e9gi\u00e1knak a megval\u00f3s\u00edt\u00e1sa seg\u00edthet n\u00f6velni a l\u00e1that\u00f3s\u00e1g\u00e1t, \u00e9s t\u00f6bb kedvel\u00e9st vonzhat a posztjaira.<\/p><\/div>\n<div class=\"questions\">\n<div class=\"questionstitle\">FAQ<\/div>\n<div class=\"question\">\n<div class=\"qtitle\"> Mi\u00e9rt kapok olyan kev\u00e9s l\u00e1jkot az Instagramon?<\/div>\n<p> T\u00f6bb oka is lehet annak, hogy mi\u00e9rt kap kevesebb Instagram-l\u00e1jkot a posztjaira. \u00cdme n\u00e9h\u00e1ny lehets\u00e9ges ok: <\/p>\n<div class=\"newlinediv\"><\/div>\n<p> 1. Az elk\u00f6telezetts\u00e9g hi\u00e1nya: Az elk\u00f6telezetts\u00e9g a siker kulcsa az Instagramon. Ha nem l\u00e9psz kapcsolatba a k\u00f6vet\u0151iddel vagy m\u00e1s felhaszn\u00e1l\u00f3kkal, kev\u00e9sb\u00e9 val\u00f3sz\u00edn\u0171, hogy \u0151k is r\u00e9szt vesznek a bejegyz\u00e9seidben. Pr\u00f3b\u00e1lj meg interakci\u00f3ba l\u00e9pni a k\u00f6vet\u0151iddel az\u00e1ltal, hogy v\u00e1laszolsz a megjegyz\u00e9seikre, l\u00e1jkolod a posztjaikat, \u00e9s relev\u00e1ns hashtageket haszn\u00e1lsz, hogy \u00e9szrevegyenek. <\/p>\n<div class=\"newlinediv\"><\/div>\n<p> 2. Rossz min\u0151s\u00e9g\u0171 tartalom: Az Instagram egy vizu\u00e1lis platform, \u00e9s a felhaszn\u00e1l\u00f3k kiv\u00e1l\u00f3 min\u0151s\u00e9g\u0171, vizu\u00e1lisan vonz\u00f3 tartalmat v\u00e1rnak el. Ha a tartalma nem felel meg a k\u00f6vetelm\u00e9nyeknek, a felhaszn\u00e1l\u00f3k nem biztos, hogy foglalkoznak vele. Pr\u00f3b\u00e1ljon meg j\u00f3 min\u0151s\u00e9g\u0171 fot\u00f3kat \u00e9s vide\u00f3kat posztolni, amelyek \u00e9rdekesek, informat\u00edvak \u00e9s relev\u00e1nsak a c\u00e9lk\u00f6z\u00f6ns\u00e9ge sz\u00e1m\u00e1ra. <\/p>\n<div class=\"newlinediv\"><\/div>\n<p> 3. K\u00f6vetkezetlen k\u00f6zz\u00e9t\u00e9tel: A k\u00f6vetkezetlen posztol\u00e1s \u00e1rthat az elk\u00f6telez\u0151d\u00e9si ar\u00e1ny\u00e1nak. Ha nem posztol rendszeresen, a k\u00f6vet\u0151i elvesz\u00edthetik \u00e9rdekl\u0151d\u00e9s\u00fcket a fi\u00f3kja ir\u00e1nt. Pr\u00f3b\u00e1ljon meg legal\u00e1bb naponta egyszer vagy hetente t\u00f6bbsz\u00f6r posztolni, hogy a k\u00f6vet\u0151i elk\u00f6telezetts\u00e9g\u00e9t fenntartsa. <\/p>\n<div class=\"newlinediv\"><\/div>\n<p> 4. A prom\u00f3ci\u00f3 hi\u00e1nya: Ha nem n\u00e9pszer\u0171s\u00edti a posztjait, el\u0151fordulhat, hogy nem veszi \u00e9szre \u0151ket a sz\u00e9lesebb k\u00f6z\u00f6ns\u00e9g. Haszn\u00e1lja az Instagram be\u00e9p\u00edtett prom\u00f3ci\u00f3s eszk\u00f6zeit, p\u00e9ld\u00e1ul az Instagram hirdet\u00e9seket, hogy nagyobb k\u00f6z\u00f6ns\u00e9get \u00e9rjen el \u00e9s n\u00f6velje l\u00e1that\u00f3s\u00e1g\u00e1t. <\/p>\n<div class=\"newlinediv\"><\/div>\n<p> 5. Rossz id\u0151z\u00edt\u00e9s: Az id\u0151z\u00edt\u00e9s kulcsfontoss\u00e1g\u00fa az Instagramon. Ha rossz id\u0151pontban posztolsz, el\u0151fordulhat, hogy posztjaidat nem l\u00e1tja a c\u00e9lk\u00f6z\u00f6ns\u00e9ged. Pr\u00f3b\u00e1lj akkor posztolni, amikor a k\u00f6vet\u0151id a legakt\u00edvabbak, ami \u00e1ltal\u00e1ban cs\u00facsid\u0151ben van, vagy amikor val\u00f3sz\u00edn\u0171leg online vannak. <\/p>\n<div class=\"newlinediv\"><\/div>\n<p> Ezekkel a k\u00e9rd\u00e9sekkel foglalkozva n\u00f6velheti az Instagramon az elk\u00f6telezetts\u00e9gi ar\u00e1nyt, \u00e9s t\u00f6bb kedvel\u00e9st kaphat a posztjaira. <\/p>\n<\/div>\n<div class=\"question\">\n<div class=\"qtitle\"> H\u00e1ny l\u00e1jkol\u00e1s enged\u00e9lyezett naponta az Instagramon?<\/div>\n<p> Az Instagramnak nincs konkr\u00e9t korl\u00e1tja arra vonatkoz\u00f3an, hogy egy felhaszn\u00e1l\u00f3 naponta h\u00e1ny like-ot adhat. Az Instagramnak azonban vannak bizonyos korl\u00e1toz\u00e1sok bizonyos m\u0171veletekre vonatkoz\u00f3an, hogy megakad\u00e1lyozza a spameket vagy a platformmal val\u00f3 vissza\u00e9l\u00e9st. P\u00e9ld\u00e1ul egy felhaszn\u00e1l\u00f3 \u00f3r\u00e1nk\u00e9nt legfeljebb 350 posztot l\u00e1jkolhat, \u00e9s az, hogy egy felhaszn\u00e1l\u00f3 naponta h\u00e1ny l\u00e1jkot \u00e9s kommentet adhat, a fi\u00f3kja kor\u00e1t\u00f3l \u00e9s az aktivit\u00e1si el\u0151zm\u00e9nyeit\u0151l f\u00fcgg. <\/p>\n<div class=\"newlinediv\"><\/div>\n<p> Fontos megjegyezni, hogy a t\u00falzott m\u00e9rt\u00e9k\u0171 l\u00e1jkol\u00e1s beind\u00edthatja az Instagram spamsz\u0171r\u0151it, \u00e9s a fi\u00f3kodat ideiglenesen letilthatj\u00e1k a posztok l\u00e1jkol\u00e1s\u00e1r\u00f3l vagy kommentel\u00e9s\u00e9r\u0151l. Javasoljuk, hogy az Instagramot felel\u0151ss\u00e9gteljesen haszn\u00e1lja, \u00e9s ker\u00fclje a posztok t\u00falzott l\u00e1jkol\u00e1s\u00e1t, hogy megel\u0151zze a probl\u00e9m\u00e1kat. <\/p>\n<\/div>\n<div class=\"question\">\n<div class=\"qtitle\"> H\u00e1ny Instagram like-ot kap egy \u00e1tlagos ember?<\/div>\n<p> Nincs v\u00e9gleges v\u00e1lasz arra a k\u00e9rd\u00e9sre, hogy h\u00e1ny Instagram-l\u00e1jkot kap egy \u00e1tlagos szem\u00e9ly, mivel ez sz\u00e1mos t\u00e9nyez\u0151t\u0151l, p\u00e9ld\u00e1ul a k\u00f6vet\u0151k sz\u00e1m\u00e1t\u00f3l, a k\u00f6zz\u00e9tett tartalom t\u00edpus\u00e1t\u00f3l, a posztok id\u0151z\u00edt\u00e9s\u00e9t\u0151l \u00e9s gyakoris\u00e1g\u00e1t\u00f3l, valamint az Instagram-k\u00f6z\u00f6ss\u00e9g \u00e1ltal\u00e1nos elk\u00f6telezetts\u00e9g\u00e9t\u0151l f\u00fcgg\u0151en nagym\u00e9rt\u00e9kben v\u00e1ltozhat. Egyes tanulm\u00e1nyok szerint azonban az \u00e1tlagos Instagram-felhaszn\u00e1l\u00f3 k\u00f6r\u00fclbel\u00fcl 100-150 kedvel\u00e9sre sz\u00e1m\u00edthat posztonk\u00e9nt, b\u00e1r ez a sz\u00e1m jelent\u0151sen v\u00e1ltozhat a k\u00f6z\u00f6ns\u00e9g m\u00e9ret\u00e9t\u0151l \u00e9s elk\u00f6telezetts\u00e9g\u00e9t\u0151l f\u00fcgg\u0151en. Emellett fontos megjegyezni, hogy a like-ok csak az Instagramon val\u00f3 elk\u00f6telezetts\u00e9g egyik m\u00e9r\u0151sz\u00e1ma, \u00e9s m\u00e1s t\u00e9nyez\u0151k, p\u00e9ld\u00e1ul a kommentek, megoszt\u00e1sok \u00e9s k\u00f6zvetlen \u00fczenetek is fontos mutat\u00f3i lehetnek az \u00e1ltal\u00e1nos elk\u00f6telezetts\u00e9gnek \u00e9s sikernek a platformon.<\/p>\n<\/div>\n<\/div>\n","protected":false},"excerpt":{"rendered":"<p>Az Instagram egy olyan k\u00f6z\u00f6ss\u00e9gi m\u00e9dia platform, amely az elm\u00falt \u00e9vekben egyre n\u00e9pszer\u0171bb\u00e9 v\u00e1lt. T\u00f6bb mint egymilli\u00e1rd havi akt\u00edv felhaszn\u00e1l\u00f3val a mag\u00e1nszem\u00e9lyek, v\u00e1llalkoz\u00e1sok \u00e9s h\u00edress\u00e9gek csom\u00f3pontj\u00e1v\u00e1 v\u00e1lt, ahol megoszthatj\u00e1k \u00e9let\u00fcket, n\u00e9pszer\u0171s\u00edthetik term\u00e9keiket \u00e9s kapcsolatot teremthetnek k\u00f6z\u00f6ns\u00e9g\u00fckkel. Az Instagram-felhaszn\u00e1l\u00f3k egyik leggyakoribb c\u00e9lja, hogy min\u00e9l t\u00f6bb like-ot kapjanak a posztjaikra. De hogyan szereznek az emberek ennyi kedvel\u00e9st &#8230; <a title=\"Az Instagram n\u00e9pszer\u0171s\u00e9g\u00e9nek titka\" class=\"read-more\" href=\"https:\/\/megnyitasa.com\/tudas\/az-instagram-nepszerusegenek-titka\/\" aria-label=\"Read more about Az Instagram n\u00e9pszer\u0171s\u00e9g\u00e9nek titka\">Read more<\/a><\/p>\n","protected":false},"author":4115,"featured_media":0,"comment_status":"closed","ping_status":"closed","sticky":false,"template":"","format":"standard","meta":{"footnotes":""},"categories":[6],"tags":[],"class_list":["post-17049","post","type-post","status-publish","format-standard","hentry","category-reklam-es-marketing"],"_links":{"self":[{"href":"https:\/\/megnyitasa.com\/tudas\/wp-json\/wp\/v2\/posts\/17049","targetHints":{"allow":["GET"]}}],"collection":[{"href":"https:\/\/megnyitasa.com\/tudas\/wp-json\/wp\/v2\/posts"}],"about":[{"href":"https:\/\/megnyitasa.com\/tudas\/wp-json\/wp\/v2\/types\/post"}],"author":[{"embeddable":true,"href":"https:\/\/megnyitasa.com\/tudas\/wp-json\/wp\/v2\/users\/4115"}],"replies":[{"embeddable":true,"href":"https:\/\/megnyitasa.com\/tudas\/wp-json\/wp\/v2\/comments?post=17049"}],"version-history":[{"count":0,"href":"https:\/\/megnyitasa.com\/tudas\/wp-json\/wp\/v2\/posts\/17049\/revisions"}],"wp:attachment":[{"href":"https:\/\/megnyitasa.com\/tudas\/wp-json\/wp\/v2\/media?parent=17049"}],"wp:term":[{"taxonomy":"category","embeddable":true,"href":"https:\/\/megnyitasa.com\/tudas\/wp-json\/wp\/v2\/categories?post=17049"},{"taxonomy":"post_tag","embeddable":true,"href":"https:\/\/megnyitasa.com\/tudas\/wp-json\/wp\/v2\/tags?post=17049"}],"curies":[{"name":"wp","href":"https:\/\/api.w.org\/{rel}","templated":true}]}}