{"id":17143,"date":"2023-04-24T00:00:00","date_gmt":"2023-04-24T00:00:00","guid":{"rendered":"https:\/\/megnyitasa.com\/tudas\/the-hidden-impact-of-discouraged-workers-on-the-labor-market\/"},"modified":"2023-04-24T00:00:00","modified_gmt":"2023-04-24T00:00:00","slug":"the-hidden-impact-of-discouraged-workers-on-the-labor-market","status":"publish","type":"post","link":"https:\/\/megnyitasa.com\/tudas\/the-hidden-impact-of-discouraged-workers-on-the-labor-market\/","title":{"rendered":"The Hidden Impact of Discouraged Workers on the Labor Market"},"content":{"rendered":"<div class=\"articlecontent\">\n<div class=\"newlinediv\"><\/div>\n<p> A &#8222;discouraged worker effect&#8221; az a jelens\u00e9g, amikor a munkan\u00e9lk\u00fcli \u00e9s akt\u00edvan munk\u00e1t keres\u0151 egy\u00e9nek elkedvetlenednek \u00e9s abbahagyj\u00e1k az \u00e1ll\u00e1skeres\u00e9st. Ezek az egy\u00e9nek ekkor m\u00e1r nem tartoznak a munkaer\u0151piacra, ami mesters\u00e9gesen cs\u00f6kkentheti a munkan\u00e9lk\u00fclis\u00e9gi r\u00e1t\u00e1t. Az elb\u00e1tortalan\u00edtott munkav\u00e1llal\u00f3k hat\u00e1sa jelent\u0151s hat\u00e1ssal lehet a munkaer\u0151piacra, \u00e9s fontos meg\u00e9rteni az okait \u00e9s k\u00f6vetkezm\u00e9nyeit. <\/p>\n<div class=\"newlinediv\"><\/div>\n<p> Sz\u00e1mos oka lehet annak, hogy egy egy\u00e9n elb\u00e1tortalanodott munkav\u00e1llal\u00f3v\u00e1 v\u00e1lik. A leggyakoribb ok a rendelkez\u00e9sre \u00e1ll\u00f3 munkalehet\u0151s\u00e9gek hi\u00e1nya. Ha kev\u00e9s az \u00fcres \u00e1ll\u00e1shely vagy nagy az \u00e1ll\u00e1skeres\u0151k sz\u00e1ma, az egy\u00e9n sz\u00e1m\u00e1ra neh\u00e9z lehet munk\u00e1t tal\u00e1lni. Ez frusztr\u00e1ci\u00f3hoz \u00e9s ki\u00e1br\u00e1ndults\u00e1ghoz vezethet, ami miatt az illet\u0151 feladja az \u00e1ll\u00e1skeres\u00e9st. <\/p>\n<div class=\"newlinediv\"><\/div>\n<p> A cs\u00fcggedt munkav\u00e1llal\u00f3i hat\u00e1s m\u00e1sik oka a munkan\u00e9lk\u00fclis\u00e9g hossz\u00fa t\u00e1v\u00fa jellege. Ha az egy\u00e9n hosszabb ideig munkan\u00e9lk\u00fcli, elkedvetlenedhet, \u00e9s elvesz\u00edtheti a munkakeres\u00e9si k\u00e9pess\u00e9g\u00e9be vetett bizalm\u00e1t. Ez egy lefel\u00e9 tart\u00f3 spir\u00e1lhoz vezethet, amelyben az illet\u0151 egyre ink\u00e1bb elkedvetlenedik, \u00e9s egyre kev\u00e9sb\u00e9 motiv\u00e1lt a munkakeres\u00e9sre. <\/p>\n<div class=\"newlinediv\"><\/div>\n<p> A cs\u00fcggedt munkav\u00e1llal\u00f3 hat\u00e1sa jelent\u0151s k\u00f6vetkezm\u00e9nyekkel j\u00e1rhat a munkaer\u0151piacra \u00e9s a gazdas\u00e1g eg\u00e9sz\u00e9re n\u00e9zve. Ha az egy\u00e9nek kiesnek a munkaer\u0151piacr\u00f3l, az a gazdas\u00e1gi teljes\u00edtm\u00e9ny cs\u00f6kken\u00e9s\u00e9hez \u00e9s a szoci\u00e1lis j\u00f3l\u00e9ti k\u00f6lts\u00e9gek n\u00f6veked\u00e9s\u00e9hez vezethet. Ez sz\u00e9lesebb k\u00f6r\u0171 gazdas\u00e1gi probl\u00e9m\u00e1k jele is lehet, mint p\u00e9ld\u00e1ul a munkahelyek sz\u00e1m\u00e1nak n\u00f6veked\u00e9s\u00e9nek hi\u00e1nya vagy a munkaer\u0151piac struktur\u00e1lis v\u00e1ltoz\u00e1sai. <\/p>\n<div class=\"newlinediv\"><\/div>\n<p> Az elb\u00e1tortalanodott munkav\u00e1llal\u00f3k hat\u00e1sa elleni k\u00fczdelem \u00e9rdek\u00e9ben a politikai d\u00f6nt\u00e9shoz\u00f3knak a munkahelyteremt\u00e9sre \u00e9s az \u00e1ll\u00e1skeres\u00e9si folyamat jav\u00edt\u00e1s\u00e1ra kell \u00f6sszpontos\u00edtaniuk. Ezt c\u00e9lzott munkahelyi k\u00e9pz\u00e9si programokkal, az \u00faj munkav\u00e1llal\u00f3kat alkalmaz\u00f3 v\u00e1llalkoz\u00e1soknak ny\u00fajtott ad\u00f3kedvezm\u00e9nyekkel, valamint infrastruktur\u00e1lis \u00e9s egy\u00e9b k\u00f6zmunkaprojektekbe t\u00f6rt\u00e9n\u0151 beruh\u00e1z\u00e1sokkal lehet el\u00e9rni. Azzal, hogy az egy\u00e9nek sz\u00e1m\u00e1ra biztos\u00edtj\u00e1k a munkakeres\u00e9shez sz\u00fcks\u00e9ges k\u00e9szs\u00e9geket \u00e9s forr\u00e1sokat, a politikai d\u00f6nt\u00e9shoz\u00f3k seg\u00edthetnek megel\u0151zni az elb\u00e1tortalanodott munkav\u00e1llal\u00f3k hat\u00e1s\u00e1t \u00e9s el\u0151seg\u00edthetik a gazdas\u00e1gi n\u00f6veked\u00e9st. <\/p>\n<div class=\"newlinediv\"><\/div>\n<p> \u00d6sszefoglalva, az elb\u00e1tortalan\u00edtott munkav\u00e1llal\u00f3k hat\u00e1sa egy rejtett, de jelent\u0151s jelens\u00e9g, amely jelent\u0151s hat\u00e1ssal lehet a munkaer\u0151piacra. Az okok \u00e9s k\u00f6vetkezm\u00e9nyek meg\u00e9rt\u00e9s\u00e9vel a politikai d\u00f6nt\u00e9shoz\u00f3k l\u00e9p\u00e9seket tehetnek a megel\u0151z\u00e9s\u00e9re, valamint a munkahelyek n\u00f6veked\u00e9s\u00e9nek \u00e9s a gazdas\u00e1gi j\u00f3l\u00e9tnek az el\u0151mozd\u00edt\u00e1s\u00e1ra.<\/p><\/div>\n<div class=\"questions\">\n<div class=\"questionstitle\">FAQ<\/div>\n<div class=\"question\">\n<div class=\"qtitle\"> Hogyan hat a cs\u00fcggedt munkav\u00e1llal\u00f3k hat\u00e1sa a foglalkoztat\u00e1sra?<\/div>\n<p> A b\u00e1tortalan munkav\u00e1llal\u00f3k olyan szem\u00e9lyek, akik abbahagyt\u00e1k az akt\u00edv \u00e1ll\u00e1skeres\u00e9st, mert nem tal\u00e1ltak sikeresen munk\u00e1t, vagy mert \u00fagy v\u00e9lik, hogy nincsenek megfelel\u0151 munkalehet\u0151s\u00e9gek. A b\u00e1tortalan munkav\u00e1llal\u00f3k jelent\u0151s hat\u00e1st gyakorolhatnak a foglalkoztat\u00e1sra, mivel nem szerepelnek a hivatalos munkan\u00e9lk\u00fclis\u00e9gi r\u00e1t\u00e1ban, ez\u00e9rt hi\u00e1nyuk mesters\u00e9gesen cs\u00f6kkentheti a munkan\u00e9lk\u00fclis\u00e9gi r\u00e1t\u00e1t. <\/p>\n<div class=\"newlinediv\"><\/div>\n<p> Ha a b\u00e1tortalan munkav\u00e1llal\u00f3k nem keresnek \u00e1ll\u00e1st, nem sz\u00e1m\u00edtanak bele a munkaer\u0151be, ami azt jelenti, hogy a foglalkoztatottak vagy munkan\u00e9lk\u00fcliek sz\u00e1ma alacsonyabb, mintha akt\u00edvan keresn\u00e9nek \u00e1ll\u00e1st. Ez az eg\u00e9szs\u00e9ges munkaer\u0151piac hamis benyom\u00e1s\u00e1t keltheti, ami \u00f6nel\u00e9g\u00fclts\u00e9ghez vezethet a politikai d\u00f6nt\u00e9shoz\u00f3k \u00e9s a munkaad\u00f3k k\u00f6r\u00e9ben. <\/p>\n<div class=\"newlinediv\"><\/div>\n<p> Tov\u00e1bb\u00e1 a munkaer\u0151t\u0151l elkedvetlenedett munkav\u00e1llal\u00f3k hi\u00e1nya a potenci\u00e1lis termel\u00e9kenys\u00e9g \u00e9s kibocs\u00e1t\u00e1s cs\u00f6kken\u00e9s\u00e9hez is vezethet. Ha ezek a munkav\u00e1llal\u00f3k a munkaer\u0151piacon lenn\u00e9nek \u00e9s akt\u00edvan munk\u00e1t keresn\u00e9nek, munk\u00e1jukkal \u00e9s fogyaszt\u00e1sukkal hozz\u00e1j\u00e1rulhatn\u00e1nak a gazdas\u00e1ghoz. <\/p>\n<div class=\"newlinediv\"><\/div>\n<p> Ez\u00e9rt az elb\u00e1tortalan\u00edtott munkav\u00e1llal\u00f3k negat\u00edv hat\u00e1ssal lehetnek a foglalkoztat\u00e1sra \u00e9s a gazdas\u00e1g eg\u00e9sz\u00e9re. Fontos, hogy a politikai d\u00f6nt\u00e9shoz\u00f3k \u00e9s a munk\u00e1ltat\u00f3k felismerj\u00e9k a cs\u00fcggedt munkav\u00e1llal\u00f3k jelenl\u00e9t\u00e9t, \u00e9s l\u00e9p\u00e9seket tegyenek a munkaer\u0151piacra val\u00f3 visszat\u00e9r\u00e9s\u00fck \u00f6szt\u00f6nz\u00e9s\u00e9re, p\u00e9ld\u00e1ul k\u00e9pz\u00e9si programok vagy \u00e1ll\u00e1skeres\u00e9si t\u00e1mogat\u00e1s felaj\u00e1nl\u00e1s\u00e1val. <\/p>\n<\/div>\n<div class=\"question\">\n<div class=\"qtitle\"> Mit csin\u00e1lnak a cs\u00fcggedt munkav\u00e1llal\u00f3k?<\/div>\n<p> A b\u00e1tortalan munkav\u00e1llal\u00f3k azok, akik felhagytak a munkakeres\u00e9ssel, mert \u00fagy gondolj\u00e1k, hogy nincs sz\u00e1mukra megfelel\u0151 munkahely. \u0150k azok, akik munkak\u00e9pesek, \u00e9s kor\u00e1bban m\u00e1r kerestek \u00e1ll\u00e1st, de az elm\u00falt n\u00e9gy h\u00e9tben nem kerestek akt\u00edvan munk\u00e1t, mert \u00fagy gondolj\u00e1k, hogy nincs sz\u00e1mukra el\u00e9rhet\u0151 \u00e1ll\u00e1s, vagy m\u00e1s akad\u00e1lyai vannak a munkav\u00e1llal\u00e1snak, p\u00e9ld\u00e1ul a k\u00e9pzetts\u00e9g vagy a k\u00f6zleked\u00e9s hi\u00e1nya. A cs\u00fcggedt munkav\u00e1llal\u00f3k gyakran frusztr\u00e1ci\u00f3val, rem\u00e9nytelens\u00e9ggel \u00e9s alacsony \u00f6nbecs\u00fcl\u00e9ssel k\u00fczdenek. P\u00e9nz\u00fcgyi neh\u00e9zs\u00e9gekkel is szembes\u00fclhetnek, \u00e9s a meg\u00e9lhet\u00e9s\u00fck \u00e9rdek\u00e9ben szoci\u00e1lis seg\u00e9lyre vagy m\u00e1s t\u00e1mogat\u00e1si form\u00e1kra t\u00e1maszkodhatnak. Fontos, hogy a munk\u00e1ltat\u00f3k felismerj\u00e9k a cs\u00fcggedt munkav\u00e1llal\u00f3k el\u0151tt \u00e1ll\u00f3 kih\u00edv\u00e1sokat, \u00e9s t\u00e1mogat\u00e1st \u00e9s \u00fatmutat\u00e1st ny\u00fajtsanak, hogy seg\u00edtsenek nekik lek\u00fczdeni ezeket az akad\u00e1lyokat, \u00e9s visszanyerj\u00e9k \u00f6nbizalmukat \u00e9s motiv\u00e1ci\u00f3jukat. Ez mag\u00e1ban foglalhatja k\u00e9pz\u00e9si lehet\u0151s\u00e9gek, rugalmas munkarend \u00e9s egy\u00e9b t\u00e1mogat\u00e1si form\u00e1k felaj\u00e1nl\u00e1s\u00e1t, hogy seg\u00edts\u00e9k ezeket a munkav\u00e1llal\u00f3kat a munkaer\u0151piacra val\u00f3 visszat\u00e9r\u00e9sben. <\/p>\n<\/div>\n<div class=\"question\">\n<div class=\"qtitle\"> Mi a cs\u00fcggedt munkav\u00e1llal\u00f3k p\u00e9ld\u00e1ja?<\/div>\n<p> A b\u00e1tortalan munkav\u00e1llal\u00f3 olyan szem\u00e9ly, aki felhagyott a munkakeres\u00e9ssel, mert \u00fagy v\u00e9li, hogy nincsenek el\u00e9rhet\u0151 munkahelyek, vagy sikertelen\u00fcl tal\u00e1lt munk\u00e1t. A cs\u00fcggedt munkav\u00e1llal\u00f3k nem szerepelnek a hivatalos munkan\u00e9lk\u00fclis\u00e9gi statisztik\u00e1kban, mivel nem keresnek akt\u00edvan munk\u00e1t. <\/p>\n<div class=\"newlinediv\"><\/div>\n<p> A b\u00e1tortalan munkav\u00e1llal\u00f3 p\u00e9ld\u00e1ul olyan szem\u00e9ly lehet, aki m\u00e1r hossz\u00fa ideje munkan\u00e9lk\u00fcli, \u00e9s sok \u00e1ll\u00e1sp\u00e1ly\u00e1zatot k\u00fcld\u00f6tt ki, de nem kapott v\u00e1laszt. Ez a szem\u00e9ly kezdheti elkeseredettnek \u00e9rezni mag\u00e1t, \u00e9s azt hiheti, hogy nincs sz\u00e1m\u00e1ra el\u00e9rhet\u0151 \u00e1ll\u00e1s. Ennek k\u00f6vetkezt\u00e9ben abbahagyhatja az akt\u00edv munkakeres\u00e9st, \u00e9s elb\u00e1tortalanodott munkav\u00e1llal\u00f3v\u00e1 v\u00e1lhat. <\/p>\n<div class=\"newlinediv\"><\/div>\n<p> Egy v\u00e1llalatn\u00e1l a munkav\u00e1llal\u00f3k ir\u00e1ny\u00edt\u00e1sa kih\u00edv\u00e1st jelenthet, ha cs\u00fcggedt munkav\u00e1llal\u00f3kkal kell foglalkozni. Ha a munkav\u00e1llal\u00f3k elb\u00e1tortalanodnak, cs\u00f6kkenhet a motiv\u00e1ci\u00f3juk \u00e9s a termel\u00e9kenys\u00e9g\u00fck, ami negat\u00edv hat\u00e1ssal lehet a v\u00e1llalat \u00e1ltal\u00e1nos teljes\u00edtm\u00e9ny\u00e9re. A cs\u00fcggedt munkav\u00e1llal\u00f3k kezel\u00e9s\u00e9hez fontos, hogy t\u00e1mogat\u00e1st, b\u00e1tor\u00edt\u00e1st \u00e9s er\u0151forr\u00e1sokat ny\u00fajtsunk nekik, hogy motiv\u00e1ltak \u00e9s elk\u00f6telezettek maradjanak a munk\u00e1jukban. Ez mag\u00e1ban foglalhatja k\u00e9pz\u00e9si lehet\u0151s\u00e9gek, mentorprogramok \u00e9s karrierfejleszt\u00e9si tervek biztos\u00edt\u00e1s\u00e1t, hogy a munkav\u00e1llal\u00f3k \u00e9rezz\u00e9k, hogy \u00e9rt\u00e9kelik \u00e9s t\u00e1mogatj\u00e1k \u0151ket jelenlegi szerep\u00fckben. Emellett a pozit\u00edv \u00e9s t\u00e1mogat\u00f3 munkak\u00f6rnyezet megteremt\u00e9se seg\u00edthet megel\u0151zni, hogy a munkav\u00e1llal\u00f3k eleve elkedvetlenedjenek.<\/p>\n<\/div>\n<\/div>\n","protected":false},"excerpt":{"rendered":"<p>A &#8222;discouraged worker effect&#8221; az a jelens\u00e9g, amikor a munkan\u00e9lk\u00fcli \u00e9s akt\u00edvan munk\u00e1t keres\u0151 egy\u00e9nek elkedvetlenednek \u00e9s abbahagyj\u00e1k az \u00e1ll\u00e1skeres\u00e9st. Ezek az egy\u00e9nek ekkor m\u00e1r nem tartoznak a munkaer\u0151piacra, ami mesters\u00e9gesen cs\u00f6kkentheti a munkan\u00e9lk\u00fclis\u00e9gi r\u00e1t\u00e1t. Az elb\u00e1tortalan\u00edtott munkav\u00e1llal\u00f3k hat\u00e1sa jelent\u0151s hat\u00e1ssal lehet a munkaer\u0151piacra, \u00e9s fontos meg\u00e9rteni az okait \u00e9s k\u00f6vetkezm\u00e9nyeit. Sz\u00e1mos oka lehet annak, &#8230; <a title=\"The Hidden Impact of Discouraged Workers on the Labor Market\" class=\"read-more\" href=\"https:\/\/megnyitasa.com\/tudas\/the-hidden-impact-of-discouraged-workers-on-the-labor-market\/\" aria-label=\"Read more about The Hidden Impact of Discouraged Workers on the Labor Market\">Read more<\/a><\/p>\n","protected":false},"author":2666,"featured_media":0,"comment_status":"closed","ping_status":"closed","sticky":false,"template":"","format":"standard","meta":{"footnotes":""},"categories":[20],"tags":[],"class_list":["post-17143","post","type-post","status-publish","format-standard","hentry","category-managing-employees"],"_links":{"self":[{"href":"https:\/\/megnyitasa.com\/tudas\/wp-json\/wp\/v2\/posts\/17143","targetHints":{"allow":["GET"]}}],"collection":[{"href":"https:\/\/megnyitasa.com\/tudas\/wp-json\/wp\/v2\/posts"}],"about":[{"href":"https:\/\/megnyitasa.com\/tudas\/wp-json\/wp\/v2\/types\/post"}],"author":[{"embeddable":true,"href":"https:\/\/megnyitasa.com\/tudas\/wp-json\/wp\/v2\/users\/2666"}],"replies":[{"embeddable":true,"href":"https:\/\/megnyitasa.com\/tudas\/wp-json\/wp\/v2\/comments?post=17143"}],"version-history":[{"count":0,"href":"https:\/\/megnyitasa.com\/tudas\/wp-json\/wp\/v2\/posts\/17143\/revisions"}],"wp:attachment":[{"href":"https:\/\/megnyitasa.com\/tudas\/wp-json\/wp\/v2\/media?parent=17143"}],"wp:term":[{"taxonomy":"category","embeddable":true,"href":"https:\/\/megnyitasa.com\/tudas\/wp-json\/wp\/v2\/categories?post=17143"},{"taxonomy":"post_tag","embeddable":true,"href":"https:\/\/megnyitasa.com\/tudas\/wp-json\/wp\/v2\/tags?post=17143"}],"curies":[{"name":"wp","href":"https:\/\/api.w.org\/{rel}","templated":true}]}}