{"id":17269,"date":"2023-04-24T00:00:00","date_gmt":"2023-04-24T00:00:00","guid":{"rendered":"https:\/\/megnyitasa.com\/tudas\/a-diszkriminacio-rejtett-koltsegei-a-vallalkozasokban\/"},"modified":"2023-04-24T00:00:00","modified_gmt":"2023-04-24T00:00:00","slug":"a-diszkriminacio-rejtett-koltsegei-a-vallalkozasokban","status":"publish","type":"post","link":"https:\/\/megnyitasa.com\/tudas\/a-diszkriminacio-rejtett-koltsegei-a-vallalkozasokban\/","title":{"rendered":"A diszkrimin\u00e1ci\u00f3 rejtett k\u00f6lts\u00e9gei a v\u00e1llalkoz\u00e1sokban"},"content":{"rendered":"<div class=\"articlecontent\">\n<div class=\"newlinediv\"><\/div>\n<p> A diszkrimin\u00e1ci\u00f3 r\u00e9g\u00f3ta jelent\u0151s probl\u00e9ma, amely az egy\u00e9nekre \u00e9s a t\u00e1rsadalom eg\u00e9sz\u00e9re hat\u00e1ssal van. Sokan azonban nem tudj\u00e1k, hogy a diszkrimin\u00e1ci\u00f3 a v\u00e1llalkoz\u00e1sokra is negat\u00edvan hathat. A diszkrimin\u00e1ci\u00f3 sz\u00e1mos form\u00e1t \u00f6lthet, bele\u00e9rtve a rasszizmust, a szexizmust, az ageizmust \u00e9s a k\u00e9pess\u00e9gek szerinti megk\u00fcl\u00f6nb\u00f6ztet\u00e9st, hogy csak n\u00e9h\u00e1nyat eml\u00edts\u00fcnk. Sajnos a diszkriminat\u00edv gyakorlatot folytat\u00f3 v\u00e1llalkoz\u00e1sok gyakran nagy \u00e1rat fizetnek tetteik\u00e9rt. \u00cdme n\u00e9h\u00e1ny m\u00f3d, ahogyan a diszkrimin\u00e1ci\u00f3 negat\u00edvan \u00e9rinti a v\u00e1llalkoz\u00e1sokat. <\/p>\n<div class=\"newlinediv\"><\/div>\n<p> 1. A tehets\u00e9gek elveszt\u00e9se: A diszkrimin\u00e1ci\u00f3 megakad\u00e1lyozhatja a v\u00e1llalkoz\u00e1sokat abban, hogy a legjobb tehets\u00e9geket vegy\u00e9k fel. Amikor a v\u00e1llalatok bizonyos csoportokat diszkrimin\u00e1lnak, korl\u00e1tozz\u00e1k a potenci\u00e1lis jel\u00f6ltek k\u00f6r\u00e9t. Ez azt jelenti, hogy elszalaszthatj\u00e1k az adott munkak\u00f6rre legalkalmasabb szem\u00e9ly felv\u00e9tel\u00e9t. Ez viszont a soksz\u00edn\u0171s\u00e9g hi\u00e1ny\u00e1hoz vezethet a v\u00e1llalaton bel\u00fcl, ami megfojtja az innov\u00e1ci\u00f3t \u00e9s a kreativit\u00e1st. Hossz\u00fa t\u00e1von ez a bev\u00e9tel \u00e9s a piaci r\u00e9szesed\u00e9s cs\u00f6kken\u00e9s\u00e9hez vezethet. <\/p>\n<div class=\"newlinediv\"><\/div>\n<p> 2. Jogi k\u00f6lts\u00e9gek: A diszkrimin\u00e1ci\u00f3 k\u00f6lts\u00e9ges perekhez vezethet. A diszkriminat\u00edv gyakorlatot folytat\u00f3 v\u00e1llalkoz\u00e1sok az alkalmazottak, a volt alkalmazottak vagy az \u00fcgyfelek \u00e1ltal ind\u00edtott perekkel tal\u00e1lhatj\u00e1k szembe magukat. Ezek a perek id\u0151ig\u00e9nyesek \u00e9s k\u00f6lts\u00e9gesek lehetnek, \u00e9s \u00e1rthatnak a v\u00e1llalat h\u00edrnev\u00e9nek. Egyes esetekben a v\u00e1llalkoz\u00e1sok k\u00e9nytelenek lehetnek nagy \u00f6sszeg\u0171 k\u00e1rt\u00e9r\u00edt\u00e9st vagy b\u00edrs\u00e1got fizetni, ami jelent\u0151s hat\u00e1st gyakorolhat az eredm\u00e9ny\u00fckre. <\/p>\n<div class=\"newlinediv\"><\/div>\n<p> 3. Cs\u00f6kkentett termel\u00e9kenys\u00e9g: A megk\u00fcl\u00f6nb\u00f6ztet\u00e9s a termel\u00e9kenys\u00e9g cs\u00f6kken\u00e9s\u00e9hez is vezethet. Ha a munkav\u00e1llal\u00f3k \u00fagy \u00e9rzik, hogy nem \u00e9rt\u00e9kelik vagy nem tisztelik \u0151ket, kev\u00e9sb\u00e9 motiv\u00e1ltak lehetnek a kem\u00e9ny munk\u00e1ra. Ez alacsonyabb termel\u00e9kenys\u00e9gi szinthez vezethet, ami hat\u00e1ssal lehet a v\u00e1llalat eredm\u00e9ny\u00e9re. Emellett a diszkrimin\u00e1ci\u00f3 m\u00e9rgez\u0151 munkahelyi k\u00f6rnyezetet teremthet, ami megn\u00f6vekedett hi\u00e1nyz\u00e1sokhoz \u00e9s fluktu\u00e1ci\u00f3hoz vezethet. <\/p>\n<div class=\"newlinediv\"><\/div>\n<p> 4. A h\u00edrn\u00e9v k\u00e1rosod\u00e1sa: A megk\u00fcl\u00f6nb\u00f6ztet\u00e9s a v\u00e1llalat h\u00edrnev\u00e9t is k\u00e1ros\u00edthatja. A mai digit\u00e1lis korban a diszkriminat\u00edv gyakorlatokr\u00f3l sz\u00f3l\u00f3 h\u00edrek gyorsan terjedhetnek a k\u00f6z\u00f6ss\u00e9gi m\u00e9di\u00e1n \u00e9s m\u00e1s csatorn\u00e1kon kereszt\u00fcl. Ez az \u00fcgyfelek elveszt\u00e9s\u00e9hez, valamint olyan negat\u00edv h\u00edrver\u00e9shez vezethet, amelyet neh\u00e9z lek\u00fczdeni. Bizonyos esetekben a v\u00e1llalatoknak k\u00f6lts\u00e9ges PR-kamp\u00e1nyokat kell ind\u00edtaniuk, hogy helyrehozz\u00e1k im\u00e1zsukat. <\/p>\n<div class=\"newlinediv\"><\/div>\n<p> \u00d6sszefoglalva, a megk\u00fcl\u00f6nb\u00f6ztet\u00e9s jelent\u0151s negat\u00edv hat\u00e1ssal lehet a v\u00e1llalkoz\u00e1sokra. A tehets\u00e9gek elveszt\u00e9s\u00e9t\u0151l kezdve a jogi k\u00f6lts\u00e9gekig, a termel\u00e9kenys\u00e9g cs\u00f6kken\u00e9s\u00e9ig \u00e9s a h\u00edrn\u00e9v s\u00e9r\u00fcl\u00e9s\u00e9ig sz\u00e1mos oka van annak, hogy a v\u00e1llalkoz\u00e1soknak t\u00f6rekedni\u00fck kell a diszkrimin\u00e1ci\u00f3 minden form\u00e1j\u00e1nak kik\u00fcsz\u00f6b\u00f6l\u00e9s\u00e9re. A soksz\u00edn\u0171 \u00e9s befogad\u00f3 munkahely megteremt\u00e9s\u00e9vel a v\u00e1llalkoz\u00e1sok a legjobb tehets\u00e9geket vonzhatj\u00e1k \u00e9s tarthatj\u00e1k meg, elker\u00fclhetik a k\u00f6lts\u00e9ges jogi csat\u00e1roz\u00e1sokat, n\u00f6velhetik a termel\u00e9kenys\u00e9get, \u00e9s pozit\u00edv h\u00edrnevet \u00e9p\u00edthetnek, ami hossz\u00fa t\u00e1von seg\u00edtheti \u0151ket a sikerben.<\/p><\/div>\n<div class=\"questions\">\n<div class=\"questionstitle\">FAQ<\/div>\n<div class=\"question\">\n<div class=\"qtitle\"> Milyen k\u00f6vetkezm\u00e9nyei vannak a diszkrimin\u00e1ci\u00f3nak?<\/div>\n<p> A megk\u00fcl\u00f6nb\u00f6ztet\u00e9snek jelent\u0151s k\u00f6vetkezm\u00e9nyei lehetnek mind az egy\u00e9nek, mind a szervezetek sz\u00e1m\u00e1ra. A munkahelyi diszkrimin\u00e1ci\u00f3 n\u00e9h\u00e1ny k\u00f6vetkezm\u00e9nye a k\u00f6vetkez\u0151: <\/p>\n<div class=\"newlinediv\"><\/div>\n<p> 1. Cs\u00f6kkent munkav\u00e1llal\u00f3i mor\u00e1l \u00e9s termel\u00e9kenys\u00e9g: A megk\u00fcl\u00f6nb\u00f6ztet\u00e9s ellens\u00e9ges munkahelyi k\u00f6rnyezetet teremthet, amely cs\u00f6kkentheti a mor\u00e1lt \u00e9s a termel\u00e9kenys\u00e9get a megk\u00fcl\u00f6nb\u00f6ztet\u00e9s \u00e1ldozat\u00e1v\u00e1 v\u00e1lt munkav\u00e1llal\u00f3k k\u00f6r\u00e9ben. Ha a munkav\u00e1llal\u00f3k \u00fagy \u00e9rzik, hogy igazs\u00e1gtalan b\u00e1n\u00e1sm\u00f3dban r\u00e9szes\u00fclnek, elkedvetlenedhetnek \u00e9s kev\u00e9sb\u00e9 motiv\u00e1ltak a munkav\u00e9gz\u00e9sre. <\/p>\n<div class=\"newlinediv\"><\/div>\n<p> 2. Jogi k\u00f6vetkezm\u00e9nyek: A megk\u00fcl\u00f6nb\u00f6ztet\u00e9s illeg\u00e1lis, \u00e9s jogi l\u00e9p\u00e9sekhez vezethet a szervezet ellen. Ez dr\u00e1ga pereket, negat\u00edv publicit\u00e1st \u00e9s a szervezet h\u00edrnev\u00e9nek roml\u00e1s\u00e1t eredm\u00e9nyezheti. <\/p>\n<div class=\"newlinediv\"><\/div>\n<p> 3. Cs\u00f6kkentett soksz\u00edn\u0171s\u00e9g: A diszkrimin\u00e1ci\u00f3 elriaszthatja a k\u00fcl\u00f6nb\u00f6z\u0151 h\u00e1tter\u0171 embereket att\u00f3l, hogy \u00e1ll\u00e1sra jelentkezzenek vagy a szervezetn\u00e9l maradjanak, ami a munkahelyi soksz\u00edn\u0171s\u00e9g cs\u00f6kken\u00e9s\u00e9hez vezet. Ez korl\u00e1tozhatja a szervezet innov\u00e1ci\u00f3s, probl\u00e9mamegold\u00f3 \u00e9s piaci versenyk\u00e9pess\u00e9g\u00e9t. <\/p>\n<div class=\"newlinediv\"><\/div>\n<p> 4. A tehets\u00e9g elveszt\u00e9se: A diszkrimin\u00e1ci\u00f3 miatt a tehets\u00e9ges alkalmazottak elhagyhatj\u00e1k a szervezetet, ami \u00e9rt\u00e9kes k\u00e9szs\u00e9gek \u00e9s tud\u00e1s elveszt\u00e9s\u00e9t eredm\u00e9nyezi. <\/p>\n<div class=\"newlinediv\"><\/div>\n<p> 5. Negat\u00edv hat\u00e1s az \u00fcgyf\u00e9lk\u00f6rre: A diszkrimin\u00e1ci\u00f3 negat\u00edv meg\u00edt\u00e9l\u00e9st eredm\u00e9nyezhet egy szervezetr\u0151l a k\u00f6z\u00f6ss\u00e9gben, ami az \u00fcgyfelek \u00e9s a bev\u00e9telek elveszt\u00e9s\u00e9hez vezethet. <\/p>\n<div class=\"newlinediv\"><\/div>\n<p> \u00d6sszess\u00e9g\u00e9ben a megk\u00fcl\u00f6nb\u00f6ztet\u00e9snek jelent\u0151s k\u00f6vetkezm\u00e9nyei lehetnek az egy\u00e9nekre \u00e9s a szervezetekre n\u00e9zve, \u00e9s fontos, hogy a szervezetek proakt\u00edv l\u00e9p\u00e9seket tegyenek a munkahelyi megk\u00fcl\u00f6nb\u00f6ztet\u00e9s megel\u0151z\u00e9s\u00e9re \u00e9s kezel\u00e9s\u00e9re. <\/p>\n<\/div>\n<div class=\"question\">\n<div class=\"qtitle\"> Mi a negat\u00edv diszkrimin\u00e1ci\u00f3 p\u00e9ld\u00e1ja?<\/div>\n<p> A negat\u00edv diszkrimin\u00e1ci\u00f3, m\u00e1s n\u00e9ven ford\u00edtott diszkrimin\u00e1ci\u00f3 akkor fordul el\u0151, amikor egy t\u00f6bbs\u00e9gi csoport tagj\u00e1t faji, nemi, \u00e9letkori, vall\u00e1si vagy egy\u00e9b jellemz\u0151i alapj\u00e1n tisztess\u00e9gtelen\u00fcl vagy h\u00e1tr\u00e1nyosan kezelik annak \u00e9rdek\u00e9ben, hogy egy kisebbs\u00e9gi csoport tagj\u00e1nak kedvezzenek. <\/p>\n<div class=\"newlinediv\"><\/div>\n<p> A negat\u00edv diszkrimin\u00e1ci\u00f3ra p\u00e9lda lehet egy olyan v\u00e1llalat, amely a munkaer\u0151 soksz\u00edn\u0171s\u00e9g\u00e9nek n\u00f6vel\u00e9se \u00e9rdek\u00e9ben kiz\u00e1r\u00f3lag n\u0151ket vesz fel. B\u00e1r a sz\u00e1nd\u00e9k lehet a soksz\u00edn\u0171s\u00e9g \u00e9s a k\u00e9pviselet jav\u00edt\u00e1sa, ez a politika azt eredm\u00e9nyezheti, hogy a felv\u00e9teli elj\u00e1r\u00e1s sor\u00e1n a k\u00e9pzett f\u00e9rfi jel\u00f6lteket tisztess\u00e9gtelen\u00fcl h\u00e1tr\u00e1nyos megk\u00fcl\u00f6nb\u00f6ztet\u00e9s \u00e9ri. Egy m\u00e1sik p\u00e9lda lehet egy olyan vezet\u0151, aki egy bizonyos fajhoz vagy etnikumhoz tartoz\u00f3 alkalmazottakat r\u00e9szes\u00edt el\u0151nyben vagy l\u00e9ptet el\u0151, mik\u00f6zben figyelmen k\u00edv\u00fcl hagyja a t\u00f6bbi alkalmazott k\u00e9pzetts\u00e9g\u00e9t \u00e9s teljes\u00edtm\u00e9ny\u00e9t. <\/p>\n<div class=\"newlinediv\"><\/div>\n<p> A negat\u00edv diszkrimin\u00e1ci\u00f3 ellens\u00e9ges munkahelyi k\u00f6rnyezetet teremthet, demotiv\u00e1lhatja a munkav\u00e1llal\u00f3kat, \u00e9s \u00e1rthat a v\u00e1llalat h\u00edrnev\u00e9nek. Fontos, hogy a munk\u00e1ltat\u00f3k olyan politik\u00e1kat \u00e9s gyakorlatokat alak\u00edtsanak ki, amelyek el\u0151seg\u00edtik az egyenl\u0151s\u00e9get \u00e9s a soksz\u00edn\u0171s\u00e9get, ugyanakkor biztos\u00edtj\u00e1k, hogy minden munkav\u00e1llal\u00f3t m\u00e9lt\u00e1nyosan, k\u00e9pzetts\u00e9ge \u00e9s teljes\u00edtm\u00e9nye alapj\u00e1n kezeljenek. <\/p>\n<\/div>\n<div class=\"question\">\n<div class=\"qtitle\"> Hogyan hat a faji megk\u00fcl\u00f6nb\u00f6ztet\u00e9s az \u00fczleti \u00e9letre?<\/div>\n<p> A faji megk\u00fcl\u00f6nb\u00f6ztet\u00e9s t\u00f6bbf\u00e9lek\u00e9ppen is jelent\u0151s hat\u00e1ssal lehet egy v\u00e1llalkoz\u00e1sra. El\u0151sz\u00f6r is cs\u00f6kkentheti a termel\u00e9kenys\u00e9get \u00e9s a munkav\u00e1llal\u00f3i mor\u00e1lt. Ha a munkav\u00e1llal\u00f3k \u00fagy \u00e9rzik, hogy h\u00e1tr\u00e1nyos megk\u00fcl\u00f6nb\u00f6ztet\u00e9s \u00e9rte \u0151ket, vagy tan\u00fai a megk\u00fcl\u00f6nb\u00f6ztet\u00e9snek, demotiv\u00e1ltt\u00e1 v\u00e1lhatnak \u00e9s elvonatkoztathatnak a munk\u00e1jukt\u00f3l, ami a termel\u00e9kenys\u00e9gi szint cs\u00f6kken\u00e9s\u00e9hez vezet. <\/p>\n<div class=\"newlinediv\"><\/div>\n<p> M\u00e1sodszor, a faji megk\u00fcl\u00f6nb\u00f6ztet\u00e9s negat\u00edvan befoly\u00e1solhatja a v\u00e1llalat h\u00edrnev\u00e9t \u00e9s m\u00e1rkak\u00e9p\u00e9t. Az \u00fcgyfelek \u00e9s az \u00fcgyfelek egyre ink\u00e1bb tudat\u00e1ban vannak az olyan t\u00e1rsadalmi k\u00e9rd\u00e9seknek, mint a rasszizmus, \u00e9s nagyobb val\u00f3sz\u00edn\u0171s\u00e9ggel elker\u00fclik azokat a v\u00e1llalatokat, amelyeket ilyen negat\u00edv gyakorlatokkal hoznak \u00f6sszef\u00fcgg\u00e9sbe. Ez az \u00fczleti lehet\u0151s\u00e9gek elveszt\u00e9s\u00e9hez \u00e9s a bev\u00e9telek cs\u00f6kken\u00e9s\u00e9hez vezethet. <\/p>\n<div class=\"newlinediv\"><\/div>\n<p> Harmadszor, a faji megk\u00fcl\u00f6nb\u00f6ztet\u00e9s jogi probl\u00e9m\u00e1khoz \u00e9s k\u00f6lts\u00e9ges perekhez vezethet. A munkahelyi diszkrimin\u00e1ci\u00f3 illeg\u00e1lis, \u00e9s jogi l\u00e9p\u00e9seket eredm\u00e9nyezhet, ami id\u0151ig\u00e9nyes \u00e9s k\u00f6lts\u00e9ges lehet a v\u00e1llalat sz\u00e1m\u00e1ra. <\/p>\n<div class=\"newlinediv\"><\/div>\n<p> V\u00e9g\u00fcl pedig a faji megk\u00fcl\u00f6nb\u00f6ztet\u00e9s kev\u00e9sb\u00e9 soksz\u00edn\u0171 munkaer\u0151t is eredm\u00e9nyezhet. A soksz\u00edn\u0171 munkaer\u0151 k\u00fcl\u00f6nb\u00f6z\u0151 n\u00e9z\u0151pontokat \u00e9s \u00f6tleteket hozhat az asztalra, ami innov\u00e1ci\u00f3hoz \u00e9s fokozott kreativit\u00e1shoz vezethet. Ha egy v\u00e1llalat diszkrimin\u00e1l bizonyos faji csoportokat, akkor lemaradhat a soksz\u00edn\u0171 munkaer\u0151 el\u0151nyeir\u0151l. <\/p>\n<div class=\"newlinediv\"><\/div>\n<p> Ez\u00e9rt a v\u00e1llalkoz\u00e1sok sz\u00e1m\u00e1ra l\u00e9tfontoss\u00e1g\u00fa, hogy olyan munkak\u00f6rnyezetet teremtsenek, amely befogad\u00f3 \u00e9s tiszteletben tart minden fajt \u00e9s kult\u00far\u00e1t. Ez megval\u00f3s\u00edthat\u00f3 a diszkrimin\u00e1ci\u00f3ellenes politik\u00e1k bevezet\u00e9s\u00e9vel, az alkalmazottak soksz\u00edn\u0171s\u00e9gi k\u00e9pz\u00e9s\u00e9vel, valamint a soksz\u00edn\u0171s\u00e9g el\u0151mozd\u00edt\u00e1s\u00e1val a toborz\u00e1si \u00e9s felv\u00e9teli gyakorlatban. Ez\u00e1ltal a v\u00e1llalkoz\u00e1sok pozit\u00edvabb \u00e9s produkt\u00edvabb munkahelyet teremthetnek, jav\u00edthatj\u00e1k h\u00edrnev\u00fcket, \u00e9s elker\u00fclhetik a jogi probl\u00e9m\u00e1kat.<\/p>\n<\/div>\n<\/div>\n","protected":false},"excerpt":{"rendered":"<p>A diszkrimin\u00e1ci\u00f3 r\u00e9g\u00f3ta jelent\u0151s probl\u00e9ma, amely az egy\u00e9nekre \u00e9s a t\u00e1rsadalom eg\u00e9sz\u00e9re hat\u00e1ssal van. Sokan azonban nem tudj\u00e1k, hogy a diszkrimin\u00e1ci\u00f3 a v\u00e1llalkoz\u00e1sokra is negat\u00edvan hathat. A diszkrimin\u00e1ci\u00f3 sz\u00e1mos form\u00e1t \u00f6lthet, bele\u00e9rtve a rasszizmust, a szexizmust, az ageizmust \u00e9s a k\u00e9pess\u00e9gek szerinti megk\u00fcl\u00f6nb\u00f6ztet\u00e9st, hogy csak n\u00e9h\u00e1nyat eml\u00edts\u00fcnk. Sajnos a diszkriminat\u00edv gyakorlatot folytat\u00f3 v\u00e1llalkoz\u00e1sok gyakran nagy &#8230; <a title=\"A diszkrimin\u00e1ci\u00f3 rejtett k\u00f6lts\u00e9gei a v\u00e1llalkoz\u00e1sokban\" class=\"read-more\" href=\"https:\/\/megnyitasa.com\/tudas\/a-diszkriminacio-rejtett-koltsegei-a-vallalkozasokban\/\" aria-label=\"Read more about A diszkrimin\u00e1ci\u00f3 rejtett k\u00f6lts\u00e9gei a v\u00e1llalkoz\u00e1sokban\">Read more<\/a><\/p>\n","protected":false},"author":1921,"featured_media":0,"comment_status":"closed","ping_status":"closed","sticky":false,"template":"","format":"standard","meta":{"footnotes":""},"categories":[32],"tags":[],"class_list":["post-17269","post","type-post","status-publish","format-standard","hentry","category-humaneroforras"],"_links":{"self":[{"href":"https:\/\/megnyitasa.com\/tudas\/wp-json\/wp\/v2\/posts\/17269","targetHints":{"allow":["GET"]}}],"collection":[{"href":"https:\/\/megnyitasa.com\/tudas\/wp-json\/wp\/v2\/posts"}],"about":[{"href":"https:\/\/megnyitasa.com\/tudas\/wp-json\/wp\/v2\/types\/post"}],"author":[{"embeddable":true,"href":"https:\/\/megnyitasa.com\/tudas\/wp-json\/wp\/v2\/users\/1921"}],"replies":[{"embeddable":true,"href":"https:\/\/megnyitasa.com\/tudas\/wp-json\/wp\/v2\/comments?post=17269"}],"version-history":[{"count":0,"href":"https:\/\/megnyitasa.com\/tudas\/wp-json\/wp\/v2\/posts\/17269\/revisions"}],"wp:attachment":[{"href":"https:\/\/megnyitasa.com\/tudas\/wp-json\/wp\/v2\/media?parent=17269"}],"wp:term":[{"taxonomy":"category","embeddable":true,"href":"https:\/\/megnyitasa.com\/tudas\/wp-json\/wp\/v2\/categories?post=17269"},{"taxonomy":"post_tag","embeddable":true,"href":"https:\/\/megnyitasa.com\/tudas\/wp-json\/wp\/v2\/tags?post=17269"}],"curies":[{"name":"wp","href":"https:\/\/api.w.org\/{rel}","templated":true}]}}