{"id":17502,"date":"2023-04-24T00:00:00","date_gmt":"2023-04-24T00:00:00","guid":{"rendered":"https:\/\/megnyitasa.com\/tudas\/a-dupla-munkaido-dilemma-a-munkaugyi-torvenyek-megertese\/"},"modified":"2023-04-24T00:00:00","modified_gmt":"2023-04-24T00:00:00","slug":"a-dupla-munkaido-dilemma-a-munkaugyi-torvenyek-megertese","status":"publish","type":"post","link":"https:\/\/megnyitasa.com\/tudas\/a-dupla-munkaido-dilemma-a-munkaugyi-torvenyek-megertese\/","title":{"rendered":"A dupla munkaid\u0151 dilemma: a munka\u00fcgyi t\u00f6rv\u00e9nyek meg\u00e9rt\u00e9se"},"content":{"rendered":"<div class=\"articlecontent\">\n<div class=\"newlinediv\"><\/div>\n<p> Amikor t\u00fal\u00f3r\u00e1r\u00f3l van sz\u00f3, a munkav\u00e1llal\u00f3k gyakran elgondolkodnak azon, hogy jogosultak-e a szok\u00e1sos \u00f3rab\u00e9r\u00fckn\u00e9l magasabb d\u00edjaz\u00e1sra. Bizonyos esetekben a v\u00e1llalatok k\u00f6telesek lehetnek az \u00f3rad\u00edj k\u00e9tszeres\u00e9t kifizetni a bizonyos hat\u00e1ron t\u00fal ledolgozott t\u00f6bblet\u00f3r\u00e1k\u00e9rt. Ez az \u00fagynevezett dupla munkaid\u0151, amelyet a munka\u00fcgyi t\u00f6rv\u00e9nyek szab\u00e1lyoznak annak biztos\u00edt\u00e1sa \u00e9rdek\u00e9ben, hogy a munkav\u00e1llal\u00f3k m\u00e9lt\u00e1nyos d\u00edjaz\u00e1sban r\u00e9szes\u00fcljenek idej\u00fck\u00e9rt \u00e9s er\u0151fesz\u00edt\u00e9seik\u00e9rt. <\/p>\n<div class=\"newlinediv\"><\/div>\n<p> A Fair Labor Standards Act (FLSA) \u00e9rtelm\u00e9ben a munk\u00e1ltat\u00f3knak a heti 40 \u00f3r\u00e1t meghalad\u00f3an ledolgozott \u00f3r\u00e1k\u00e9rt a nem mentes\u00edtett alkalmazottaknak a rendes \u00f3rab\u00e9r\u00fck legal\u00e1bb m\u00e1sf\u00e9lszeres\u00e9t kell fizetni\u00fck. N\u00e9h\u00e1ny \u00e1llamban azonban tov\u00e1bbi munka\u00fcgyi t\u00f6rv\u00e9nyek vannak \u00e9rv\u00e9nyben, amelyek el\u0151\u00edrj\u00e1k a munk\u00e1ltat\u00f3k sz\u00e1m\u00e1ra, hogy egy bizonyos hat\u00e1r\u00e9rt\u00e9ket meghalad\u00f3an ledolgozott \u00f3r\u00e1k\u00e9rt a munkaid\u0151 k\u00e9tszeres\u00e9t fizess\u00e9k ki. Kaliforni\u00e1ban p\u00e9ld\u00e1ul a munkav\u00e1llal\u00f3knak a 12 \u00f3r\u00e1t meghalad\u00f3 napi munkaid\u0151, illetve a hetedik egym\u00e1st k\u00f6vet\u0151 munkanapon a 8 \u00f3r\u00e1t meghalad\u00f3 munkaid\u0151 ut\u00e1n k\u00e9tszeres munkaid\u0151 j\u00e1r. <\/p>\n<div class=\"newlinediv\"><\/div>\n<p> Fontos megjegyezni, hogy nem minden munkav\u00e1llal\u00f3 jogosult a dupla munkaid\u0151re. Csak az FLSA hat\u00e1lya al\u00e1 tartoz\u00f3, nem mentes\u00edtett alkalmazottak jogosultak t\u00fal\u00f3rap\u00f3tl\u00e9kra, amely mag\u00e1ban foglalja a dupla id\u0151t is. Az FLSA \u00e9rtelm\u00e9ben a mentes\u00edtett alkalmazottak, p\u00e9ld\u00e1ul a menedzserek vagy a vezet\u0151k nem jogosultak t\u00fal\u00f3rap\u00f3tl\u00e9kra, b\u00e1r az \u00e1llami munka\u00fcgyi t\u00f6rv\u00e9nyek \u00e9rtelm\u00e9ben jogosultak lehetnek t\u00fal\u00f3rap\u00f3tl\u00e9kra. <\/p>\n<div class=\"newlinediv\"><\/div>\n<p> Azok a munk\u00e1ltat\u00f3k, akik nem fizetik ki a k\u00e9tszeres munkaid\u0151t, amikor az sz\u00fcks\u00e9ges, jogi l\u00e9p\u00e9sekkel \u00e9s b\u00fcntet\u00e9sekkel n\u00e9zhetnek szembe. Ezenk\u00edv\u00fcl azok a munkav\u00e1llal\u00f3k, akik \u00fagy v\u00e9lik, hogy jogosultak a k\u00e9tszeres munkaid\u0151re, de nem kapt\u00e1k meg azt, panaszt ny\u00fajthatnak be a munka\u00fcgyi miniszt\u00e9riumhoz, vagy jogi l\u00e9p\u00e9seket tehetnek a munk\u00e1ltat\u00f3juk ellen. <\/p>\n<div class=\"newlinediv\"><\/div>\n<p> A f\u00e9lre\u00e9rt\u00e9sek \u00e9s jogi probl\u00e9m\u00e1k elker\u00fcl\u00e9se \u00e9rdek\u00e9ben fontos, hogy mind a munk\u00e1ltat\u00f3k, mind a munkav\u00e1llal\u00f3k meg\u00e9rts\u00e9k a dupla munkaid\u0151re vonatkoz\u00f3 munkajogi szab\u00e1lyokat. A munk\u00e1ltat\u00f3knak biztos\u00edtaniuk kell, hogy betartj\u00e1k az \u00e1llami \u00e9s sz\u00f6vets\u00e9gi munka\u00fcgyi t\u00f6rv\u00e9nyeket, \u00e9s pontosan nyomon k\u00f6vetik alkalmazottaik ledolgozott \u00f3r\u00e1it. A munkav\u00e1llal\u00f3knak is tiszt\u00e1ban kell lenni\u00fck jogaikkal, \u00e9s konzult\u00e1lniuk kell munk\u00e1ltat\u00f3jukkal vagy jogi szakemberrel, ha \u00fagy v\u00e9lik, hogy nem kapnak m\u00e9lt\u00e1nyos kompenz\u00e1ci\u00f3t idej\u00fck\u00e9rt \u00e9s er\u0151fesz\u00edt\u00e9seik\u00e9rt. <\/p>\n<div class=\"newlinediv\"><\/div>\n<p> \u00d6sszefoglalva, a dupla munkaid\u0151 egy fontos munkajogi jogszab\u00e1ly, amely biztos\u00edtja, hogy a munkav\u00e1llal\u00f3k egy bizonyos hat\u00e1ron t\u00fal ledolgozott t\u00f6bblet\u00f3r\u00e1k\u00e9rt m\u00e9lt\u00e1nyos kompenz\u00e1ci\u00f3t kapjanak. A munk\u00e1ltat\u00f3knak be kell tartaniuk az \u00e1llami \u00e9s sz\u00f6vets\u00e9gi munka\u00fcgyi t\u00f6rv\u00e9nyeket a jogi l\u00e9p\u00e9sek \u00e9s b\u00fcntet\u00e9sek elker\u00fcl\u00e9se \u00e9rdek\u00e9ben, m\u00edg a munkav\u00e1llal\u00f3knak tiszt\u00e1ban kell lenni\u00fck jogaikkal, \u00e9s seg\u00edts\u00e9get kell k\u00e9rni\u00fck, ha \u00fagy v\u00e9lik, hogy nem kapnak megfelel\u0151 kompenz\u00e1ci\u00f3t. A munka\u00fcgyi t\u00f6rv\u00e9nyek meg\u00e9rt\u00e9s\u00e9vel \u00e9s betart\u00e1s\u00e1val mind a munkaad\u00f3k, mind a munkav\u00e1llal\u00f3k tisztess\u00e9ges \u00e9s produkt\u00edv munkak\u00f6rnyezetet tudnak fenntartani.<\/p><\/div>\n<div class=\"questions\">\n<div class=\"questionstitle\">FAQ<\/div>\n<div class=\"question\">\n<div class=\"qtitle\"> Mi a k\u00fcl\u00f6nbs\u00e9g a t\u00fal\u00f3ra \u00e9s a dupla munkaid\u0151 k\u00f6z\u00f6tt?<\/div>\n<p> A t\u00fal\u00f3ra \u00e9s a dupla munkaid\u0151 egyar\u00e1nt olyan kifejez\u00e9sek, amelyeket a munkav\u00e1llal\u00f3knak a rendes munkaid\u0151n t\u00fali munkav\u00e9gz\u00e9s\u00e9\u00e9rt j\u00e1r\u00f3 kompenz\u00e1ci\u00f3val \u00f6sszef\u00fcgg\u00e9sben haszn\u00e1lnak. <\/p>\n<div class=\"newlinediv\"><\/div>\n<p> A t\u00fal\u00f3ra a munkav\u00e1llal\u00f3nak a rendes munkah\u00e9ten vagy munkanapon t\u00fali munkav\u00e9gz\u00e9s\u00e9rt j\u00e1r\u00f3 t\u00f6bbletfizet\u00e9st jelenti. Az Egyes\u00fclt \u00c1llamokban a t\u00fal\u00f3rap\u00f3tl\u00e9kot \u00e1ltal\u00e1ban a munkav\u00e1llal\u00f3 szok\u00e1sos \u00f3rab\u00e9r\u00e9nek m\u00e1sf\u00e9lszerese alapj\u00e1n sz\u00e1m\u00edtj\u00e1k ki. P\u00e9ld\u00e1ul, ha egy munkav\u00e1llal\u00f3 \u00f3r\u00e1nk\u00e9nt 20 doll\u00e1rt keres, akkor a t\u00fal\u00f3rap\u00e9nz 30 doll\u00e1r\/\u00f3ra lenne a heti 40 \u00f3r\u00e1n fel\u00fcl ledolgozott \u00f3r\u00e1k ut\u00e1n. <\/p>\n<div class=\"newlinediv\"><\/div>\n<p> A k\u00e9tszeres munkaid\u0151 viszont egy magasabb b\u00e9rez\u00e9s, amelyet egyes munk\u00e1ltat\u00f3k a napi vagy heti bizonyos \u00f3rasz\u00e1mot meghalad\u00f3an dolgoz\u00f3 munkav\u00e1llal\u00f3knak aj\u00e1nlanak. A k\u00e9tszeres id\u0151b\u00e9r \u00e1ltal\u00e1ban a munkav\u00e1llal\u00f3 rendes \u00f3rab\u00e9r\u00e9nek k\u00e9tszerese. P\u00e9ld\u00e1ul, ha egy munkav\u00e1llal\u00f3 \u00f3r\u00e1nk\u00e9nt 20 doll\u00e1rt keres, akkor a napi 12 \u00f3r\u00e1n vagy heti 80 \u00f3r\u00e1n t\u00fali munka\u00f3r\u00e1k ut\u00e1n a dupla munkaid\u0151s fizet\u00e9s 40 doll\u00e1r lenne \u00f3r\u00e1nk\u00e9nt. <\/p>\n<div class=\"newlinediv\"><\/div>\n<p> Nem minden munk\u00e1ltat\u00f3 k\u00edn\u00e1l k\u00e9tszeres b\u00e9rp\u00f3tl\u00e9kot, \u00e9s \u00e1ltal\u00e1ban a munk\u00e1ltat\u00f3 bel\u00e1t\u00e1s\u00e1ra van b\u00edzva, hogy mikor \u00e9s hogyan k\u00edn\u00e1lja azt. Fontos, hogy a munk\u00e1ltat\u00f3k vil\u00e1gosan k\u00f6z\u00f6lj\u00e9k munkav\u00e1llal\u00f3ikkal a t\u00fal\u00f3r\u00e1kra \u00e9s a k\u00e9tszeres munkaid\u0151re vonatkoz\u00f3 politik\u00e1jukat, hogy elker\u00fclj\u00e9k a f\u00e9lre\u00e9rt\u00e9seket vagy a fizet\u00e9ssel kapcsolatos vit\u00e1kat. <\/p>\n<\/div>\n<div class=\"question\">\n<div class=\"qtitle\"> Mi az a m\u00e1sf\u00e9lszeres t\u00fal\u00f3ra \u00f3r\u00e1nk\u00e9nt 20 doll\u00e1r\u00e9rt?<\/div>\n<p> A dupla m\u00e1sf\u00e9l \u00f3ra a munkav\u00e1llal\u00f3nak a t\u00fal\u00f3r\u00e1k\u00e9rt j\u00e1r\u00f3 d\u00edjaz\u00e1s m\u00e9rt\u00e9k\u00e9nek le\u00edr\u00e1s\u00e1ra haszn\u00e1lt kifejez\u00e9s. Az Egyes\u00fclt \u00c1llamokban a t\u00fal\u00f3rap\u00f3tl\u00e9kot \u00e1ltal\u00e1ban a munkav\u00e1llal\u00f3 rendes \u00f3rab\u00e9r\u00e9nek m\u00e1sf\u00e9lszeresek\u00e9nt sz\u00e1m\u00edtj\u00e1k ki a munkaid\u0151ben 40 \u00f3r\u00e1n\u00e1l t\u00f6bbet ledolgozott \u00f3r\u00e1k ut\u00e1n. A m\u00e1sf\u00e9lszeres t\u00fal\u00f3ra azt jelenti, hogy a munkav\u00e1llal\u00f3 a rendes \u00f3rab\u00e9r\u00e9nek k\u00e9tszeres\u00e9t kapja, plusz tov\u00e1bbi 50%-ot a 40 \u00f3r\u00e1n fel\u00fcl ledolgozott \u00f3r\u00e1k\u00e9rt egy munkah\u00e9ten bel\u00fcl. <\/p>\n<div class=\"newlinediv\"><\/div>\n<p> Ha egy munkav\u00e1llal\u00f3 rendszeres \u00f3rab\u00e9re 20 $\/\u00f3ra, akkor a t\u00fal\u00f3rad\u00edja 30 $\/\u00f3ra (a rendszeres \u00f3rab\u00e9r m\u00e1sf\u00e9lszerese). A dupla m\u00e1sf\u00e9l \u00f3r\u00e1s t\u00fal\u00f3ra eset\u00e9n a munkav\u00e1llal\u00f3 \u00f3r\u00e1nk\u00e9nt 40 $-t kapna (rendszeres \u00f3rab\u00e9r\u00e9nek k\u00e9tszerese), plusz tov\u00e1bbi 50%-ot, ami 20 $ lenne (a 40 $ 50%-a), ami \u00f6sszesen 60 $-t jelentene \u00f3r\u00e1nk\u00e9nt. <\/p>\n<div class=\"newlinediv\"><\/div>\n<p> Teh\u00e1t, ha egy munkav\u00e1llal\u00f3 50 \u00f3r\u00e1t dolgozott egy munkah\u00e9ten 20 $\/\u00f3ra norm\u00e1l \u00f3rad\u00edjjal, akkor 800 $-t kapna a norm\u00e1l \u00f3r\u00e1i\u00e9rt (40 \u00f3ra x 20 $), plusz tov\u00e1bbi 450 $-t a t\u00fal\u00f3r\u00e1i\u00e9rt (10 \u00f3ra x 30 $), \u00e9s tov\u00e1bbi 600 $-t a dupla m\u00e1sf\u00e9l \u00f3r\u00e1s munkaid\u0151\u00e9rt (10 \u00f3ra x 60 $), \u00f6sszesen 1850 $-t a h\u00e9tre. <\/p>\n<\/div>\n<div class=\"question\">\n<div class=\"qtitle\"> Hogyan kell kisz\u00e1m\u00edtani az FLSA dupla munkaid\u0151t?<\/div>\n<p> A Fair Labor Standards Act (FLSA) a mag\u00e1nszektorban, valamint a sz\u00f6vets\u00e9gi, \u00e1llami \u00e9s helyi \u00f6nkorm\u00e1nyzatokn\u00e1l dolgoz\u00f3 munkav\u00e1llal\u00f3k sz\u00e1m\u00e1ra minim\u00e1lb\u00e9rt, t\u00fal\u00f3rap\u00e9nzt, nyilv\u00e1ntart\u00e1si \u00e9s ifj\u00fas\u00e1gi foglalkoztat\u00e1si norm\u00e1kat \u00e1llap\u00edt meg. Az FLSA dupla munkaid\u0151 egy olyan kompenz\u00e1ci\u00f3s politika, amely megk\u00f6veteli a munk\u00e1ltat\u00f3kt\u00f3l, hogy a jogosult munkav\u00e1llal\u00f3knak a rendes b\u00e9r\u00fck k\u00e9tszeres\u00e9t fizess\u00e9k meg minden olyan munka\u00f3ra ut\u00e1n, amelyet egy munkah\u00e9ten bel\u00fcl egy bizonyos k\u00fcsz\u00f6b\u00e9rt\u00e9ket meghalad\u00f3an &#8211; \u00e1ltal\u00e1ban napi 12 \u00f3r\u00e1t vagy heti 40 \u00f3r\u00e1t meghalad\u00f3an &#8211; ledolgoztak. <\/p>\n<div class=\"newlinediv\"><\/div>\n<p> Az FLSA dupla munkaid\u0151 kisz\u00e1m\u00edt\u00e1s\u00e1hoz meg kell hat\u00e1roznia a munkav\u00e1llal\u00f3 rendszeres b\u00e9r\u00e9t, amely a munkav\u00e1llal\u00f3nak a munkah\u00e9ten ledolgozott \u00f6sszes \u00f3r\u00e1ra kifizetett \u00f3rab\u00e9r. Miut\u00e1n meghat\u00e1rozta a rendszeres munkab\u00e9r m\u00e9rt\u00e9k\u00e9t, a rendszeres munkab\u00e9r k\u00e9tszeres\u00e9nek megszorz\u00e1s\u00e1val kisz\u00e1m\u00edthatja a k\u00e9tszeres munkaid\u0151re j\u00e1r\u00f3 munkab\u00e9r m\u00e9rt\u00e9k\u00e9t. <\/p>\n<div class=\"newlinediv\"><\/div>\n<p> Tegy\u00fck fel p\u00e9ld\u00e1ul, hogy egy munkav\u00e1llal\u00f3 rendszeres b\u00e9re 15 $\/\u00f3ra, \u00e9s a munk\u00e1ltat\u00f3 a napi 12 \u00f3r\u00e1t meghalad\u00f3an ledolgozott \u00f3r\u00e1kra dupla munkaid\u0151t alkalmaz. Ebben az esetben a munkav\u00e1llal\u00f3 a napi 12 \u00f3r\u00e1n t\u00fal ledolgozott \u00f3r\u00e1kra k\u00e9tszeres b\u00e9rre lenne jogosult. Ha a munkav\u00e1llal\u00f3 egy adott napon 14 \u00f3r\u00e1t dolgozik, a sz\u00e1m\u00edt\u00e1s a k\u00f6vetkez\u0151k\u00e9ppen alakul: <\/p>\n<div class=\"newlinediv\"><\/div>\n<p> Rendszeres b\u00e9r = 15 $\/\u00f3ra <\/p>\n<div class=\"newlinediv\"><\/div>\n<p> K\u00e9tszeres munkaid\u0151keret = Rendszeres b\u00e9r x 2 = 15 $ x 2 = 30 $\/\u00f3ra <\/p>\n<div class=\"newlinediv\"><\/div>\n<p> A 14 ledolgozott \u00f3r\u00e1ra j\u00e1r\u00f3 teljes b\u00e9r = (12 \u00f3ra x 15 $\/\u00f3ra) + (2 \u00f3ra x 30 $\/\u00f3ra) = 180 $ + 60 $ = 240 $ <\/p>\n<div class=\"newlinediv\"><\/div>\n<p> A munkav\u00e1llal\u00f3 teh\u00e1t \u00f6sszesen 240 $-ra lenne jogosult az adott napon ledolgozott 14 \u00f3r\u00e1ra, amelyb\u0151l 180 $-t a rendszeres b\u00e9rrel, 60 $-t pedig a k\u00e9tszeres munkaid\u0151kerettel fizetn\u00e9nek ki.<\/p>\n<\/div>\n<\/div>\n","protected":false},"excerpt":{"rendered":"<p>Amikor t\u00fal\u00f3r\u00e1r\u00f3l van sz\u00f3, a munkav\u00e1llal\u00f3k gyakran elgondolkodnak azon, hogy jogosultak-e a szok\u00e1sos \u00f3rab\u00e9r\u00fckn\u00e9l magasabb d\u00edjaz\u00e1sra. Bizonyos esetekben a v\u00e1llalatok k\u00f6telesek lehetnek az \u00f3rad\u00edj k\u00e9tszeres\u00e9t kifizetni a bizonyos hat\u00e1ron t\u00fal ledolgozott t\u00f6bblet\u00f3r\u00e1k\u00e9rt. Ez az \u00fagynevezett dupla munkaid\u0151, amelyet a munka\u00fcgyi t\u00f6rv\u00e9nyek szab\u00e1lyoznak annak biztos\u00edt\u00e1sa \u00e9rdek\u00e9ben, hogy a munkav\u00e1llal\u00f3k m\u00e9lt\u00e1nyos d\u00edjaz\u00e1sban r\u00e9szes\u00fcljenek idej\u00fck\u00e9rt \u00e9s er\u0151fesz\u00edt\u00e9seik\u00e9rt. A &#8230; <a title=\"A dupla munkaid\u0151 dilemma: a munka\u00fcgyi t\u00f6rv\u00e9nyek meg\u00e9rt\u00e9se\" class=\"read-more\" href=\"https:\/\/megnyitasa.com\/tudas\/a-dupla-munkaido-dilemma-a-munkaugyi-torvenyek-megertese\/\" aria-label=\"Read more about A dupla munkaid\u0151 dilemma: a munka\u00fcgyi t\u00f6rv\u00e9nyek meg\u00e9rt\u00e9se\">Read more<\/a><\/p>\n","protected":false},"author":1170,"featured_media":0,"comment_status":"closed","ping_status":"closed","sticky":false,"template":"","format":"standard","meta":{"footnotes":""},"categories":[14],"tags":[],"class_list":["post-17502","post","type-post","status-publish","format-standard","hentry","category-human-eroforras"],"_links":{"self":[{"href":"https:\/\/megnyitasa.com\/tudas\/wp-json\/wp\/v2\/posts\/17502","targetHints":{"allow":["GET"]}}],"collection":[{"href":"https:\/\/megnyitasa.com\/tudas\/wp-json\/wp\/v2\/posts"}],"about":[{"href":"https:\/\/megnyitasa.com\/tudas\/wp-json\/wp\/v2\/types\/post"}],"author":[{"embeddable":true,"href":"https:\/\/megnyitasa.com\/tudas\/wp-json\/wp\/v2\/users\/1170"}],"replies":[{"embeddable":true,"href":"https:\/\/megnyitasa.com\/tudas\/wp-json\/wp\/v2\/comments?post=17502"}],"version-history":[{"count":0,"href":"https:\/\/megnyitasa.com\/tudas\/wp-json\/wp\/v2\/posts\/17502\/revisions"}],"wp:attachment":[{"href":"https:\/\/megnyitasa.com\/tudas\/wp-json\/wp\/v2\/media?parent=17502"}],"wp:term":[{"taxonomy":"category","embeddable":true,"href":"https:\/\/megnyitasa.com\/tudas\/wp-json\/wp\/v2\/categories?post=17502"},{"taxonomy":"post_tag","embeddable":true,"href":"https:\/\/megnyitasa.com\/tudas\/wp-json\/wp\/v2\/tags?post=17502"}],"curies":[{"name":"wp","href":"https:\/\/api.w.org\/{rel}","templated":true}]}}