{"id":18017,"date":"2023-12-01T20:33:23","date_gmt":"2023-12-01T20:33:23","guid":{"rendered":"https:\/\/megnyitasa.com\/tudas\/?p=18017"},"modified":"2023-12-01T20:33:23","modified_gmt":"2023-12-01T20:33:23","slug":"the-ultimate-guide-to-deleting-files-remotely-on-a-macbook-pro","status":"publish","type":"post","link":"https:\/\/megnyitasa.com\/tudas\/the-ultimate-guide-to-deleting-files-remotely-on-a-macbook-pro\/","title":{"rendered":"The Ultimate Guide to Deleting Files Remotely on a MacBook Pro"},"content":{"rendered":"<div class=\"articlecontent\">\n<div class=\"newlinediv\"><\/div>\n<p> A MacBook Pro elveszt\u00e9se mindig r\u00e9m\u00e1lom, de a fontos f\u00e1jlok elveszt\u00e9se m\u00e9g rosszabb. Szerencs\u00e9re t\u00e1volr\u00f3l is t\u00f6r\u00f6lhetsz f\u00e1jlokat MacBook Pro g\u00e9peden, hogy megakad\u00e1lyozd, hogy \u00e9rz\u00e9keny adataid rossz kezekbe ker\u00fcljenek. Ebben a cikkben eligaz\u00edtjuk, hogyan t\u00f6r\u00f6lhet t\u00e1volr\u00f3l f\u00e1jlokat a MacBook Pro sz\u00e1m\u00edt\u00f3g\u00e9p\u00e9n. <\/p>\n<div class=\"newlinediv\"><\/div>\n<p> Miel\u0151tt elkezden\u00e9nk, fontos megjegyezni, hogy enged\u00e9lyeznie kell a Find My alkalmaz\u00e1st a MacBook Pro k\u00e9sz\u00fcl\u00e9k\u00e9n. Ez egy be\u00e9p\u00edtett alkalmaz\u00e1s a macOS-ben, amely seg\u00edt megtal\u00e1lni a k\u00e9sz\u00fcl\u00e9kedet, ha elveszett vagy ellopt\u00e1k. Miut\u00e1n enged\u00e9lyezte a Find My alkalmaz\u00e1st, folytathatja a k\u00f6vetkez\u0151 l\u00e9p\u00e9seket: <\/p>\n<div class=\"title\"> 1. l\u00e9p\u00e9s: Jelentkezzen be az iCloud.com webhelyre egy m\u00e1sik eszk\u00f6z\u00f6n, \u00e9s adja meg Apple ID-j\u00e1t \u00e9s jelszav\u00e1t. <\/div>\n<p> 2. l\u00e9p\u00e9s: Kattintson az iPhone keres\u00e9s\u00e9re, \u00e9s v\u00e1lassza ki a MacBook Pro k\u00e9sz\u00fcl\u00e9k\u00e9t az eszk\u00f6z\u00f6k list\u00e1j\u00e1b\u00f3l. <\/p>\n<div class=\"newlinediv\"><\/div>\n<p> 3. l\u00e9p\u00e9s: Kattintson a MacBook Pro t\u00f6rl\u00e9se gombra. Ez a MacBook Pro \u00f6sszes adat\u00e1t t\u00f6rli, bele\u00e9rtve a f\u00e1jlokat, az alkalmaz\u00e1sokat \u00e9s a be\u00e1ll\u00edt\u00e1sokat is. <\/p>\n<div class=\"title\"> 4. l\u00e9p\u00e9s: Ha biztons\u00e1gi m\u00e1solatot k\u00e9sz\u00edtett\u00e9l az adataidr\u00f3l az iCloudon, akkor vissza\u00e1ll\u00edthatod \u0151ket, amint megtal\u00e1ltad a MacBook Pro-t. <\/div>\n<p> Alternat\u00edv megold\u00e1sk\u00e9nt egy harmadik f\u00e9lt\u0151l sz\u00e1rmaz\u00f3 alkalmaz\u00e1st, p\u00e9ld\u00e1ul a Find My Mac vagy a Prey alkalmaz\u00e1st is haszn\u00e1lhatja a MacBook Pro f\u00e1jljainak t\u00e1voli t\u00f6rl\u00e9s\u00e9hez. Ezek az alkalmaz\u00e1sok lehet\u0151v\u00e9 teszik a f\u00e1jlok szelekt\u00edv t\u00f6rl\u00e9s\u00e9t ahelyett, hogy az \u00f6sszes adatot t\u00f6r\u00f6ln\u00e9 a k\u00e9sz\u00fcl\u00e9kr\u0151l. <\/p>\n<div class=\"newlinediv\"><\/div>\n<p> Ahhoz, hogy ezeket az alkalmaz\u00e1sokat haszn\u00e1lni tudd, telep\u00edtened kell \u0151ket a MacBook Pro k\u00e9sz\u00fcl\u00e9kedre, miel\u0151tt az elveszne vagy ellopn\u00e1k. Miut\u00e1n telep\u00edtette az alkalmaz\u00e1st, bejelentkezhet a weboldalukra egy m\u00e1sik eszk\u00f6z\u00f6n, \u00e9s t\u00e1volr\u00f3l t\u00f6r\u00f6lheti a MacBook Pro f\u00e1jljait. <\/p>\n<div class=\"newlinediv\"><\/div>\n<p> \u00d6sszefoglalva, a MacBook Pro elveszt\u00e9se sosem j\u00f3 \u00e9lm\u00e9ny, de a MacBook Pro f\u00e1jljainak t\u00e1voli t\u00f6rl\u00e9s\u00e9vel megakad\u00e1lyozhatja, hogy \u00e9rz\u00e9keny adatai rossz kezekbe ker\u00fcljenek. Gy\u0151z\u0151dj\u00f6n meg r\u00f3la, hogy enged\u00e9lyezte a Find My alkalmaz\u00e1st MacBook Pro g\u00e9p\u00e9n, \u00e9s fontolja meg a f\u00e1jlok szelekt\u00edv t\u00f6rl\u00e9s\u00e9hez olyan harmadik f\u00e9lt\u0151l sz\u00e1rmaz\u00f3 alkalmaz\u00e1sok haszn\u00e1lat\u00e1t, mint a Find My Mac vagy a Prey. Legyen biztons\u00e1gban, \u00e9s v\u00e9dje meg adatait!<\/p><\/div>\n<div class=\"questions\">\n<div class=\"questionstitle\">FAQ<\/div>\n<div class=\"question\">\n<div class=\"qtitle\"> Hogyan tudok t\u00e1volr\u00f3l t\u00f6r\u00f6lni egy f\u00e1jlt?<\/div>\n<p> Egy f\u00e1jl t\u00e1voli t\u00f6rl\u00e9se az adott forgat\u00f3k\u00f6nyvt\u0151l f\u00fcgg\u0151en t\u00f6bbf\u00e9le m\u00f3dszerrel is elv\u00e9gezhet\u0151. \u00cdme n\u00e9h\u00e1ny gyakori m\u00f3dszer egy f\u00e1jl t\u00e1voli t\u00f6rl\u00e9s\u00e9re: <\/p>\n<div class=\"newlinediv\"><\/div>\n<p> 1. T\u00e1voli asztali kapcsolat haszn\u00e1lat\u00e1val: Ha a T\u00e1voli asztali kapcsolaton kereszt\u00fcl hozz\u00e1f\u00e9r egy t\u00e1voli sz\u00e1m\u00edt\u00f3g\u00e9phez, akkor a sz\u00e1m\u00edt\u00f3g\u00e9pen l\u00e9v\u0151 f\u00e1jlokat t\u00f6r\u00f6lheti, ha bejelentkezik, \u00e9s a t\u00f6r\u00f6lni k\u00edv\u00e1nt f\u00e1jl hely\u00e9re b\u00f6ng\u00e9szik. Ha megtal\u00e1lta a f\u00e1jlt, kattintson r\u00e1 a jobb gombbal, \u00e9s v\u00e1lassza a &#8222;T\u00f6rl\u00e9s&#8221; lehet\u0151s\u00e9get az elt\u00e1vol\u00edt\u00e1s\u00e1hoz. <\/p>\n<div class=\"newlinediv\"><\/div>\n<p> 2. A parancssor haszn\u00e1lat\u00e1val: A f\u00e1jlok t\u00e1voli t\u00f6rl\u00e9s\u00e9nek m\u00e1sik m\u00f3dja a parancssor haszn\u00e1lata. Megnyithat egy Command Prompt ablakot, \u00e9s haszn\u00e1lhatja a &#8222;del&#8221; parancsot, majd a t\u00f6r\u00f6lni k\u00edv\u00e1nt f\u00e1jl el\u00e9r\u00e9si \u00fatvonal\u00e1t. Ha p\u00e9ld\u00e1ul a f\u00e1jl a &#8222;C:UsersUsersusernameDocumentsfile.txt&#8221; c\u00edmen tal\u00e1lhat\u00f3, a f\u00e1jl t\u00f6rl\u00e9s\u00e9hez be\u00edrhatja a &#8222;del C:UsersusernameDocumentsfile.txt&#8221; parancsot. <\/p>\n<div class=\"newlinediv\"><\/div>\n<p> 3. Egy f\u00e1jlkezel\u0151 eszk\u00f6z haszn\u00e1lat\u00e1val: Sz\u00e1mos olyan f\u00e1jlkezel\u0151 eszk\u00f6z \u00e1ll rendelkez\u00e9sre, amely lehet\u0151v\u00e9 teszi a sz\u00e1m\u00edt\u00f3g\u00e9phez val\u00f3 t\u00e1voli csatlakoz\u00e1st \u00e9s a f\u00e1jlok t\u00f6rl\u00e9s\u00e9t. Ezek az eszk\u00f6z\u00f6k \u00e1ltal\u00e1ban grafikus felhaszn\u00e1l\u00f3i fel\u00fcletet biztos\u00edtanak, amely megk\u00f6nny\u00edti a f\u00e1jlok b\u00f6ng\u00e9sz\u00e9s\u00e9t \u00e9s t\u00f6rl\u00e9s\u00e9t. A f\u00e1jlkezel\u0151 eszk\u00f6z\u00f6k k\u00f6z\u00e9 tartozik p\u00e9ld\u00e1ul a WinSCP, a FileZilla \u00e9s a Cyberduck. <\/p>\n<div class=\"newlinediv\"><\/div>\n<p> Fontos meggy\u0151z\u0151dnie arr\u00f3l, hogy rendelkezik-e a f\u00e1jl t\u00f6rl\u00e9s\u00e9hez sz\u00fcks\u00e9ges jogosults\u00e1gokkal, miel\u0151tt t\u00e1volr\u00f3l megk\u00eds\u00e9reln\u00e9 a t\u00f6rl\u00e9st. Bizonyos esetekben el\u0151fordulhat, hogy bizonyos f\u00e1jlok t\u00f6rl\u00e9s\u00e9hez rendszergazdak\u00e9nt kell bejelentkeznie, vagy speci\u00e1lis hozz\u00e1f\u00e9r\u00e9si jogosults\u00e1gokkal kell rendelkeznie. Ezen k\u00edv\u00fcl gy\u0151z\u0151dj\u00f6n meg r\u00f3la, hogy a megfelel\u0151 f\u00e1jlt t\u00f6rli, nehogy v\u00e9letlen\u00fcl fontos adatokat t\u00f6r\u00f6lj\u00f6n. <\/p>\n<\/div>\n<div class=\"question\">\n<div class=\"qtitle\"> Hogyan t\u00f6rl\u00f6m t\u00f6megesen a f\u00e1jlokat a Macbook Pro g\u00e9pemen?<\/div>\n<p> A f\u00e1jlok t\u00f6meges t\u00f6rl\u00e9s\u00e9nek t\u00f6bb m\u00f3dja is van a MacBook Pr\u00f3n: <\/p>\n<div class=\"newlinediv\"><\/div>\n<p> 1. Jel\u00f6lj\u00f6n ki t\u00f6bb f\u00e1jlt: Kattintson az els\u0151 t\u00f6r\u00f6lni k\u00edv\u00e1nt f\u00e1jlra, tartsa lenyomva a Command billenty\u0171t, majd kattintson a t\u00f6bbi t\u00f6r\u00f6lni k\u00edv\u00e1nt f\u00e1jlra. Ha az \u00f6sszes t\u00f6r\u00f6lni k\u00edv\u00e1nt f\u00e1jlt kijel\u00f6lte, kattintson a jobb gombbal az egyik kijel\u00f6lt f\u00e1jlra, \u00e9s v\u00e1lassza a &#8222;Mozgat\u00e1s a szemetesbe&#8221; lehet\u0151s\u00e9get. <\/p>\n<div class=\"newlinediv\"><\/div>\n<p> 2. Haszn\u00e1lja a Finder programot: Nyissa meg a Finder programot, \u00e9s keresse meg azt a mapp\u00e1t, amelyben a f\u00e1jlok tal\u00e1lhat\u00f3k. Jel\u00f6lje ki a t\u00f6r\u00f6lni k\u00edv\u00e1nt f\u00e1jlokat, \u00e9s h\u00fazza \u0151ket a Dockban l\u00e9v\u0151 Trash (Kuk\u00e1ba) ikonra. <\/p>\n<div class=\"newlinediv\"><\/div>\n<p> 3. Haszn\u00e1lja a termin\u00e1lt: Nyissa meg a Termin\u00e1l alkalmaz\u00e1st (az Alkalmaz\u00e1sok mappa Seg\u00e9dprogramok mapp\u00e1j\u00e1ban tal\u00e1lhat\u00f3), \u00e9s \u00edrja be az &#8222;rm&#8221; sz\u00f3t, majd egy sz\u00f3k\u00f6zt. Ezut\u00e1n h\u00fazza a t\u00f6r\u00f6lni k\u00edv\u00e1nt f\u00e1jlokat a Finderb\u0151l a Terminal ablakba. Nyomja meg az Enter billenty\u0171t, \u00e9s a f\u00e1jlok t\u00f6rl\u0151dnek. <\/p>\n<div class=\"newlinediv\"><\/div>\n<p> Fontos megjegyezni, hogy a f\u00e1jlok t\u00f6rl\u00e9se ut\u00e1n a f\u00e1jlok a szemetesbe ker\u00fclnek. A v\u00e9gleges t\u00f6rl\u00e9s\u00fckh\u00f6z ki kell \u00fcr\u00edtenie a Kuk\u00e1t. Ehhez kattintson a Dockban a Trash ikonra, majd kattintson a jobb gombbal a t\u00f6r\u00f6lni k\u00edv\u00e1nt f\u00e1jlokra, \u00e9s v\u00e1lassza a &#8222;Trash \u00fcr\u00edt\u00e9se&#8221; lehet\u0151s\u00e9get. Alternat\u00edv megold\u00e1sk\u00e9nt a Command + Shift + Delete billenty\u0171kombin\u00e1ci\u00f3val is ki\u00fcr\u00edtheti a Kuk\u00e1t an\u00e9lk\u00fcl, hogy jobb gombbal kellene a f\u00e1jlokra kattintania. <\/p>\n<\/div>\n<div class=\"question\">\n<div class=\"qtitle\"> Hogyan \u00e9rhetek el f\u00e1jlokat t\u00e1volr\u00f3l a Macen?<\/div>\n<p> Ha t\u00e1volr\u00f3l szeretne hozz\u00e1f\u00e9rni f\u00e1jlokhoz a Mac sz\u00e1m\u00edt\u00f3g\u00e9p\u00e9n, haszn\u00e1lhatja a be\u00e9p\u00edtett &#8222;K\u00e9perny\u0151megoszt\u00e1s&#8221; nev\u0171 funkci\u00f3t. Ez a funkci\u00f3 lehet\u0151v\u00e9 teszi, hogy t\u00e1volr\u00f3l el\u00e9rjen \u00e9s ir\u00e1ny\u00edtson egy m\u00e1sik Mac-et a h\u00e1l\u00f3zaton. <\/p>\n<div class=\"newlinediv\"><\/div>\n<p> Az al\u00e1bbi l\u00e9p\u00e9sekkel t\u00e1volr\u00f3l \u00e9rhet el f\u00e1jlokat a Mac sz\u00e1m\u00edt\u00f3g\u00e9p\u00e9n: <\/p>\n<div class=\"newlinediv\"><\/div>\n<p> 1. A t\u00e1volr\u00f3l el\u00e9rni k\u00edv\u00e1nt Mac sz\u00e1m\u00edt\u00f3g\u00e9pen l\u00e9pjen a Rendszerbe\u00e1ll\u00edt\u00e1sok &gt; Megoszt\u00e1s men\u00fcpontba. <\/p>\n<div class=\"newlinediv\"><\/div>\n<p> 2. Jel\u00f6lje be a &#8222;K\u00e9perny\u0151megoszt\u00e1s&#8221; melletti n\u00e9gyzetet, \u00e9s jegyezze fel a sz\u00e1m\u00edt\u00f3g\u00e9p nev\u00e9t. <\/p>\n<div class=\"newlinediv\"><\/div>\n<p> 3. Azon a Mac-en, amellyel a t\u00e1voli Mac-et szeretn\u00e9 el\u00e9rni, nyissa meg a Findert, \u00e9s kattintson a fels\u0151 men\u00fcsorban a &#8222;Go&#8221; gombra. <\/p>\n<div class=\"newlinediv\"><\/div>\n<p> 4. Kattintson a &#8222;Csatlakoz\u00e1s a kiszolg\u00e1l\u00f3hoz&#8221; gombra. <\/p>\n<div class=\"newlinediv\"><\/div>\n<p> 5. A &#8222;Server Address&#8221; mez\u0151be \u00edrja be a &#8222;vnc:\/\/sz\u00e1m\u00edt\u00f3g\u00e9p-n\u00e9v.helyi&#8221; sz\u00f6veget (a &#8222;sz\u00e1m\u00edt\u00f3g\u00e9p-n\u00e9v&#8221; hely\u00e9be a t\u00e1voli Mac nev\u00e9t \u00edrja). <\/p>\n<div class=\"newlinediv\"><\/div>\n<p> 6. Kattintson a &#8222;Csatlakoz\u00e1s&#8221; gombra, \u00e9s adja meg a t\u00e1voli Mac bejelentkez\u00e9si adatait. <\/p>\n<div class=\"newlinediv\"><\/div>\n<p> 7. A csatlakoz\u00e1st k\u00f6vet\u0151en el\u00e9rheti \u00e9s vez\u00e9relheti a t\u00e1voli Mac-et, mintha el\u0151tte \u00fclne. Hozz\u00e1f\u00e9rhet a f\u00e1jlokhoz, elind\u00edthatja a programokat, \u00e9s ak\u00e1r \u00fajra is ind\u00edthatja vagy le\u00e1ll\u00edthatja a t\u00e1voli Mac-et. <\/p>\n<div class=\"newlinediv\"><\/div>\n<p> Megjegyz\u00e9s: Biztons\u00e1gi okokb\u00f3l aj\u00e1nlott biztons\u00e1gos VPN-kapcsolatot haszn\u00e1lni a f\u00e1jlok t\u00e1voli el\u00e9r\u00e9s\u00e9hez. Emellett \u00fcgyeljen arra, hogy er\u0151s jelszavakat haszn\u00e1ljon, \u00e9s enged\u00e9lyezze a k\u00e9tfaktoros hiteles\u00edt\u00e9st mind a t\u00e1voli, mind a helyi Mac-eken.<\/p>\n<\/div>\n<\/div>\n","protected":false},"excerpt":{"rendered":"<p>A MacBook Pro elveszt\u00e9se mindig r\u00e9m\u00e1lom, de a fontos f\u00e1jlok elveszt\u00e9se m\u00e9g rosszabb. Szerencs\u00e9re t\u00e1volr\u00f3l is t\u00f6r\u00f6lhetsz f\u00e1jlokat MacBook Pro g\u00e9peden, hogy megakad\u00e1lyozd, hogy \u00e9rz\u00e9keny adataid rossz kezekbe ker\u00fcljenek. Ebben a cikkben eligaz\u00edtjuk, hogyan t\u00f6r\u00f6lhet t\u00e1volr\u00f3l f\u00e1jlokat a MacBook Pro sz\u00e1m\u00edt\u00f3g\u00e9p\u00e9n. Miel\u0151tt elkezden\u00e9nk, fontos megjegyezni, hogy enged\u00e9lyeznie kell a Find My alkalmaz\u00e1st a MacBook Pro &#8230; <a title=\"The Ultimate Guide to Deleting Files Remotely on a MacBook Pro\" class=\"read-more\" href=\"https:\/\/megnyitasa.com\/tudas\/the-ultimate-guide-to-deleting-files-remotely-on-a-macbook-pro\/\" aria-label=\"Read more about The Ultimate Guide to Deleting Files Remotely on a MacBook Pro\">Read more<\/a><\/p>\n","protected":false},"author":3547,"featured_media":0,"comment_status":"closed","ping_status":"closed","sticky":false,"template":"","format":"standard","meta":{"footnotes":""},"categories":[7],"tags":[],"class_list":["post-18017","post","type-post","status-publish","format-standard","hentry","category-uzleti-technologia-es-ugyfelszolgalat"],"_links":{"self":[{"href":"https:\/\/megnyitasa.com\/tudas\/wp-json\/wp\/v2\/posts\/18017","targetHints":{"allow":["GET"]}}],"collection":[{"href":"https:\/\/megnyitasa.com\/tudas\/wp-json\/wp\/v2\/posts"}],"about":[{"href":"https:\/\/megnyitasa.com\/tudas\/wp-json\/wp\/v2\/types\/post"}],"author":[{"embeddable":true,"href":"https:\/\/megnyitasa.com\/tudas\/wp-json\/wp\/v2\/users\/3547"}],"replies":[{"embeddable":true,"href":"https:\/\/megnyitasa.com\/tudas\/wp-json\/wp\/v2\/comments?post=18017"}],"version-history":[{"count":1,"href":"https:\/\/megnyitasa.com\/tudas\/wp-json\/wp\/v2\/posts\/18017\/revisions"}],"predecessor-version":[{"id":22159,"href":"https:\/\/megnyitasa.com\/tudas\/wp-json\/wp\/v2\/posts\/18017\/revisions\/22159"}],"wp:attachment":[{"href":"https:\/\/megnyitasa.com\/tudas\/wp-json\/wp\/v2\/media?parent=18017"}],"wp:term":[{"taxonomy":"category","embeddable":true,"href":"https:\/\/megnyitasa.com\/tudas\/wp-json\/wp\/v2\/categories?post=18017"},{"taxonomy":"post_tag","embeddable":true,"href":"https:\/\/megnyitasa.com\/tudas\/wp-json\/wp\/v2\/tags?post=18017"}],"curies":[{"name":"wp","href":"https:\/\/api.w.org\/{rel}","templated":true}]}}