{"id":18075,"date":"2023-04-24T00:00:00","date_gmt":"2023-04-24T00:00:00","guid":{"rendered":"https:\/\/megnyitasa.com\/tudas\/a-kepek-osszehasonlitasanak-mestere-az-iphoto-ban-using-side-by-side-view\/"},"modified":"2023-04-24T00:00:00","modified_gmt":"2023-04-24T00:00:00","slug":"a-kepek-osszehasonlitasanak-mestere-az-iphoto-ban-using-side-by-side-view","status":"publish","type":"post","link":"https:\/\/megnyitasa.com\/tudas\/a-kepek-osszehasonlitasanak-mestere-az-iphoto-ban-using-side-by-side-view\/","title":{"rendered":"A k\u00e9pek \u00f6sszehasonl\u00edt\u00e1s\u00e1nak mestere az iPhoto-ban: Using Side-by-Side View"},"content":{"rendered":"<div class=\"articlecontent\">\n<div class=\"newlinediv\"><\/div>\n<p> A k\u00e9pek egym\u00e1s melletti \u00f6sszehasonl\u00edt\u00e1s\u00e1nak k\u00e9pess\u00e9ge n\u00e9lk\u00fcl\u00f6zhetetlen eszk\u00f6z a fot\u00f3sok, grafikusok vagy b\u00e1rki sz\u00e1m\u00e1ra, aki vizu\u00e1lis m\u00e9di\u00e1val dolgozik. Szerencs\u00e9re az iPhoto, az Apple fot\u00f3kezel\u0151 szoftvere k\u00edn\u00e1l egy egym\u00e1s melletti n\u00e9zet funkci\u00f3t, amely lehet\u0151v\u00e9 teszi a felhaszn\u00e1l\u00f3k sz\u00e1m\u00e1ra k\u00e9t k\u00e9p egyidej\u0171 \u00f6sszehasonl\u00edt\u00e1s\u00e1t. Ak\u00e1r ugyanannak a k\u00e9pnek k\u00e9t v\u00e1ltozat\u00e1t, ak\u00e1r k\u00e9t k\u00fcl\u00f6nb\u00f6z\u0151 k\u00e9pet, ak\u00e1r el\u0151tte-ut\u00e1na felv\u00e9teleket szeretne \u00f6sszehasonl\u00edtani, ez a cikk v\u00e9gigvezeti a k\u00e9pek egym\u00e1s melletti megtekint\u00e9s\u00e9nek folyamat\u00e1n az iPhoto alkalmaz\u00e1sban. <\/p>\n<div class=\"newlinediv\"><\/div>\n<p> El\u0151sz\u00f6r nyissa meg az iPhoto programot, \u00e9s v\u00e1lassza ki az \u00f6sszehasonl\u00edtani k\u00edv\u00e1nt k\u00e9peket. Tartsa lenyomva a Command billenty\u0171t, \u00e9s kattintson az egyes k\u00e9pekre. Miut\u00e1n kiv\u00e1lasztotta a k\u00e9t \u00f6sszehasonl\u00edtani k\u00edv\u00e1nt k\u00e9pet, kattintson a k\u00e9perny\u0151 tetej\u00e9n l\u00e9v\u0151 &#8222;N\u00e9zet&#8221; men\u00fcre, \u00e9s v\u00e1lassza az &#8222;\u00d6sszehasonl\u00edt\u00e1s&#8221; lehet\u0151s\u00e9get. Alternat\u00edvak\u00e9nt a Command + C billenty\u0171kombin\u00e1ci\u00f3val is megnyithatja a k\u00e9peket az \u00f6sszehasonl\u00edt\u00f3 n\u00e9zetben. <\/p>\n<div class=\"newlinediv\"><\/div>\n<p> Az \u00f6sszehasonl\u00edt\u00f3 n\u00e9zetben a k\u00e9t k\u00e9p egym\u00e1s mellett jelenik meg, k\u00f6z\u00f6tt\u00fck egy elv\u00e1laszt\u00f3val, amelyet be\u00e1ll\u00edthat az egyes k\u00e9pek m\u00e9ret\u00e9nek megv\u00e1ltoztat\u00e1s\u00e1hoz. Az egyes k\u00e9pek alatt tal\u00e1lhat\u00f3 zoomol\u00f3 cs\u00faszk\u00e1val az egyes k\u00e9peket nagy\u00edthatja vagy kicsiny\u00edtheti. Ez k\u00fcl\u00f6n\u00f6sen akkor hasznos, ha r\u00e9szleteket hasonl\u00edt \u00f6ssze, vagy kiigaz\u00edt\u00e1sokat v\u00e9gez egy k\u00e9pen. <\/p>\n<div class=\"newlinediv\"><\/div>\n<p> Az \u00f6sszehasonl\u00edt\u00f3 n\u00e9zetben az egyes k\u00e9pek alj\u00e1n tal\u00e1lhat\u00f3 &#8222;Szerkeszt\u00e9s&#8221; gombra kattintva szerkesztheti a k\u00e9peket. Ez megnyitja az adott k\u00e9phez tartoz\u00f3 szerkeszt\u0151eszk\u00f6z\u00f6ket, amelyek seg\u00edts\u00e9g\u00e9vel m\u00f3dos\u00edthatja a sz\u00edneket, a f\u00e9nyer\u0151t, a kontrasztot \u00e9s egy\u00e9b be\u00e1ll\u00edt\u00e1sokat. A m\u00f3dos\u00edt\u00e1sok a szerkesztett k\u00e9pre vonatkoznak, nem pedig az \u00f6sszehasonl\u00edt\u00f3 n\u00e9zet mindk\u00e9t k\u00e9p\u00e9re. <\/p>\n<div class=\"newlinediv\"><\/div>\n<p> Az \u00f6sszehasonl\u00edt\u00f3 n\u00e9zetb\u0151l val\u00f3 kil\u00e9p\u00e9shez kattintson a k\u00e9perny\u0151 alj\u00e1n tal\u00e1lhat\u00f3 &#8222;K\u00e9sz&#8221; gombra. Ezzel visszat\u00e9r az iPhoto k\u00f6nyvt\u00e1rba, ahol a szok\u00e1sos m\u00f3don folytathatja a k\u00e9pekkel val\u00f3 munk\u00e1t. <\/p>\n<div class=\"newlinediv\"><\/div>\n<p> \u00d6sszefoglalva, a k\u00e9pek egym\u00e1s melletti megtekint\u00e9se az iPhoto alkalmaz\u00e1sban egy egyszer\u0171, de hat\u00e9kony eszk\u00f6z, amellyel k\u00f6nnyed\u00e9n \u00f6sszehasonl\u00edthatja \u00e9s szerkesztheti f\u00e9nyk\u00e9peit. Ha k\u00f6veti a cikkben le\u00edrt l\u00e9p\u00e9seket, elsaj\u00e1t\u00edthatja a k\u00e9pek \u00f6sszehasonl\u00edt\u00e1s\u00e1nak m\u0171v\u00e9szet\u00e9t az iPhoto alkalmaz\u00e1sban, \u00e9s a k\u00f6vetkez\u0151 szintre emelheti k\u00e9pszerkeszt\u00e9si k\u00e9szs\u00e9geit.<\/p><\/div>\n<div class=\"questions\">\n<div class=\"questionstitle\">FAQ<\/div>\n<div class=\"question\">\n<div class=\"qtitle\"> Hogyan n\u00e9zhetek meg k\u00e9t k\u00e9pet egym\u00e1s mellett Macen?<\/div>\n<p> K\u00e9t k\u00e9p egym\u00e1s melletti megtekint\u00e9s\u00e9hez Mac sz\u00e1m\u00edt\u00f3g\u00e9pen az El\u0151n\u00e9zet alkalmaz\u00e1st haszn\u00e1lhatja. Itt vannak a l\u00e9p\u00e9sek: <\/p>\n<div class=\"newlinediv\"><\/div>\n<p> 1. Nyissa meg az El\u0151n\u00e9zet alkalmaz\u00e1st a Mac sz\u00e1m\u00edt\u00f3g\u00e9p\u00e9n. <\/p>\n<div class=\"newlinediv\"><\/div>\n<p> 2. Nyissa meg az els\u0151 k\u00e9pet, amelyet meg szeretne n\u00e9zni. <\/p>\n<div class=\"newlinediv\"><\/div>\n<p> 3. Kattintson a &#8222;N\u00e9zet&#8221; gombra a fels\u0151 men\u00fcsorban. <\/p>\n<div class=\"newlinediv\"><\/div>\n<p> 4. V\u00e1lassza a &#8222;Miniat\u0171r\u00f6k megjelen\u00edt\u00e9se&#8221; lehet\u0151s\u00e9get, vagy nyomja meg a billenty\u0171zeten a &#8222;Command + Option + 2&#8221; billenty\u0171kombin\u00e1ci\u00f3t. <\/p>\n<div class=\"newlinediv\"><\/div>\n<p> 5. Ekkor megjelenik egy oldals\u00e1v az adott f\u00e1jl \u00f6sszes oldal\u00e1nak vagy k\u00e9p\u00e9nek miniat\u0171rk\u00e9peivel. <\/p>\n<div class=\"newlinediv\"><\/div>\n<p> 6. H\u00fazza a m\u00e1sodik k\u00e9pet, amelyet meg szeretne tekinteni, az oldals\u00e1vba. <\/p>\n<div class=\"newlinediv\"><\/div>\n<p> 7. Ez\u00e1ltal \u00faj oldalk\u00e9nt hozz\u00e1ad\u00f3dik az els\u0151 k\u00e9p mell\u00e9. <\/p>\n<div class=\"newlinediv\"><\/div>\n<p> 8. Kattintson a k\u00e9toldalas n\u00e9zet ikonra a fels\u0151 eszk\u00f6zt\u00e1ron, vagy nyomja le a billenty\u0171zeten a &#8222;Command + Option + 8&#8221; billenty\u0171kombin\u00e1ci\u00f3t. <\/p>\n<div class=\"newlinediv\"><\/div>\n<p> 9. Ez\u00e1ltal a k\u00e9t k\u00e9p egym\u00e1s mellett jelenik meg egy osztott k\u00e9perny\u0151s n\u00e9zetben. <\/p>\n<div class=\"newlinediv\"><\/div>\n<p> A k\u00e9peket elv\u00e1laszt\u00f3 f\u00fcgg\u0151leges vonal h\u00faz\u00e1s\u00e1val \u00e1ll\u00edthatja be az egyes k\u00e9pek m\u00e9ret\u00e9t. A fels\u0151 eszk\u00f6zt\u00e1ron tal\u00e1lhat\u00f3 nagy\u00edt\u00f3 cs\u00faszk\u00e1t is haszn\u00e1lhatja a k\u00e9t k\u00e9p egyidej\u0171 nagy\u00edt\u00e1s\u00e1hoz vagy kicsiny\u00edt\u00e9s\u00e9hez. <\/p>\n<\/div>\n<div class=\"question\">\n<div class=\"qtitle\"> Lehets\u00e9ges az egym\u00e1s melletti megjelen\u00edt\u00e9s az Apple-fot\u00f3kban?<\/div>\n<p> Igen, lehets\u00e9ges az egym\u00e1s melletti \u00f6sszehasonl\u00edt\u00e1s az Apple Fot\u00f3kban. Ehhez v\u00e1lassza ki a k\u00e9t \u00f6sszehasonl\u00edtani k\u00edv\u00e1nt k\u00e9pet, majd kattintson a k\u00e9perny\u0151 jobb fels\u0151 sark\u00e1ban tal\u00e1lhat\u00f3 &#8222;Szerkeszt\u00e9s&#8221; gombra. Ez megnyitja a kiv\u00e1lasztott k\u00e9pek szerkeszt\u0151eszk\u00f6zeit. <\/p>\n<div class=\"newlinediv\"><\/div>\n<p> Ezut\u00e1n kattintson a &#8222;Crop&#8221; eszk\u00f6zre, amelyet egy n\u00e9gyzet alak\u00fa ikon jelk\u00e9pez, amelyb\u0151l egy ny\u00edl mutat ki. Ez megnyit egy men\u00fct, amely tartalmazza az &#8222;Oldalr\u00f3l oldalra&#8221; opci\u00f3t. Kattintson erre az opci\u00f3ra, \u00e9s a k\u00e9t k\u00e9p egym\u00e1s mellett fog megjelenni a k\u00e9perny\u0151n. <\/p>\n<div class=\"newlinediv\"><\/div>\n<p> Ezut\u00e1n a szerkeszt\u0151eszk\u00f6z\u00f6kkel sz\u00fcks\u00e9g szerint m\u00f3dos\u00edthatja a k\u00e9peket, p\u00e9ld\u00e1ul kiv\u00e1ghatja vagy elforgathatja \u0151ket. Ez a funkci\u00f3 hasznos lehet k\u00e9t hasonl\u00f3 k\u00e9p \u00f6sszehasonl\u00edt\u00e1s\u00e1hoz, p\u00e9ld\u00e1ul el\u0151tte \u00e9s ut\u00e1na k\u00e9pekhez vagy k\u00fcl\u00f6nb\u00f6z\u0151 sz\u00f6gb\u0151l k\u00e9sz\u00fclt k\u00e9pekhez. <\/p>\n<\/div>\n<div class=\"question\">\n<div class=\"qtitle\"> Hogyan n\u00e9zhetem meg a f\u00e9nyk\u00e9peket egym\u00e1s mellett az iPhone-on?<\/div>\n<p> A f\u00e9nyk\u00e9pek egym\u00e1s melletti megtekint\u00e9s\u00e9hez iPhone-on haszn\u00e1lhatja az &#8222;Osztott n\u00e9zet&#8221; funkci\u00f3t, amely lehet\u0151v\u00e9 teszi k\u00e9t alkalmaz\u00e1s vagy ablak egym\u00e1s melletti megtekint\u00e9s\u00e9t ugyanazon a k\u00e9perny\u0151n. Az al\u00e1bbi l\u00e9p\u00e9seket kell k\u00f6vetni: <\/p>\n<div class=\"newlinediv\"><\/div>\n<p> 1. Nyissa meg a &#8222;Fot\u00f3k&#8221; alkalmaz\u00e1st az iPhone-on <\/p>\n<div class=\"newlinediv\"><\/div>\n<p> 2. V\u00e1lassza ki az els\u0151 fot\u00f3t, amelyet meg szeretne tekinteni <\/p>\n<div class=\"newlinediv\"><\/div>\n<p> 3. A k\u00e9perny\u0151 alj\u00e1r\u00f3l h\u00fazza felfel\u00e9 az alkalmaz\u00e1sv\u00e1lt\u00f3hoz val\u00f3 hozz\u00e1f\u00e9r\u00e9shez <\/p>\n<div class=\"newlinediv\"><\/div>\n<p> 4. Keresse meg a m\u00e1sodik haszn\u00e1lni k\u00edv\u00e1nt alkalmaz\u00e1st (p\u00e9ld\u00e1ul a &#8222;Safari&#8221; vagy a &#8222;Jegyzetek&#8221; alkalmaz\u00e1st), \u00e9s h\u00fazza felfel\u00e9 az osztott n\u00e9zetben val\u00f3 megnyit\u00e1s\u00e1hoz <\/p>\n<div class=\"newlinediv\"><\/div>\n<p> 5. V\u00e1lassza ki az els\u0151 fot\u00f3t, amelyet meg szeretne tekinteni. H\u00fazza a m\u00e1sodik alkalmaz\u00e1s ablak\u00e1t a k\u00e9perny\u0151 bal vagy jobb oldal\u00e1ra, att\u00f3l f\u00fcgg\u0151en, hogy melyik oldalon szeretn\u00e9 a f\u00e9nyk\u00e9peket megtekinteni <\/p>\n<div class=\"newlinediv\"><\/div>\n<p> 6. \u00c9rintse meg a &#8222;Fot\u00f3k&#8221; alkalmaz\u00e1sban a m\u00e1sodik f\u00e9nyk\u00e9pet, amelyet meg szeretne tekinteni <\/p>\n<div class=\"newlinediv\"><\/div>\n<p> 7. Most m\u00e1r mindk\u00e9t f\u00e9nyk\u00e9pet egym\u00e1s mellett kell l\u00e1tnia az iPhone k\u00e9perny\u0151j\u00e9n <\/p>\n<div class=\"newlinediv\"><\/div>\n<p> Ez a funkci\u00f3 k\u00fcl\u00f6n\u00f6sen hasznos lehet k\u00e9t f\u00e9nyk\u00e9p \u00f6sszehasonl\u00edt\u00e1sakor, vagy ha egy alkalmaz\u00e1st haszn\u00e1l, mik\u00f6zben egy m\u00e1sik alkalmaz\u00e1sban hivatkozik valamire, p\u00e9ld\u00e1ul egy receptre vagy haszn\u00e1lati utas\u00edt\u00e1sra. <\/p>\n<\/div>\n<div class=\"question\">\n<div class=\"qtitle\"> Hogyan tudok 2 k\u00e9pet egym\u00e1s mellett megjelen\u00edteni?<\/div>\n<p> 2 k\u00e9p egym\u00e1s melletti megjelen\u00edt\u00e9s\u00e9hez a k\u00f6vetkez\u0151 l\u00e9p\u00e9seket k\u00f6vetheti: <\/p>\n<div class=\"newlinediv\"><\/div>\n<p> 1. Nyisson meg egy k\u00e9pszerkeszt\u0151 programot, p\u00e9ld\u00e1ul az Adobe Photoshopot vagy a GIMP-et. <\/p>\n<div class=\"newlinediv\"><\/div>\n<p> 2. Hozzon l\u00e9tre egy \u00faj projektet, \u00e9s \u00e1ll\u00edtsa be a v\u00e1szon m\u00e9ret\u00e9t \u00fagy, hogy a k\u00e9t k\u00e9p egym\u00e1s mellett elf\u00e9rjen. <\/p>\n<div class=\"newlinediv\"><\/div>\n<p> 3. Import\u00e1lja az els\u0151 k\u00e9pet a projektbe. <\/p>\n<div class=\"newlinediv\"><\/div>\n<p> 4. A mozgat\u00e1s eszk\u00f6zzel h\u00fazza az els\u0151 k\u00e9pet a v\u00e1szon bal vagy jobb oldal\u00e1ra. <\/p>\n<div class=\"newlinediv\"><\/div>\n<p> 5. Import\u00e1lja a m\u00e1sodik k\u00e9pet a projektbe. <\/p>\n<div class=\"newlinediv\"><\/div>\n<p> 6. A mozgat\u00e1s eszk\u00f6zzel h\u00fazza a m\u00e1sodik k\u00e9pet a v\u00e1szon ellent\u00e9tes oldal\u00e1ra. <\/p>\n<div class=\"newlinediv\"><\/div>\n<p> 7. Sz\u00fcks\u00e9g szerint \u00e1ll\u00edtsa be a k\u00e9t k\u00e9p m\u00e9ret\u00e9t \u00e9s poz\u00edci\u00f3j\u00e1t, hogy sz\u00e9pen illeszkedjenek egym\u00e1s mell\u00e9. <\/p>\n<div class=\"newlinediv\"><\/div>\n<p> 8. Mentse a projektet, \u00e9s export\u00e1lja a v\u00e9gleges k\u00e9pet JPEG vagy PNG f\u00e1jlk\u00e9nt. <\/p>\n<div class=\"newlinediv\"><\/div>\n<p> Alternat\u00edvak\u00e9nt olyan ingyenes online eszk\u00f6zt is haszn\u00e1lhat, mint a Canva vagy a PicMonkey, hogy egym\u00e1s melletti k\u00e9pet k\u00e9sz\u00edtsen. Ezek az eszk\u00f6z\u00f6k el\u0151re elk\u00e9sz\u00edtett sablonokat k\u00edn\u00e1lnak, amelyeket testre szabhat saj\u00e1t k\u00e9peinek \u00e9s sz\u00f6veg\u00e9nek hozz\u00e1ad\u00e1s\u00e1val. Egyszer\u0171en v\u00e1lasszon ki egy sablont, t\u00f6ltse fel a k\u00e9peit, \u00e9s \u00e1ll\u00edtsa be az elrendez\u00e9st \u00fagy, hogy a k\u00e9pek egym\u00e1s mellett jelenjenek meg. Ha elk\u00e9sz\u00fclt, let\u00f6ltheti a v\u00e9gleges k\u00e9pet, \u00e9s sz\u00fcks\u00e9g szerint felhaszn\u00e1lhatja.<\/p>\n<\/div>\n<\/div>\n","protected":false},"excerpt":{"rendered":"<p>A k\u00e9pek egym\u00e1s melletti \u00f6sszehasonl\u00edt\u00e1s\u00e1nak k\u00e9pess\u00e9ge n\u00e9lk\u00fcl\u00f6zhetetlen eszk\u00f6z a fot\u00f3sok, grafikusok vagy b\u00e1rki sz\u00e1m\u00e1ra, aki vizu\u00e1lis m\u00e9di\u00e1val dolgozik. Szerencs\u00e9re az iPhoto, az Apple fot\u00f3kezel\u0151 szoftvere k\u00edn\u00e1l egy egym\u00e1s melletti n\u00e9zet funkci\u00f3t, amely lehet\u0151v\u00e9 teszi a felhaszn\u00e1l\u00f3k sz\u00e1m\u00e1ra k\u00e9t k\u00e9p egyidej\u0171 \u00f6sszehasonl\u00edt\u00e1s\u00e1t. Ak\u00e1r ugyanannak a k\u00e9pnek k\u00e9t v\u00e1ltozat\u00e1t, ak\u00e1r k\u00e9t k\u00fcl\u00f6nb\u00f6z\u0151 k\u00e9pet, ak\u00e1r el\u0151tte-ut\u00e1na felv\u00e9teleket szeretne &#8230; <a title=\"A k\u00e9pek \u00f6sszehasonl\u00edt\u00e1s\u00e1nak mestere az iPhoto-ban: Using Side-by-Side View\" class=\"read-more\" href=\"https:\/\/megnyitasa.com\/tudas\/a-kepek-osszehasonlitasanak-mestere-az-iphoto-ban-using-side-by-side-view\/\" aria-label=\"Read more about A k\u00e9pek \u00f6sszehasonl\u00edt\u00e1s\u00e1nak mestere az iPhoto-ban: Using Side-by-Side View\">Read more<\/a><\/p>\n","protected":false},"author":722,"featured_media":0,"comment_status":"closed","ping_status":"closed","sticky":false,"template":"","format":"standard","meta":{"footnotes":""},"categories":[18],"tags":[],"class_list":["post-18075","post","type-post","status-publish","format-standard","hentry","category-uzleti-tervezes-es-strategia"],"_links":{"self":[{"href":"https:\/\/megnyitasa.com\/tudas\/wp-json\/wp\/v2\/posts\/18075","targetHints":{"allow":["GET"]}}],"collection":[{"href":"https:\/\/megnyitasa.com\/tudas\/wp-json\/wp\/v2\/posts"}],"about":[{"href":"https:\/\/megnyitasa.com\/tudas\/wp-json\/wp\/v2\/types\/post"}],"author":[{"embeddable":true,"href":"https:\/\/megnyitasa.com\/tudas\/wp-json\/wp\/v2\/users\/722"}],"replies":[{"embeddable":true,"href":"https:\/\/megnyitasa.com\/tudas\/wp-json\/wp\/v2\/comments?post=18075"}],"version-history":[{"count":0,"href":"https:\/\/megnyitasa.com\/tudas\/wp-json\/wp\/v2\/posts\/18075\/revisions"}],"wp:attachment":[{"href":"https:\/\/megnyitasa.com\/tudas\/wp-json\/wp\/v2\/media?parent=18075"}],"wp:term":[{"taxonomy":"category","embeddable":true,"href":"https:\/\/megnyitasa.com\/tudas\/wp-json\/wp\/v2\/categories?post=18075"},{"taxonomy":"post_tag","embeddable":true,"href":"https:\/\/megnyitasa.com\/tudas\/wp-json\/wp\/v2\/tags?post=18075"}],"curies":[{"name":"wp","href":"https:\/\/api.w.org\/{rel}","templated":true}]}}