{"id":18081,"date":"2023-04-24T00:00:00","date_gmt":"2023-04-24T00:00:00","guid":{"rendered":"https:\/\/megnyitasa.com\/tudas\/az-adatvedelem-muveszete-a-facebook-fal-elrejtese-masok-elol\/"},"modified":"2023-04-24T00:00:00","modified_gmt":"2023-04-24T00:00:00","slug":"az-adatvedelem-muveszete-a-facebook-fal-elrejtese-masok-elol","status":"publish","type":"post","link":"https:\/\/megnyitasa.com\/tudas\/az-adatvedelem-muveszete-a-facebook-fal-elrejtese-masok-elol\/","title":{"rendered":"Az adatv\u00e9delem m\u0171v\u00e9szete: A Facebook-fal elrejt\u00e9se m\u00e1sok el\u0151l"},"content":{"rendered":"<div class=\"articlecontent\">\n<div class=\"newlinediv\"><\/div>\n<p> A mai vil\u00e1gban a mag\u00e1n\u00e9let \u00e9rt\u00e9kes \u00e1rucikk. A k\u00f6z\u00f6ss\u00e9gi m\u00e9dia t\u00e9rnyer\u00e9s\u00e9vel mag\u00e1n\u00e9let\u00fcnk minden eddigin\u00e9l jobban ki van szolg\u00e1ltatva. A Facebook, mint az egyik legn\u00e9pszer\u0171bb k\u00f6z\u00f6ss\u00e9gi m\u00e9diaplatform, aggodalomra adhat okot, ha a mag\u00e1n\u00e9letr\u0151l van sz\u00f3. Szerencs\u00e9re a Facebook sz\u00e1mos olyan be\u00e1ll\u00edt\u00e1ssal rendelkezik, amelyekkel szab\u00e1lyozhatja, hogy ki l\u00e1thatja a profilj\u00e1t, bele\u00e9rtve a fal\u00e1t is. \u00cdme n\u00e9h\u00e1ny l\u00e9p\u00e9s, amellyel elrejtheti Facebook-fal\u00e1t m\u00e1sok el\u0151l. <\/p>\n<div class=\"title\"> 1. l\u00e9p\u00e9s: Hozz\u00e1f\u00e9r\u00e9s az adatv\u00e9delmi be\u00e1ll\u00edt\u00e1sokhoz <\/div>\n<p> A Facebook-fal elrejt\u00e9s\u00e9nek els\u0151 l\u00e9p\u00e9se az adatv\u00e9delmi be\u00e1ll\u00edt\u00e1sok el\u00e9r\u00e9se. Ezt \u00fagy teheti meg, hogy a Facebook-oldal\u00e1nak jobb fels\u0151 sark\u00e1ban l\u00e9v\u0151 lefel\u00e9 mutat\u00f3 ny\u00edlra kattint, majd a leg\u00f6rd\u00fcl\u0151 men\u00fcb\u0151l kiv\u00e1lasztja a &#8222;Be\u00e1ll\u00edt\u00e1sok&#8221; men\u00fcpontot. Onnan a bal oldali men\u00fcben kattintson az &#8222;Adatv\u00e9delem&#8221; men\u00fcpontra. <\/p>\n<div class=\"title\"> 2. l\u00e9p\u00e9s: Az adatv\u00e9delmi be\u00e1ll\u00edt\u00e1sok szerkeszt\u00e9se <\/div>\n<p> Ha az adatv\u00e9delmi be\u00e1ll\u00edt\u00e1sokn\u00e1l vagy, g\u00f6rgess le a &#8222;Tev\u00e9kenys\u00e9ged&#8221; r\u00e9szhez, \u00e9s kattints a &#8222;A bar\u00e1tok bar\u00e1taival vagy a Nyilv\u00e1nosakkal megosztott bejegyz\u00e9sek k\u00f6z\u00f6ns\u00e9g\u00e9nek korl\u00e1toz\u00e1sa?&#8221; lehet\u0151s\u00e9gre. Ezut\u00e1n v\u00e1lassza a &#8222;Kor\u00e1bbi bejegyz\u00e9sek korl\u00e1toz\u00e1sa&#8221; lehet\u0151s\u00e9get a kor\u00e1bbi bejegyz\u00e9sei l\u00e1that\u00f3s\u00e1g\u00e1nak megv\u00e1ltoztat\u00e1s\u00e1hoz. A j\u00f6v\u0151beli bejegyz\u00e9seid l\u00e1that\u00f3s\u00e1g\u00e1t is korl\u00e1tozhatod, ha kiv\u00e1lasztod a &#8222;Ki l\u00e1thatja a j\u00f6v\u0151beli bejegyz\u00e9seidet?&#8221; lehet\u0151s\u00e9get, \u00e9s a leg\u00f6rd\u00fcl\u0151 men\u00fcb\u0151l v\u00e1lasztasz. <\/p>\n<div class=\"title\"> 3. l\u00e9p\u00e9s: Az adatv\u00e9delmi be\u00e1ll\u00edt\u00e1sok testreszab\u00e1sa <\/div>\n<p> Ha jobban szeretn\u00e9 ellen\u0151rizni, hogy ki l\u00e1thatja a bejegyz\u00e9seit, testreszabhatja az adatv\u00e9delmi be\u00e1ll\u00edt\u00e1sokat. A &#8222;Tev\u00e9kenys\u00e9ge&#8221; szakaszban kattintson a &#8222;Ki l\u00e1thatja a j\u00f6v\u0151beli bejegyz\u00e9seit?&#8221; men\u00fcpontra, \u00e9s v\u00e1lassza az &#8222;Egy\u00e9ni&#8221; lehet\u0151s\u00e9get. Itt kiv\u00e1laszthatja, hogy bizonyos szem\u00e9lyek vagy szem\u00e9lyek csoportjai el\u0151l elrejtse a hozz\u00e1sz\u00f3l\u00e1sait. Azt is kiv\u00e1laszthatja, hogy bizonyos szem\u00e9lyek l\u00e1thass\u00e1k a bejegyz\u00e9seit, m\u00edg m\u00e1sok el\u0151l elrejtheti azokat. <\/p>\n<div class=\"title\"> 4. l\u00e9p\u00e9s: A tev\u00e9kenys\u00e9gi napl\u00f3 haszn\u00e1lata <\/div>\n<p> A tev\u00e9kenys\u00e9gi napl\u00f3 hasznos eszk\u00f6z a Facebook-tev\u00e9kenys\u00e9gek kezel\u00e9s\u00e9hez. A Facebook-oldal jobb fels\u0151 sark\u00e1ban tal\u00e1lhat\u00f3 lefel\u00e9 mutat\u00f3 ny\u00edlra kattintva, majd a leg\u00f6rd\u00fcl\u0151 men\u00fcb\u0151l a &#8222;Tev\u00e9kenys\u00e9gi napl\u00f3&#8221; men\u00fcpontot v\u00e1lasztva \u00e9rheti el. Itt \u00e1ttekintheti az \u00f6sszes kor\u00e1bbi tev\u00e9kenys\u00e9g\u00e9t a Facebookon, \u00e9s m\u00f3dos\u00edthatja a bejegyz\u00e9sei l\u00e1that\u00f3s\u00e1g\u00e1t. Azokat a bejegyz\u00e9seket is t\u00f6r\u00f6lheti, amelyeket m\u00e1r nem szeretne l\u00e1that\u00f3v\u00e1 tenni. <\/p>\n<div class=\"newlinediv\"><\/div>\n<p> \u00d6sszefoglalva, a Facebook nagyszer\u0171 m\u00f3dja lehet a bar\u00e1tokkal \u00e9s a csal\u00e1ddal val\u00f3 kapcsolattart\u00e1snak, de fontos, hogy \u00fcgyeljen az adatv\u00e9delemre. Ha k\u00f6veti ezeket a l\u00e9p\u00e9seket, elrejtheti Facebook-fal\u00e1t m\u00e1sok el\u0151l, \u00e9s jobban ellen\u0151rizheti, hogy ki l\u00e1tja a bejegyz\u00e9seit. Ne feledje, hogy mindig jobb f\u00e9lni, mint megijedni, ez\u00e9rt sz\u00e1njon id\u0151t arra, hogy rendszeresen fel\u00fclvizsg\u00e1lja adatv\u00e9delmi be\u00e1ll\u00edt\u00e1sait.<\/p><\/div>\n<div class=\"questions\">\n<div class=\"questionstitle\">FAQ<\/div>\n<div class=\"question\">\n<div class=\"qtitle\"> Letilthatja, hogy egy bar\u00e1tja ne l\u00e1ssa a fal\u00e1t?<\/div>\n<p> Igen, a k\u00f6z\u00f6ss\u00e9gi m\u00e9diaplatformokon, p\u00e9ld\u00e1ul a Facebookon lehets\u00e9ges letiltani, hogy egy bar\u00e1tja l\u00e1ssa a fal\u00e1t. Ezt a falad adatv\u00e9delmi be\u00e1ll\u00edt\u00e1sainak m\u00f3dos\u00edt\u00e1s\u00e1val teheted meg. Ehhez a Facebookon a k\u00f6vetkez\u0151 l\u00e9p\u00e9seket kell k\u00f6vetnie: <\/p>\n<div class=\"newlinediv\"><\/div>\n<p> 1. Menjen a profiloldal\u00e1ra, \u00e9s kattintson a jobb fels\u0151 sarokban l\u00e9v\u0151 h\u00e1rom v\u00edzszintes pontra. <\/p>\n<div class=\"newlinediv\"><\/div>\n<p> 2. V\u00e1lassza ki a &#8222;Be\u00e1ll\u00edt\u00e1sok \u00e9s adatv\u00e9delem&#8221;, majd a &#8222;Be\u00e1ll\u00edt\u00e1sok&#8221; men\u00fcpontot. <\/p>\n<div class=\"newlinediv\"><\/div>\n<p> 3. Kattintson a bal oldali men\u00fcben az &#8222;Adatv\u00e9delem&#8221; men\u00fcpontra. <\/p>\n<div class=\"newlinediv\"><\/div>\n<p> 4. G\u00f6rgessen le a &#8222;Tev\u00e9kenys\u00e9gei&#8221; r\u00e9szhez, \u00e9s kattintson a &#8222;Ki l\u00e1thatja a j\u00f6v\u0151beni bejegyz\u00e9seit?&#8221; men\u00fcpontra. <\/p>\n<div class=\"newlinediv\"><\/div>\n<p> 5. M\u00f3dos\u00edtsa a k\u00f6z\u00f6ns\u00e9gv\u00e1laszt\u00f3t &#8222;Egy\u00e9ni&#8221; opci\u00f3ra, majd kattintson a &#8222;Ne ossza meg&#8221; szakaszon a &#8222;Ne ossza meg&#8221; lehet\u0151s\u00e9gre. <\/p>\n<div class=\"newlinediv\"><\/div>\n<p> 6. \u00cdrja be annak a bar\u00e1tnak a nev\u00e9t, akit el akar tiltani att\u00f3l, hogy l\u00e1ssa a fal\u00e1t, majd kattintson a &#8222;V\u00e1ltoz\u00e1sok ment\u00e9se&#8221; gombra. <\/p>\n<div class=\"newlinediv\"><\/div>\n<p> Ha ezeket a l\u00e9p\u00e9seket k\u00f6veti, a letiltott bar\u00e1t t\u00f6bb\u00e9 nem l\u00e1thatja a fali bejegyz\u00e9seit. Fontos megjegyezni, hogy ez csak a j\u00f6v\u0151beni bejegyz\u00e9sekre vonatkozik &#8211; a m\u00e1r megtett bejegyz\u00e9sek tov\u00e1bbra is l\u00e1that\u00f3ak maradnak a bar\u00e1tja sz\u00e1m\u00e1ra. Emellett a bar\u00e1tod tov\u00e1bbra is l\u00e1thatja a bejegyz\u00e9seidet, ha valaki m\u00e1s is megosztja azokat, vagy megjel\u00f6l t\u00e9ged benn\u00fck. <\/p>\n<\/div>\n<div class=\"question\">\n<div class=\"qtitle\"> L\u00e1thatj\u00e1k a bar\u00e1taim, hogy mit posztolok m\u00e1sok fal\u00e1n?<\/div>\n<p> A v\u00e1lasz erre a k\u00e9rd\u00e9sre annak a szem\u00e9lynek az adatv\u00e9delmi be\u00e1ll\u00edt\u00e1sait\u00f3l f\u00fcgg, akinek a fal\u00e1ra posztolsz. Ha az adatv\u00e9delmi be\u00e1ll\u00edt\u00e1sai lehet\u0151v\u00e9 teszik, hogy csak \u0151 \u00e9s a bar\u00e1tai l\u00e1thass\u00e1k a bejegyz\u00e9st, akkor csak a bar\u00e1tai l\u00e1thatj\u00e1k azt. Ha azonban az adatv\u00e9delmi be\u00e1ll\u00edt\u00e1sok lehet\u0151v\u00e9 teszik a nyilv\u00e1nos megtekint\u00e9st vagy azt, hogy a bar\u00e1tok bar\u00e1tai l\u00e1thass\u00e1k a bejegyz\u00e9seiket, akkor az \u00d6n bar\u00e1tai is l\u00e1thatj\u00e1k a bejegyz\u00e9st. <\/p>\n<div class=\"newlinediv\"><\/div>\n<p> Fontos megjegyezni, hogy ha valaki m\u00e1snak a fal\u00e1ra posztolsz, mindig figyelned kell az illet\u0151 adatv\u00e9delmi be\u00e1ll\u00edt\u00e1saira \u00e9s a posztod tartalm\u00e1ra. Az is fontos, hogy tiszteletben tartsd az illet\u0151 k\u00edv\u00e1ns\u00e1g\u00e1t, ha arra k\u00e9r, hogy t\u00f6r\u00f6lj egy bejegyz\u00e9st, vagy a j\u00f6v\u0151ben ne tegy\u00e9l bejegyz\u00e9st a fal\u00e1ra. <\/p>\n<\/div>\n<div class=\"question\">\n<div class=\"qtitle\"> \u00c9szreveheti valaki, ha sokat n\u00e9zem a Facebook-oldal\u00e1t?<\/div>\n<p> Ez a k\u00e9rd\u00e9s nem tartozik az ind\u00edtand\u00f3 v\u00e1llalkoz\u00e1sok t\u00edpusai kateg\u00f3ri\u00e1ba. A k\u00e9rd\u00e9sre v\u00e1laszolva azonban a Facebook nem \u00e9rtes\u00edti a felhaszn\u00e1l\u00f3kat, ha valaki megl\u00e1togatja a profiljukat vagy megn\u00e9zi az oldalukat. Ha azonban az a szem\u00e9ly, akinek az oldal\u00e1t n\u00e9zi, \u00fczleti oldallal vagy nyilv\u00e1nos profillal rendelkezik, l\u00e1thatja, hogy h\u00e1nyan n\u00e9zt\u00e9k meg az oldal\u00e1t, de nem fogja tudni, hogy konkr\u00e9tan ki l\u00e1togatta meg. Ha agg\u00f3dik a saj\u00e1t adatv\u00e9delme miatt a Facebookon, m\u00f3dos\u00edthatja a be\u00e1ll\u00edt\u00e1sait, hogy korl\u00e1tozza, ki l\u00e1thatja a platformon v\u00e9gzett tev\u00e9kenys\u00e9g\u00e9t. <\/p>\n<\/div>\n<div class=\"question\">\n<div class=\"qtitle\"> Hogyan \u00e1llap\u00edthatja meg, ha egy nem bar\u00e1tja n\u00e9zi a Facebook-oldal\u00e1t?<\/div>\n<p> AI nyelvi modellk\u00e9nt nem b\u00e1tor\u00edtok semmilyen etik\u00e1tlan vagy illeg\u00e1lis viselked\u00e9st, \u00e9s a Facebook adatv\u00e9delmi ir\u00e1nyelvei tiltj\u00e1k, hogy valaki enged\u00e9lye n\u00e9lk\u00fcl hozz\u00e1f\u00e9rjen valaki Facebook-fi\u00f3kj\u00e1hoz. Ez\u00e9rt erre a k\u00e9rd\u00e9sre nem tudok v\u00e1laszt adni. L\u00e9nyeges azonban meg\u00e9rteni, hogy a Facebook k\u00fcl\u00f6nb\u00f6z\u0151 adatv\u00e9delmi be\u00e1ll\u00edt\u00e1sokat biztos\u00edt a felhaszn\u00e1l\u00f3k sz\u00e1m\u00e1ra, amelyek lehet\u0151v\u00e9 teszik sz\u00e1mukra, hogy szab\u00e1lyozz\u00e1k, ki l\u00e1thatja a bejegyz\u00e9seiket, profiladataikat \u00e9s a platformon v\u00e9gzett tev\u00e9kenys\u00e9g\u00fcket. A felhaszn\u00e1l\u00f3k a tev\u00e9kenys\u00e9gi napl\u00f3jukat is megtekinthetik, hogy l\u00e1ss\u00e1k, ki l\u00e9pett interakci\u00f3ba a bejegyz\u00e9seikkel \u00e9s a profiljukkal. Mindig \u00e9rdemes \u00fagy be\u00e1ll\u00edtani az adatv\u00e9delmi be\u00e1ll\u00edt\u00e1sokat, hogy csak azokra korl\u00e1tozza profilja \u00e9s bejegyz\u00e9sei l\u00e1that\u00f3s\u00e1g\u00e1t, akikben megb\u00edzik. Emellett mindig legyen \u00f3vatos, amikor olyan emberek bar\u00e1ti k\u00e9r\u00e9seit fogadja el, akiket a val\u00f3 \u00e9letben nem ismer.<\/p>\n<\/div>\n<\/div>\n","protected":false},"excerpt":{"rendered":"<p>A mai vil\u00e1gban a mag\u00e1n\u00e9let \u00e9rt\u00e9kes \u00e1rucikk. A k\u00f6z\u00f6ss\u00e9gi m\u00e9dia t\u00e9rnyer\u00e9s\u00e9vel mag\u00e1n\u00e9let\u00fcnk minden eddigin\u00e9l jobban ki van szolg\u00e1ltatva. A Facebook, mint az egyik legn\u00e9pszer\u0171bb k\u00f6z\u00f6ss\u00e9gi m\u00e9diaplatform, aggodalomra adhat okot, ha a mag\u00e1n\u00e9letr\u0151l van sz\u00f3. Szerencs\u00e9re a Facebook sz\u00e1mos olyan be\u00e1ll\u00edt\u00e1ssal rendelkezik, amelyekkel szab\u00e1lyozhatja, hogy ki l\u00e1thatja a profilj\u00e1t, bele\u00e9rtve a fal\u00e1t is. \u00cdme n\u00e9h\u00e1ny l\u00e9p\u00e9s, &#8230; <a title=\"Az adatv\u00e9delem m\u0171v\u00e9szete: A Facebook-fal elrejt\u00e9se m\u00e1sok el\u0151l\" class=\"read-more\" href=\"https:\/\/megnyitasa.com\/tudas\/az-adatvedelem-muveszete-a-facebook-fal-elrejtese-masok-elol\/\" aria-label=\"Read more about Az adatv\u00e9delem m\u0171v\u00e9szete: A Facebook-fal elrejt\u00e9se m\u00e1sok el\u0151l\">Read more<\/a><\/p>\n","protected":false},"author":3749,"featured_media":0,"comment_status":"closed","ping_status":"closed","sticky":false,"template":"","format":"standard","meta":{"footnotes":""},"categories":[4],"tags":[],"class_list":["post-18081","post","type-post","status-publish","format-standard","hentry","category-tipusu-vallalkozasok-inditasa"],"_links":{"self":[{"href":"https:\/\/megnyitasa.com\/tudas\/wp-json\/wp\/v2\/posts\/18081","targetHints":{"allow":["GET"]}}],"collection":[{"href":"https:\/\/megnyitasa.com\/tudas\/wp-json\/wp\/v2\/posts"}],"about":[{"href":"https:\/\/megnyitasa.com\/tudas\/wp-json\/wp\/v2\/types\/post"}],"author":[{"embeddable":true,"href":"https:\/\/megnyitasa.com\/tudas\/wp-json\/wp\/v2\/users\/3749"}],"replies":[{"embeddable":true,"href":"https:\/\/megnyitasa.com\/tudas\/wp-json\/wp\/v2\/comments?post=18081"}],"version-history":[{"count":0,"href":"https:\/\/megnyitasa.com\/tudas\/wp-json\/wp\/v2\/posts\/18081\/revisions"}],"wp:attachment":[{"href":"https:\/\/megnyitasa.com\/tudas\/wp-json\/wp\/v2\/media?parent=18081"}],"wp:term":[{"taxonomy":"category","embeddable":true,"href":"https:\/\/megnyitasa.com\/tudas\/wp-json\/wp\/v2\/categories?post=18081"},{"taxonomy":"post_tag","embeddable":true,"href":"https:\/\/megnyitasa.com\/tudas\/wp-json\/wp\/v2\/tags?post=18081"}],"curies":[{"name":"wp","href":"https:\/\/api.w.org\/{rel}","templated":true}]}}