{"id":18193,"date":"2023-04-24T00:00:00","date_gmt":"2023-04-24T00:00:00","guid":{"rendered":"https:\/\/megnyitasa.com\/tudas\/a-vilagos-es-konkret-humaneroforras-celok-kituzesenek-fontossaga\/"},"modified":"2023-04-24T00:00:00","modified_gmt":"2023-04-24T00:00:00","slug":"a-vilagos-es-konkret-humaneroforras-celok-kituzesenek-fontossaga","status":"publish","type":"post","link":"https:\/\/megnyitasa.com\/tudas\/a-vilagos-es-konkret-humaneroforras-celok-kituzesenek-fontossaga\/","title":{"rendered":"A vil\u00e1gos \u00e9s konkr\u00e9t hum\u00e1ner\u0151forr\u00e1s-c\u00e9lok kit\u0171z\u00e9s\u00e9nek fontoss\u00e1ga"},"content":{"rendered":"<div class=\"articlecontent\">\n<div class=\"newlinediv\"><\/div>\n<p> A hum\u00e1ner\u0151forr\u00e1s (HR) egy kritikus fontoss\u00e1g\u00fa r\u00e9szleg minden szervezetben, amely a munkaer\u0151 ir\u00e1ny\u00edt\u00e1s\u00e1\u00e9rt \u00e9s fejleszt\u00e9s\u00e9\u00e9rt felel\u0151s. A HR els\u0151dleges szerepe annak biztos\u00edt\u00e1sa, hogy a szervezet a megfelel\u0151 k\u00e9szs\u00e9gekkel, tud\u00e1ssal \u00e9s hozz\u00e1\u00e1ll\u00e1ssal rendelkez\u0151 emberekkel rendelkezzen a strat\u00e9giai c\u00e9lok el\u00e9r\u00e9s\u00e9hez. E c\u00e9l el\u00e9r\u00e9se \u00e9rdek\u00e9ben a HR-nek vil\u00e1gos, konkr\u00e9t \u00e9s m\u00e9rhet\u0151 c\u00e9lokat \u00e9s c\u00e9lkit\u0171z\u00e9seket kell kit\u0171znie, amelyek \u00f6sszhangban vannak a szervezet strat\u00e9giai terv\u00e9vel. Ez a cikk n\u00e9h\u00e1ny p\u00e9ld\u00e1t emel ki a hum\u00e1ner\u0151forr\u00e1s c\u00e9lokra \u00e9s c\u00e9lkit\u0171z\u00e9sekre. <\/p>\n<div class=\"title\"> 1. Toborz\u00e1s \u00e9s megtart\u00e1s <\/div>\n<p> A megfelel\u0151 tehets\u00e9gek toborz\u00e1sa \u00e9s megtart\u00e1sa a HR-oszt\u00e1lyok egyik kritikus c\u00e9lkit\u0171z\u00e9se. Egy j\u00f3l kidolgozott toborz\u00e1si \u00e9s megtart\u00e1si strat\u00e9gia seg\u00edthet biztos\u00edtani, hogy a szervezet rendelkezzen a c\u00e9ljai el\u00e9r\u00e9s\u00e9hez sz\u00fcks\u00e9ges tehets\u00e9gekkel. A HR c\u00e9ljai ezen a ter\u00fcleten a k\u00f6vetkez\u0151k lehetnek: a k\u00e9pzett jelentkez\u0151k sz\u00e1m\u00e1nak n\u00f6vel\u00e9se, a felv\u00e9telig eltelt id\u0151 cs\u00f6kkent\u00e9se, a jel\u00f6ltek tapasztalatainak jav\u00edt\u00e1sa \u00e9s a fluktu\u00e1ci\u00f3s ar\u00e1ny cs\u00f6kkent\u00e9se. <\/p>\n<div class=\"title\"> 2. Munkav\u00e1llal\u00f3k fejleszt\u00e9se <\/div>\n<p> A munkav\u00e1llal\u00f3k fejleszt\u00e9se elengedhetetlen a k\u00e9pzett \u00e9s elk\u00f6telezett munkaer\u0151 kialak\u00edt\u00e1s\u00e1hoz. A HR-oszt\u00e1lyok kit\u0171zhetik a munkav\u00e1llal\u00f3i fejleszt\u00e9ssel kapcsolatos c\u00e9lokat, p\u00e9ld\u00e1ul a k\u00e9pz\u00e9sben r\u00e9szes\u00fcl\u0151 munkav\u00e1llal\u00f3k sz\u00e1m\u00e1nak n\u00f6vel\u00e9s\u00e9t, a k\u00e9pz\u00e9si programok min\u0151s\u00e9g\u00e9nek jav\u00edt\u00e1s\u00e1t \u00e9s a munkav\u00e1llal\u00f3k elk\u00f6telezetts\u00e9gi szintj\u00e9nek n\u00f6vel\u00e9s\u00e9t. A HR-oszt\u00e1ly karrierfejleszt\u00e9si terveket is k\u00e9sz\u00edthet a munkav\u00e1llal\u00f3k sz\u00e1m\u00e1ra, hogy seg\u00edtse \u0151ket karrierc\u00e9ljaik el\u00e9r\u00e9s\u00e9ben, mik\u00f6zben megfelelnek a szervezet ig\u00e9nyeinek. <\/p>\n<div class=\"title\"> 3. Teljes\u00edtm\u00e9nymenedzsment <\/div>\n<p> A teljes\u00edtm\u00e9nymenedzsment a HR-oszt\u00e1lyok egyik kritikus funkci\u00f3ja. Az egy\u00e9rtelm\u0171 teljes\u00edtm\u00e9nyc\u00e9lok kit\u0171z\u00e9se \u00e9s a rendszeres visszajelz\u00e9s seg\u00edt a munkav\u00e1llal\u00f3knak abban, hogy meg\u00e9rts\u00e9k, mit v\u00e1rnak el t\u0151l\u00fck \u00e9s hogyan teljes\u00edtenek. A HR c\u00e9ljai ezen a ter\u00fcleten magukban foglalhatj\u00e1k a teljes\u00edtm\u00e9ny\u00e9rt\u00e9kel\u00e9sek min\u0151s\u00e9g\u00e9nek jav\u00edt\u00e1s\u00e1t, a visszajelz\u00e9sek gyakoris\u00e1g\u00e1nak n\u00f6vel\u00e9s\u00e9t \u00e9s a munkav\u00e1llal\u00f3i c\u00e9lok \u00f6sszehangol\u00e1s\u00e1t a szervezeti c\u00e9lokkal. <\/p>\n<div class=\"title\"> 4. Soksz\u00edn\u0171s\u00e9g \u00e9s befogad\u00e1s <\/div>\n<p> A soksz\u00edn\u0171s\u00e9g \u00e9s a befogad\u00e1s egyre fontosabb\u00e1 v\u00e1lik a modern munkahelyeken. A HR-oszt\u00e1lyok a sokf\u00e9les\u00e9g \u00e9s befogad\u00e1s k\u00f6r\u00e9 olyan c\u00e9lokat t\u0171zhetnek ki, mint p\u00e9ld\u00e1ul a soksz\u00edn\u0171 jel\u00f6ltek sz\u00e1m\u00e1nak n\u00f6vel\u00e9se a felv\u00e9teli folyamatban, soksz\u00edn\u0171s\u00e9gi k\u00e9pz\u00e9si programok v\u00e9grehajt\u00e1sa \u00e9s a befogad\u00e1s kult\u00far\u00e1j\u00e1nak megteremt\u00e9se a munkahelyen. <\/p>\n<div class=\"newlinediv\"><\/div>\n<p> \u00d6sszefoglalva, az egy\u00e9rtelm\u0171 \u00e9s konkr\u00e9t hum\u00e1ner\u0151forr\u00e1s-c\u00e9lok \u00e9s c\u00e9lkit\u0171z\u00e9sek meghat\u00e1roz\u00e1sa alapvet\u0151 fontoss\u00e1g\u00fa b\u00e1rmely szervezet sikere szempontj\u00e1b\u00f3l. A HR-oszt\u00e1lyoknak \u00f6ssze kell hangolniuk c\u00e9ljaikat \u00e9s c\u00e9lkit\u0171z\u00e9seiket a szervezet strat\u00e9giai c\u00e9lkit\u0171z\u00e9seivel annak biztos\u00edt\u00e1sa \u00e9rdek\u00e9ben, hogy hozz\u00e1j\u00e1ruljanak a szervezet \u00e1ltal\u00e1nos siker\u00e9hez. Az olyan ter\u00fcleteken, mint a toborz\u00e1s \u00e9s megtart\u00e1s, a munkat\u00e1rsak fejleszt\u00e9se, a teljes\u00edtm\u00e9nymenedzsment, valamint a soksz\u00edn\u0171s\u00e9g \u00e9s befogad\u00e1s, a HR seg\u00edthet a k\u00e9pzett, elk\u00f6telezett \u00e9s soksz\u00edn\u0171 munkaer\u0151 kialak\u00edt\u00e1s\u00e1ban, amely k\u00e9pes a szervezet siker\u00e9nek el\u0151mozd\u00edt\u00e1s\u00e1ra.<\/p><\/div>\n<div class=\"questions\">\n<div class=\"questionstitle\">FAQ<\/div>\n<div class=\"question\">\n<div class=\"qtitle\"> Mi a HR 7 f\u0151 c\u00e9lja?<\/div>\n<p> A hum\u00e1ner\u0151forr\u00e1s 7 f\u0151 c\u00e9lja a k\u00f6vetkez\u0151: <\/p>\n<div class=\"newlinediv\"><\/div>\n<p> 1. Toborz\u00e1s \u00e9s megtart\u00e1s: K\u00e9pzett jel\u00f6ltek vonz\u00e1sa a nyitott poz\u00edci\u00f3k bet\u00f6lt\u00e9s\u00e9re, valamint a legjobb tehets\u00e9gek megtart\u00e1sa a v\u00e1llalaton bel\u00fcl a munkat\u00e1rsak elk\u00f6telez\u0151d\u00e9s\u00e9vel \u00e9s fejleszt\u00e9si programokkal. <\/p>\n<div class=\"newlinediv\"><\/div>\n<p> 2. K\u00e9pz\u00e9s \u00e9s fejleszt\u00e9s: Az alkalmazottak sz\u00e1m\u00e1ra a munk\u00e1juk hat\u00e9kony elv\u00e9gz\u00e9s\u00e9hez \u00e9s a v\u00e1llalaton bel\u00fcli fejl\u0151d\u00e9shez sz\u00fcks\u00e9ges k\u00e9szs\u00e9gek \u00e9s ismeretek biztos\u00edt\u00e1sa. <\/p>\n<div class=\"newlinediv\"><\/div>\n<p> 3. Teljes\u00edtm\u00e9nymenedzsment: Teljes\u00edtm\u00e9nynorm\u00e1k meg\u00e1llap\u00edt\u00e1sa, visszajelz\u00e9s \u00e9s teljes\u00edtm\u00e9ny\u00e9rt\u00e9kel\u00e9s annak biztos\u00edt\u00e1sa \u00e9rdek\u00e9ben, hogy az alkalmazottak megfeleljenek az elv\u00e1r\u00e1soknak \u00e9s hozz\u00e1j\u00e1ruljanak a v\u00e1llalat siker\u00e9hez. <\/p>\n<div class=\"newlinediv\"><\/div>\n<p> 4. Javadalmaz\u00e1s \u00e9s juttat\u00e1sok: A v\u00e1llalat c\u00e9ljaihoz \u00e9s \u00e9rt\u00e9keihez igazod\u00f3, m\u00e9lt\u00e1nyos \u00e9s versenyk\u00e9pes kompenz\u00e1ci\u00f3s \u00e9s juttat\u00e1si program kidolgoz\u00e1sa \u00e9s kezel\u00e9se. <\/p>\n<div class=\"newlinediv\"><\/div>\n<p> 5. Megfelel\u0151s\u00e9g \u00e9s munkajog: A helyi, \u00e1llami \u00e9s sz\u00f6vets\u00e9gi foglalkoztat\u00e1si t\u00f6rv\u00e9nyeknek \u00e9s szab\u00e1lyoz\u00e1soknak val\u00f3 megfelel\u00e9s biztos\u00edt\u00e1sa a v\u00e1llalat kock\u00e1zatainak \u00e9s felel\u0151ss\u00e9g\u00e9nek minimaliz\u00e1l\u00e1sa \u00e9rdek\u00e9ben. <\/p>\n<div class=\"newlinediv\"><\/div>\n<p> 6. Munkav\u00e1llal\u00f3i kapcsolatok: Az alkalmazottak \u00e9s a vezet\u0151s\u00e9g k\u00f6z\u00f6tti pozit\u00edv kapcsolatok \u00e1pol\u00e1sa, a konfliktusok megold\u00e1sa \u00e9s a pozit\u00edv munkakult\u00fara el\u0151mozd\u00edt\u00e1sa. <\/p>\n<div class=\"newlinediv\"><\/div>\n<p> 7. Strat\u00e9giai tervez\u00e9s: A HR-strat\u00e9gi\u00e1k \u00f6sszehangol\u00e1sa az \u00e1ltal\u00e1nos \u00fczleti c\u00e9lokkal \u00e9s c\u00e9lkit\u0171z\u00e9sekkel a v\u00e1llalat siker\u00e9hez \u00e9s n\u00f6veked\u00e9s\u00e9hez val\u00f3 hozz\u00e1j\u00e1rul\u00e1s \u00e9rdek\u00e9ben. <\/p>\n<\/div>\n<div class=\"question\">\n<div class=\"qtitle\"> Tudna mondani 5 p\u00e9ld\u00e1t a hum\u00e1ner\u0151forr\u00e1ssal kapcsolatban?<\/div>\n<p> Term\u00e9szetesen, itt van 5 p\u00e9lda az emberi er\u0151forr\u00e1sokra: <\/p>\n<div class=\"newlinediv\"><\/div>\n<p> 1. Toborz\u00e1s \u00e9s kiv\u00e1laszt\u00e1s: Ez mag\u00e1ban foglalja a legk\u00e9pzettebb jel\u00f6ltek azonos\u00edt\u00e1s\u00e1t, vonz\u00e1s\u00e1t \u00e9s felv\u00e9tel\u00e9t a szervezeten bel\u00fcli nyitott poz\u00edci\u00f3kba. A HR szakemberek felel\u0151sek az \u00e1ll\u00e1shirdet\u00e9sek l\u00e9trehoz\u00e1s\u00e1\u00e9rt, az \u00f6n\u00e9letrajzok sz\u0171r\u00e9s\u00e9\u00e9rt, az interj\u00fak \u00e9s h\u00e1tt\u00e9rellen\u0151rz\u00e9sek lefolytat\u00e1s\u00e1\u00e9rt, \u00e9s v\u00e9g\u00fcl a nyitott poz\u00edci\u00f3k bet\u00f6lt\u00e9s\u00e9\u00e9rt. <\/p>\n<div class=\"newlinediv\"><\/div>\n<p> 2. Munkav\u00e1llal\u00f3i kapcsolatok: A HR felel\u0151s a munkav\u00e1llal\u00f3k \u00e9s a vezet\u00e9s k\u00f6z\u00f6tti pozit\u00edv kapcsolatok fenntart\u00e1s\u00e1\u00e9rt. Ez mag\u00e1ban foglalja a munkav\u00e1llal\u00f3k viselked\u00e9s\u00e9t szab\u00e1lyoz\u00f3 ir\u00e1nyelvek \u00e9s elj\u00e1r\u00e1sok l\u00e9trehoz\u00e1s\u00e1t, a panaszok \u00e9s s\u00e9relmek kezel\u00e9s\u00e9t, valamint a munkav\u00e1llal\u00f3kkal val\u00f3 tisztess\u00e9ges b\u00e1n\u00e1sm\u00f3d biztos\u00edt\u00e1s\u00e1t. <\/p>\n<div class=\"newlinediv\"><\/div>\n<p> 3. K\u00e9pz\u00e9s \u00e9s fejleszt\u00e9s: A HR felel\u0151s az\u00e9rt, hogy a munkav\u00e1llal\u00f3k sz\u00e1m\u00e1ra biztos\u00edtsa a munk\u00e1juk hat\u00e9kony ell\u00e1t\u00e1s\u00e1hoz sz\u00fcks\u00e9ges k\u00e9pz\u00e9st \u00e9s fejleszt\u00e9st. Ez mag\u00e1ban foglalja a k\u00e9pz\u00e9si programok kidolgoz\u00e1s\u00e1t, a k\u00e9szs\u00e9ghi\u00e1nyok azonos\u00edt\u00e1s\u00e1t \u00e9s a folyamatos fejl\u0151d\u00e9si lehet\u0151s\u00e9gek biztos\u00edt\u00e1s\u00e1t. <\/p>\n<div class=\"newlinediv\"><\/div>\n<p> 4. Juttat\u00e1sok kezel\u00e9se: A HR felel\u0151s a munkav\u00e1llal\u00f3i juttat\u00e1si programok, p\u00e9ld\u00e1ul az eg\u00e9szs\u00e9gbiztos\u00edt\u00e1s, a nyugd\u00edjprogramok \u00e9s a fizetett szabadid\u0151 kezel\u00e9s\u00e9\u00e9rt. Ez mag\u00e1ban foglalja a juttat\u00e1si programok kiv\u00e1laszt\u00e1s\u00e1t \u00e9s adminisztr\u00e1ci\u00f3j\u00e1t, a juttat\u00e1si lehet\u0151s\u00e9gek k\u00f6zl\u00e9s\u00e9t a munkav\u00e1llal\u00f3kkal, valamint a beiratkoz\u00e1sok \u00e9s ig\u00e9nyek kezel\u00e9s\u00e9t. <\/p>\n<div class=\"newlinediv\"><\/div>\n<p> 5. Megfelel\u0151s\u00e9g: A HR felel\u0151s annak biztos\u00edt\u00e1s\u00e1\u00e9rt, hogy a szervezet megfeleljen a foglalkoztat\u00e1ssal kapcsolatos valamennyi vonatkoz\u00f3 t\u00f6rv\u00e9nynek \u00e9s szab\u00e1lyoz\u00e1snak. Ez mag\u00e1ban foglalja annak biztos\u00edt\u00e1s\u00e1t, hogy a szervezet megfeleljen a munka\u00fcgyi t\u00f6rv\u00e9nyeknek, a biztons\u00e1gi el\u0151\u00edr\u00e1soknak \u00e9s a diszkrimin\u00e1ci\u00f3ellenes t\u00f6rv\u00e9nyeknek. A HR szakemberek felel\u0151sek az etikus viselked\u00e9ssel \u00e9s a munkahelyi magatart\u00e1ssal kapcsolatos ir\u00e1nyelvek kialak\u00edt\u00e1s\u00e1\u00e9rt \u00e9s betartat\u00e1s\u00e1\u00e9rt is.<\/p>\n<\/div>\n<\/div>\n","protected":false},"excerpt":{"rendered":"<p>A hum\u00e1ner\u0151forr\u00e1s (HR) egy kritikus fontoss\u00e1g\u00fa r\u00e9szleg minden szervezetben, amely a munkaer\u0151 ir\u00e1ny\u00edt\u00e1s\u00e1\u00e9rt \u00e9s fejleszt\u00e9s\u00e9\u00e9rt felel\u0151s. A HR els\u0151dleges szerepe annak biztos\u00edt\u00e1sa, hogy a szervezet a megfelel\u0151 k\u00e9szs\u00e9gekkel, tud\u00e1ssal \u00e9s hozz\u00e1\u00e1ll\u00e1ssal rendelkez\u0151 emberekkel rendelkezzen a strat\u00e9giai c\u00e9lok el\u00e9r\u00e9s\u00e9hez. E c\u00e9l el\u00e9r\u00e9se \u00e9rdek\u00e9ben a HR-nek vil\u00e1gos, konkr\u00e9t \u00e9s m\u00e9rhet\u0151 c\u00e9lokat \u00e9s c\u00e9lkit\u0171z\u00e9seket kell kit\u0171znie, amelyek \u00f6sszhangban &#8230; <a title=\"A vil\u00e1gos \u00e9s konkr\u00e9t hum\u00e1ner\u0151forr\u00e1s-c\u00e9lok kit\u0171z\u00e9s\u00e9nek fontoss\u00e1ga\" class=\"read-more\" href=\"https:\/\/megnyitasa.com\/tudas\/a-vilagos-es-konkret-humaneroforras-celok-kituzesenek-fontossaga\/\" aria-label=\"Read more about A vil\u00e1gos \u00e9s konkr\u00e9t hum\u00e1ner\u0151forr\u00e1s-c\u00e9lok kit\u0171z\u00e9s\u00e9nek fontoss\u00e1ga\">Read more<\/a><\/p>\n","protected":false},"author":4508,"featured_media":0,"comment_status":"closed","ping_status":"closed","sticky":false,"template":"","format":"standard","meta":{"footnotes":""},"categories":[32],"tags":[],"class_list":["post-18193","post","type-post","status-publish","format-standard","hentry","category-humaneroforras"],"_links":{"self":[{"href":"https:\/\/megnyitasa.com\/tudas\/wp-json\/wp\/v2\/posts\/18193","targetHints":{"allow":["GET"]}}],"collection":[{"href":"https:\/\/megnyitasa.com\/tudas\/wp-json\/wp\/v2\/posts"}],"about":[{"href":"https:\/\/megnyitasa.com\/tudas\/wp-json\/wp\/v2\/types\/post"}],"author":[{"embeddable":true,"href":"https:\/\/megnyitasa.com\/tudas\/wp-json\/wp\/v2\/users\/4508"}],"replies":[{"embeddable":true,"href":"https:\/\/megnyitasa.com\/tudas\/wp-json\/wp\/v2\/comments?post=18193"}],"version-history":[{"count":0,"href":"https:\/\/megnyitasa.com\/tudas\/wp-json\/wp\/v2\/posts\/18193\/revisions"}],"wp:attachment":[{"href":"https:\/\/megnyitasa.com\/tudas\/wp-json\/wp\/v2\/media?parent=18193"}],"wp:term":[{"taxonomy":"category","embeddable":true,"href":"https:\/\/megnyitasa.com\/tudas\/wp-json\/wp\/v2\/categories?post=18193"},{"taxonomy":"post_tag","embeddable":true,"href":"https:\/\/megnyitasa.com\/tudas\/wp-json\/wp\/v2\/tags?post=18193"}],"curies":[{"name":"wp","href":"https:\/\/api.w.org\/{rel}","templated":true}]}}