{"id":1836,"date":"2023-04-24T00:00:00","date_gmt":"2023-04-24T00:00:00","guid":{"rendered":"https:\/\/megnyitasa.com\/tudas\/az-instagram-kovetesi-limitek-rejtelye\/"},"modified":"2023-04-24T00:00:00","modified_gmt":"2023-04-24T00:00:00","slug":"az-instagram-kovetesi-limitek-rejtelye","status":"publish","type":"post","link":"https:\/\/megnyitasa.com\/tudas\/az-instagram-kovetesi-limitek-rejtelye\/","title":{"rendered":"Az Instagram k\u00f6vet\u00e9si limitek rejt\u00e9lye"},"content":{"rendered":"<div class=\"articlecontent\">\n<div class=\"newlinediv\"><\/div>\n<p> Az Instagram az egyik legn\u00e9pszer\u0171bb k\u00f6z\u00f6ss\u00e9gi m\u00e9dia platform a vil\u00e1gon, t\u00f6bb mint egymilli\u00e1rd akt\u00edv felhaszn\u00e1l\u00f3val. Ilyen nagy felhaszn\u00e1l\u00f3i b\u00e1zis mellett nem csoda, hogy a v\u00e1llalkoz\u00e1sok \u00e9s a mag\u00e1nszem\u00e9lyek egyar\u00e1nt haszn\u00e1lj\u00e1k az Instagramot k\u00f6vet\u0151ik n\u00f6vel\u00e9s\u00e9re \u00e9s term\u00e9keik vagy szolg\u00e1ltat\u00e1saik n\u00e9pszer\u0171s\u00edt\u00e9s\u00e9re. Van azonban egy gyakori k\u00e9rd\u00e9s, ami felmer\u00fcl, amikor m\u00e1s fi\u00f3kok k\u00f6vet\u00e9s\u00e9r\u0151l van sz\u00f3 az Instagramon: van-e napi k\u00f6vet\u00e9si limit? <\/p>\n<div class=\"newlinediv\"><\/div>\n<p> A v\u00e1lasz igen, van napi k\u00f6vet\u00e9si limit az Instagramon. Az Instagram ir\u00e1nyelvei szerint a felhaszn\u00e1l\u00f3k nem k\u00f6vethetnek t\u00f6bb mint 7500 fi\u00f3kot. Ezt a korl\u00e1tot azonban nem mindig tartj\u00e1k be. Val\u00f3j\u00e1ban sok felhaszn\u00e1l\u00f3 arr\u00f3l sz\u00e1molt be, hogy minden probl\u00e9ma n\u00e9lk\u00fcl t\u00f6bb mint 7500 fi\u00f3kot tudott k\u00f6vetni. <\/p>\n<div class=\"newlinediv\"><\/div>\n<p> Mi t\u00f6rt\u00e9nik teh\u00e1t, ha t\u00fall\u00e9pi a k\u00f6vet\u00e9si korl\u00e1tot az Instagramon? A k\u00f6vetkezm\u00e9nyek s\u00falyosak lehetnek, bele\u00e9rtve a fi\u00f3kod felf\u00fcggeszt\u00e9s\u00e9t vagy ak\u00e1r v\u00e9gleges kitilt\u00e1s\u00e1t is. Fontos, hogy k\u00f6vesse az Instagram ir\u00e1nyelveit, \u00e9s fi\u00f3kja v\u00e9delme \u00e9rdek\u00e9ben ker\u00fclje a k\u00f6vet\u00e9si limit t\u00fall\u00e9p\u00e9s\u00e9t. <\/p>\n<div class=\"newlinediv\"><\/div>\n<p> Az \u00e1ltal\u00e1nos k\u00f6vet\u00e9si korl\u00e1ton k\u00edv\u00fcl az Instagramnak van egy korl\u00e1tja arra vonatkoz\u00f3an is, hogy \u00f3r\u00e1nk\u00e9nt h\u00e1ny fi\u00f3kot k\u00f6vethetsz. Ez a korl\u00e1t k\u00f6r\u00fclbel\u00fcl 60 fi\u00f3kn\u00e1l van be\u00e1ll\u00edtva \u00f3r\u00e1nk\u00e9nt. Ha egy \u00f3r\u00e1n bel\u00fcl t\u00f6bb mint 60 fi\u00f3kot pr\u00f3b\u00e1l k\u00f6vetni, az Instagram gyan\u00fas tev\u00e9kenys\u00e9g miatt megjel\u00f6lheti a fi\u00f3kj\u00e1t. <\/p>\n<div class=\"newlinediv\"><\/div>\n<p> Fontos megjegyezni, hogy a k\u00f6vet\u00e9si limit nem az egyetlen t\u00e9nyez\u0151, amelyet az Instagram figyelembe vesz, amikor eld\u00f6nti, hogy egy fi\u00f3k spamszer\u0171 viselked\u00e9st folytat-e vagy sem. Az Instagram olyan t\u00e9nyez\u0151ket is figyelembe vesz, mint p\u00e9ld\u00e1ul a fi\u00f3kok k\u00f6vet\u00e9s\u00e9nek \u00e9s nem k\u00f6vet\u00e9s\u00e9nek sebess\u00e9ge, a k\u00f6vetett fi\u00f3kok min\u0151s\u00e9ge \u00e9s egy\u00e9b elk\u00f6telezetts\u00e9gi mutat\u00f3k. <\/p>\n<div class=\"newlinediv\"><\/div>\n<p> \u00d6sszefoglalva, b\u00e1r technikailag van egy napi k\u00f6vet\u00e9si limit az Instagramon, ezt nem mindig tartj\u00e1k be. Fontos azonban, hogy k\u00f6vesse az Instagram ir\u00e1nyelveit, \u00e9s ne l\u00e9pje t\u00fal a limitet, hogy megv\u00e9dje fi\u00f3kj\u00e1t a felf\u00fcggeszt\u00e9st\u0151l vagy tilt\u00e1st\u00f3l. Emellett fontos, hogy val\u00f3di \u00e9s hiteles m\u00f3don l\u00e9pjen kapcsolatba m\u00e1s fi\u00f3kokkal, hogy elker\u00fclje a spammel\u00e9s\u00e9rt val\u00f3 megjel\u00f6l\u00e9st.<\/p><\/div>\n<div class=\"questions\">\n<div class=\"questionstitle\">FAQ<\/div>\n<div class=\"question\">\n<div class=\"qtitle\"> Van az Instagramnak napi k\u00f6vet\u00e9si korl\u00e1tja?<\/div>\n<p> Igen, az Instagramnak van egy napi unfollow-korl\u00e1tja, amelyet a platformon val\u00f3 spammel\u00e9s \u00e9s vissza\u00e9l\u00e9sszer\u0171 viselked\u00e9s megakad\u00e1lyoz\u00e1sa \u00e9rdek\u00e9ben tartanak be. A limitet az Instagram nem hozza nyilv\u00e1noss\u00e1gra, \u00e9s a fi\u00f3k kor\u00e1t\u00f3l \u00e9s aktivit\u00e1s\u00e1t\u00f3l f\u00fcgg\u0151en v\u00e1ltozhat. \u00c1ltal\u00e1noss\u00e1gban azonban aj\u00e1nlott elker\u00fclni, hogy naponta 100-200 fi\u00f3kn\u00e1l t\u00f6bbet ne k\u00f6vess\u00fcnk, hogy elker\u00fclj\u00fck az Instagram spamsz\u0171r\u0151inek m\u0171k\u00f6d\u00e9sbe l\u00e9p\u00e9s\u00e9t \u00e9s a fi\u00f3kunk esetleges felf\u00fcggeszt\u00e9s\u00e9t vagy letilt\u00e1s\u00e1t. Azt is fontos megjegyezni, hogy a fi\u00f3kok r\u00f6vid id\u0151n bel\u00fcli ism\u00e9telt k\u00f6vet\u00e9se \u00e9s k\u00f6vet\u00e9s\u00e9nek megsz\u00fcntet\u00e9se (m\u00e1s n\u00e9ven &#8222;churning&#8221;) az Instagram szolg\u00e1ltat\u00e1si felt\u00e9teleinek megs\u00e9rt\u00e9s\u00e9t jelenti, \u00e9s fi\u00f3kb\u00fcntet\u00e9st vonhat maga ut\u00e1n. Ez\u00e9rt fontos, hogy a k\u00f6vet\u00e9s megsz\u00fcntet\u00e9s\u00e9re szolg\u00e1l\u00f3 eszk\u00f6z\u00f6ket \u00e9s strat\u00e9gi\u00e1kat felel\u0151ss\u00e9gteljesen \u00e9s az Instagram ir\u00e1nyelveinek megfelel\u0151en haszn\u00e1ljuk. <\/p>\n<\/div>\n<div class=\"question\">\n<div class=\"qtitle\"> Hogyan szabadulhatok meg a k\u00f6vet\u00e9si korl\u00e1toz\u00e1st\u00f3l az Instagramon?<\/div>\n<p> Sajnos AI nyelvi modellk\u00e9nt nincs hozz\u00e1f\u00e9r\u00e9sem az Instagram bels\u0151 ir\u00e1nyelveihez \u00e9s elj\u00e1r\u00e1saihoz. A k\u00f6vet\u00e9si limit az Instagramon azonban egy olyan korl\u00e1toz\u00e1s, amelyet a platform az\u00e9rt vezet be, hogy megakad\u00e1lyozza a spamel\u00e9st \u00e9s a szolg\u00e1ltat\u00e1saival val\u00f3 vissza\u00e9l\u00e9st. Az Instagram korl\u00e1tot szabott arra, hogy h\u00e1ny embert k\u00f6vethet\u00fcnk egy bizonyos id\u0151szakban. Ha el\u00e9rte ezt a korl\u00e1tot, nem k\u00f6vethet t\u00f6bb felhaszn\u00e1l\u00f3t, am\u00edg a korl\u00e1tot fel nem oldj\u00e1k. T\u00f6bbf\u00e9le m\u00f3don is megszabadulhatsz potenci\u00e1lisan a k\u00f6vet\u00e9si korl\u00e1toz\u00e1st\u00f3l az Instagramon, t\u00f6bbek k\u00f6z\u00f6tt: <\/p>\n<div class=\"newlinediv\"><\/div>\n<p> 1. V\u00e1rd ki a v\u00e9g\u00e9t: Az Instagram \u00e1ltal\u00e1ban egy bizonyos id\u0151szak ut\u00e1n feloldja a k\u00f6vet\u00e9si korl\u00e1tot, \u00edgy el\u0151fordulhat, hogy v\u00e1rnia kell n\u00e9h\u00e1ny napot vagy hetet, miel\u0151tt \u00fajabb felhaszn\u00e1l\u00f3kat k\u00f6vethet. <\/p>\n<div class=\"newlinediv\"><\/div>\n<p> 2. Ellen\u0151rizze a fi\u00f3kj\u00e1t: Ha m\u00e9g nem tette meg, ellen\u0151rizze Instagram-fi\u00f3kj\u00e1t telefonsz\u00e1m \u00e9s e-mail c\u00edm hozz\u00e1ad\u00e1s\u00e1val. Ez seg\u00edthet n\u00f6velni fi\u00f3kod megb\u00edzhat\u00f3s\u00e1g\u00e1t, \u00e9s feloldhatja a k\u00f6vet\u00e9si korl\u00e1tot. <\/p>\n<div class=\"newlinediv\"><\/div>\n<p> 3. Cs\u00f6kkentse a k\u00f6vet\u0151k sz\u00e1m\u00e1t: Ha sok felhaszn\u00e1l\u00f3t k\u00f6vetsz, lehet, hogy cs\u00f6kkentened kell a k\u00f6vet\u0151k sz\u00e1m\u00e1t. T\u00f6r\u00f6lje n\u00e9h\u00e1ny felhaszn\u00e1l\u00f3 k\u00f6vet\u00e9s\u00e9t, hogy a k\u00f6vet\u0151k sz\u00e1ma a korl\u00e1t al\u00e1 cs\u00f6kkenjen, majd pr\u00f3b\u00e1ljon meg t\u00f6bb felhaszn\u00e1l\u00f3t k\u00f6vetni. <\/p>\n<div class=\"newlinediv\"><\/div>\n<p> 4. L\u00e9pjen kapcsolatba az Instagram \u00fcgyf\u00e9lszolg\u00e1lat\u00e1val: Ha a fenti lehet\u0151s\u00e9gek egyike sem m\u0171k\u00f6dik, akkor lehet, hogy az Instagram \u00fcgyf\u00e9lszolg\u00e1lat\u00e1hoz kell fordulnia seg\u00edts\u00e9g\u00e9rt. Ezt \u00fagy teheti meg, hogy bel\u00e9p a profilj\u00e1ba, meg\u00e9rinti a jobb fels\u0151 sarokban l\u00e9v\u0151 h\u00e1rom vonalat, kiv\u00e1lasztja a &#8222;Be\u00e1ll\u00edt\u00e1sok&#8221;, majd a &#8222;S\u00fag\u00f3&#8221;, v\u00e9g\u00fcl pedig a &#8222;Probl\u00e9ma jelent\u00e9se&#8221; lehet\u0151s\u00e9get. <\/p>\n<\/div>\n<div class=\"question\">\n<div class=\"qtitle\"> H\u00e1ny k\u00f6vet\u00e9st k\u00e9sz\u00edthetek naponta?<\/div>\n<p> Sajn\u00e1lom, de a &#8222;H\u00e1ny k\u00f6vet\u00e9st k\u00e9sz\u00edthetek naponta?&#8221; k\u00e9rd\u00e9s nem tartozik a Sz\u00e1mvitel \u00e9s k\u00f6nyvel\u00e9s kateg\u00f3ri\u00e1ba. Megadn\u00e1, k\u00e9rem, a k\u00f6nyvel\u00e9ssel \u00e9s k\u00f6nyvel\u00e9ssel kapcsolatos k\u00e9rd\u00e9st, amelyben seg\u00edthetek? <\/p>\n<\/div>\n<div class=\"question\">\n<div class=\"qtitle\"> H\u00e1ny embert k\u00f6vethetek az Instagramon naponta 2022?<\/div>\n<p> AI nyelvi modellk\u00e9nt nem rendelkezem a legfrissebb inform\u00e1ci\u00f3kkal az Instagram ir\u00e1nyelveit vagy ir\u00e1nyelveit illet\u0151en az emberek k\u00f6vet\u00e9s\u00e9re vonatkoz\u00f3an a platformon. \u00c1ltal\u00e1noss\u00e1gban azonban az Instagramr\u00f3l ismert, hogy a spam \u00e9s a vissza\u00e9l\u00e9sek megel\u0151z\u00e9se \u00e9rdek\u00e9ben korl\u00e1tozza a naponta k\u00f6vethet\u0151 emberek sz\u00e1m\u00e1t. <\/p>\n<div class=\"newlinediv\"><\/div>\n<p> A m\u00faltban az Instagram az \u00faj fi\u00f3kok eset\u00e9ben napi 200 k\u00f6vet\u0151ben szabott korl\u00e1tot, \u00e9s ez a korl\u00e1t a r\u00e9gebbi fi\u00f3kok eset\u00e9ben cs\u00f6kkent. Fontos megjegyezni, hogy az Instagram ir\u00e1nyelvei \u00e9s ir\u00e1nymutat\u00e1sai b\u00e1rmikor v\u00e1ltozhatnak, ez\u00e9rt a legfrissebb inform\u00e1ci\u00f3k\u00e9rt aj\u00e1nlott \u00e1ttanulm\u00e1nyozni a hivatalos dokument\u00e1ci\u00f3t \u00e9s ir\u00e1nymutat\u00e1sokat. <\/p>\n<div class=\"newlinediv\"><\/div>\n<p> Ezenk\u00edv\u00fcl mindig az a legjobb, ha naponta \u00e9sszer\u0171 sz\u00e1m\u00fa embert k\u00f6vet\u00fcnk, hogy elker\u00fclj\u00fck az Instagram \u00e1ltali megjel\u00f6l\u00e9st vagy tilt\u00e1st, mivel algoritmusaik folyamatosan figyelik a felhaszn\u00e1l\u00f3i aktivit\u00e1st \u00e9s viselked\u00e9st. Emellett fontos szem el\u0151tt tartani, hogy a t\u00fal sok ember k\u00f6vet\u00e9se r\u00f6vid id\u0151n bel\u00fcl negat\u00edvan befoly\u00e1solhatja az elk\u00f6telezetts\u00e9gi ar\u00e1nyokat \u00e9s az \u00e1ltal\u00e1nos tapasztalatot a platformon.<\/p>\n<\/div>\n<\/div>\n","protected":false},"excerpt":{"rendered":"<p>Az Instagram az egyik legn\u00e9pszer\u0171bb k\u00f6z\u00f6ss\u00e9gi m\u00e9dia platform a vil\u00e1gon, t\u00f6bb mint egymilli\u00e1rd akt\u00edv felhaszn\u00e1l\u00f3val. Ilyen nagy felhaszn\u00e1l\u00f3i b\u00e1zis mellett nem csoda, hogy a v\u00e1llalkoz\u00e1sok \u00e9s a mag\u00e1nszem\u00e9lyek egyar\u00e1nt haszn\u00e1lj\u00e1k az Instagramot k\u00f6vet\u0151ik n\u00f6vel\u00e9s\u00e9re \u00e9s term\u00e9keik vagy szolg\u00e1ltat\u00e1saik n\u00e9pszer\u0171s\u00edt\u00e9s\u00e9re. Van azonban egy gyakori k\u00e9rd\u00e9s, ami felmer\u00fcl, amikor m\u00e1s fi\u00f3kok k\u00f6vet\u00e9s\u00e9r\u0151l van sz\u00f3 az Instagramon: van-e &#8230; <a title=\"Az Instagram k\u00f6vet\u00e9si limitek rejt\u00e9lye\" class=\"read-more\" href=\"https:\/\/megnyitasa.com\/tudas\/az-instagram-kovetesi-limitek-rejtelye\/\" aria-label=\"Read more about Az Instagram k\u00f6vet\u00e9si limitek rejt\u00e9lye\">Read more<\/a><\/p>\n","protected":false},"author":598,"featured_media":0,"comment_status":"closed","ping_status":"closed","sticky":false,"template":"","format":"standard","meta":{"footnotes":""},"categories":[8],"tags":[],"class_list":["post-1836","post","type-post","status-publish","format-standard","hentry","category-szamvitel-es-konyveles"],"_links":{"self":[{"href":"https:\/\/megnyitasa.com\/tudas\/wp-json\/wp\/v2\/posts\/1836","targetHints":{"allow":["GET"]}}],"collection":[{"href":"https:\/\/megnyitasa.com\/tudas\/wp-json\/wp\/v2\/posts"}],"about":[{"href":"https:\/\/megnyitasa.com\/tudas\/wp-json\/wp\/v2\/types\/post"}],"author":[{"embeddable":true,"href":"https:\/\/megnyitasa.com\/tudas\/wp-json\/wp\/v2\/users\/598"}],"replies":[{"embeddable":true,"href":"https:\/\/megnyitasa.com\/tudas\/wp-json\/wp\/v2\/comments?post=1836"}],"version-history":[{"count":0,"href":"https:\/\/megnyitasa.com\/tudas\/wp-json\/wp\/v2\/posts\/1836\/revisions"}],"wp:attachment":[{"href":"https:\/\/megnyitasa.com\/tudas\/wp-json\/wp\/v2\/media?parent=1836"}],"wp:term":[{"taxonomy":"category","embeddable":true,"href":"https:\/\/megnyitasa.com\/tudas\/wp-json\/wp\/v2\/categories?post=1836"},{"taxonomy":"post_tag","embeddable":true,"href":"https:\/\/megnyitasa.com\/tudas\/wp-json\/wp\/v2\/tags?post=1836"}],"curies":[{"name":"wp","href":"https:\/\/api.w.org\/{rel}","templated":true}]}}