{"id":18411,"date":"2023-04-24T00:00:00","date_gmt":"2023-04-24T00:00:00","guid":{"rendered":"https:\/\/megnyitasa.com\/tudas\/a-sikeres-vallalkozas-ereje-a-mai-vilagban\/"},"modified":"2023-04-24T00:00:00","modified_gmt":"2023-04-24T00:00:00","slug":"a-sikeres-vallalkozas-ereje-a-mai-vilagban","status":"publish","type":"post","link":"https:\/\/megnyitasa.com\/tudas\/a-sikeres-vallalkozas-ereje-a-mai-vilagban\/","title":{"rendered":"A sikeres v\u00e1llalkoz\u00e1s ereje a mai vil\u00e1gban"},"content":{"rendered":"<div class=\"articlecontent\">\n<div class=\"newlinediv\"><\/div>\n<p> A v\u00e1llalkoz\u00e1sok mindig is fontos szerepet j\u00e1tszottak a glob\u00e1lis piacon. Ma minden eddigin\u00e9l nagyobb sz\u00fcks\u00e9g van a v\u00e1llalkoz\u00e1sokra a gazdas\u00e1gi n\u00f6veked\u00e9s el\u0151mozd\u00edt\u00e1s\u00e1hoz, a munkahelyteremt\u00e9shez, valamint az \u00e1ruk \u00e9s szolg\u00e1ltat\u00e1sok biztos\u00edt\u00e1s\u00e1hoz az emberek sz\u00e1m\u00e1ra szerte a vil\u00e1gon. A v\u00e1llalkoz\u00e1sok szerepe azonban nem korl\u00e1toz\u00f3dik a gazdas\u00e1gi n\u00f6veked\u00e9sre. Egy sikeres v\u00e1llalkoz\u00e1s jelent\u0151s hat\u00e1st gyakorolhat a t\u00e1rsadalomra \u00e9s a k\u00f6rnyezetre is. <\/p>\n<div class=\"newlinediv\"><\/div>\n<p> A v\u00e1llalkoz\u00e1sok egyik legfontosabb szerepe a glob\u00e1lis piacon a munkahelyteremt\u00e9s. A v\u00e1llalkoz\u00e1sok vil\u00e1gszerte emberek milli\u00f3i sz\u00e1m\u00e1ra biztos\u00edtanak munkalehet\u0151s\u00e9get, \u00e9s n\u00e9lk\u00fcl\u00fck sok k\u00f6z\u00f6ss\u00e9g a t\u00fal\u00e9l\u00e9s\u00e9rt k\u00fczdene. A munkahelyteremt\u00e9s mellett a v\u00e1llalkoz\u00e1sok a kutat\u00e1sba \u00e9s fejleszt\u00e9sbe val\u00f3 befektet\u00e9ssel, m\u0171k\u00f6d\u00e9s\u00fck b\u0151v\u00edt\u00e9s\u00e9vel, valamint \u00faj term\u00e9kek \u00e9s szolg\u00e1ltat\u00e1sok l\u00e9trehoz\u00e1s\u00e1val hozz\u00e1j\u00e1rulnak a gazdas\u00e1gi n\u00f6veked\u00e9s \u00f6szt\u00f6nz\u00e9s\u00e9hez is. <\/p>\n<div class=\"newlinediv\"><\/div>\n<p> Ezenk\u00edv\u00fcl a v\u00e1llalkoz\u00e1sok jelent\u0151s szerepet j\u00e1tszhatnak a fenntarthat\u00f3s\u00e1g \u00e9s a t\u00e1rsadalmi felel\u0151ss\u00e9gv\u00e1llal\u00e1s el\u0151mozd\u00edt\u00e1s\u00e1ban is. A fogyaszt\u00f3k egyre ink\u00e1bb megk\u00f6vetelik, hogy a v\u00e1llalkoz\u00e1sok k\u00f6rnyezetileg \u00e9s t\u00e1rsadalmilag felel\u0151ss\u00e9gteljesen m\u0171k\u00f6djenek. Ez azt jelenti, hogy a v\u00e1llalkoz\u00e1soknak tiszt\u00e1ban kell lenni\u00fck a k\u00f6rnyezetre gyakorolt hat\u00e1sukkal, \u00e9s l\u00e9p\u00e9seket kell tenni\u00fck sz\u00e9nl\u00e1bnyomuk cs\u00f6kkent\u00e9se \u00e9rdek\u00e9ben. Biztos\u00edtaniuk kell tov\u00e1bb\u00e1, hogy m\u0171k\u00f6d\u00e9s\u00fck etikus legyen, \u00e9s hogy alkalmazottaikkal tisztess\u00e9gesen b\u00e1njanak. <\/p>\n<div class=\"newlinediv\"><\/div>\n<p> V\u00e9gezet\u00fcl, a v\u00e1llalkoz\u00e1sok a t\u00e1rsadalmi v\u00e1ltoz\u00e1sok egyik mozgat\u00f3rug\u00f3ja is lehetnek. Az\u00e1ltal, hogy olyan \u00e1rukat \u00e9s szolg\u00e1ltat\u00e1sokat ny\u00fajtanak, amelyek vil\u00e1gszerte kiel\u00e9g\u00edtik az emberek ig\u00e9nyeit, a v\u00e1llalkoz\u00e1sok jav\u00edthatj\u00e1k az egy\u00e9nek \u00e9s a k\u00f6z\u00f6ss\u00e9gek \u00e9letmin\u0151s\u00e9g\u00e9t. P\u00e9ld\u00e1ul egy olyan v\u00e1llalkoz\u00e1s, amely tiszta vizet vagy meg\u00fajul\u00f3 energi\u00e1t biztos\u00edt, jelent\u0151s hat\u00e1ssal lehet az elszeg\u00e9nyedett ter\u00fcleteken \u00e9l\u0151 emberek eg\u00e9szs\u00e9g\u00e9re \u00e9s j\u00f3l\u00e9t\u00e9re. <\/p>\n<div class=\"newlinediv\"><\/div>\n<p> \u00d6sszefoglalva, a v\u00e1llalkoz\u00e1sok szerepe a glob\u00e1lis piacon fontos \u00e9s sokr\u00e9t\u0171. A v\u00e1llalkoz\u00e1sok k\u00e9pesek munkahelyeket teremteni, \u00f6szt\u00f6n\u00f6zni a gazdas\u00e1gi n\u00f6veked\u00e9st, el\u0151mozd\u00edtani a fenntarthat\u00f3s\u00e1got \u00e9s a t\u00e1rsadalmi felel\u0151ss\u00e9gv\u00e1llal\u00e1st, \u00e9s a t\u00e1rsadalmi v\u00e1ltoz\u00e1sok egyik mozgat\u00f3rug\u00f3ja lenni. A v\u00e1llalkoz\u00e1soknak fel kell ismerni\u00fck a t\u00e1rsadalomra \u00e9s a k\u00f6rnyezetre gyakorolt hat\u00e1sukat, \u00e9s l\u00e9p\u00e9seket kell tenni\u00fck a felel\u0151s \u00e9s fenntarthat\u00f3 m\u0171k\u00f6d\u00e9s \u00e9rdek\u00e9ben.<\/p><\/div>\n<div class=\"questions\">\n<div class=\"questionstitle\">FAQ<\/div>\n<div class=\"question\">\n<div class=\"qtitle\"> Mi az \u00fczleti v\u00e1llalkoz\u00e1sok szerepe a glob\u00e1lis t\u00e1rsadalomban?<\/div>\n<p> A v\u00e1llalkoz\u00e1sok szerepe a glob\u00e1lis t\u00e1rsadalomban sokr\u00e9t\u0171 \u00e9s \u00f6sszetett. Alapvet\u0151en a v\u00e1llalkoz\u00e1sok az\u00e9rt l\u00e9teznek, hogy \u00e1rukat \u00e9s szolg\u00e1ltat\u00e1sokat ny\u00fajtsanak a fogyaszt\u00f3knak, nyeres\u00e9get termeljenek tulajdonosaik \u00e9s r\u00e9szv\u00e9nyeseik sz\u00e1m\u00e1ra, \u00e9s munkalehet\u0151s\u00e9get teremtsenek az egy\u00e9nek sz\u00e1m\u00e1ra. A glob\u00e1lis t\u00e1rsadalomban azonban a v\u00e1llalkoz\u00e1soknak t\u00e1rsadalmi felel\u0151ss\u00e9g\u00fck is van, hogy etikusan \u00e9s fenntarthat\u00f3 m\u00f3don j\u00e1rjanak el. <\/p>\n<div class=\"newlinediv\"><\/div>\n<p> A v\u00e1llalkoz\u00e1sok l\u00e9tfontoss\u00e1g\u00fa szerepet j\u00e1tszhatnak a gazdas\u00e1gi n\u00f6veked\u00e9s \u00e9s fejl\u0151d\u00e9s el\u0151mozd\u00edt\u00e1s\u00e1ban a vil\u00e1g orsz\u00e1gaiban. A helyi k\u00f6z\u00f6ss\u00e9gekbe val\u00f3 befektet\u00e9ssel \u00e9s munkahelyteremt\u00e9ssel a v\u00e1llalkoz\u00e1sok hozz\u00e1j\u00e1rulnak az egy\u00e9nek \u00e9s csal\u00e1dok gazdas\u00e1gi j\u00f3l\u00e9t\u00e9hez. Emellett a v\u00e1llalkoz\u00e1sok hozz\u00e1j\u00e1rulhatnak az innov\u00e1ci\u00f3 \u00e9s a technol\u00f3gia el\u0151mozd\u00edt\u00e1s\u00e1hoz, ami a termel\u00e9kenys\u00e9g \u00e9s a hat\u00e9konys\u00e1g n\u00f6veked\u00e9s\u00e9hez vezethet. <\/p>\n<div class=\"newlinediv\"><\/div>\n<p> A v\u00e1llalkoz\u00e1soknak azonban az is k\u00f6teless\u00e9g\u00fck, hogy k\u00f6rnyezetileg \u00e9s t\u00e1rsadalmilag felel\u0151ss\u00e9gteljesen j\u00e1rjanak el. Ez azt jelenti, hogy minimaliz\u00e1lj\u00e1k a k\u00f6rnyezetre gyakorolt hat\u00e1sukat, cs\u00f6kkentik a sz\u00e9n-dioxid-kibocs\u00e1t\u00e1st, \u00e9s t\u00e1mogatj\u00e1k a fenntarthat\u00f3 gyakorlatokat. A v\u00e1llalkoz\u00e1soknak tov\u00e1bb\u00e1 figyelemmel kell lenni\u00fck a helyi k\u00f6z\u00f6ss\u00e9gekre gyakorolt hat\u00e1sukra is, \u00e9s biztos\u00edtaniuk kell, hogy ne zs\u00e1km\u00e1nyolj\u00e1k ki a munkaer\u0151t, illetve ne alkalmazzanak etik\u00e1tlan gyakorlatokat. <\/p>\n<div class=\"newlinediv\"><\/div>\n<p> A rekl\u00e1m \u00e9s a marketing ter\u00fclet\u00e9n a v\u00e1llalkoz\u00e1soknak felel\u0151ss\u00e9g\u00fck van abban, hogy \u00fczeneteik igazak, pontosak \u00e9s nem f\u00e9lrevezet\u0151ek legyenek. Term\u00e9keiket \u00e9s szolg\u00e1ltat\u00e1saikat a kultur\u00e1lis \u00e9s t\u00e1rsadalmi norm\u00e1kat tiszteletben tart\u00f3 m\u00f3don kell n\u00e9pszer\u0171s\u00edteni\u00fck, \u00e9s ker\u00fclni\u00fck kell az olyan taktik\u00e1k alkalmaz\u00e1s\u00e1t, amelyek k\u00e1rosnak vagy s\u00e9rt\u0151nek tekinthet\u0151k. <\/p>\n<div class=\"newlinediv\"><\/div>\n<p> \u00d6sszess\u00e9g\u00e9ben az \u00fczleti v\u00e1llalkoz\u00e1sok szerepe a glob\u00e1lis t\u00e1rsadalomban az, hogy egyens\u00falyt teremtsenek a profitszerz\u00e9s \u00e9s az etikus \u00e9s fenntarthat\u00f3 gyakorlatok ir\u00e1nti elk\u00f6telezetts\u00e9g k\u00f6z\u00f6tt. Ez\u00e1ltal a v\u00e1llalkoz\u00e1sok vil\u00e1gszerte hozz\u00e1j\u00e1rulhatnak az egy\u00e9nek \u00e9s k\u00f6z\u00f6ss\u00e9gek j\u00f3l\u00e9t\u00e9hez, mik\u00f6zben a gazdas\u00e1gi n\u00f6veked\u00e9st \u00e9s fejl\u0151d\u00e9st is el\u0151mozd\u00edtj\u00e1k. <\/p>\n<\/div>\n<div class=\"question\">\n<div class=\"qtitle\"> Hogyan hat a glob\u00e1lis piac az \u00fczleti \u00e9letre?<\/div>\n<p> A glob\u00e1lis piac sz\u00e1mos m\u00f3don nagym\u00e9rt\u00e9kben befoly\u00e1solja a v\u00e1llalkoz\u00e1sokat. El\u0151sz\u00f6r is, a v\u00e1llalkoz\u00e1sok k\u00e9pesek b\u0151v\u00edteni \u00fcgyf\u00e9lk\u00f6r\u00fcket az\u00e1ltal, hogy m\u00e1s orsz\u00e1gok \u00faj piacaira l\u00e9pnek be. Ez az \u00e9rt\u00e9kes\u00edt\u00e9s \u00e9s a bev\u00e9tel n\u00f6veked\u00e9s\u00e9hez vezethet a v\u00e1llalkoz\u00e1s sz\u00e1m\u00e1ra. Emellett a v\u00e1llalkoz\u00e1sok kihaszn\u00e1lhatj\u00e1k az alacsonyabb munkaer\u0151- vagy termel\u00e9si k\u00f6lts\u00e9gekkel rendelkez\u0151 orsz\u00e1gokban jelentkez\u0151 k\u00f6lts\u00e9gmegtakar\u00edt\u00e1sokat, ami n\u00f6velheti a nyeres\u00e9gess\u00e9g\u00fcket. <\/p>\n<div class=\"newlinediv\"><\/div>\n<p> A v\u00e1llalkoz\u00e1soknak azonban sz\u00e1mos kih\u00edv\u00e1ssal is szembe kell n\u00e9zni\u00fck a glob\u00e1lis piacon. A nemzetk\u00f6zi verseny \u00e9les lehet, \u00e9s a v\u00e1llalkoz\u00e1soknak k\u00e9pesnek kell lenni\u00fck az alkalmazkod\u00e1sra \u00e9s az innov\u00e1ci\u00f3ra ahhoz, hogy versenyk\u00e9pesek maradjanak. A k\u00fcl\u00f6nb\u00f6z\u0151 orsz\u00e1gok kultur\u00e1lis k\u00fcl\u00f6nbs\u00e9gei \u00e9s szab\u00e1lyoz\u00e1sa k\u00f6z\u00f6tt is el kell igazodniuk, ami \u00f6sszetett \u00e9s id\u0151ig\u00e9nyes lehet. <\/p>\n<div class=\"newlinediv\"><\/div>\n<p> A glob\u00e1lis piac egy m\u00e1sik m\u00f3dja a v\u00e1llalkoz\u00e1sokra gyakorolt hat\u00e1snak az ell\u00e1t\u00e1si l\u00e1nc zavarai. Az importra vagy exportra t\u00e1maszkod\u00f3 v\u00e1llalkoz\u00e1sokra hat\u00e1ssal lehetnek a kereskedelmi korl\u00e1toz\u00e1sok, v\u00e1mok vagy egy\u00e9b politikai vagy gazdas\u00e1gi t\u00e9nyez\u0151k, amelyek megzavarhatj\u00e1k m\u0171k\u00f6d\u00e9s\u00fcket. <\/p>\n<div class=\"newlinediv\"><\/div>\n<p> \u00d6sszess\u00e9g\u00e9ben a glob\u00e1lis piac sz\u00e1mos lehet\u0151s\u00e9get k\u00edn\u00e1l a v\u00e1llalkoz\u00e1sok sz\u00e1m\u00e1ra a n\u00f6veked\u00e9sre \u00e9s a sikerre, de olyan kih\u00edv\u00e1sokat is jelent, amelyek gondos tervez\u00e9st \u00e9s ir\u00e1ny\u00edt\u00e1st ig\u00e9nyelnek. Azok a v\u00e1llalkoz\u00e1sok, amelyek k\u00e9pesek hat\u00e9konyan navig\u00e1lni a glob\u00e1lis piacon, versenyel\u0151nyre tehetnek szert, \u00e9s hossz\u00fa t\u00e1v\u00fa sikereket \u00e9rhetnek el. <\/p>\n<\/div>\n<div class=\"question\">\n<div class=\"qtitle\"> Mi a marketing szerepe a glob\u00e1lis piacon?<\/div>\n<p> A marketing d\u00f6nt\u0151 szerepet j\u00e1tszik a glob\u00e1lis piacon. Els\u0151dleges c\u00e9lja a v\u00e1s\u00e1rl\u00f3i kapcsolatok kialak\u00edt\u00e1sa \u00e9s fenntart\u00e1sa a v\u00e1s\u00e1rl\u00f3i ig\u00e9nyek \u00e9s sz\u00fcks\u00e9gletek azonos\u00edt\u00e1sa \u00e9s kiel\u00e9g\u00edt\u00e9se r\u00e9v\u00e9n. A glob\u00e1lis piacon a marketing seg\u00edti a v\u00e1llalkoz\u00e1sokat abban, hogy a hazai hat\u00e1rokon t\u00falra is kiterjessz\u00e9k hat\u00f3k\u00f6r\u00fcket, \u00e9s vil\u00e1gszerte kapcsolatot teremtsenek az \u00fcgyfelekkel. <\/p>\n<div class=\"newlinediv\"><\/div>\n<p> A marketing lehet\u0151v\u00e9 teszi a v\u00e1llalkoz\u00e1sok sz\u00e1m\u00e1ra, hogy meg\u00e9rts\u00e9k a vil\u00e1g k\u00fcl\u00f6nb\u00f6z\u0151 r\u00e9gi\u00f3iban megl\u00e9v\u0151 kultur\u00e1lis, t\u00e1rsadalmi \u00e9s gazdas\u00e1gi k\u00fcl\u00f6nbs\u00e9geket. Seg\u00edt a v\u00e1llalatoknak strat\u00e9gi\u00e1kat kidolgozni, hogy term\u00e9keiket \u00e9s szolg\u00e1ltat\u00e1saikat az egyes piacok ig\u00e9nyeihez igaz\u00edts\u00e1k. Ez mag\u00e1ban foglalhatja a term\u00e9kek, a csomagol\u00e1s, az \u00e1rk\u00e9pz\u00e9s \u00e9s a prom\u00f3ci\u00f3s tev\u00e9kenys\u00e9gek testreszab\u00e1s\u00e1t a k\u00fcl\u00f6nb\u00f6z\u0151 k\u00f6z\u00f6ns\u00e9geknek val\u00f3 megfelel\u00e9s \u00e9rdek\u00e9ben. <\/p>\n<div class=\"newlinediv\"><\/div>\n<p> A marketing a m\u00e1rka ismerts\u00e9g\u00e9nek \u00e9s h\u00edrnev\u00e9nek ki\u00e9p\u00edt\u00e9s\u00e9ben is fontos szerepet j\u00e1tszik. A glob\u00e1lis piacon a v\u00e1llalkoz\u00e1soknak a helyi \u00e9s a nemzetk\u00f6zi szerepl\u0151k \u00e1ltal t\u00e1masztott intenz\u00edv versennyel kell szemben\u00e9zni\u00fck. A hat\u00e9kony marketingkamp\u00e1nyok seg\u00edtenek a v\u00e1llalatoknak abban, hogy megk\u00fcl\u00f6nb\u00f6ztess\u00e9k magukat a versenyt\u00e1rsakt\u00f3l, \u00e9s er\u0151s m\u00e1rkaidentit\u00e1st alak\u00edtsanak ki. Ez az \u00e9rt\u00e9kes\u00edt\u00e9s n\u00f6veked\u00e9s\u00e9hez, az \u00fcgyfelek h\u0171s\u00e9g\u00e9hez \u00e9s versenyel\u0151nyh\u00f6z vezethet. <\/p>\n<div class=\"newlinediv\"><\/div>\n<p> A marketing seg\u00edt a v\u00e1llalkoz\u00e1soknak abban is, hogy relev\u00e1nsak maradjanak \u00e9s reag\u00e1ljanak a v\u00e1ltoz\u00f3 piaci k\u00f6r\u00fclm\u00e9nyekre. A glob\u00e1lis piacon a fogyaszt\u00f3i preferenci\u00e1k \u00e9s trendek gyorsan v\u00e1ltozhatnak. A marketingkutat\u00e1s \u00e9s -elemz\u00e9s seg\u00edthet a v\u00e1llalatoknak abban, hogy a v\u00e1ltoz\u00e1sok el\u0151tt j\u00e1rjanak, \u00e9s el\u0151re l\u00e1ss\u00e1k a v\u00e1s\u00e1rl\u00f3i ig\u00e9nyek \u00e9s elv\u00e1r\u00e1sok v\u00e1ltoz\u00e1sait. Ez lehet\u0151v\u00e9 teheti a v\u00e1llalkoz\u00e1sok sz\u00e1m\u00e1ra, hogy olyan \u00faj term\u00e9keket \u00e9s szolg\u00e1ltat\u00e1sokat fejlesszenek ki, amelyek megfelelnek a kialakul\u00f3ban l\u00e9v\u0151 trendeknek, \u00e9s kihaszn\u00e1lj\u00e1k az \u00faj lehet\u0151s\u00e9geket. <\/p>\n<div class=\"newlinediv\"><\/div>\n<p> \u00d6sszefoglalva, a marketing a glob\u00e1lis piacon m\u0171k\u00f6d\u0151 v\u00e1llalkoz\u00e1sok sz\u00e1m\u00e1ra kritikus fontoss\u00e1g\u00fa funkci\u00f3. Seg\u00edti a v\u00e1llalatokat abban, hogy kiterjessz\u00e9k hat\u00f3k\u00f6r\u00fcket, alkalmazkodjanak a k\u00fcl\u00f6nb\u00f6z\u0151 piacokhoz, \u00e9p\u00edts\u00e9k a m\u00e1rka ismerts\u00e9g\u00e9t, \u00e9s reag\u00e1ljanak a v\u00e1ltoz\u00f3 piaci k\u00f6r\u00fclm\u00e9nyekre.<\/p>\n<\/div>\n<\/div>\n","protected":false},"excerpt":{"rendered":"<p>A v\u00e1llalkoz\u00e1sok mindig is fontos szerepet j\u00e1tszottak a glob\u00e1lis piacon. Ma minden eddigin\u00e9l nagyobb sz\u00fcks\u00e9g van a v\u00e1llalkoz\u00e1sokra a gazdas\u00e1gi n\u00f6veked\u00e9s el\u0151mozd\u00edt\u00e1s\u00e1hoz, a munkahelyteremt\u00e9shez, valamint az \u00e1ruk \u00e9s szolg\u00e1ltat\u00e1sok biztos\u00edt\u00e1s\u00e1hoz az emberek sz\u00e1m\u00e1ra szerte a vil\u00e1gon. A v\u00e1llalkoz\u00e1sok szerepe azonban nem korl\u00e1toz\u00f3dik a gazdas\u00e1gi n\u00f6veked\u00e9sre. Egy sikeres v\u00e1llalkoz\u00e1s jelent\u0151s hat\u00e1st gyakorolhat a t\u00e1rsadalomra \u00e9s a &#8230; <a title=\"A sikeres v\u00e1llalkoz\u00e1s ereje a mai vil\u00e1gban\" class=\"read-more\" href=\"https:\/\/megnyitasa.com\/tudas\/a-sikeres-vallalkozas-ereje-a-mai-vilagban\/\" aria-label=\"Read more about A sikeres v\u00e1llalkoz\u00e1s ereje a mai vil\u00e1gban\">Read more<\/a><\/p>\n","protected":false},"author":1769,"featured_media":0,"comment_status":"closed","ping_status":"closed","sticky":false,"template":"","format":"standard","meta":{"footnotes":""},"categories":[6],"tags":[],"class_list":["post-18411","post","type-post","status-publish","format-standard","hentry","category-reklam-es-marketing"],"_links":{"self":[{"href":"https:\/\/megnyitasa.com\/tudas\/wp-json\/wp\/v2\/posts\/18411","targetHints":{"allow":["GET"]}}],"collection":[{"href":"https:\/\/megnyitasa.com\/tudas\/wp-json\/wp\/v2\/posts"}],"about":[{"href":"https:\/\/megnyitasa.com\/tudas\/wp-json\/wp\/v2\/types\/post"}],"author":[{"embeddable":true,"href":"https:\/\/megnyitasa.com\/tudas\/wp-json\/wp\/v2\/users\/1769"}],"replies":[{"embeddable":true,"href":"https:\/\/megnyitasa.com\/tudas\/wp-json\/wp\/v2\/comments?post=18411"}],"version-history":[{"count":0,"href":"https:\/\/megnyitasa.com\/tudas\/wp-json\/wp\/v2\/posts\/18411\/revisions"}],"wp:attachment":[{"href":"https:\/\/megnyitasa.com\/tudas\/wp-json\/wp\/v2\/media?parent=18411"}],"wp:term":[{"taxonomy":"category","embeddable":true,"href":"https:\/\/megnyitasa.com\/tudas\/wp-json\/wp\/v2\/categories?post=18411"},{"taxonomy":"post_tag","embeddable":true,"href":"https:\/\/megnyitasa.com\/tudas\/wp-json\/wp\/v2\/tags?post=18411"}],"curies":[{"name":"wp","href":"https:\/\/api.w.org\/{rel}","templated":true}]}}