{"id":18445,"date":"2023-10-02T20:34:04","date_gmt":"2023-10-02T20:34:04","guid":{"rendered":"https:\/\/megnyitasa.com\/tudas\/?p=18445"},"modified":"2023-10-02T20:34:04","modified_gmt":"2023-10-02T20:34:04","slug":"a-lehetosegek-maximalizalasa-a-product-life-cycle-stage-meghatarozasanak-utmutatoja","status":"publish","type":"post","link":"https:\/\/megnyitasa.com\/tudas\/a-lehetosegek-maximalizalasa-a-product-life-cycle-stage-meghatarozasanak-utmutatoja\/","title":{"rendered":"A lehet\u0151s\u00e9gek maximaliz\u00e1l\u00e1sa: A Product Life Cycle Stage meghat\u00e1roz\u00e1s\u00e1nak \u00fatmutat\u00f3ja"},"content":{"rendered":"<div class=\"articlecontent\">\n<div class=\"newlinediv\"><\/div>\n<p> A term\u00e9k \u00e9letciklusa alapvet\u0151 fogalom minden olyan v\u00e1llalat sz\u00e1m\u00e1ra, amely versenyk\u00e9pes \u00e9s relev\u00e1ns k\u00edv\u00e1n maradni a piacon. Ha meg\u00e9rti, hogy az \u00d6n term\u00e9ke melyik szakaszban van, az seg\u00edthet abban, hogy megalapozott d\u00f6nt\u00e9seket hozzon a marketinggel, az \u00e1rk\u00e9pz\u00e9ssel \u00e9s az \u00e1ltal\u00e1nos term\u00e9kstrat\u00e9gi\u00e1val kapcsolatban. A term\u00e9k \u00e9letciklus\u00e1nak n\u00e9gy szakasza a bevezet\u00e9s, a n\u00f6veked\u00e9s, az \u00e9retts\u00e9g \u00e9s a hanyatl\u00e1s. Ebben a cikkben azt t\u00e1rgyaljuk, hogy egy v\u00e1llalatnak hogyan kell meghat\u00e1rozni a term\u00e9k \u00e9letciklus\u00e1nak szakasz\u00e1t. <\/p>\n<div class=\"newlinediv\"><\/div>\n<p> Az egyik legmegb\u00edzhat\u00f3bb m\u00f3dja annak, hogy meghat\u00e1rozzuk, melyik szakaszban van egy term\u00e9k, az \u00e9rt\u00e9kes\u00edt\u00e9si adatok elemz\u00e9se. A bevezet\u00e9si szakaszban az \u00e9rt\u00e9kes\u00edt\u00e9s alacsony lesz, mivel a term\u00e9k m\u00e9g \u00faj, \u00e9s a v\u00e1s\u00e1rl\u00f3k m\u00e9g nem ismerik. A n\u00f6veked\u00e9si szakaszban az \u00e9rt\u00e9kes\u00edt\u00e9s gyorsan n\u00f6vekszik, mivel egyre t\u00f6bb v\u00e1s\u00e1rl\u00f3 ismeri meg a term\u00e9ket. Az \u00e9retts\u00e9gi szakaszban az elad\u00e1sok stagn\u00e1lnak, a hanyatl\u00e1si szakaszban pedig az elad\u00e1sok cs\u00f6kkennek, mivel a v\u00e1s\u00e1rl\u00f3k \u00e1t\u00e1llnak az \u00fajabb term\u00e9kekre. Az \u00e9rt\u00e9kes\u00edt\u00e9si adatok id\u0151beli nyomon k\u00f6vet\u00e9s\u00e9vel a v\u00e1llalat j\u00f3 k\u00e9pet kaphat arr\u00f3l, hogy a term\u00e9ke melyik szakaszban van. <\/p>\n<div class=\"newlinediv\"><\/div>\n<p> A term\u00e9k \u00e9letciklus szakasz\u00e1nak meghat\u00e1roz\u00e1s\u00e1nak m\u00e1sik m\u00f3dja a v\u00e1s\u00e1rl\u00f3i visszajelz\u00e9sek elemz\u00e9se. A bevezet\u00e9si szakaszban az \u00fcgyfelek t\u00e9tov\u00e1n pr\u00f3b\u00e1lj\u00e1k ki a term\u00e9ket, \u00e9s a visszajelz\u00e9sek vegyesek lehetnek. A n\u00f6veked\u00e9si szakaszban a visszajelz\u00e9sek \u00e1ltal\u00e1ban pozit\u00edvak, mivel egyre t\u00f6bb v\u00e1s\u00e1rl\u00f3 pr\u00f3b\u00e1lja ki a term\u00e9ket, \u00e9s el\u00e9gedett lesz vele. Az \u00e9retts\u00e9gi szakaszban a visszajelz\u00e9sek kritikusabb\u00e1 v\u00e1lhatnak, mivel az \u00fcgyfelek elkezdik \u00f6sszehasonl\u00edtani a term\u00e9ket az \u00fajabb alternat\u00edv\u00e1kkal. A hanyatl\u00e1si szakaszban a visszajelz\u00e9sek negat\u00edvak lehetnek, mivel az \u00fcgyfelek \u00fajabb term\u00e9kek fel\u00e9 mozdulnak el. A vev\u0151i visszajelz\u00e9sek id\u0151beli elemz\u00e9s\u00e9vel a v\u00e1llalat betekint\u00e9st nyerhet a term\u00e9k \u00e9letciklus\u00e1nak szakasz\u00e1ba. <\/p>\n<div class=\"newlinediv\"><\/div>\n<p> A piackutat\u00e1s szint\u00e9n hasznos eszk\u00f6z lehet a term\u00e9k \u00e9letciklus szakasz\u00e1nak meghat\u00e1roz\u00e1s\u00e1ban. Felm\u00e9r\u00e9sek \u00e9s f\u00f3kuszcsoportok elv\u00e9gz\u00e9s\u00e9vel a v\u00e1llalat jobban meg\u00e9rtheti, hogy az \u00fcgyfelek hogyan l\u00e1tj\u00e1k a term\u00e9ket, \u00e9s hogy az hol helyezkedik el a piacon. A piackutat\u00e1s seg\u00edthet azonos\u00edtani a term\u00e9k potenci\u00e1lis \u00faj piacait vagy a term\u00e9k \u00fajrapoz\u00edcion\u00e1l\u00e1s\u00e1nak m\u00f3djait, hogy m\u00e1s k\u00f6z\u00f6ns\u00e9get sz\u00f3l\u00edtson meg. A piackutat\u00e1s felhaszn\u00e1l\u00e1s\u00e1val a term\u00e9kstrat\u00e9gia megalapoz\u00e1s\u00e1hoz a v\u00e1llalat meghosszabb\u00edthatja a term\u00e9k \u00e9letciklus\u00e1t, \u00e9s versenyk\u00e9pes maradhat a piacon. <\/p>\n<div class=\"newlinediv\"><\/div>\n<p> \u00d6sszefoglalva, a term\u00e9k \u00e9letciklus szakasz\u00e1nak meghat\u00e1roz\u00e1sa kulcsfontoss\u00e1g\u00fa minden olyan v\u00e1llalat sz\u00e1m\u00e1ra, amely maximaliz\u00e1lni szeretn\u00e9 a term\u00e9keiben rejl\u0151 lehet\u0151s\u00e9geket. Az \u00e9rt\u00e9kes\u00edt\u00e9si adatok, a v\u00e1s\u00e1rl\u00f3i visszajelz\u00e9sek elemz\u00e9s\u00e9vel \u00e9s piackutat\u00e1ssal a v\u00e1llalat jobban meg\u00e9rtheti, hogy term\u00e9ke melyik szakaszban van, \u00e9s megalapozott d\u00f6nt\u00e9seket hozhat a marketinggel, az \u00e1rk\u00e9pz\u00e9ssel \u00e9s az \u00e1ltal\u00e1nos term\u00e9kstrat\u00e9gi\u00e1val kapcsolatban. A term\u00e9k \u00e9letciklus\u00e1ra val\u00f3 odafigyel\u00e9ssel a v\u00e1llalat a versenyt\u00e1rsak el\u0151tt maradhat, \u00e9s tov\u00e1bbra is megfelelhet \u00fcgyfelei v\u00e1ltoz\u00f3 ig\u00e9nyeinek.<\/p><\/div>\n<div class=\"questions\">\n<div class=\"questionstitle\">FAQ<\/div>\n<div class=\"question\">\n<div class=\"qtitle\"> Hogyan tudja egy v\u00e1llalat meghat\u00e1rozni, hogy egy adott term\u00e9k a term\u00e9k \u00e9letciklus\u00e1nak melyik szakasz\u00e1ban van?<\/div>\n<p> A marketing ter\u00fclet\u00e9n a term\u00e9k \u00e9letciklusa kulcsfontoss\u00e1g\u00fa fogalom, amely seg\u00edt a c\u00e9geknek meghat\u00e1rozni, hogy term\u00e9keik milyen st\u00e1diumban vannak a piacon. A term\u00e9k \u00e9letciklusa n\u00e9gy szakaszb\u00f3l \u00e1ll: bevezet\u00e9s, n\u00f6veked\u00e9s, \u00e9retts\u00e9g \u00e9s hanyatl\u00e1s. Mindegyik szakasznak megvannak a maga egyedi jellemz\u0151i, \u00e9s k\u00fcl\u00f6nb\u00f6z\u0151 marketingstrat\u00e9gi\u00e1kat ig\u00e9nyel. <\/p>\n<div class=\"newlinediv\"><\/div>\n<p> Annak meghat\u00e1roz\u00e1s\u00e1hoz, hogy egy adott term\u00e9k a term\u00e9k \u00e9letciklus\u00e1nak melyik szakasz\u00e1ban van, a v\u00e1llalat elemezhet k\u00fcl\u00f6nb\u00f6z\u0151 t\u00e9nyez\u0151ket, p\u00e9ld\u00e1ul az elad\u00e1sokat, a nyeres\u00e9gess\u00e9get, a v\u00e1s\u00e1rl\u00f3i keresletet, a versenyt \u00e9s a technol\u00f3giai fejl\u0151d\u00e9st. \u00cdme n\u00e9h\u00e1ny m\u00f3dszer a term\u00e9k\u00e9letciklus szakasz\u00e1nak meghat\u00e1roz\u00e1s\u00e1ra: <\/p>\n<div class=\"newlinediv\"><\/div>\n<p> 1. Bevezet\u00e9si szakasz: Ebben a szakaszban a term\u00e9ket bevezetik a piacra, \u00e9s az \u00e9rt\u00e9kes\u00edt\u00e9s alacsony. A c\u00e9gnek magas k\u00f6lts\u00e9gek mer\u00fclnek fel a kezdeti kutat\u00e1si \u00e9s fejleszt\u00e9si kiad\u00e1sok, a csomagol\u00e1s \u00e9s a prom\u00f3ci\u00f3 miatt. A v\u00e1llalat ezt a szakaszt az \u00e9rt\u00e9kes\u00edt\u00e9si volumen, a v\u00e1s\u00e1rl\u00f3i tudatoss\u00e1g \u00e9s a forgalmaz\u00e1si csatorn\u00e1k nyomon k\u00f6vet\u00e9s\u00e9vel tudja meghat\u00e1rozni. <\/p>\n<div class=\"newlinediv\"><\/div>\n<p> 2. N\u00f6veked\u00e9si szakasz: Ebben a szakaszban a term\u00e9k elfogadotts\u00e1ga n\u0151, \u00e9s az elad\u00e1sok gyorsan n\u00f6vekedni kezdenek. A c\u00e9g a n\u00f6vekv\u0151 kereslet kiel\u00e9g\u00edt\u00e9se \u00e9rdek\u00e9ben b\u0151v\u00edtheti a termel\u00e9st \u00e9s a forgalmaz\u00e1si csatorn\u00e1kat. A v\u00e1llalat ezt a szakaszt az \u00e9rt\u00e9kes\u00edt\u00e9si volumen, a piaci r\u00e9szesed\u00e9s \u00e9s a nyeres\u00e9gess\u00e9g n\u00f6veked\u00e9s\u00e9nek nyomon k\u00f6vet\u00e9s\u00e9vel hat\u00e1rozhatja meg. <\/p>\n<div class=\"newlinediv\"><\/div>\n<p> 3. \u00c9retts\u00e9gi szakasz: Ebben a szakaszban az \u00e9rt\u00e9kes\u00edt\u00e9s n\u00f6veked\u00e9se lelassul, mivel a term\u00e9k el\u00e9ri a piacon a cs\u00facspontj\u00e1t. A verseny fokoz\u00f3dik, \u00e9s a c\u00e9gnek esetleg cs\u00f6kkentenie kell az \u00e1rakat, hogy meg\u0151rizze piaci r\u00e9szesed\u00e9s\u00e9t. A v\u00e1llalat ezt a szakaszt az elad\u00e1sok stagn\u00e1l\u00e1s\u00e1nak, a piac tel\u00edt\u0151d\u00e9s\u00e9nek \u00e9s a cs\u00f6kken\u0151 j\u00f6vedelmez\u0151s\u00e9gnek a nyomon k\u00f6vet\u00e9s\u00e9vel hat\u00e1rozhatja meg. <\/p>\n<div class=\"newlinediv\"><\/div>\n<p> 4. Hanyatl\u00e1si szakasz: Ebben a szakaszban a fogyaszt\u00f3i preferenci\u00e1k v\u00e1ltoz\u00e1sa, a technol\u00f3giai fejl\u0151d\u00e9s vagy az \u00faj verseny miatt az \u00e9rt\u00e9kes\u00edt\u00e9s cs\u00f6kkenni kezd. A c\u00e9gnek esetleg meg kell sz\u00fcntetnie a term\u00e9k forgalmaz\u00e1s\u00e1t vagy \u00e1t kell neveznie azt. A v\u00e1llalat ezt a szakaszt az \u00e9rt\u00e9kes\u00edt\u00e9si volumen, a piaci r\u00e9szesed\u00e9s \u00e9s a nyeres\u00e9gess\u00e9g cs\u00f6kken\u00e9s\u00e9nek nyomon k\u00f6vet\u00e9s\u00e9vel hat\u00e1rozhatja meg. <\/p>\n<div class=\"newlinediv\"><\/div>\n<p> \u00d6sszefoglalva, a v\u00e1llalat a term\u00e9k \u00e9letciklus\u00e1nak szakasz\u00e1t k\u00fcl\u00f6nb\u00f6z\u0151 t\u00e9nyez\u0151k, p\u00e9ld\u00e1ul az \u00e9rt\u00e9kes\u00edt\u00e9s, a nyeres\u00e9gess\u00e9g, a fogyaszt\u00f3i kereslet, a verseny \u00e9s a technol\u00f3giai fejl\u0151d\u00e9s elemz\u00e9s\u00e9vel hat\u00e1rozhatja meg. Ez az inform\u00e1ci\u00f3 seg\u00edt a v\u00e1llalatnak megfelel\u0151 marketingstrat\u00e9gi\u00e1kat kidolgozni a nyeres\u00e9g maximaliz\u00e1l\u00e1sa \u00e9s a term\u00e9k \u00e9letciklus\u00e1nak meghosszabb\u00edt\u00e1sa \u00e9rdek\u00e9ben. <\/p>\n<\/div>\n<div class=\"question\">\n<div class=\"qtitle\"> Hogyan m\u00e9rhet\u0151 egy term\u00e9k \u00e9letciklusa?<\/div>\n<p> A term\u00e9k \u00e9letciklus\u00e1nak m\u00e9r\u00e9se a rekl\u00e1m \u00e9s a marketing fontos szempontja, mivel seg\u00edt a v\u00e1llalkoz\u00e1soknak megalapozott d\u00f6nt\u00e9seket hozni arr\u00f3l, hogy mikor vezessenek be \u00faj term\u00e9keket, mikor m\u00f3dos\u00edts\u00e1k a megl\u00e9v\u0151 term\u00e9keket, \u00e9s mikor vonj\u00e1k ki a forgalomb\u00f3l a m\u00e1r nem nyeres\u00e9ges term\u00e9keket. <\/p>\n<div class=\"newlinediv\"><\/div>\n<p> Egy term\u00e9k \u00e9letciklusa \u00e1ltal\u00e1ban n\u00e9gy szakaszb\u00f3l \u00e1ll: bevezet\u00e9s, n\u00f6veked\u00e9s, \u00e9retts\u00e9g \u00e9s hanyatl\u00e1s. <\/p>\n<div class=\"newlinediv\"><\/div>\n<p> A bevezet\u00e9si szakasz az, amikor a term\u00e9k el\u0151sz\u00f6r jelenik meg a piacon. Ebben a szakaszban az \u00e9rt\u00e9kes\u00edt\u00e9s jellemz\u0151en lass\u00fa, mivel a fogyaszt\u00f3k m\u00e9g nem ismerik a term\u00e9ket, \u00e9s esetleg fel kell \u0151ket vil\u00e1gos\u00edtani annak el\u0151nyeir\u0151l. <\/p>\n<div class=\"newlinediv\"><\/div>\n<p> A n\u00f6veked\u00e9si szakaszra a n\u00f6vekv\u0151 elad\u00e1sok jellemz\u0151ek, mivel egyre t\u00f6bb fogyaszt\u00f3 ismeri meg a term\u00e9ket \u00e9s kezdi el v\u00e1s\u00e1rolni. <\/p>\n<div class=\"newlinediv\"><\/div>\n<p> Az \u00e9retts\u00e9gi szakasz az, amikor a term\u00e9k n\u00e9pszer\u0171s\u00e9g\u00e9nek cs\u00facs\u00e1t el\u00e9rve az \u00e9rt\u00e9kes\u00edt\u00e9s kezd elhalv\u00e1nyulni. <\/p>\n<div class=\"newlinediv\"><\/div>\n<p> V\u00e9g\u00fcl a hanyatl\u00e1si szakasz az, amikor az elad\u00e1sok cs\u00f6kkenni kezdenek, mivel a term\u00e9k elavul, vagy \u00fajabb, innovat\u00edvabb term\u00e9kekkel v\u00e1ltj\u00e1k fel. <\/p>\n<div class=\"newlinediv\"><\/div>\n<p> Egy term\u00e9k \u00e9letciklus\u00e1nak m\u00e9r\u00e9s\u00e9re a v\u00e1llalkoz\u00e1sok sz\u00e1mos m\u00e9r\u0151sz\u00e1mot haszn\u00e1lhatnak, p\u00e9ld\u00e1ul az \u00e9rt\u00e9kes\u00edt\u00e9si bev\u00e9telt, a piaci r\u00e9szesed\u00e9st \u00e9s a v\u00e1s\u00e1rl\u00f3i visszajelz\u00e9seket. <\/p>\n<div class=\"newlinediv\"><\/div>\n<p> Az \u00e9rt\u00e9kes\u00edt\u00e9si \u00e1rbev\u00e9tel az egyik legfontosabb m\u00e9r\u0151sz\u00e1m, amely egy term\u00e9k n\u00f6veked\u00e9s\u00e9nek \u00e9s hanyatl\u00e1s\u00e1nak nyomon k\u00f6vet\u00e9s\u00e9re haszn\u00e1lhat\u00f3. Az \u00e9rt\u00e9kes\u00edt\u00e9si adatok id\u0151beli elemz\u00e9s\u00e9vel a v\u00e1llalkoz\u00e1sok meghat\u00e1rozhatj\u00e1k, hogy egy term\u00e9k eset\u00e9ben mikor tapasztalhat\u00f3 er\u0151s forgalomn\u00f6veked\u00e9s, illetve mikor kezd\u0151dik az \u00e9rt\u00e9kes\u00edt\u00e9s visszaes\u00e9se. <\/p>\n<div class=\"newlinediv\"><\/div>\n<p> A piaci r\u00e9szesed\u00e9s egy m\u00e1sik fontos m\u00e9r\u0151sz\u00e1m, amely arra haszn\u00e1lhat\u00f3, hogy felm\u00e9rje egy term\u00e9k n\u00e9pszer\u0171s\u00e9g\u00e9t a versenyt\u00e1rsakhoz k\u00e9pest. A piaci r\u00e9szesed\u00e9s id\u0151beli nyomon k\u00f6vet\u00e9s\u00e9vel a v\u00e1llalkoz\u00e1sok azonos\u00edthatj\u00e1k, hogy egy term\u00e9k mikor nyer vagy vesz\u00edt piaci r\u00e9szesed\u00e9st, \u00e9s ennek megfelel\u0151en m\u00f3dos\u00edthatj\u00e1k marketingstrat\u00e9gi\u00e1jukat. <\/p>\n<div class=\"newlinediv\"><\/div>\n<p> V\u00e9gezet\u00fcl a fogyaszt\u00f3i visszajelz\u00e9sek gy\u0171jt\u00e9se felm\u00e9r\u00e9sek, f\u00f3kuszcsoportok vagy online v\u00e9lem\u00e9nyek seg\u00edts\u00e9g\u00e9vel \u00e9rt\u00e9kes betekint\u00e9st ny\u00fajthat abba, hogy a fogyaszt\u00f3k hogyan v\u00e9lekednek egy term\u00e9kr\u0151l annak \u00e9letciklus\u00e1nak egyes szakaszaiban. Ezek az inform\u00e1ci\u00f3k felhaszn\u00e1lhat\u00f3k a fejlesztend\u0151 ter\u00fcletek azonos\u00edt\u00e1s\u00e1ra vagy olyan \u00faj term\u00e9kek kifejleszt\u00e9s\u00e9re, amelyek jobban megfelelnek a fogyaszt\u00f3k ig\u00e9nyeinek. <\/p>\n<div class=\"newlinediv\"><\/div>\n<p> \u00d6sszefoglalva, egy term\u00e9k \u00e9letciklus\u00e1nak m\u00e9r\u00e9se alapvet\u0151 fontoss\u00e1g\u00fa a v\u00e1llalkoz\u00e1sok sz\u00e1m\u00e1ra, hogy megalapozott d\u00f6nt\u00e9seket hozhassanak term\u00e9kportf\u00f3li\u00f3jukkal \u00e9s marketingstrat\u00e9gi\u00e1ikkal kapcsolatban. Az \u00e9rt\u00e9kes\u00edt\u00e9si adatok, a piaci r\u00e9szesed\u00e9selemz\u00e9s \u00e9s a fogyaszt\u00f3i visszajelz\u00e9sek kombin\u00e1ci\u00f3j\u00e1nak felhaszn\u00e1l\u00e1s\u00e1val a v\u00e1llalkoz\u00e1sok jobban meg\u00e9rthetik, hogy term\u00e9keik hol \u00e1llnak a piacon, \u00e9s sz\u00fcks\u00e9g eset\u00e9n kiigaz\u00edt\u00e1sokat v\u00e9gezhetnek.<\/p>\n<\/div>\n<\/div>\n","protected":false},"excerpt":{"rendered":"<p>A term\u00e9k \u00e9letciklusa alapvet\u0151 fogalom minden olyan v\u00e1llalat sz\u00e1m\u00e1ra, amely versenyk\u00e9pes \u00e9s relev\u00e1ns k\u00edv\u00e1n maradni a piacon. Ha meg\u00e9rti, hogy az \u00d6n term\u00e9ke melyik szakaszban van, az seg\u00edthet abban, hogy megalapozott d\u00f6nt\u00e9seket hozzon a marketinggel, az \u00e1rk\u00e9pz\u00e9ssel \u00e9s az \u00e1ltal\u00e1nos term\u00e9kstrat\u00e9gi\u00e1val kapcsolatban. A term\u00e9k \u00e9letciklus\u00e1nak n\u00e9gy szakasza a bevezet\u00e9s, a n\u00f6veked\u00e9s, az \u00e9retts\u00e9g \u00e9s a &#8230; <a title=\"A lehet\u0151s\u00e9gek maximaliz\u00e1l\u00e1sa: A Product Life Cycle Stage meghat\u00e1roz\u00e1s\u00e1nak \u00fatmutat\u00f3ja\" class=\"read-more\" href=\"https:\/\/megnyitasa.com\/tudas\/a-lehetosegek-maximalizalasa-a-product-life-cycle-stage-meghatarozasanak-utmutatoja\/\" aria-label=\"Read more about A lehet\u0151s\u00e9gek maximaliz\u00e1l\u00e1sa: A Product Life Cycle Stage meghat\u00e1roz\u00e1s\u00e1nak \u00fatmutat\u00f3ja\">Read more<\/a><\/p>\n","protected":false},"author":456,"featured_media":0,"comment_status":"closed","ping_status":"closed","sticky":false,"template":"","format":"standard","meta":{"footnotes":""},"categories":[6],"tags":[],"class_list":["post-18445","post","type-post","status-publish","format-standard","hentry","category-reklam-es-marketing"],"_links":{"self":[{"href":"https:\/\/megnyitasa.com\/tudas\/wp-json\/wp\/v2\/posts\/18445","targetHints":{"allow":["GET"]}}],"collection":[{"href":"https:\/\/megnyitasa.com\/tudas\/wp-json\/wp\/v2\/posts"}],"about":[{"href":"https:\/\/megnyitasa.com\/tudas\/wp-json\/wp\/v2\/types\/post"}],"author":[{"embeddable":true,"href":"https:\/\/megnyitasa.com\/tudas\/wp-json\/wp\/v2\/users\/456"}],"replies":[{"embeddable":true,"href":"https:\/\/megnyitasa.com\/tudas\/wp-json\/wp\/v2\/comments?post=18445"}],"version-history":[{"count":0,"href":"https:\/\/megnyitasa.com\/tudas\/wp-json\/wp\/v2\/posts\/18445\/revisions"}],"wp:attachment":[{"href":"https:\/\/megnyitasa.com\/tudas\/wp-json\/wp\/v2\/media?parent=18445"}],"wp:term":[{"taxonomy":"category","embeddable":true,"href":"https:\/\/megnyitasa.com\/tudas\/wp-json\/wp\/v2\/categories?post=18445"},{"taxonomy":"post_tag","embeddable":true,"href":"https:\/\/megnyitasa.com\/tudas\/wp-json\/wp\/v2\/tags?post=18445"}],"curies":[{"name":"wp","href":"https:\/\/api.w.org\/{rel}","templated":true}]}}