{"id":18640,"date":"2023-04-24T00:00:00","date_gmt":"2023-04-24T00:00:00","guid":{"rendered":"https:\/\/megnyitasa.com\/tudas\/az-eros-mediakapcsolati-kampany-kialakitasanak-fontossaga\/"},"modified":"2023-04-24T00:00:00","modified_gmt":"2023-04-24T00:00:00","slug":"az-eros-mediakapcsolati-kampany-kialakitasanak-fontossaga","status":"publish","type":"post","link":"https:\/\/megnyitasa.com\/tudas\/az-eros-mediakapcsolati-kampany-kialakitasanak-fontossaga\/","title":{"rendered":"Az er\u0151s m\u00e9diakapcsolati kamp\u00e1ny kialak\u00edt\u00e1s\u00e1nak fontoss\u00e1ga"},"content":{"rendered":"<div class=\"articlecontent\">\n<div class=\"newlinediv\"><\/div>\n<p> A mai gyors temp\u00f3j\u00fa digit\u00e1lis k\u00f6rnyezetben a v\u00e1llalkoz\u00e1soknak \u00e9s szervezeteknek er\u0151s m\u00e9diakapcsolati kamp\u00e1nyra van sz\u00fcks\u00e9g\u00fck a pozit\u00edv nyilv\u00e1nos k\u00e9p kialak\u00edt\u00e1s\u00e1hoz, a m\u00e1rkaismerts\u00e9g n\u00f6vel\u00e9s\u00e9hez \u00e9s a n\u00f6veked\u00e9s \u00f6szt\u00f6nz\u00e9s\u00e9hez. A m\u00e9diakapcsolati kamp\u00e1ny mag\u00e1ban foglalja az \u00fajs\u00e1g\u00edr\u00f3kkal, m\u00e9diumokkal \u00e9s befoly\u00e1sos szem\u00e9lyekkel val\u00f3 kapcsolat\u00e9p\u00edt\u00e9st, hogy a m\u00e1rka \u00fczenet\u00e9t sz\u00e9lesebb k\u00f6z\u00f6ns\u00e9ghez juttassa el. Ez egy strat\u00e9giai megk\u00f6zel\u00edt\u00e9s a v\u00e1llalkoz\u00e1s vagy szervezet \u00e9s a m\u00e9dia k\u00f6z\u00f6tti inform\u00e1ci\u00f3\u00e1raml\u00e1s kezel\u00e9s\u00e9re. <\/p>\n<div class=\"newlinediv\"><\/div>\n<p> A m\u00e9diakapcsolati kamp\u00e1ny felhaszn\u00e1lhat\u00f3 egy term\u00e9k, szolg\u00e1ltat\u00e1s vagy esem\u00e9ny n\u00e9pszer\u0171s\u00edt\u00e9s\u00e9re, illetve egy v\u00e1llalat vagy szervezet pozit\u00edv im\u00e1zs\u00e1nak kialak\u00edt\u00e1s\u00e1ra. A sikeres m\u00e9diakapcsolati kamp\u00e1nynak j\u00f3l megtervezettnek \u00e9s kivitelezettnek kell lennie, vil\u00e1gos \u00fczenettel, c\u00e9lk\u00f6z\u00f6ns\u00e9ggel \u00e9s strat\u00e9gi\u00e1val. Emellett integr\u00e1lni kell m\u00e1s marketing- \u00e9s PR-er\u0151fesz\u00edt\u00e9sekkel, p\u00e9ld\u00e1ul a k\u00f6z\u00f6ss\u00e9gi m\u00e9di\u00e1val, a tartalommarketinggel \u00e9s a rekl\u00e1moz\u00e1ssal. <\/p>\n<div class=\"newlinediv\"><\/div>\n<p> A m\u00e9diakapcsolati kamp\u00e1ny egyik legfontosabb c\u00e9lja, hogy biztos\u00edtsa a m\u00e9di\u00e1ban val\u00f3 megjelen\u00e9st a legjelent\u0151sebb kiadv\u00e1nyokban, p\u00e9ld\u00e1ul \u00fajs\u00e1gokban, magazinokban \u00e9s online m\u00e9diumokban. Ez a tud\u00f3s\u00edt\u00e1s seg\u00edthet a m\u00e1rkaismerts\u00e9g n\u00f6vel\u00e9s\u00e9ben, a hiteless\u00e9g megteremt\u00e9s\u00e9ben \u00e9s a v\u00e1llalat weboldal\u00e1nak l\u00e1togatotts\u00e1g\u00e1nak n\u00f6vel\u00e9s\u00e9ben. Ennek el\u00e9r\u00e9s\u00e9hez fontos, hogy azonos\u00edtsa a megfelel\u0151 \u00fajs\u00e1g\u00edr\u00f3kat \u00e9s m\u00e9diaorg\u00e1numokat, amelyek relev\u00e1nsak az \u00d6n ipar\u00e1g\u00e1nak vagy szakter\u00fclet\u00e9nek szempontj\u00e1b\u00f3l, \u00e9s id\u0151vel kapcsolatokat \u00e9p\u00edtsen ki vel\u00fck. <\/p>\n<div class=\"newlinediv\"><\/div>\n<p> Egy m\u00e9diakapcsolati kamp\u00e1ny m\u00e1sik fontos szempontja a v\u00e1ls\u00e1gkezel\u00e9s. Egy negat\u00edv h\u00edr vagy v\u00e1ls\u00e1ghelyzet eset\u00e9n a v\u00e1llalat h\u00edrneve vesz\u00e9lybe ker\u00fclhet. Egy j\u00f3l megtervezett m\u00e9diakapcsolati kamp\u00e1ny seg\u00edthet a k\u00e1rok enyh\u00edt\u00e9s\u00e9ben \u00e9s a tov\u00e1bbi negat\u00edv h\u00edrver\u00e9s megel\u0151z\u00e9s\u00e9ben. Ez mag\u00e1ban foglalja az \u00e1tl\u00e1that\u00f3s\u00e1got \u00e9s \u0151szintes\u00e9get a m\u00e9di\u00e1val szemben, a gyors reag\u00e1l\u00e1st a k\u00e9rd\u00e9sekre \u00e9s aggodalmakra, valamint a helyzet kezel\u00e9s\u00e9hez sz\u00fcks\u00e9ges pontos inform\u00e1ci\u00f3k ny\u00fajt\u00e1s\u00e1t. <\/p>\n<div class=\"newlinediv\"><\/div>\n<p> \u00d6sszefoglalva, a m\u00e9diakapcsolati kamp\u00e1ny minden v\u00e1llalkoz\u00e1s vagy szervezet marketing- \u00e9s PR-strat\u00e9gi\u00e1j\u00e1nak l\u00e9nyeges eleme. Seg\u00edthet a n\u00f6veked\u00e9s el\u0151mozd\u00edt\u00e1s\u00e1ban, a m\u00e1rkaismerts\u00e9g n\u00f6vel\u00e9s\u00e9ben \u00e9s a pozit\u00edv nyilv\u00e1nos k\u00e9p kialak\u00edt\u00e1s\u00e1ban. Megfelel\u0151 tervez\u00e9ssel, kivitelez\u00e9ssel \u00e9s ir\u00e1ny\u00edt\u00e1ssal a m\u00e9diakapcsolatok kamp\u00e1nya hat\u00e9kony eszk\u00f6z lehet a sikerhez a mai versenypiacon.<\/p><\/div>\n<div class=\"questions\">\n<div class=\"questionstitle\">FAQ<\/div>\n<div class=\"question\">\n<div class=\"qtitle\"> Mi a m\u00e9diakapcsolatok c\u00e9lja?<\/div>\n<p> A m\u00e9diakapcsolatok az \u00e1tfog\u00f3 marketing- \u00e9s rekl\u00e1mstrat\u00e9gia alapvet\u0151 fontoss\u00e1g\u00fa elemei. A m\u00e9diakapcsolatok c\u00e9lja a v\u00e1llalat vagy szervezet \u00e9s a m\u00e9dia k\u00f6z\u00f6tti pozit\u00edv kapcsolatok kialak\u00edt\u00e1sa \u00e9s fenntart\u00e1sa. A v\u00e9gs\u0151 c\u00e9l a pozit\u00edv m\u00e9diamegjelen\u00e9sek gener\u00e1l\u00e1sa, amelyek jav\u00edthatj\u00e1k a v\u00e1llalat h\u00edrnev\u00e9t, n\u00f6velhetik a m\u00e1rkaismerts\u00e9get \u00e9s \u00f6szt\u00f6n\u00f6zhetik az \u00e9rt\u00e9kes\u00edt\u00e9st. <\/p>\n<div class=\"newlinediv\"><\/div>\n<p> A m\u00e9diakapcsolatokkal foglalkoz\u00f3 szakemberek azon dolgoznak, hogy kapcsolatokat \u00e9p\u00edtsenek ki \u00fajs\u00e1g\u00edr\u00f3kkal, bloggerekkel \u00e9s m\u00e1s m\u00e9diaszakemberekkel, akik seg\u00edthetnek a v\u00e1llalat term\u00e9keinek vagy szolg\u00e1ltat\u00e1sainak n\u00e9pszer\u0171s\u00edt\u00e9s\u00e9ben. Ezek a szakemberek olyan meggy\u0151z\u0151 tartalmak l\u00e9trehoz\u00e1s\u00e1n \u00e9s terjeszt\u00e9s\u00e9n is dolgoznak, amelyek megragadj\u00e1k a m\u00e9dia figyelm\u00e9t, \u00e9s pozit\u00edv tud\u00f3s\u00edt\u00e1sokat gener\u00e1lnak. <\/p>\n<div class=\"newlinediv\"><\/div>\n<p> A m\u00e9diakapcsolatok a negat\u00edv publicit\u00e1s kezel\u00e9s\u00e9re vagy v\u00e1ls\u00e1ghelyzetek kezel\u00e9s\u00e9re is felhaszn\u00e1lhat\u00f3k. A m\u00e9di\u00e1val val\u00f3 szoros kapcsolattart\u00e1s r\u00e9v\u00e9n a v\u00e1llalatok gyorsan reag\u00e1lhatnak a negat\u00edv h\u00edrver\u00e9sre, \u00e9s pontos inform\u00e1ci\u00f3kkal szolg\u00e1lhatnak a nyilv\u00e1noss\u00e1g sz\u00e1m\u00e1ra. <\/p>\n<div class=\"newlinediv\"><\/div>\n<p> \u00d6sszess\u00e9g\u00e9ben a m\u00e9diakapcsolatok c\u00e9lja a m\u00e9dia erej\u00e9nek kihaszn\u00e1l\u00e1sa a v\u00e1llalat marketing- \u00e9s rekl\u00e1mc\u00e9ljainak el\u00e9r\u00e9se \u00e9rdek\u00e9ben. Ez mag\u00e1ban foglalja a kulcsfontoss\u00e1g\u00fa m\u00e9diabefoly\u00e1sol\u00f3kkal val\u00f3 kapcsolat\u00e9p\u00edt\u00e9st, a meggy\u0151z\u0151 tartalom l\u00e9trehoz\u00e1s\u00e1t \u00e9s a m\u00e9diamegjelen\u00e9sek kezel\u00e9s\u00e9t annak biztos\u00edt\u00e1sa \u00e9rdek\u00e9ben, hogy azok pontosan t\u00fckr\u00f6zz\u00e9k a v\u00e1llalat m\u00e1rk\u00e1j\u00e1t \u00e9s \u00fczenet\u00e9t. <\/p>\n<\/div>\n<div class=\"question\">\n<div class=\"qtitle\"> Mi az a m\u00e9diakapcsolati kamp\u00e1nytervez\u00e9s?<\/div>\n<p> A m\u00e9diakapcsolati kamp\u00e1nytervez\u00e9s a szervezet \u00e9s a m\u00e9dia k\u00f6z\u00f6tti pozit\u00edv kapcsolat ki\u00e9p\u00edt\u00e9s\u00e9re \u00e9s fenntart\u00e1s\u00e1ra ir\u00e1nyul\u00f3 terv kidolgoz\u00e1s\u00e1nak \u00e9s v\u00e9grehajt\u00e1s\u00e1nak folyamat\u00e1t jelenti. Ez mag\u00e1ban foglalja a megc\u00e9lzott m\u00e9diaszerepl\u0151k azonos\u00edt\u00e1s\u00e1t \u00e9s egy olyan terv kidolgoz\u00e1s\u00e1t, amely relev\u00e1ns \u00e9s h\u00edr\u00e9rt\u00e9k\u0171 inform\u00e1ci\u00f3kat juttat el ezekhez a m\u00e9diaszerepl\u0151kh\u00f6z oly m\u00f3don, hogy az tud\u00f3s\u00edt\u00e1sokat gener\u00e1ljon, \u00e9s v\u00e9gs\u0151 soron jav\u00edtsa a szervezet h\u00edrnev\u00e9t. <\/p>\n<div class=\"newlinediv\"><\/div>\n<p> A m\u00e9diakapcsolati kamp\u00e1ny tervez\u00e9s\u00e9nek els\u0151 l\u00e9p\u00e9se a c\u00e9lk\u00f6z\u00f6ns\u00e9g \u00e9s az \u00e1ltaluk fogyasztott m\u00e9diumok azonos\u00edt\u00e1sa. Ehhez meg kell ismerni a c\u00e9lk\u00f6z\u00f6ns\u00e9g demogr\u00e1fiai jellemz\u0151it \u00e9s \u00e9rdekl\u0151d\u00e9si k\u00f6r\u00e9t, \u00e9s fel kell kutatni azokat a m\u00e9diumokat, amelyek a leghat\u00e9konyabban el\u00e9rik \u0151ket. Ezut\u00e1n a szervezetnek olyan \u00fczenetet kell megfogalmaznia, amely h\u00edr\u00e9rt\u00e9k\u0171 \u00e9s relev\u00e1ns a c\u00e9lk\u00f6z\u00f6ns\u00e9g sz\u00e1m\u00e1ra. Ezt az \u00fczenetet vil\u00e1gos \u00e9s t\u00f6m\u00f6r m\u00f3don kell k\u00f6z\u00f6lni, hogy megragadja a m\u00e9dia figyelm\u00e9t. <\/p>\n<div class=\"newlinediv\"><\/div>\n<p> Miut\u00e1n az \u00fczenet elk\u00e9sz\u00fclt, a szervezetnek meg kell hat\u00e1roznia azokat a kulcsfontoss\u00e1g\u00fa m\u00e9diakapcsolatokat, amelyek felel\u0151sek lesznek a t\u00f6rt\u00e9net lefed\u00e9s\u00e9\u00e9rt. Ez mag\u00e1ban foglalja az adott t\u00e9m\u00e1val foglalkoz\u00f3 \u00fajs\u00e1g\u00edr\u00f3kkal, szerkeszt\u0151kkel \u00e9s producerekkel val\u00f3 kapcsolatfelv\u00e9telt \u00e9s kapcsolat\u00e9p\u00edt\u00e9st. A szervezetnek ki kell dolgoznia egy m\u00e9diak\u00e9szletet is, amely tartalmazza a v\u00e1llalatra vonatkoz\u00f3 h\u00e1tt\u00e9rinform\u00e1ci\u00f3kat, a legfontosabb kapcsolattart\u00f3kat \u00e9s minden olyan egy\u00e9b fontos inform\u00e1ci\u00f3t, amely seg\u00edt a m\u00e9di\u00e1nak a t\u00f6rt\u00e9net lefed\u00e9s\u00e9ben. <\/p>\n<div class=\"newlinediv\"><\/div>\n<p> V\u00e9g\u00fcl a szervezetnek v\u00e9gre kell hajtania a tervet az\u00e1ltal, hogy a sztorit a m\u00e9di\u00e1hoz eljuttatja, \u00e9s nyomon k\u00f6veti, hogy biztos\u00edtsa a sztori lefedetts\u00e9g\u00e9t. Ez mag\u00e1ban foglalhatja interj\u00fak \u00fctemez\u00e9s\u00e9t vagy tov\u00e1bbi inform\u00e1ci\u00f3k ny\u00fajt\u00e1s\u00e1t a m\u00e9di\u00e1nak, valamint a tud\u00f3s\u00edt\u00e1sok nyomon k\u00f6vet\u00e9s\u00e9t \u00e9s a felmer\u00fcl\u0151 k\u00e9rd\u00e9sek vagy agg\u00e1lyok megv\u00e1laszol\u00e1s\u00e1t. <\/p>\n<div class=\"newlinediv\"><\/div>\n<p> \u00d6sszess\u00e9g\u00e9ben a m\u00e9diakapcsolati kamp\u00e1nytervez\u00e9s b\u00e1rmely szervezet marketing- \u00e9s kommunik\u00e1ci\u00f3s strat\u00e9gi\u00e1j\u00e1nak kritikus eleme. A m\u00e9di\u00e1val val\u00f3 pozit\u00edv kapcsolatok ki\u00e9p\u00edt\u00e9s\u00e9vel \u00e9s a relev\u00e1ns \u00e9s h\u00edr\u00e9rt\u00e9k\u0171 t\u00f6rt\u00e9netekr\u0151l val\u00f3 tud\u00f3s\u00edt\u00e1s gener\u00e1l\u00e1s\u00e1val a szervezetek jav\u00edthatj\u00e1k h\u00edrnev\u00fcket \u00e9s sz\u00e9lesebb k\u00f6z\u00f6ns\u00e9get \u00e9rhetnek el.<\/p>\n<\/div>\n<\/div>\n","protected":false},"excerpt":{"rendered":"<p>A mai gyors temp\u00f3j\u00fa digit\u00e1lis k\u00f6rnyezetben a v\u00e1llalkoz\u00e1soknak \u00e9s szervezeteknek er\u0151s m\u00e9diakapcsolati kamp\u00e1nyra van sz\u00fcks\u00e9g\u00fck a pozit\u00edv nyilv\u00e1nos k\u00e9p kialak\u00edt\u00e1s\u00e1hoz, a m\u00e1rkaismerts\u00e9g n\u00f6vel\u00e9s\u00e9hez \u00e9s a n\u00f6veked\u00e9s \u00f6szt\u00f6nz\u00e9s\u00e9hez. A m\u00e9diakapcsolati kamp\u00e1ny mag\u00e1ban foglalja az \u00fajs\u00e1g\u00edr\u00f3kkal, m\u00e9diumokkal \u00e9s befoly\u00e1sos szem\u00e9lyekkel val\u00f3 kapcsolat\u00e9p\u00edt\u00e9st, hogy a m\u00e1rka \u00fczenet\u00e9t sz\u00e9lesebb k\u00f6z\u00f6ns\u00e9ghez juttassa el. Ez egy strat\u00e9giai megk\u00f6zel\u00edt\u00e9s a v\u00e1llalkoz\u00e1s vagy &#8230; <a title=\"Az er\u0151s m\u00e9diakapcsolati kamp\u00e1ny kialak\u00edt\u00e1s\u00e1nak fontoss\u00e1ga\" class=\"read-more\" href=\"https:\/\/megnyitasa.com\/tudas\/az-eros-mediakapcsolati-kampany-kialakitasanak-fontossaga\/\" aria-label=\"Read more about Az er\u0151s m\u00e9diakapcsolati kamp\u00e1ny kialak\u00edt\u00e1s\u00e1nak fontoss\u00e1ga\">Read more<\/a><\/p>\n","protected":false},"author":834,"featured_media":0,"comment_status":"closed","ping_status":"closed","sticky":false,"template":"","format":"standard","meta":{"footnotes":""},"categories":[6],"tags":[],"class_list":["post-18640","post","type-post","status-publish","format-standard","hentry","category-reklam-es-marketing"],"_links":{"self":[{"href":"https:\/\/megnyitasa.com\/tudas\/wp-json\/wp\/v2\/posts\/18640","targetHints":{"allow":["GET"]}}],"collection":[{"href":"https:\/\/megnyitasa.com\/tudas\/wp-json\/wp\/v2\/posts"}],"about":[{"href":"https:\/\/megnyitasa.com\/tudas\/wp-json\/wp\/v2\/types\/post"}],"author":[{"embeddable":true,"href":"https:\/\/megnyitasa.com\/tudas\/wp-json\/wp\/v2\/users\/834"}],"replies":[{"embeddable":true,"href":"https:\/\/megnyitasa.com\/tudas\/wp-json\/wp\/v2\/comments?post=18640"}],"version-history":[{"count":0,"href":"https:\/\/megnyitasa.com\/tudas\/wp-json\/wp\/v2\/posts\/18640\/revisions"}],"wp:attachment":[{"href":"https:\/\/megnyitasa.com\/tudas\/wp-json\/wp\/v2\/media?parent=18640"}],"wp:term":[{"taxonomy":"category","embeddable":true,"href":"https:\/\/megnyitasa.com\/tudas\/wp-json\/wp\/v2\/categories?post=18640"},{"taxonomy":"post_tag","embeddable":true,"href":"https:\/\/megnyitasa.com\/tudas\/wp-json\/wp\/v2\/tags?post=18640"}],"curies":[{"name":"wp","href":"https:\/\/api.w.org\/{rel}","templated":true}]}}