{"id":18666,"date":"2023-10-02T20:34:25","date_gmt":"2023-10-02T20:34:25","guid":{"rendered":"https:\/\/megnyitasa.com\/tudas\/?p=18666"},"modified":"2023-10-02T20:34:25","modified_gmt":"2023-10-02T20:34:25","slug":"a-cegbejegyzes-alapveto-osszetevoi","status":"publish","type":"post","link":"https:\/\/megnyitasa.com\/tudas\/a-cegbejegyzes-alapveto-osszetevoi\/","title":{"rendered":"A c\u00e9gbejegyz\u00e9s alapvet\u0151 \u00f6sszetev\u0151i"},"content":{"rendered":"<div class=\"articlecontent\">\n<div class=\"newlinediv\"><\/div>\n<p> V\u00e1llalkoz\u00e1s ind\u00edt\u00e1sakor az egyik legkritikusabb l\u00e9p\u00e9s a c\u00e9g bejegyz\u00e9se. Ez a folyamat az alap\u00edt\u00f3 okirat elk\u00e9sz\u00edt\u00e9s\u00e9vel kezd\u0151dik, amely felv\u00e1zolja a v\u00e1llalat szerkezet\u00e9t, c\u00e9lj\u00e1t \u00e9s ir\u00e1ny\u00edt\u00e1s\u00e1t. Az alap\u00edt\u00f3 okirat egy hivatalos dokumentum, amelynek meg kell felelnie bizonyos k\u00f6vetelm\u00e9nyeknek, hogy biztos\u00edtsa a v\u00e1llalat jogi st\u00e1tusz\u00e1t. Ebben a cikkben a c\u00e9gbejegyz\u00e9s alapvet\u0151 \u00f6sszetev\u0151it t\u00e1rgyaljuk. <\/p>\n<div class=\"newlinediv\"><\/div>\n<p> Mindenekel\u0151tt az alap\u00edt\u00f3 okiratnak tartalmaznia kell a c\u00e9g nev\u00e9t, amelynek egyedinek kell lennie, \u00e9s nem szabad, hogy m\u00e1r egy m\u00e1sik c\u00e9g haszn\u00e1lja. Ezenk\u00edv\u00fcl meg kell hat\u00e1roznia a t\u00e1rsas\u00e1g c\u00e9lj\u00e1t, amely felv\u00e1zolja a v\u00e1llalkoz\u00e1s f\u0151 tev\u00e9kenys\u00e9geit. Ennek a szakasznak vil\u00e1gosnak \u00e9s t\u00f6m\u00f6rnek kell lennie, mivel ez alapj\u00e1n fogj\u00e1k meghat\u00e1rozni, hogy a v\u00e1llalat jogosult-e bizonyos enged\u00e9lyekre \u00e9s jogos\u00edtv\u00e1nyokra. <\/p>\n<div class=\"newlinediv\"><\/div>\n<p> A m\u00e1sodik \u00f6sszetev\u0151 a t\u00e1rsas\u00e1g bejegyzett \u00fcgyn\u00f6ke vagy sz\u00e9khelye. Ez az a szem\u00e9ly vagy szervezet, aki vagy amely felel\u0151s a jogi dokumentumok, p\u00e9ld\u00e1ul peres \u00fcgyek vagy ad\u00f3\u00fcgyi \u00e9rtes\u00edt\u00e9sek fogad\u00e1s\u00e1\u00e9rt a v\u00e1llalat nev\u00e9ben. A bejegyzett \u00fcgyn\u00f6knek fizikai c\u00edmmel kell rendelkeznie abban az \u00e1llamban, ahol a v\u00e1llalatot bejegyezt\u00e9k, \u00e9s munkaid\u0151ben el\u00e9rhet\u0151nek kell lennie a jogi dokumentumok \u00e1tv\u00e9tel\u00e9hez. <\/p>\n<div class=\"newlinediv\"><\/div>\n<p> A l\u00e9tes\u00edt\u0151 okirat m\u00e1sik kritikus eleme a t\u00e1rsas\u00e1g r\u00e9szv\u00e9nystrukt\u00far\u00e1ja. Ez a szakasz meghat\u00e1rozza a t\u00e1rsas\u00e1g \u00e1ltal kibocs\u00e1t\u00e1sra enged\u00e9lyezett r\u00e9szv\u00e9nyek sz\u00e1m\u00e1t, a r\u00e9szv\u00e9nyoszt\u00e1lyokat, valamint az egyes oszt\u00e1lyokhoz kapcsol\u00f3d\u00f3 szavazati jogokat \u00e9s kiv\u00e1lts\u00e1gokat. A r\u00e9szv\u00e9nystrukt\u00fara alapvet\u0151 fontoss\u00e1g\u00fa a v\u00e1llalat tulajdonjog\u00e1nak \u00e9s ellen\u0151rz\u00e9s\u00e9nek meghat\u00e1roz\u00e1s\u00e1hoz, valamint a r\u00e9szv\u00e9nyek elad\u00e1s\u00e1val t\u00f6rt\u00e9n\u0151 t\u0151kebevon\u00e1shoz. <\/p>\n<div class=\"newlinediv\"><\/div>\n<p> V\u00e9g\u00fcl az alap\u00edt\u00f3 okiratnak tartalmaznia kell a t\u00e1rsas\u00e1g igazgat\u00f3it \u00e9s tiszts\u00e9gvisel\u0151it. Ez a szakasz meghat\u00e1rozza a t\u00e1rsas\u00e1g \u00fcgyeinek ir\u00e1ny\u00edt\u00e1s\u00e1\u00e9rt \u00e9s a fontos d\u00f6nt\u00e9sek meghozatal\u00e1\u00e9rt felel\u0151s szem\u00e9lyeket. Tartalmaznia kell a nev\u00fcket, c\u00edm\u00fcket \u00e9s a t\u00e1rsas\u00e1gon bel\u00fcli beoszt\u00e1sukat. <\/p>\n<div class=\"newlinediv\"><\/div>\n<p> \u00d6sszefoglalva, az alap\u00edt\u00f3 okirat egy kritikus fontoss\u00e1g\u00fa dokumentum, amely megalapozza a t\u00e1rsas\u00e1g jogi helyzet\u00e9t \u00e9s ir\u00e1ny\u00edt\u00e1s\u00e1t. Tartalmaznia kell a t\u00e1rsas\u00e1g nev\u00e9t, c\u00e9lj\u00e1t, bejegyzett \u00fcgyn\u00f6k\u00e9t, r\u00e9szv\u00e9nystrukt\u00far\u00e1j\u00e1t, valamint igazgat\u00f3it \u00e9s tiszts\u00e9gvisel\u0151it. Ezeknek az alapvet\u0151 \u00f6sszetev\u0151knek a teljes\u00edt\u00e9s\u00e9vel a v\u00e1llalkoz\u00e1sok z\u00f6kken\u0151mentes bejegyz\u00e9si folyamatot biztos\u00edthatnak, \u00e9s er\u0151s jogi alapot teremthetnek m\u0171k\u00f6d\u00e9s\u00fckh\u00f6z.<\/p><\/div>\n<div class=\"questions\">\n<div class=\"questionstitle\">FAQ<\/div>\n<div class=\"question\">\n<div class=\"qtitle\"> Mi az alap\u00edt\u00f3 okirat, \u00e9s milyen inform\u00e1ci\u00f3kat kell tartalmaznia?<\/div>\n<p> A l\u00e9tes\u00edt\u0151 okiratok olyan jogi dokumentumok, amelyek egy v\u00e1llalatot jogi szem\u00e9lyk\u00e9nt hoznak l\u00e9tre. Ezeket a t\u00e1rsas\u00e1g sz\u00e9khelye szerinti \u00e1llam korm\u00e1ny\u00e1hoz ny\u00fajtj\u00e1k be. A l\u00e9tes\u00edt\u0151 okirat \u00e1ltal\u00e1ban a k\u00f6vetkez\u0151 inform\u00e1ci\u00f3kat tartalmazza: <\/p>\n<div class=\"newlinediv\"><\/div>\n<p> 1. A t\u00e1rsas\u00e1g neve: A t\u00e1rsas\u00e1g nev\u00e9nek egyedinek kell lennie, \u00e9s az adott \u00e1llamban m\u00e9g egyetlen m\u00e1s t\u00e1rsas\u00e1g sem haszn\u00e1lhatja. <\/p>\n<div class=\"newlinediv\"><\/div>\n<p> 2. A t\u00e1rsas\u00e1g c\u00e9lja: A t\u00e1rsas\u00e1g c\u00e9lj\u00e1t vil\u00e1gosan \u00e9s konkr\u00e9tan meg kell hat\u00e1rozni. Ez lehet \u00e1ltal\u00e1nos vagy konkr\u00e9t c\u00e9lmeghat\u00e1roz\u00e1s. <\/p>\n<div class=\"newlinediv\"><\/div>\n<p> 3. Bejegyzett \u00fcgyn\u00f6k: Annak a bejegyzett \u00fcgyn\u00f6knek a neve \u00e9s c\u00edme, aki a t\u00e1rsas\u00e1g nev\u00e9ben jogi \u00e9rtes\u00edt\u00e9seket \u00e9s egy\u00e9b fontos dokumentumokat kap. <\/p>\n<div class=\"newlinediv\"><\/div>\n<p> 4. Igazgat\u00f3tan\u00e1cs: A kezdeti igazgat\u00f3tan\u00e1cs nev\u00e9t \u00e9s c\u00edm\u00e9t kell megadni. <\/p>\n<div class=\"newlinediv\"><\/div>\n<p> 5. T\u0151keszerkezet: Meg kell adni az enged\u00e9lyezett r\u00e9szv\u00e9nyek sz\u00e1m\u00e1t, az egyes r\u00e9szv\u00e9nyek n\u00e9v\u00e9rt\u00e9k\u00e9t \u00e9s a r\u00e9szv\u00e9nyoszt\u00e1lyokat. <\/p>\n<div class=\"newlinediv\"><\/div>\n<p> 6. Alap\u00edt\u00f3: Az alap\u00edt\u00f3 neve \u00e9s c\u00edme, aki az alap\u00edt\u00f3 okirat beny\u00fajt\u00e1s\u00e1\u00e9rt felel\u0151s. <\/p>\n<div class=\"newlinediv\"><\/div>\n<p> 7. A t\u00e1rsas\u00e1g id\u0151tartama: Meg kell adni a t\u00e1rsas\u00e1g tervezett id\u0151tartam\u00e1t. <\/p>\n<div class=\"newlinediv\"><\/div>\n<p> 8. Egy\u00e9b rendelkez\u00e9sek: Az alap\u00edt\u00f3 okirat tartalmazhat egy\u00e9b rendelkez\u00e9seket, p\u00e9ld\u00e1ul az igazgat\u00f3k \u00e9s tiszts\u00e9gvisel\u0151k felel\u0151ss\u00e9g\u00e9nek korl\u00e1toz\u00e1s\u00e1t, vagy olyan rendelkez\u00e9st, amely megtiltja a t\u00e1rsas\u00e1gnak, hogy bizonyos tev\u00e9kenys\u00e9geket folytasson. <\/p>\n<div class=\"newlinediv\"><\/div>\n<p> \u00d6sszess\u00e9g\u00e9ben az alap\u00edt\u00f3 okirat fontos dokumentum, amely meg\u00e1llap\u00edtja a t\u00e1rsas\u00e1g jogi l\u00e9tez\u00e9s\u00e9t, \u00e9s fontos inform\u00e1ci\u00f3kat ny\u00fajt a t\u00e1rsas\u00e1g szerkezet\u00e9r\u0151l \u00e9s ir\u00e1ny\u00edt\u00e1s\u00e1r\u00f3l. <\/p>\n<\/div>\n<div class=\"question\">\n<div class=\"qtitle\"> Mit kell tartalmaznia az alap\u00edt\u00f3 okiratnak Kaliforni\u00e1ban?<\/div>\n<p> Kaliforni\u00e1ban az alap\u00edt\u00f3 okirat egy olyan jogi dokumentum, amelyet a Secretary of State hivatal\u00e1hoz kell beny\u00fajtani egy t\u00e1rsas\u00e1g alap\u00edt\u00e1s\u00e1hoz. Az alap\u00edt\u00f3 okiratnak konkr\u00e9t inform\u00e1ci\u00f3kat kell tartalmaznia a t\u00e1rsas\u00e1gr\u00f3l, t\u00f6bbek k\u00f6z\u00f6tt a k\u00f6vetkez\u0151ket: <\/p>\n<div class=\"newlinediv\"><\/div>\n<p> 1. A t\u00e1rsas\u00e1g neve: A t\u00e1rsas\u00e1g nev\u00e9nek egyedinek \u00e9s m\u00e1s kaliforniai v\u00e1llalkoz\u00e1sokt\u00f3l vagy szervezetekt\u0151l megk\u00fcl\u00f6nb\u00f6ztethet\u0151nek kell lennie. <\/p>\n<div class=\"newlinediv\"><\/div>\n<p> 2. A t\u00e1rsas\u00e1g c\u00e9lja: Az alap\u00edt\u00f3 okiratnak meg kell hat\u00e1roznia a t\u00e1rsas\u00e1g c\u00e9lj\u00e1t, bele\u00e9rtve a t\u00e1rsas\u00e1g \u00e1ltal folytatott \u00fczleti tev\u00e9kenys\u00e9g t\u00edpus\u00e1t. <\/p>\n<div class=\"newlinediv\"><\/div>\n<p> 3. Bejegyzett \u00fcgyn\u00f6k: Az alap\u00edt\u00f3 okiratnak tartalmaznia kell a t\u00e1rsas\u00e1g bejegyzett \u00fcgyn\u00f6k\u00e9nek nev\u00e9t \u00e9s c\u00edm\u00e9t. Ez a szem\u00e9ly felel\u0151s a jogi dokumentumok \u00e1tv\u00e9tel\u00e9\u00e9rt a t\u00e1rsas\u00e1g nev\u00e9ben. <\/p>\n<div class=\"newlinediv\"><\/div>\n<p> 4. A r\u00e9szv\u00e9nyek sz\u00e1ma: Az alap\u00edt\u00f3 okiratban meg kell hat\u00e1rozni a r\u00e9szv\u00e9nyek sz\u00e1m\u00e1t, amelyek kibocs\u00e1t\u00e1s\u00e1ra a t\u00e1rsas\u00e1g jogosult. <\/p>\n<div class=\"newlinediv\"><\/div>\n<p> 5. Igazgat\u00f3tan\u00e1cs: Az alap\u00edt\u00f3 okiratnak tartalmaznia kell az eredeti igazgat\u00f3tan\u00e1cs nev\u00e9t \u00e9s c\u00edm\u00e9t. <\/p>\n<div class=\"newlinediv\"><\/div>\n<p> 6. Alap\u00edt\u00f3: Az alap\u00edt\u00f3 okiratot beny\u00fajt\u00f3 szem\u00e9lyt alap\u00edt\u00f3nak nevezik. Az alap\u00edt\u00f3 nev\u00e9t \u00e9s c\u00edm\u00e9t fel kell t\u00fcntetni a dokumentumban. <\/p>\n<div class=\"newlinediv\"><\/div>\n<p> 7. A t\u00e1rsas\u00e1g id\u0151tartama: Az alap\u00edt\u00f3 okiratban meg kell jel\u00f6lni, hogy a t\u00e1rsas\u00e1g hat\u00e1rozatlan ideig vagy meghat\u00e1rozott ideig fog-e l\u00e9tezni. <\/p>\n<div class=\"newlinediv\"><\/div>\n<p> 8. Egy\u00e9b rendelkez\u00e9sek: Az alap\u00edt\u00f3 okirat tartalmazhat egy\u00e9b rendelkez\u00e9seket, p\u00e9ld\u00e1ul a r\u00e9szv\u00e9nyek \u00e1truh\u00e1z\u00e1s\u00e1ra vonatkoz\u00f3 korl\u00e1toz\u00e1sokat, az igazgat\u00f3tan\u00e1cs hat\u00e1sk\u00f6r\u00e9nek korl\u00e1toz\u00e1s\u00e1t vagy a r\u00e9szv\u00e9nyesi gy\u0171l\u00e9sekre vonatkoz\u00f3 k\u00f6vetelm\u00e9nyeket. <\/p>\n<div class=\"newlinediv\"><\/div>\n<p> Fontos megjegyezni, hogy az alap\u00edt\u00f3 okiratban el\u0151\u00edrt inform\u00e1ci\u00f3k v\u00e1ltozhatnak att\u00f3l f\u00fcgg\u0151en, hogy a t\u00e1rsas\u00e1got melyik \u00e1llamban alap\u00edtj\u00e1k. Kaliforni\u00e1ban az \u00e1llamtitk\u00e1rs\u00e1g biztos\u00edt egy szabv\u00e1nyos alap\u00edt\u00f3 okirat formanyomtatv\u00e1nyt, amely \u00fatmutat\u00f3k\u00e9nt haszn\u00e1lhat\u00f3 a dokumentum elk\u00e9sz\u00edt\u00e9s\u00e9hez.<\/p>\n<\/div>\n<\/div>\n","protected":false},"excerpt":{"rendered":"<p>V\u00e1llalkoz\u00e1s ind\u00edt\u00e1sakor az egyik legkritikusabb l\u00e9p\u00e9s a c\u00e9g bejegyz\u00e9se. Ez a folyamat az alap\u00edt\u00f3 okirat elk\u00e9sz\u00edt\u00e9s\u00e9vel kezd\u0151dik, amely felv\u00e1zolja a v\u00e1llalat szerkezet\u00e9t, c\u00e9lj\u00e1t \u00e9s ir\u00e1ny\u00edt\u00e1s\u00e1t. Az alap\u00edt\u00f3 okirat egy hivatalos dokumentum, amelynek meg kell felelnie bizonyos k\u00f6vetelm\u00e9nyeknek, hogy biztos\u00edtsa a v\u00e1llalat jogi st\u00e1tusz\u00e1t. Ebben a cikkben a c\u00e9gbejegyz\u00e9s alapvet\u0151 \u00f6sszetev\u0151it t\u00e1rgyaljuk. Mindenekel\u0151tt az alap\u00edt\u00f3 okiratnak &#8230; <a title=\"A c\u00e9gbejegyz\u00e9s alapvet\u0151 \u00f6sszetev\u0151i\" class=\"read-more\" href=\"https:\/\/megnyitasa.com\/tudas\/a-cegbejegyzes-alapveto-osszetevoi\/\" aria-label=\"Read more about A c\u00e9gbejegyz\u00e9s alapvet\u0151 \u00f6sszetev\u0151i\">Read more<\/a><\/p>\n","protected":false},"author":1269,"featured_media":0,"comment_status":"closed","ping_status":"closed","sticky":false,"template":"","format":"standard","meta":{"footnotes":""},"categories":[18],"tags":[],"class_list":["post-18666","post","type-post","status-publish","format-standard","hentry","category-uzleti-tervezes-es-strategia"],"_links":{"self":[{"href":"https:\/\/megnyitasa.com\/tudas\/wp-json\/wp\/v2\/posts\/18666","targetHints":{"allow":["GET"]}}],"collection":[{"href":"https:\/\/megnyitasa.com\/tudas\/wp-json\/wp\/v2\/posts"}],"about":[{"href":"https:\/\/megnyitasa.com\/tudas\/wp-json\/wp\/v2\/types\/post"}],"author":[{"embeddable":true,"href":"https:\/\/megnyitasa.com\/tudas\/wp-json\/wp\/v2\/users\/1269"}],"replies":[{"embeddable":true,"href":"https:\/\/megnyitasa.com\/tudas\/wp-json\/wp\/v2\/comments?post=18666"}],"version-history":[{"count":0,"href":"https:\/\/megnyitasa.com\/tudas\/wp-json\/wp\/v2\/posts\/18666\/revisions"}],"wp:attachment":[{"href":"https:\/\/megnyitasa.com\/tudas\/wp-json\/wp\/v2\/media?parent=18666"}],"wp:term":[{"taxonomy":"category","embeddable":true,"href":"https:\/\/megnyitasa.com\/tudas\/wp-json\/wp\/v2\/categories?post=18666"},{"taxonomy":"post_tag","embeddable":true,"href":"https:\/\/megnyitasa.com\/tudas\/wp-json\/wp\/v2\/tags?post=18666"}],"curies":[{"name":"wp","href":"https:\/\/api.w.org\/{rel}","templated":true}]}}