{"id":18847,"date":"2023-04-24T00:00:00","date_gmt":"2023-04-24T00:00:00","guid":{"rendered":"https:\/\/megnyitasa.com\/tudas\/a-widgetek-kezelesenek-elsajatitasa-a-macbook-pron\/"},"modified":"2023-04-24T00:00:00","modified_gmt":"2023-04-24T00:00:00","slug":"a-widgetek-kezelesenek-elsajatitasa-a-macbook-pron","status":"publish","type":"post","link":"https:\/\/megnyitasa.com\/tudas\/a-widgetek-kezelesenek-elsajatitasa-a-macbook-pron\/","title":{"rendered":"A widgetek kezel\u00e9s\u00e9nek elsaj\u00e1t\u00edt\u00e1sa a MacBook Pr\u00f3n"},"content":{"rendered":"<div class=\"articlecontent\">\n<div class=\"newlinediv\"><\/div>\n<p> A widgetek egyike azon funkci\u00f3knak, amelyek a macOS-t olyan nagyszer\u0171v\u00e9 teszik. Ezek olyan minialkalmaz\u00e1sok, amelyek seg\u00edts\u00e9g\u00e9vel gyorsan \u00e9s egyszer\u0171en hozz\u00e1f\u00e9rhetsz fontos inform\u00e1ci\u00f3khoz. A widgetek seg\u00edts\u00e9g\u00e9vel gyors pillant\u00e1st vethetsz az id\u0151j\u00e1r\u00e1sra, a napt\u00e1radra vagy ak\u00e1r a r\u00e9szv\u00e9nyportf\u00f3li\u00f3dra is. Ha azonban m\u00e9g nem ismeri a macOS-t, tal\u00e1n azon t\u0171n\u0151dik, hogyan kapcsolhatja be a widgeteket a MacBook Pr\u00f3n. Ebben a cikkben megmutatjuk, hogyan kezelheti \u00e9s kapcsolhatja a widgeteket a MacBook Pro sz\u00e1m\u00edt\u00f3g\u00e9p\u00e9n. <\/p>\n<div class=\"newlinediv\"><\/div>\n<p> A widgetek kezel\u00e9s\u00e9nek els\u0151 l\u00e9p\u00e9se az \u00c9rtes\u00edt\u00e9si k\u00f6zpont el\u00e9r\u00e9se. Ehhez kattinthat a k\u00e9perny\u0151 jobb fels\u0151 sark\u00e1ban tal\u00e1lhat\u00f3 \u00c9rtes\u00edt\u00e9si k\u00f6zpont ikonra, vagy haszn\u00e1lhatja a &#8222;Command + sz\u00f3k\u00f6z&#8221; billenty\u0171kombin\u00e1ci\u00f3t. Az \u00c9rtes\u00edt\u00e9si k\u00f6zpont megnyit\u00e1sa ut\u00e1n megjelenik a widgetek list\u00e1ja. <\/p>\n<div class=\"newlinediv\"><\/div>\n<p> Egy widget be- vagy kikapcsol\u00e1s\u00e1hoz egyszer\u0171en kattintson az \u00c9rtes\u00edt\u00e9si k\u00f6zpont alj\u00e1n tal\u00e1lhat\u00f3 &#8222;Szerkeszt\u00e9s&#8221; gombra. Ekkor egy \u00faj k\u00e9perny\u0151 jelenik meg, ahol az \u00f6sszes jelenleg el\u00e9rhet\u0151 widgetet l\u00e1thatja. Egy widget hozz\u00e1ad\u00e1s\u00e1hoz egyszer\u0171en kattintson a mellette l\u00e9v\u0151 z\u00f6ld &#8222;+&#8221; gombra. Egy widget elt\u00e1vol\u00edt\u00e1s\u00e1hoz kattintson a piros &#8222;-&#8221; gombra. <\/p>\n<div class=\"newlinediv\"><\/div>\n<p> A widgetek \u00e1trendez\u00e9s\u00e9re is lehet\u0151s\u00e9g van a widgetek \u00e1th\u00faz\u00e1s\u00e1val \u00e9s \u00e1thelyez\u00e9s\u00e9vel az \u00d6n \u00e1ltal k\u00edv\u00e1nt sorrendbe. Ehhez egyszer\u0171en kattintson \u00e9s tartsa lenyomva egy widgetre, majd h\u00fazza a k\u00edv\u00e1nt helyre. A widgetek m\u00e9ret\u00e9t is \u00e1tm\u00e9retezheti a widget sz\u00e9leire val\u00f3 kattint\u00e1ssal \u00e9s h\u00faz\u00e1ssal. <\/p>\n<div class=\"newlinediv\"><\/div>\n<p> Ha \u00faj widgeteket szeretne hozz\u00e1adni az \u00c9rtes\u00edt\u00e9si k\u00f6zponthoz, akkor ezt a k\u00e9perny\u0151 alj\u00e1n tal\u00e1lhat\u00f3 &#8222;Tov\u00e1bbi widgetek&#8221; gombra kattintva teheti meg. Ez az App Store-ba vezet, ahol \u00faj widgeteket b\u00f6ng\u00e9szhet \u00e9s t\u00f6lthet le. <\/p>\n<div class=\"newlinediv\"><\/div>\n<p> \u00d6sszefoglalva, a MacBook Pro k\u00e9sz\u00fcl\u00e9ken a widgetek kezel\u00e9se \u00e9s v\u00e1ltogat\u00e1sa egyszer\u0171 \u00e9s egyszer\u0171 folyamat. Az \u00c9rtes\u00edt\u00e9si k\u00f6zpontba bel\u00e9pve \u00e9s a &#8222;Szerkeszt\u00e9s&#8221; gombot haszn\u00e1lva k\u00f6nnyed\u00e9n hozz\u00e1adhatja, elt\u00e1vol\u00edthatja \u00e9s \u00e1trendezheti a widgeteket. Egy kis gyakorl\u00e1ssal hamarosan k\u00e9pes lesz arra, hogy a widgeteket a saj\u00e1t ig\u00e9nyeihez \u00e9s preferenci\u00e1ihoz igaz\u00edtsa.<\/p><\/div>\n<div class=\"questions\">\n<div class=\"questionstitle\">FAQ<\/div>\n<div class=\"question\">\n<div class=\"qtitle\"> Hogyan \u00e9rhetem el, hogy a Mac widgetek az asztalon maradjanak?<\/div>\n<p> Ahhoz, hogy a Mac widgetek az asztalon maradjanak, a k\u00f6vetkez\u0151 l\u00e9p\u00e9seket k\u00f6vetheti: <\/p>\n<div class=\"newlinediv\"><\/div>\n<p> 1. Kattintson a dokkol\u00f3ban a &#8222;Dashboard&#8221; ikonra a Dashboard megnyit\u00e1s\u00e1hoz. <\/p>\n<div class=\"newlinediv\"><\/div>\n<p> 2. Ha a Dashboard megny\u00edlt, kattintson a k\u00e9perny\u0151 bal als\u00f3 sark\u00e1ban l\u00e9v\u0151 &#8222;+&#8221; ikonra egy \u00faj widget hozz\u00e1ad\u00e1s\u00e1hoz. <\/p>\n<div class=\"newlinediv\"><\/div>\n<p> 3. V\u00e1lassza ki a hozz\u00e1adni k\u00edv\u00e1nt widgetet a rendelkez\u00e9sre \u00e1ll\u00f3 widgetek list\u00e1j\u00e1b\u00f3l. <\/p>\n<div class=\"newlinediv\"><\/div>\n<p> 4. Kattintson \u00e9s tartsa lenyomva az im\u00e9nt hozz\u00e1adott widgetet, majd h\u00fazza az asztalra. <\/p>\n<div class=\"newlinediv\"><\/div>\n<p> 5. Engedje fel az eg\u00e9rgombot a widgetnek az asztalra val\u00f3 leejt\u00e9s\u00e9hez. <\/p>\n<div class=\"newlinediv\"><\/div>\n<p> 6. A widget mostant\u00f3l az asztalon marad, am\u00edg el nem t\u00e1vol\u00edtja. <\/p>\n<div class=\"newlinediv\"><\/div>\n<p> Ha azt szeretn\u00e9, hogy a widget akkor is az asztalon maradjon, amikor bez\u00e1rja a m\u0171szerfalat, akkor a k\u00f6vetkez\u0151ket teheti: <\/p>\n<div class=\"newlinediv\"><\/div>\n<p> 1. Kattintson a k\u00e9perny\u0151 bal fels\u0151 sark\u00e1ban tal\u00e1lhat\u00f3 &#8222;Alma&#8221; men\u00fcre. <\/p>\n<div class=\"newlinediv\"><\/div>\n<p> 2. V\u00e1lassza ki a &#8222;Rendszerbe\u00e1ll\u00edt\u00e1sok&#8221; lehet\u0151s\u00e9get a leg\u00f6rd\u00fcl\u0151 men\u00fcb\u0151l. <\/p>\n<div class=\"newlinediv\"><\/div>\n<p> 3. A Rendszerbe\u00e1ll\u00edt\u00e1sok ablakban kattintson a &#8222;K\u00fcldet\u00e9svez\u00e9rl\u00e9s&#8221; gombra. <\/p>\n<div class=\"newlinediv\"><\/div>\n<p> 4. Vegye ki a jel\u00f6l\u0151n\u00e9gyzetet a &#8222;M\u0171szerfal megjelen\u00edt\u00e9se t\u00e9rk\u00e9nt&#8221; mellett. <\/p>\n<div class=\"newlinediv\"><\/div>\n<p> 5. Z\u00e1rja be a Rendszerbe\u00e1ll\u00edt\u00e1sok ablakot. <\/p>\n<div class=\"newlinediv\"><\/div>\n<p> Mostant\u00f3l, amikor bez\u00e1rja a Dashboardot, az asztalra hozz\u00e1adott widgetek ott maradnak. <\/p>\n<\/div>\n<div class=\"question\">\n<div class=\"qtitle\"> Hogyan g\u00f6rgethetek a widgetek k\u00f6z\u00f6tt Macen?<\/div>\n<p> Ha Mac sz\u00e1m\u00edt\u00f3g\u00e9ped van, \u00e9s szeretn\u00e9l g\u00f6rgetni a widgetek k\u00f6z\u00f6tt, a k\u00f6vetkez\u0151 egyszer\u0171 l\u00e9p\u00e9seket k\u00f6vetheted: <\/p>\n<div class=\"newlinediv\"><\/div>\n<p> 1. Kattintson a &#8222;Dashboard&#8221; ikonra, amely a Dockban tal\u00e1lhat\u00f3, vagy az F12 billenty\u0171 lenyom\u00e1s\u00e1val \u00e9rhet\u0151 el. <\/p>\n<div class=\"newlinediv\"><\/div>\n<p> 2. Ez\u00e1ltal megjelenik a Dashboard, amely k\u00fcl\u00f6nb\u00f6z\u0151 c\u00e9lokra haszn\u00e1lhat\u00f3 widgetek gy\u0171jtem\u00e9nye. <\/p>\n<div class=\"newlinediv\"><\/div>\n<p> 3. A widgetek g\u00f6rget\u00e9s\u00e9hez egyszer\u0171en haszn\u00e1lja az egeret vagy a trackpadet a balra vagy jobbra cs\u00fasztat\u00e1shoz. A billenty\u0171zet ny\u00edlbillenty\u0171ivel is navig\u00e1lhat a widgetek k\u00f6z\u00f6tt. <\/p>\n<div class=\"newlinediv\"><\/div>\n<p> 4. Ha widgeteket szeretne hozz\u00e1adni vagy elt\u00e1vol\u00edtani a m\u0171szerfalon, kattintson a k\u00e9perny\u0151 bal als\u00f3 sark\u00e1ban tal\u00e1lhat\u00f3 &#8222;+&#8221; vagy &#8222;-&#8221; gombra. <\/p>\n<div class=\"newlinediv\"><\/div>\n<p> \u00d6sszess\u00e9g\u00e9ben a widgetek k\u00f6z\u00f6tti g\u00f6rget\u00e9s Macen egyszer\u0171 folyamat, amely gyorsan \u00e9s egyszer\u0171en elv\u00e9gezhet\u0151 az eg\u00e9r vagy a billenty\u0171zet seg\u00edts\u00e9g\u00e9vel. <\/p>\n<\/div>\n<div class=\"question\">\n<div class=\"qtitle\"> Mi\u00e9rt t\u0171ntek el a widgetjeim Macen?<\/div>\n<p> A widgetek elt\u0171n\u00e9s\u00e9nek Mac-en t\u00f6bb oka is lehet. Lehets\u00e9ges, hogy a felhaszn\u00e1l\u00f3 v\u00e9letlen\u00fcl t\u00f6r\u00f6lte vagy elt\u00e1vol\u00edtotta a widgetet a m\u0171szerfal\u00e1r\u00f3l. Ebben az esetben a felhaszn\u00e1l\u00f3 k\u00f6nnyen visszaadhatja a widgetet, ha a m\u0171szerfal bal als\u00f3 sark\u00e1ban l\u00e9v\u0151 &#8222;+&#8221; ikonra kattint, \u00e9s kiv\u00e1lasztja a k\u00edv\u00e1nt widgetet a list\u00e1b\u00f3l. <\/p>\n<div class=\"newlinediv\"><\/div>\n<p> A widgetek elt\u0171n\u00e9s\u00e9nek m\u00e1sik lehets\u00e9ges oka egy szoftverfriss\u00edt\u00e9s lehet. Bizonyos esetekben el\u0151fordulhat, hogy egy Mac szoftverfriss\u00edt\u00e9s ut\u00e1n bizonyos widgetek m\u00e1r nem kompatibilisek az oper\u00e1ci\u00f3s rendszer \u00faj verzi\u00f3j\u00e1val. Ez azt eredm\u00e9nyezheti, hogy a widgetek elt\u0171nnek a m\u0171szerfalr\u00f3l. A probl\u00e9ma megold\u00e1s\u00e1hoz a felhaszn\u00e1l\u00f3nak friss\u00edtenie kell a widgeteket, vagy olyan alternat\u00edv widgeteket kell keresnie, amelyek kompatibilisek az oper\u00e1ci\u00f3s rendszer \u00faj verzi\u00f3j\u00e1val. <\/p>\n<div class=\"newlinediv\"><\/div>\n<p> Ezenk\u00edv\u00fcl el\u0151fordulhat, hogy a widgeteket letiltott\u00e1k vagy kikapcsolt\u00e1k. A felhaszn\u00e1l\u00f3 a m\u0171szerfal alj\u00e1n tal\u00e1lhat\u00f3 &#8222;Widgetek kezel\u00e9se&#8221; gombra kattintva ellen\u0151rizheti, hogy ez \u00edgy van-e, \u00e9s meggy\u0151z\u0151dhet arr\u00f3l, hogy a k\u00edv\u00e1nt widgetek enged\u00e9lyezve \u00e9s bekapcsolva vannak. <\/p>\n<div class=\"newlinediv\"><\/div>\n<p> \u00d6sszefoglalva, a widgetek elt\u0171n\u00e9se a Mac sz\u00e1m\u00edt\u00f3g\u00e9pen v\u00e9letlen t\u00f6rl\u00e9sre, szoftverfriss\u00edt\u00e9sekre vagy letiltott widgetekre vezethet\u0151 vissza. A fent v\u00e1zolt l\u00e9p\u00e9sek k\u00f6vet\u00e9s\u00e9vel a felhaszn\u00e1l\u00f3 k\u00f6nnyen megoldhatja a probl\u00e9m\u00e1t, \u00e9s vissza\u00e1ll\u00edthatja a widgeteket a m\u0171szerfalra. <\/p>\n<\/div>\n<div class=\"question\">\n<div class=\"qtitle\"> Hogyan kapcsolhatom ki a widgeteket?<\/div>\n<p> Felt\u00e9telezve, hogy egy elektronikus eszk\u00f6z\u00f6n, p\u00e9ld\u00e1ul okostelefonon vagy t\u00e1blag\u00e9pen l\u00e9v\u0151 widgetekr\u0151l van sz\u00f3, a kikapcsol\u00e1suk m\u00f3dszere az oper\u00e1ci\u00f3s rendszert\u0151l \u00e9s a haszn\u00e1lt eszk\u00f6zt\u0151l f\u00fcgg\u0151en v\u00e1ltozhat. \u00cdme n\u00e9h\u00e1ny \u00e1ltal\u00e1nos l\u00e9p\u00e9s, amely m\u0171k\u00f6dhet az \u00d6n sz\u00e1m\u00e1ra: <\/p>\n<div class=\"newlinediv\"><\/div>\n<p> 1. Keresse meg a kikapcsolni k\u00edv\u00e1nt widgetet. Lehet, hogy a kezd\u0151k\u00e9perny\u0151n vagy egy widget men\u00fcben tal\u00e1lhat\u00f3. <\/p>\n<div class=\"newlinediv\"><\/div>\n<p> 2. Nyomja meg \u00e9s tartsa lenyomva a widgetet, am\u00edg meg nem jelenik egy men\u00fc. Ez a men\u00fc olyan lehet\u0151s\u00e9geket tartalmazhat, mint az &#8222;Elt\u00e1vol\u00edt\u00e1s&#8221;, &#8222;T\u00f6rl\u00e9s&#8221; vagy &#8222;Elt\u00e1vol\u00edt\u00e1s&#8221;. <\/p>\n<div class=\"newlinediv\"><\/div>\n<p> 3. V\u00e1lassza ki a megfelel\u0151 opci\u00f3t a widget kikapcsol\u00e1s\u00e1hoz. Ha az &#8222;Elt\u00e1vol\u00edt\u00e1s&#8221; vagy a &#8222;T\u00f6rl\u00e9s&#8221; lehet\u0151s\u00e9get v\u00e1lasztja, a widget elt\u00e1vol\u00edt\u00e1sra ker\u00fcl a kezd\u0151k\u00e9perny\u0151r\u0151l vagy a widget men\u00fcb\u0151l, de tov\u00e1bbra is telep\u00edtve maradhat a k\u00e9sz\u00fcl\u00e9ken. Ha az &#8222;Elt\u00e1vol\u00edt\u00e1s&#8221; lehet\u0151s\u00e9get v\u00e1lasztja, a widget teljesen elt\u00e1vol\u00edt\u00e1sra ker\u00fcl a k\u00e9sz\u00fcl\u00e9kr\u0151l. <\/p>\n<div class=\"newlinediv\"><\/div>\n<p> 4. Ha t\u00f6bb widgetet szeretne kikapcsolni, ism\u00e9telje meg ezeket a l\u00e9p\u00e9seket mindegyikn\u00e9l. <\/p>\n<div class=\"newlinediv\"><\/div>\n<p> Ha gondot okoz egy widget kikapcsol\u00e1sa, n\u00e9zze meg a k\u00e9sz\u00fcl\u00e9k felhaszn\u00e1l\u00f3i k\u00e9zik\u00f6nyv\u00e9t, vagy keressen konkr\u00e9t utas\u00edt\u00e1sokat az interneten.<\/p>\n<\/div>\n<\/div>\n","protected":false},"excerpt":{"rendered":"<p>A widgetek egyike azon funkci\u00f3knak, amelyek a macOS-t olyan nagyszer\u0171v\u00e9 teszik. Ezek olyan minialkalmaz\u00e1sok, amelyek seg\u00edts\u00e9g\u00e9vel gyorsan \u00e9s egyszer\u0171en hozz\u00e1f\u00e9rhetsz fontos inform\u00e1ci\u00f3khoz. A widgetek seg\u00edts\u00e9g\u00e9vel gyors pillant\u00e1st vethetsz az id\u0151j\u00e1r\u00e1sra, a napt\u00e1radra vagy ak\u00e1r a r\u00e9szv\u00e9nyportf\u00f3li\u00f3dra is. Ha azonban m\u00e9g nem ismeri a macOS-t, tal\u00e1n azon t\u0171n\u0151dik, hogyan kapcsolhatja be a widgeteket a MacBook Pr\u00f3n. &#8230; <a title=\"A widgetek kezel\u00e9s\u00e9nek elsaj\u00e1t\u00edt\u00e1sa a MacBook Pr\u00f3n\" class=\"read-more\" href=\"https:\/\/megnyitasa.com\/tudas\/a-widgetek-kezelesenek-elsajatitasa-a-macbook-pron\/\" aria-label=\"Read more about A widgetek kezel\u00e9s\u00e9nek elsaj\u00e1t\u00edt\u00e1sa a MacBook Pr\u00f3n\">Read more<\/a><\/p>\n","protected":false},"author":742,"featured_media":0,"comment_status":"closed","ping_status":"closed","sticky":false,"template":"","format":"standard","meta":{"footnotes":""},"categories":[16],"tags":[],"class_list":["post-18847","post","type-post","status-publish","format-standard","hentry","category-az-inditando-vallalkozasok-tipusai"],"_links":{"self":[{"href":"https:\/\/megnyitasa.com\/tudas\/wp-json\/wp\/v2\/posts\/18847","targetHints":{"allow":["GET"]}}],"collection":[{"href":"https:\/\/megnyitasa.com\/tudas\/wp-json\/wp\/v2\/posts"}],"about":[{"href":"https:\/\/megnyitasa.com\/tudas\/wp-json\/wp\/v2\/types\/post"}],"author":[{"embeddable":true,"href":"https:\/\/megnyitasa.com\/tudas\/wp-json\/wp\/v2\/users\/742"}],"replies":[{"embeddable":true,"href":"https:\/\/megnyitasa.com\/tudas\/wp-json\/wp\/v2\/comments?post=18847"}],"version-history":[{"count":0,"href":"https:\/\/megnyitasa.com\/tudas\/wp-json\/wp\/v2\/posts\/18847\/revisions"}],"wp:attachment":[{"href":"https:\/\/megnyitasa.com\/tudas\/wp-json\/wp\/v2\/media?parent=18847"}],"wp:term":[{"taxonomy":"category","embeddable":true,"href":"https:\/\/megnyitasa.com\/tudas\/wp-json\/wp\/v2\/categories?post=18847"},{"taxonomy":"post_tag","embeddable":true,"href":"https:\/\/megnyitasa.com\/tudas\/wp-json\/wp\/v2\/tags?post=18847"}],"curies":[{"name":"wp","href":"https:\/\/api.w.org\/{rel}","templated":true}]}}