{"id":18898,"date":"2023-04-24T00:00:00","date_gmt":"2023-04-24T00:00:00","guid":{"rendered":"https:\/\/megnyitasa.com\/tudas\/a-globalis-penzugyi-nyelv-a-nemzetkozi-penzugyi-beszamolasi-standardok-bevezetesenek-elonyei-es-hatranyai\/"},"modified":"2023-04-24T00:00:00","modified_gmt":"2023-04-24T00:00:00","slug":"a-globalis-penzugyi-nyelv-a-nemzetkozi-penzugyi-beszamolasi-standardok-bevezetesenek-elonyei-es-hatranyai","status":"publish","type":"post","link":"https:\/\/megnyitasa.com\/tudas\/a-globalis-penzugyi-nyelv-a-nemzetkozi-penzugyi-beszamolasi-standardok-bevezetesenek-elonyei-es-hatranyai\/","title":{"rendered":"A glob\u00e1lis p\u00e9nz\u00fcgyi nyelv &#8211; A nemzetk\u00f6zi p\u00e9nz\u00fcgyi besz\u00e1mol\u00e1si standardok bevezet\u00e9s\u00e9nek el\u0151nyei \u00e9s h\u00e1tr\u00e1nyai"},"content":{"rendered":"<div class=\"articlecontent\">\n<div class=\"newlinediv\"><\/div>\n<p> A p\u00e9nz\u00fcgyek vil\u00e1ga folyamatosan fejl\u0151dik, \u00e9s ezzel egy\u00fctt a szabv\u00e1nyos\u00edt\u00e1sra is sz\u00fcks\u00e9g van. A p\u00e9nz\u00fcgyi besz\u00e1mol\u00e1s \u00e1tl\u00e1that\u00f3s\u00e1g\u00e1nak \u00e9s k\u00f6vetkezetess\u00e9g\u00e9nek fenntart\u00e1sa \u00e9rdek\u00e9ben sz\u00e1mos orsz\u00e1g elfogadta a Nemzetk\u00f6zi P\u00e9nz\u00fcgyi Besz\u00e1mol\u00e1si Standardokat (IFRS). B\u00e1r ezek a standardok sz\u00e1mos el\u0151nnyel j\u00e1rnak, vannak h\u00e1tr\u00e1nyaik is, amelyeket figyelembe kell venni. <\/p>\n<div class=\"newlinediv\"><\/div>\n<p> Az IFRS egyik els\u0151dleges el\u0151nye a p\u00e9nz\u00fcgyi kimutat\u00e1sok jobb \u00f6sszehasonl\u00edthat\u00f3s\u00e1ga. Egy egys\u00e9ges szab\u00e1lyrendszer alkalmaz\u00e1s\u00e1val a v\u00e1llalatok olyan p\u00e9nz\u00fcgyi kimutat\u00e1sokat k\u00e9sz\u00edthetnek, amelyek k\u00f6nnyebben \u00f6sszehasonl\u00edthat\u00f3k a versenyt\u00e1rsak\u00e9val. Ez k\u00fcl\u00f6n\u00f6sen fontos a befektet\u0151k sz\u00e1m\u00e1ra, akik megalapozott d\u00f6nt\u00e9seket pr\u00f3b\u00e1lnak hozni arr\u00f3l, hogy hov\u00e1 tegy\u00e9k a p\u00e9nz\u00fcket. Emellett az IFRS seg\u00edthet jav\u00edtani a p\u00e9nz\u00fcgyi besz\u00e1mol\u00e1s min\u0151s\u00e9g\u00e9t az\u00e1ltal, hogy cs\u00f6kkenti a hib\u00e1k \u00e9s a csal\u00e1s lehet\u0151s\u00e9g\u00e9t. <\/p>\n<div class=\"newlinediv\"><\/div>\n<p> Az IFRS m\u00e1sik el\u0151nye, hogy seg\u00edthet cs\u00f6kkenteni a p\u00e9nz\u00fcgyi kimutat\u00e1sok elk\u00e9sz\u00edt\u00e9s\u00e9nek k\u00f6lts\u00e9geit. Mivel a standardok sz\u00e9les k\u00f6rben elfogadottak, sz\u00e1mos forr\u00e1s \u00e1ll rendelkez\u00e9sre a v\u00e1llalatok sz\u00e1m\u00e1ra a bevezet\u00e9s\u00fckh\u00f6z. Ez cs\u00f6kkentheti a dr\u00e1ga tan\u00e1csad\u00f3k \u00e9s egy\u00e9b k\u00fcls\u0151 er\u0151forr\u00e1sok ig\u00e9ny\u00e9t. Emellett az IFRS alkalmaz\u00e1sa seg\u00edthet a p\u00e9nz\u00fcgyi besz\u00e1mol\u00e1si folyamatok racionaliz\u00e1l\u00e1s\u00e1ban, ami id\u0151t takar\u00edthat meg \u00e9s cs\u00f6kkentheti a hibakock\u00e1zatot. <\/p>\n<div class=\"newlinediv\"><\/div>\n<p> Ezen el\u0151ny\u00f6k ellen\u00e9re az IFRS haszn\u00e1lat\u00e1nak vannak h\u00e1tr\u00e1nyai is. Az egyik f\u0151 agg\u00e1ly a nemzeti szuverenit\u00e1s esetleges elveszt\u00e9se. A glob\u00e1lis sz\u00e1mviteli standardok elfogad\u00e1s\u00e1val az orsz\u00e1gok elvesz\u00edthetik a saj\u00e1t p\u00e9nz\u00fcgyi besz\u00e1mol\u00e1si k\u00f6vetelm\u00e9nyeik feletti kontrollt. Emellett egyes kritikusok azzal \u00e9rvelnek, hogy az IFRS t\u00fals\u00e1gosan \u00f6sszetett \u00e9s nehezen alkalmazhat\u00f3, k\u00fcl\u00f6n\u00f6sen a kisebb v\u00e1llalatok sz\u00e1m\u00e1ra. <\/p>\n<div class=\"newlinediv\"><\/div>\n<p> Az IFRS egy m\u00e1sik lehets\u00e9ges h\u00e1tr\u00e1nya, hogy az \u00e1tl\u00e1that\u00f3s\u00e1g hi\u00e1ny\u00e1hoz vezethet. Mivel a standardok sz\u00e9les k\u00f6rben elfogadottak, a v\u00e1llalatok hajlamosak lehetnek egyszer\u0171en k\u00f6vetni a szab\u00e1lyokat an\u00e9lk\u00fcl, hogy teljes m\u00e9rt\u00e9kben meg\u00e9rten\u00e9k a m\u00f6g\u00f6ttes elveket. Ez olyan p\u00e9nz\u00fcgyi kimutat\u00e1sokat eredm\u00e9nyezhet, amelyek technikailag pontosak, de nem felt\u00e9tlen\u00fcl informat\u00edvak vagy hasznosak a befektet\u0151k sz\u00e1m\u00e1ra. <\/p>\n<div class=\"newlinediv\"><\/div>\n<p> \u00d6sszefoglalva, b\u00e1r az IFRS bevezet\u00e9s\u00e9nek k\u00e9ts\u00e9gtelen\u00fcl vannak el\u0151nyei, fontos, hogy gondosan m\u00e9rlegelj\u00fck a lehets\u00e9ges h\u00e1tr\u00e1nyokat is. A v\u00e1llalatoknak m\u00e9rlegelni\u00fck kell a fokozott \u00f6sszehasonl\u00edthat\u00f3s\u00e1g \u00e9s a cs\u00f6kkentett k\u00f6lts\u00e9gek el\u0151nyeit a szuverenit\u00e1s elveszt\u00e9s\u00e9vel, a bonyolults\u00e1ggal \u00e9s az \u00e1tl\u00e1that\u00f3s\u00e1g hi\u00e1ny\u00e1val kapcsolatos agg\u00e1lyokkal szemben. V\u00e9gs\u0151 soron az IFRS bevezet\u00e9s\u00e9r\u0151l sz\u00f3l\u00f3 d\u00f6nt\u00e9snek a k\u00f6lts\u00e9gek \u00e9s el\u0151ny\u00f6k, valamint az egyes szervezetek egyedi ig\u00e9nyeinek \u00e9s k\u00f6r\u00fclm\u00e9nyeinek alapos elemz\u00e9s\u00e9n kell alapulnia.<\/p><\/div>\n<div class=\"questions\">\n<div class=\"questionstitle\">FAQ<\/div>\n<div class=\"question\">\n<div class=\"qtitle\"> Milyen el\u0151nyei vannak a nemzetk\u00f6zi p\u00e9nz\u00fcgyi besz\u00e1mol\u00e1si standardoknak?<\/div>\n<p> A nemzetk\u00f6zi p\u00e9nz\u00fcgyi besz\u00e1mol\u00e1si standardok (IFRS) sz\u00e1mos el\u0151nnyel j\u00e1rnak a v\u00e1llalkoz\u00e1sok \u00e9s a befektet\u0151k sz\u00e1m\u00e1ra. <\/p>\n<div class=\"newlinediv\"><\/div>\n<p> 1. Glob\u00e1lis \u00f6sszehasonl\u00edthat\u00f3s\u00e1g: Az IFRS-ek k\u00f6z\u00f6s p\u00e9nz\u00fcgyi nyelvet biztos\u00edtanak a v\u00e1llalkoz\u00e1sok sz\u00e1m\u00e1ra vil\u00e1gszerte, megk\u00f6nny\u00edtve a befektet\u0151k sz\u00e1m\u00e1ra a k\u00fcl\u00f6nb\u00f6z\u0151 orsz\u00e1gok v\u00e1llalatainak p\u00e9nz\u00fcgyi kimutat\u00e1sainak \u00f6sszehasonl\u00edt\u00e1s\u00e1t. Ez seg\u00edti a megalapozott befektet\u00e9si d\u00f6nt\u00e9sek meghozatal\u00e1t. <\/p>\n<div class=\"newlinediv\"><\/div>\n<p> 2. Jobb \u00e1tl\u00e1that\u00f3s\u00e1g: Az IFRS-ek megk\u00f6vetelik a v\u00e1llalatokt\u00f3l, hogy r\u00e9szletes inform\u00e1ci\u00f3kat ny\u00fajtsanak p\u00e9nz\u00fcgyi teljes\u00edtm\u00e9ny\u00fckr\u0151l, bele\u00e9rtve a jelent\u0151s sz\u00e1mviteli politik\u00e1k \u00e9s becsl\u00e9sek k\u00f6zz\u00e9t\u00e9tel\u00e9t. Ez seg\u00edt az \u00e1tl\u00e1that\u00f3s\u00e1g n\u00f6vel\u00e9s\u00e9ben \u00e9s a p\u00e9nz\u00fcgyi csal\u00e1s kock\u00e1zat\u00e1nak cs\u00f6kkent\u00e9s\u00e9ben. <\/p>\n<div class=\"newlinediv\"><\/div>\n<p> 3. Nagyobb pontoss\u00e1g: Az IFRS-ek pontosabb \u00e9s k\u00f6vetkezetesebb m\u00f3dot biztos\u00edtanak a p\u00e9nz\u00fcgyi inform\u00e1ci\u00f3k bemutat\u00e1s\u00e1ra, ami cs\u00f6kkenti a hib\u00e1k \u00e9s ellentmond\u00e1sok val\u00f3sz\u00edn\u0171s\u00e9g\u00e9t a p\u00e9nz\u00fcgyi kimutat\u00e1sokban. Ez seg\u00edt a p\u00e9nz\u00fcgyi besz\u00e1mol\u00e1s min\u0151s\u00e9g\u00e9nek jav\u00edt\u00e1s\u00e1ban. <\/p>\n<div class=\"newlinediv\"><\/div>\n<p> 4. A t\u0151k\u00e9hez val\u00f3 jobb hozz\u00e1f\u00e9r\u00e9s: Az IFRS-nek val\u00f3 megfelel\u00e9s megk\u00f6nny\u00edtheti a v\u00e1llalatok sz\u00e1m\u00e1ra a nemzetk\u00f6zi befektet\u0151kt\u0151l t\u00f6rt\u00e9n\u0151 t\u0151kebevon\u00e1st, mivel szabv\u00e1nyos\u00edtott \u00e9s vil\u00e1gszerte elfogadott p\u00e9nz\u00fcgyi besz\u00e1mol\u00e1si keretrendszert biztos\u00edt. <\/p>\n<div class=\"newlinediv\"><\/div>\n<p> 5. Fokozott hiteless\u00e9g: Az IFRS-t egy f\u00fcggetlen nemzetk\u00f6zi szervezet dolgozta ki, \u00e9s a szab\u00e1lyoz\u00f3 hat\u00f3s\u00e1gok, befektet\u0151k \u00e9s m\u00e1s \u00e9rdekelt felek sz\u00e9les k\u00f6rben elfogadj\u00e1k. Az IFRS bevezet\u00e9se n\u00f6velheti a v\u00e1llalat hiteless\u00e9g\u00e9t \u00e9s h\u00edrnev\u00e9t. <\/p>\n<div class=\"newlinediv\"><\/div>\n<p> 6. Cs\u00f6kkentett megfelel\u00e9si k\u00f6lts\u00e9gek: Az IFRS bevezet\u00e9se cs\u00f6kkentheti a multinacion\u00e1lis v\u00e1llalatok megfelel\u00e9si k\u00f6lts\u00e9geit, mivel \u00edgy nem kell k\u00fcl\u00f6n p\u00e9nz\u00fcgyi kimutat\u00e1sokat k\u00e9sz\u00edteni a k\u00fcl\u00f6nb\u00f6z\u0151 orsz\u00e1gok sz\u00e1m\u00e1ra. Ez seg\u00edt a p\u00e9nz\u00fcgyi besz\u00e1mol\u00e1s \u00f6sszetetts\u00e9g\u00e9nek cs\u00f6kkent\u00e9s\u00e9ben is. <\/p>\n<\/div>\n<div class=\"question\">\n<div class=\"qtitle\"> Mi az IFRS \u00e9s annak el\u0151nyei?<\/div>\n<p> Az IFRS a Nemzetk\u00f6zi P\u00e9nz\u00fcgyi Besz\u00e1mol\u00e1si Standardok r\u00f6vid\u00edt\u00e9se, amely a Nemzetk\u00f6zi Sz\u00e1mviteli Standard Test\u00fclet (IASB) \u00e1ltal kidolgozott \u00e9s karbantartott, vil\u00e1gszerte elismert sz\u00e1mviteli standardok \u00f6sszess\u00e9ge. Ezek a standardok k\u00f6z\u00f6s nyelvet biztos\u00edtanak a p\u00e9nz\u00fcgyi besz\u00e1mol\u00e1shoz, megk\u00f6nny\u00edtve a v\u00e1llalatok sz\u00e1m\u00e1ra a p\u00e9nz\u00fcgyi inform\u00e1ci\u00f3k k\u00f6zl\u00e9s\u00e9t a befektet\u0151kkel \u00e9s m\u00e1s \u00e9rdekelt felekkel. <\/p>\n<div class=\"newlinediv\"><\/div>\n<p> Az IFRS el\u0151nyei k\u00f6z\u00e9 tartoznak: <\/p>\n<div class=\"newlinediv\"><\/div>\n<p> 1. Glob\u00e1lis \u00f6sszehasonl\u00edthat\u00f3s\u00e1g: Az IFRS k\u00f6z\u00f6s sz\u00e1mviteli szab\u00e1lyrendszert biztos\u00edt, amely a k\u00fcl\u00f6nb\u00f6z\u0151 joghat\u00f3s\u00e1gok k\u00f6z\u00f6tt alkalmazhat\u00f3, megk\u00f6nny\u00edtve a befektet\u0151k sz\u00e1m\u00e1ra a k\u00fcl\u00f6nb\u00f6z\u0151 orsz\u00e1gok v\u00e1llalatainak p\u00e9nz\u00fcgyi kimutat\u00e1sainak \u00f6sszehasonl\u00edt\u00e1s\u00e1t. <\/p>\n<div class=\"newlinediv\"><\/div>\n<p> 2. \u00c1tl\u00e1that\u00f3s\u00e1g: Az IFRS el\u0151seg\u00edti a p\u00e9nz\u00fcgyi besz\u00e1mol\u00e1s \u00e1tl\u00e1that\u00f3s\u00e1g\u00e1t az\u00e1ltal, hogy el\u0151\u00edrja a v\u00e1llalatok sz\u00e1m\u00e1ra a relev\u00e1ns inform\u00e1ci\u00f3k k\u00f6zz\u00e9t\u00e9tel\u00e9t a p\u00e9nz\u00fcgyi kimutat\u00e1sokban. <\/p>\n<div class=\"newlinediv\"><\/div>\n<p> 3. K\u00f6vetkezetess\u00e9g: Az IFRS biztos\u00edtja a p\u00e9nz\u00fcgyi besz\u00e1mol\u00e1s k\u00f6vetkezetess\u00e9g\u00e9t az\u00e1ltal, hogy egys\u00e9ges szab\u00e1lyrendszert biztos\u00edt a v\u00e1llalatok sz\u00e1m\u00e1ra. <\/p>\n<div class=\"newlinediv\"><\/div>\n<p> 4. Jobb d\u00f6nt\u00e9shozatal: Az IFRS t\u00f6bb inform\u00e1ci\u00f3t ny\u00fajt a befektet\u0151knek a v\u00e1llalat p\u00e9nz\u00fcgyi teljes\u00edtm\u00e9ny\u00e9r\u0151l, ami seg\u00edti \u0151ket abban, hogy megalapozottabb befektet\u00e9si d\u00f6nt\u00e9seket hozzanak. <\/p>\n<div class=\"newlinediv\"><\/div>\n<p> 5. Cs\u00f6kkentett t\u0151kek\u00f6lts\u00e9g: Az IFRS cs\u00f6kkentheti a v\u00e1llalatok t\u0151kek\u00f6lts\u00e9g\u00e9t az\u00e1ltal, hogy jav\u00edtja a p\u00e9nz\u00fcgyi kimutat\u00e1sok \u00e1tl\u00e1that\u00f3s\u00e1g\u00e1t \u00e9s \u00f6sszehasonl\u00edthat\u00f3s\u00e1g\u00e1t, ami megk\u00f6nny\u00edti a befektet\u0151k sz\u00e1m\u00e1ra a kock\u00e1zatok \u00e9rt\u00e9kel\u00e9s\u00e9t. <\/p>\n<div class=\"newlinediv\"><\/div>\n<p> \u00d6sszess\u00e9g\u00e9ben az IFRS elfogad\u00e1sa hozz\u00e1j\u00e1rulhat a p\u00e9nz\u00fcgyi besz\u00e1mol\u00e1s min\u0151s\u00e9g\u00e9nek jav\u00edt\u00e1s\u00e1hoz, az \u00e1tl\u00e1that\u00f3s\u00e1g n\u00f6vel\u00e9s\u00e9hez \u00e9s a befektet\u0151i bizalom er\u0151s\u00edt\u00e9s\u00e9hez, ami v\u00e9gs\u0151 soron jobb d\u00f6nt\u00e9shozatalt \u00e9s hat\u00e9konyabb t\u0151kepiacot eredm\u00e9nyez.<\/p>\n<\/div>\n<\/div>\n","protected":false},"excerpt":{"rendered":"<p>A p\u00e9nz\u00fcgyek vil\u00e1ga folyamatosan fejl\u0151dik, \u00e9s ezzel egy\u00fctt a szabv\u00e1nyos\u00edt\u00e1sra is sz\u00fcks\u00e9g van. A p\u00e9nz\u00fcgyi besz\u00e1mol\u00e1s \u00e1tl\u00e1that\u00f3s\u00e1g\u00e1nak \u00e9s k\u00f6vetkezetess\u00e9g\u00e9nek fenntart\u00e1sa \u00e9rdek\u00e9ben sz\u00e1mos orsz\u00e1g elfogadta a Nemzetk\u00f6zi P\u00e9nz\u00fcgyi Besz\u00e1mol\u00e1si Standardokat (IFRS). B\u00e1r ezek a standardok sz\u00e1mos el\u0151nnyel j\u00e1rnak, vannak h\u00e1tr\u00e1nyaik is, amelyeket figyelembe kell venni. Az IFRS egyik els\u0151dleges el\u0151nye a p\u00e9nz\u00fcgyi kimutat\u00e1sok jobb \u00f6sszehasonl\u00edthat\u00f3s\u00e1ga. Egy &#8230; <a title=\"A glob\u00e1lis p\u00e9nz\u00fcgyi nyelv &#8211; A nemzetk\u00f6zi p\u00e9nz\u00fcgyi besz\u00e1mol\u00e1si standardok bevezet\u00e9s\u00e9nek el\u0151nyei \u00e9s h\u00e1tr\u00e1nyai\" class=\"read-more\" href=\"https:\/\/megnyitasa.com\/tudas\/a-globalis-penzugyi-nyelv-a-nemzetkozi-penzugyi-beszamolasi-standardok-bevezetesenek-elonyei-es-hatranyai\/\" aria-label=\"Read more about A glob\u00e1lis p\u00e9nz\u00fcgyi nyelv &#8211; A nemzetk\u00f6zi p\u00e9nz\u00fcgyi besz\u00e1mol\u00e1si standardok bevezet\u00e9s\u00e9nek el\u0151nyei \u00e9s h\u00e1tr\u00e1nyai\">Read more<\/a><\/p>\n","protected":false},"author":612,"featured_media":0,"comment_status":"closed","ping_status":"closed","sticky":false,"template":"","format":"standard","meta":{"footnotes":""},"categories":[8],"tags":[],"class_list":["post-18898","post","type-post","status-publish","format-standard","hentry","category-szamvitel-es-konyveles"],"_links":{"self":[{"href":"https:\/\/megnyitasa.com\/tudas\/wp-json\/wp\/v2\/posts\/18898","targetHints":{"allow":["GET"]}}],"collection":[{"href":"https:\/\/megnyitasa.com\/tudas\/wp-json\/wp\/v2\/posts"}],"about":[{"href":"https:\/\/megnyitasa.com\/tudas\/wp-json\/wp\/v2\/types\/post"}],"author":[{"embeddable":true,"href":"https:\/\/megnyitasa.com\/tudas\/wp-json\/wp\/v2\/users\/612"}],"replies":[{"embeddable":true,"href":"https:\/\/megnyitasa.com\/tudas\/wp-json\/wp\/v2\/comments?post=18898"}],"version-history":[{"count":0,"href":"https:\/\/megnyitasa.com\/tudas\/wp-json\/wp\/v2\/posts\/18898\/revisions"}],"wp:attachment":[{"href":"https:\/\/megnyitasa.com\/tudas\/wp-json\/wp\/v2\/media?parent=18898"}],"wp:term":[{"taxonomy":"category","embeddable":true,"href":"https:\/\/megnyitasa.com\/tudas\/wp-json\/wp\/v2\/categories?post=18898"},{"taxonomy":"post_tag","embeddable":true,"href":"https:\/\/megnyitasa.com\/tudas\/wp-json\/wp\/v2\/tags?post=18898"}],"curies":[{"name":"wp","href":"https:\/\/api.w.org\/{rel}","templated":true}]}}