{"id":19388,"date":"2023-12-18T20:35:38","date_gmt":"2023-12-18T20:35:38","guid":{"rendered":"https:\/\/megnyitasa.com\/tudas\/?p=19388"},"modified":"2023-12-18T20:35:38","modified_gmt":"2023-12-18T20:35:38","slug":"a-tobb-klip-szerkesztesenek-muveszete-a-final-cut-pro-ban","status":"publish","type":"post","link":"https:\/\/megnyitasa.com\/tudas\/a-tobb-klip-szerkesztesenek-muveszete-a-final-cut-pro-ban\/","title":{"rendered":"A t\u00f6bb klip szerkeszt\u00e9s\u00e9nek m\u0171v\u00e9szete a Final Cut Pro-ban"},"content":{"rendered":"<div class=\"articlecontent\">\n<div class=\"newlinediv\"><\/div>\n<p> A Final Cut Pro egy nagy teljes\u00edtm\u00e9ny\u0171 videoszerkeszt\u0151 szoftver, amely sz\u00e1mos eszk\u00f6zt \u00e9s funkci\u00f3t k\u00edn\u00e1l a leny\u0171g\u00f6z\u0151 vide\u00f3k k\u00e9sz\u00edt\u00e9s\u00e9hez. A videoszerkeszt\u00e9s egyik legfontosabb eleme a t\u00f6bb klip z\u00f6kken\u0151mentes szerkeszt\u00e9s\u00e9nek k\u00e9pess\u00e9ge, hogy egy \u00f6sszef\u00fcgg\u0151 t\u00f6rt\u00e9netet hozzon l\u00e9tre. A Final Cut Pro seg\u00edts\u00e9g\u00e9vel k\u00f6nnyed\u00e9n szerkeszthet t\u00f6bb klip k\u00f6z\u00f6tt, \u00edgy biztos\u00edtva a z\u00f6kken\u0151mentes \u00e9s csiszolt v\u00e9geredm\u00e9nyt. Ebben a cikkben azokat a tippeket \u00e9s tr\u00fckk\u00f6ket vizsg\u00e1ljuk meg, amelyekkel a legt\u00f6bbet hozhatja ki ebb\u0151l a funkci\u00f3b\u00f3l. <\/p>\n<div class=\"title\"> 1. Rendezze a felv\u00e9teleket <\/div>\n<p> Miel\u0151tt elkezden\u00e9 a v\u00e1g\u00e1st, elengedhetetlen, hogy rendszerezze a felv\u00e9teleket. Ez egy olyan mappastrukt\u00fara l\u00e9trehoz\u00e1s\u00e1t jelenti, amely megk\u00f6nny\u00edti a sz\u00fcks\u00e9ges klipek megtal\u00e1l\u00e1s\u00e1t. A felv\u00e9teleket d\u00e1tum, helysz\u00edn vagy b\u00e1rmilyen m\u00e1s, a projekt szempontj\u00e1b\u00f3l \u00e9sszer\u0171 krit\u00e9rium szerint rendezheti. Ezzel id\u0151t takar\u00edthat meg, \u00e9s elker\u00fclheti a nagy mennyis\u00e9g\u0171 felv\u00e9telek \u00e1tvizsg\u00e1l\u00e1s\u00e1val j\u00e1r\u00f3 frusztr\u00e1ci\u00f3t. <\/p>\n<div class=\"title\"> 2. Durva v\u00e1g\u00e1s k\u00e9sz\u00edt\u00e9se <\/div>\n<p> Miut\u00e1n rendszerezte a felv\u00e9teleket, a k\u00f6vetkez\u0151 l\u00e9p\u00e9s a durva v\u00e1g\u00e1s elk\u00e9sz\u00edt\u00e9se. A nyers v\u00e1g\u00e1s a vide\u00f3 el\u0151zetes v\u00e1ltozata, amely tartalmazza az \u00f6sszes l\u00e9nyeges klipet, amelyet fel szeretne haszn\u00e1lni. Ez a l\u00e9p\u00e9s kritikus fontoss\u00e1g\u00fa, mivel seg\u00edt meg\u00e9rteni a vide\u00f3 \u00e1raml\u00e1s\u00e1t, \u00e9s azonos\u00edtani az esetleges hi\u00e1nyoss\u00e1gokat, amelyeket ki kell t\u00f6lteni. A nyers v\u00e1g\u00e1s elk\u00e9sz\u00edt\u00e9s\u00e9hez egyszer\u0171en h\u00fazza a klipeket az id\u0151vonalra, \u00e9s rendezze \u0151ket a k\u00edv\u00e1nt sorrendbe. <\/p>\n<div class=\"title\"> 3. A v\u00e1g\u00e1s finomhangol\u00e1sa <\/div>\n<p> A nyers v\u00e1g\u00e1s elk\u00e9sz\u00edt\u00e9se ut\u00e1n most finomhangolhatja a v\u00e1g\u00e1st. Ez mag\u00e1ban foglalja a klipek v\u00e1g\u00e1s\u00e1t a nem k\u00edv\u00e1nt felv\u00e9telek elt\u00e1vol\u00edt\u00e1sa \u00e9rdek\u00e9ben, valamint a v\u00e1g\u00e1sok id\u0151z\u00edt\u00e9s\u00e9nek be\u00e1ll\u00edt\u00e1s\u00e1t, hogy a v\u00e1g\u00e1s z\u00f6kken\u0151mentes legyen. A Final Cut Pro sz\u00e1mos eszk\u00f6zt k\u00edn\u00e1l a v\u00e1g\u00e1s finomhangol\u00e1s\u00e1hoz, k\u00f6zt\u00fck a hull\u00e1mv\u00e1g\u00e1st, a tekercsv\u00e1g\u00e1st \u00e9s a cs\u00fasz\u00e1sv\u00e1g\u00e1st. Ezekkel az eszk\u00f6z\u00f6kkel gyorsan elv\u00e9gezheted a klipek pontos be\u00e1ll\u00edt\u00e1sait. <\/p>\n<div class=\"title\"> 4. \u00c1tmenetek \u00e9s effektek hozz\u00e1ad\u00e1sa <\/div>\n<p> Miut\u00e1n finomhangolta a v\u00e1g\u00e1st, most \u00e1tmeneteket \u00e9s effekteket adhat hozz\u00e1 a vide\u00f3 feljav\u00edt\u00e1s\u00e1hoz. Az \u00e1tmenetek seg\u00edtik a k\u00e9t klip k\u00f6z\u00f6tti \u00e1tmenetet, m\u00edg az effektek vizu\u00e1lisan \u00e9rdekesebb\u00e9 teszik a felv\u00e9teleket. A Final Cut Pro \u00e1tmenetek \u00e9s effektek sz\u00e9les v\u00e1laszt\u00e9k\u00e1t k\u00edn\u00e1lja, amelyekkel egyedi \u00e9s mag\u00e1val ragad\u00f3 vide\u00f3t k\u00e9sz\u00edthet. <\/p>\n<div class=\"newlinediv\"><\/div>\n<p> \u00d6sszefoglalva, a Final Cut Pro programban a t\u00f6bb klip k\u00f6z\u00f6tti szerkeszt\u00e9s kulcsfontoss\u00e1g\u00fa l\u00e9p\u00e9s a csiszolt \u00e9s professzion\u00e1lis megjelen\u00e9s\u0171 vide\u00f3 elk\u00e9sz\u00edt\u00e9s\u00e9hez. A felv\u00e9telek rendszerez\u00e9s\u00e9vel, a nyers v\u00e1g\u00e1s elk\u00e9sz\u00edt\u00e9s\u00e9vel, a v\u00e1g\u00e1s finomhangol\u00e1s\u00e1val, valamint \u00e1tmenetek \u00e9s effektek hozz\u00e1ad\u00e1s\u00e1val olyan meggy\u0151z\u0151 vide\u00f3t k\u00e9sz\u00edthet, amely lek\u00f6ti a k\u00f6z\u00f6ns\u00e9g figyelm\u00e9t. Ezekkel a tippekkel \u00e9s tr\u00fckk\u00f6kkel elsaj\u00e1t\u00edthatja a t\u00f6bb klip szerkeszt\u00e9s\u00e9nek m\u0171v\u00e9szet\u00e9t a Final Cut Pro programban, \u00e9s a k\u00f6vetkez\u0151 szintre emelheti vide\u00f3szerkeszt\u00e9si k\u00e9szs\u00e9geit.<\/p><\/div>\n<div class=\"questions\">\n<div class=\"questionstitle\">FAQ<\/div>\n<div class=\"question\">\n<div class=\"qtitle\"> Hogyan sim\u00edthat\u00f3k el a klipek k\u00f6z\u00f6tti \u00e1tmenetek a Final Cut Pro programban?<\/div>\n<p> A klipek k\u00f6z\u00f6tti \u00e1tmenetek sim\u00edt\u00e1s\u00e1hoz a Final Cut Pro programban t\u00f6bbf\u00e9le technik\u00e1t is alkalmazhat. <\/p>\n<div class=\"newlinediv\"><\/div>\n<p> 1. Keresztfelold\u00e1s: Ez a Final Cut Pro-ban leggyakrabban haszn\u00e1lt \u00e1tmenet. Fokozatosan elhalv\u00e1ny\u00edtja az egyik klipet, mik\u00f6zben a k\u00f6vetkez\u0151 klipet beolvasztja. A keresztfelold\u00e1s alkalmaz\u00e1s\u00e1hoz egyszer\u0171en v\u00e1lassza ki az eszk\u00f6zt\u00e1ron az \u00e1tmenet ikonj\u00e1t, majd h\u00fazza az id\u0151vonalon a k\u00e9t klip k\u00f6z\u00e9. <\/p>\n<div class=\"newlinediv\"><\/div>\n<p> 2. Fekete vagy feh\u00e9r sz\u00ednre val\u00f3 \u00e1tv\u00e1lt\u00e1s: Ez az \u00e1tmenet hasonl\u00f3 a keresztfelold\u00e1shoz, de ahelyett, hogy elhalv\u00e1nyulna, az els\u0151 klip fekete vagy feh\u00e9r sz\u00ednbe mer\u00fcl, miel\u0151tt a m\u00e1sodik klip beolvadna. Ennek az \u00e1tmenetnek az alkalmaz\u00e1s\u00e1hoz v\u00e1lassza ki az eszk\u00f6zt\u00e1ron a Dip to Black or White (Feket\u00e9re vagy feh\u00e9rre m\u00e1rt\u00e1s) ikonj\u00e1t, majd h\u00fazza az id\u0151vonalon a k\u00e9t klip k\u00f6z\u00e9. <\/p>\n<div class=\"newlinediv\"><\/div>\n<p> 3. Fade to Color: Ez az \u00e1tmenet az els\u0151 klipet egysz\u00edn\u0171re fak\u00edtja, miel\u0151tt a m\u00e1sodik klip beolvadna. Ennek az \u00e1tmenetnek az alkalmaz\u00e1s\u00e1hoz v\u00e1lassza ki a Fade to Color ikont az eszk\u00f6zt\u00e1ron, majd v\u00e1lassza ki a k\u00edv\u00e1nt sz\u00ednt. <\/p>\n<div class=\"newlinediv\"><\/div>\n<p> 4. T\u00f6rl\u00e9s: Ez az \u00e1tmenet egy mozg\u00f3 vonalat vagy alakzatot haszn\u00e1l a m\u00e1sodik klip felfed\u00e9s\u00e9hez, mik\u00f6zben eltakarja az els\u0151 klipet. Ennek az \u00e1tmenetnek az alkalmaz\u00e1s\u00e1hoz v\u00e1lassza ki az eszk\u00f6zt\u00e1ron a T\u00f6rl\u00e9s ikont, majd v\u00e1lassza ki a haszn\u00e1lni k\u00edv\u00e1nt ir\u00e1nyt \u00e9s alakzatot. <\/p>\n<div class=\"newlinediv\"><\/div>\n<p> 5. 3D: Ez az \u00e1tmenet anim\u00e1ci\u00f3kat \u00e9s speci\u00e1lis effekteket haszn\u00e1l a k\u00e9t klip k\u00f6z\u00f6tti sima \u00e1tmenet l\u00e9trehoz\u00e1s\u00e1hoz. Ennek az \u00e1tmenetnek az alkalmaz\u00e1s\u00e1hoz v\u00e1lassza ki a 3D ikont az eszk\u00f6zt\u00e1ron, majd v\u00e1lassza ki a haszn\u00e1lni k\u00edv\u00e1nt st\u00edlust \u00e9s be\u00e1ll\u00edt\u00e1sokat. <\/p>\n<div class=\"newlinediv\"><\/div>\n<p> Ezeken a technik\u00e1kon k\u00edv\u00fcl az \u00e1tmenetek id\u0151z\u00edt\u00e9s\u00e9t \u00e9s id\u0151tartam\u00e1t is be\u00e1ll\u00edthatja, hogy sim\u00e1bb hat\u00e1st \u00e9rjen el. Az id\u0151z\u00edt\u00e9s be\u00e1ll\u00edt\u00e1s\u00e1hoz egyszer\u0171en h\u00fazza az \u00e1tmenet ikonj\u00e1t az id\u0151vonalon a k\u00edv\u00e1nt poz\u00edci\u00f3ba. Az id\u0151tartam be\u00e1ll\u00edt\u00e1s\u00e1hoz v\u00e1lassza ki az \u00e1tmenet ikonj\u00e1t, \u00e9s h\u00fazza a sz\u00e9leket, hogy hosszabb vagy r\u00f6videbb legyen. <\/p>\n<div class=\"newlinediv\"><\/div>\n<p> \u00d6sszess\u00e9g\u00e9ben e technik\u00e1k kombin\u00e1ci\u00f3j\u00e1val, valamint az id\u0151z\u00edt\u00e9s \u00e9s az id\u0151tartam be\u00e1ll\u00edt\u00e1s\u00e1val sima \u00e1tmeneteket hozhat l\u00e9tre a klipek k\u00f6z\u00f6tt a Final Cut Pro programban. <\/p>\n<\/div>\n<div class=\"question\">\n<div class=\"qtitle\"> Mi az a t\u00f6bbkamer\u00e1s v\u00e1g\u00e1s?<\/div>\n<p> A multikamer\u00e1s szerkeszt\u00e9s egy olyan videoszerkeszt\u00e9si technika, amely az ugyanazon jelenet vagy esem\u00e9ny r\u00f6gz\u00edt\u00e9s\u00e9hez haszn\u00e1lt t\u00f6bb kamera felv\u00e9teleinek szinkroniz\u00e1l\u00e1s\u00e1t \u00e9s egyidej\u0171 szerkeszt\u00e9s\u00e9t jelenti. Ezt a technik\u00e1t gyakran haszn\u00e1lj\u00e1k telev\u00edzi\u00f3s m\u0171sorok, filmek \u00e9s \u00e9l\u0151 esem\u00e9nyek k\u00e9sz\u00edt\u00e9s\u00e9n\u00e9l, ahol t\u00f6bb kamer\u00e1t haszn\u00e1lnak ugyanazon esem\u00e9ny k\u00fcl\u00f6nb\u00f6z\u0151 sz\u00f6gekb\u0151l t\u00f6rt\u00e9n\u0151 r\u00f6gz\u00edt\u00e9s\u00e9re. <\/p>\n<div class=\"newlinediv\"><\/div>\n<p> A t\u00f6bbkamer\u00e1s v\u00e1g\u00e1s sor\u00e1n az egyes kamer\u00e1k felv\u00e9teleit egy videoszerkeszt\u0151 programba import\u00e1lj\u00e1k, majd id\u0151k\u00f3d vagy vizu\u00e1lis \u00e9s hangjelz\u00e9sek seg\u00edts\u00e9g\u00e9vel szinkroniz\u00e1lj\u00e1k. Ha a felv\u00e9telek szinkroniz\u00e1lva vannak, a v\u00e1g\u00f3 val\u00f3s id\u0151ben v\u00e1lthat a k\u00fcl\u00f6nb\u00f6z\u0151 kamerasz\u00f6gek k\u00f6z\u00f6tt, \u00e9s menet k\u00f6zben v\u00e1g\u00e1sokat v\u00e9gezhet. Ez gyorsabb \u00e9s hat\u00e9konyabb v\u00e1g\u00e1si folyamatot tesz lehet\u0151v\u00e9, mivel a v\u00e1g\u00f3 minden egyes kamera\u00e1ll\u00e1sb\u00f3l kiv\u00e1laszthatja a legjobb felv\u00e9telt an\u00e9lk\u00fcl, hogy minden klipet k\u00fcl\u00f6n-k\u00fcl\u00f6n meg kellene n\u00e9znie. <\/p>\n<div class=\"newlinediv\"><\/div>\n<p> A multikamer\u00e1s szerkeszt\u00e9s k\u00fcl\u00f6n\u00f6sen hasznos olyan helyzetekben, amikor sok akci\u00f3 t\u00f6rt\u00e9nik egyszerre, vagy amikor t\u00f6bb el\u0151ad\u00f3 van a sz\u00ednpadon. T\u00f6bb kamera haszn\u00e1lat\u00e1val a szerkeszt\u0151 t\u00f6bb szemsz\u00f6gb\u0151l is r\u00f6gz\u00edtheti ugyanazt az esem\u00e9nyt, \u00e9s dinamikusabb \u00e9s mag\u00e1val ragad\u00f3bb v\u00e9gterm\u00e9ket hozhat l\u00e9tre. <\/p>\n<div class=\"newlinediv\"><\/div>\n<p> \u00d6sszess\u00e9g\u00e9ben a t\u00f6bbkamer\u00e1s v\u00e1g\u00e1s fontos technika, amelyet a vide\u00f3szerkeszt\u0151knek el kell saj\u00e1t\u00edtaniuk, mivel hat\u00e9konyabb \u00e9s dinamikusabb v\u00e1g\u00e1si folyamatot tesz lehet\u0151v\u00e9, ami jobb min\u0151s\u00e9g\u0171 v\u00e9gterm\u00e9ket eredm\u00e9nyez.<\/p>\n<\/div>\n<\/div>\n","protected":false},"excerpt":{"rendered":"<p>A Final Cut Pro egy nagy teljes\u00edtm\u00e9ny\u0171 videoszerkeszt\u0151 szoftver, amely sz\u00e1mos eszk\u00f6zt \u00e9s funkci\u00f3t k\u00edn\u00e1l a leny\u0171g\u00f6z\u0151 vide\u00f3k k\u00e9sz\u00edt\u00e9s\u00e9hez. A videoszerkeszt\u00e9s egyik legfontosabb eleme a t\u00f6bb klip z\u00f6kken\u0151mentes szerkeszt\u00e9s\u00e9nek k\u00e9pess\u00e9ge, hogy egy \u00f6sszef\u00fcgg\u0151 t\u00f6rt\u00e9netet hozzon l\u00e9tre. A Final Cut Pro seg\u00edts\u00e9g\u00e9vel k\u00f6nnyed\u00e9n szerkeszthet t\u00f6bb klip k\u00f6z\u00f6tt, \u00edgy biztos\u00edtva a z\u00f6kken\u0151mentes \u00e9s csiszolt v\u00e9geredm\u00e9nyt. Ebben a &#8230; <a title=\"A t\u00f6bb klip szerkeszt\u00e9s\u00e9nek m\u0171v\u00e9szete a Final Cut Pro-ban\" class=\"read-more\" href=\"https:\/\/megnyitasa.com\/tudas\/a-tobb-klip-szerkesztesenek-muveszete-a-final-cut-pro-ban\/\" aria-label=\"Read more about A t\u00f6bb klip szerkeszt\u00e9s\u00e9nek m\u0171v\u00e9szete a Final Cut Pro-ban\">Read more<\/a><\/p>\n","protected":false},"author":628,"featured_media":0,"comment_status":"closed","ping_status":"closed","sticky":false,"template":"","format":"standard","meta":{"footnotes":""},"categories":[18],"tags":[],"class_list":["post-19388","post","type-post","status-publish","format-standard","hentry","category-uzleti-tervezes-es-strategia"],"_links":{"self":[{"href":"https:\/\/megnyitasa.com\/tudas\/wp-json\/wp\/v2\/posts\/19388","targetHints":{"allow":["GET"]}}],"collection":[{"href":"https:\/\/megnyitasa.com\/tudas\/wp-json\/wp\/v2\/posts"}],"about":[{"href":"https:\/\/megnyitasa.com\/tudas\/wp-json\/wp\/v2\/types\/post"}],"author":[{"embeddable":true,"href":"https:\/\/megnyitasa.com\/tudas\/wp-json\/wp\/v2\/users\/628"}],"replies":[{"embeddable":true,"href":"https:\/\/megnyitasa.com\/tudas\/wp-json\/wp\/v2\/comments?post=19388"}],"version-history":[{"count":1,"href":"https:\/\/megnyitasa.com\/tudas\/wp-json\/wp\/v2\/posts\/19388\/revisions"}],"predecessor-version":[{"id":22417,"href":"https:\/\/megnyitasa.com\/tudas\/wp-json\/wp\/v2\/posts\/19388\/revisions\/22417"}],"wp:attachment":[{"href":"https:\/\/megnyitasa.com\/tudas\/wp-json\/wp\/v2\/media?parent=19388"}],"wp:term":[{"taxonomy":"category","embeddable":true,"href":"https:\/\/megnyitasa.com\/tudas\/wp-json\/wp\/v2\/categories?post=19388"},{"taxonomy":"post_tag","embeddable":true,"href":"https:\/\/megnyitasa.com\/tudas\/wp-json\/wp\/v2\/tags?post=19388"}],"curies":[{"name":"wp","href":"https:\/\/api.w.org\/{rel}","templated":true}]}}