{"id":19474,"date":"2023-12-18T20:35:46","date_gmt":"2023-12-18T20:35:46","guid":{"rendered":"https:\/\/megnyitasa.com\/tudas\/?p=19474"},"modified":"2023-12-18T20:35:46","modified_gmt":"2023-12-18T20:35:46","slug":"a-munkatarsak-elkotelezettsegenek-fontossaga-a-munkahelyen","status":"publish","type":"post","link":"https:\/\/megnyitasa.com\/tudas\/a-munkatarsak-elkotelezettsegenek-fontossaga-a-munkahelyen\/","title":{"rendered":"A munkat\u00e1rsak elk\u00f6telezetts\u00e9g\u00e9nek fontoss\u00e1ga a munkahelyen"},"content":{"rendered":"<div class=\"articlecontent\">\n<div class=\"newlinediv\"><\/div>\n<p> A munkat\u00e1rsak ap\u00e1ti\u00e1ja manaps\u00e1g sok szervezetben egyre nagyobb aggodalomra ad okot. Jellemz\u0151je az \u00e9rdekl\u0151d\u00e9s, a lelkesed\u00e9s vagy az aggodalom hi\u00e1nya a munkav\u00e1llal\u00f3k k\u00f6r\u00e9ben a munk\u00e1juk, a koll\u00e9g\u00e1k vagy a szervezet eg\u00e9sze ir\u00e1nt. Az ap\u00e1tia a termel\u00e9kenys\u00e9g cs\u00f6kken\u00e9s\u00e9hez, az elk\u00f6telez\u0151d\u00e9s hi\u00e1ny\u00e1hoz \u00e9s alacsony mor\u00e1lhoz vezethet, ami viszont negat\u00edvan befoly\u00e1solhatja a szervezet \u00e1ltal\u00e1nos siker\u00e9t. Ez\u00e9rt fontos, hogy a munk\u00e1ltat\u00f3k meg\u00e9rts\u00e9k a munkav\u00e1llal\u00f3k elk\u00f6telezetts\u00e9g\u00e9nek fontoss\u00e1g\u00e1t, \u00e9s l\u00e9p\u00e9seket tegyenek annak el\u0151seg\u00edt\u00e9s\u00e9re a munkahelyen. <\/p>\n<div class=\"newlinediv\"><\/div>\n<p> A munkav\u00e1llal\u00f3i elk\u00f6telezetts\u00e9g a munkav\u00e1llal\u00f3k elk\u00f6telezetts\u00e9g\u00e9nek, motiv\u00e1lts\u00e1g\u00e1nak \u00e9s bevon\u00f3d\u00e1s\u00e1nak szintj\u00e9t jelenti a munk\u00e1juk \u00e9s a szervezet ir\u00e1nt. Az elk\u00f6telezett munkav\u00e1llal\u00f3k lelkesednek a munk\u00e1juk\u00e9rt, \u00fagy \u00e9rzik, hogy \u00e9rt\u00e9kelik \u0151ket, \u00e9s elk\u00f6telezettek a szervezet sikere ir\u00e1nt. Emellett produkt\u00edvabbak, innovat\u00edvabbak, \u00e9s kisebb val\u00f3sz\u00edn\u0171s\u00e9ggel hagyj\u00e1k el a v\u00e1llalatot. <\/p>\n<div class=\"newlinediv\"><\/div>\n<p> Sz\u00e1mos t\u00e9nyez\u0151 j\u00e1rulhat hozz\u00e1 a munkav\u00e1llal\u00f3i ap\u00e1ti\u00e1hoz. Az egyik legjelent\u0151sebb t\u00e9nyez\u0151 a kommunik\u00e1ci\u00f3 \u00e9s a visszajelz\u00e9s hi\u00e1nya. Ha a munkav\u00e1llal\u00f3k \u00fagy \u00e9rzik, hogy v\u00e9lem\u00e9ny\u00fcket \u00e9s \u00f6tleteiket nem hallj\u00e1k meg vagy nem \u00e9rt\u00e9kelik, akkor elszakadhatnak a munk\u00e1t\u00f3l, \u00e9s \u00fagy \u00e9rezhetik, hogy a munk\u00e1juknak nincs \u00e9rtelme. A munk\u00e1ltat\u00f3knak ny\u00edlt \u00e9s \u00e1tl\u00e1that\u00f3 kommunik\u00e1ci\u00f3s kult\u00far\u00e1t kell kialak\u00edtaniuk, \u00f6szt\u00f6n\u00f6zni\u00fck kell a visszajelz\u00e9seket, \u00e9s lehet\u0151s\u00e9get kell biztos\u00edtaniuk a munkav\u00e1llal\u00f3k sz\u00e1m\u00e1ra, hogy kifejthess\u00e9k v\u00e9lem\u00e9ny\u00fcket. <\/p>\n<div class=\"newlinediv\"><\/div>\n<p> Egy m\u00e1sik t\u00e9nyez\u0151, amely hozz\u00e1j\u00e1rulhat a munkav\u00e1llal\u00f3i ap\u00e1ti\u00e1hoz, az elismer\u00e9s \u00e9s jutalmaz\u00e1s hi\u00e1nya. Azok a munkav\u00e1llal\u00f3k, akik \u00fagy \u00e9rzik, hogy kem\u00e9ny munk\u00e1jukat \u00e9s hozz\u00e1j\u00e1rul\u00e1sukat nem ismerik el, illetve nem jutalmazz\u00e1k, elszakadhatnak a munk\u00e1t\u00f3l, \u00e9s \u00fagy \u00e9rezhetik, hogy alul\u00e9rt\u00e9kelik \u0151ket. A munk\u00e1ltat\u00f3knak el kell ismerni\u00fck \u00e9s meg kell jutalmazniuk a munkav\u00e1llal\u00f3kat kem\u00e9ny munk\u00e1juk\u00e9rt \u00e9s hozz\u00e1j\u00e1rul\u00e1suk\u00e9rt, ak\u00e1r p\u00e9nzbeli \u00f6szt\u00f6nz\u0151kkel, el\u0151l\u00e9ptet\u00e9ssel vagy nyilv\u00e1nos elismer\u00e9ssel. <\/p>\n<div class=\"newlinediv\"><\/div>\n<p> A harmadik t\u00e9nyez\u0151, amely hozz\u00e1j\u00e1rulhat a munkav\u00e1llal\u00f3i ap\u00e1ti\u00e1hoz, a n\u00f6veked\u00e9si \u00e9s fejl\u0151d\u00e9si lehet\u0151s\u00e9gek hi\u00e1nya. Azok a munkav\u00e1llal\u00f3k, akik \u00fagy \u00e9rzik, hogy nincs lehet\u0151s\u00e9g\u00fck a fejl\u0151d\u00e9sre vagy az el\u0151rel\u00e9p\u00e9sre, elszakadhatnak a munk\u00e1t\u00f3l, \u00e9s \u00fagy \u00e9rezhetik, hogy a munk\u00e1juk stagn\u00e1l. A munk\u00e1ltat\u00f3knak lehet\u0151s\u00e9get kell biztos\u00edtaniuk a munkav\u00e1llal\u00f3k sz\u00e1m\u00e1ra, hogy fejlessz\u00e9k k\u00e9pess\u00e9geiket, \u00faj kih\u00edv\u00e1sokat v\u00e1llaljanak, \u00e9s el\u0151r\u00e9bb l\u00e9pjenek a szervezeten bel\u00fcli karrierj\u00fckben. <\/p>\n<div class=\"newlinediv\"><\/div>\n<p> \u00d6sszefoglalva, a munkav\u00e1llal\u00f3k elk\u00f6telezetts\u00e9ge alapvet\u0151 fontoss\u00e1g\u00fa minden szervezet siker\u00e9hez. A munk\u00e1ltat\u00f3knak l\u00e9p\u00e9seket kell tenni\u00fck az elk\u00f6telezetts\u00e9g kult\u00far\u00e1j\u00e1nak el\u0151mozd\u00edt\u00e1sa \u00e9rdek\u00e9ben, bele\u00e9rtve a ny\u00edlt kommunik\u00e1ci\u00f3t, az elismer\u00e9st \u00e9s jutalmaz\u00e1st, valamint a n\u00f6veked\u00e9si \u00e9s fejl\u0151d\u00e9si lehet\u0151s\u00e9geket. Ezzel motiv\u00e1lt \u00e9s elk\u00f6telezett munkaer\u0151t hozhatnak l\u00e9tre, amely a szervezetet a siker fel\u00e9 viszi.<\/p><\/div>\n<div class=\"questions\">\n<div class=\"questionstitle\">FAQ<\/div>\n<div class=\"question\">\n<div class=\"qtitle\"> Hogyan kezeli a munkav\u00e1llal\u00f3i ap\u00e1ti\u00e1t?<\/div>\n<p> A dolgoz\u00f3i ap\u00e1tia kih\u00edv\u00e1st jelent\u0151 probl\u00e9ma lehet, mivel negat\u00edv hat\u00e1ssal lehet a termel\u00e9kenys\u00e9gre, a mor\u00e1lra \u00e9s az \u00e1ltal\u00e1nos csapatdinamik\u00e1ra. \u00cdme n\u00e9h\u00e1ny strat\u00e9gia, amely seg\u00edthet a dolgoz\u00f3i ap\u00e1tia kezel\u00e9s\u00e9ben: <\/p>\n<div class=\"newlinediv\"><\/div>\n<p> 1. Hat\u00e1rozza meg a kiv\u00e1lt\u00f3 okot: Miel\u0151tt foglalkozhatna az ap\u00e1tia probl\u00e9m\u00e1j\u00e1val, meg kell \u00e9rtenie, hogy a munkav\u00e1llal\u00f3k mi\u00e9rt \u00e9rzik magukat k\u00f6z\u00f6mb\u00f6snek. A munkaterhel\u00e9s, az elismer\u00e9s hi\u00e1nya, a rossz kommunik\u00e1ci\u00f3 vagy valami eg\u00e9szen m\u00e1s okozza? Besz\u00e9ljen a dolgoz\u00f3ival, \u00e9s gy\u0171jts\u00f6n visszajelz\u00e9seket, hogy seg\u00edtsen azonos\u00edtani a kiv\u00e1lt\u00f3 okokat. <\/p>\n<div class=\"newlinediv\"><\/div>\n<p> 2. Kommunik\u00e1ljon hat\u00e9konyan: A kommunik\u00e1ci\u00f3 kulcsfontoss\u00e1g\u00fa, amikor a dolgoz\u00f3i ap\u00e1tia kezel\u00e9s\u00e9r\u0151l van sz\u00f3. Gy\u0151z\u0151dj\u00f6n meg r\u00f3la, hogy rendszeresen kommunik\u00e1l csapat\u00e1val, \u00e9s t\u00e1j\u00e9koztatja \u0151ket a v\u00e1llalati c\u00e9lokr\u00f3l, friss\u00edt\u00e9sekr\u0151l \u00e9s v\u00e1ltoz\u00e1sokr\u00f3l. \u00d6szt\u00f6n\u00f6zze a k\u00e9tir\u00e1ny\u00fa kommunik\u00e1ci\u00f3t, \u00e9s akt\u00edvan hallgassa meg alkalmazottait. <\/p>\n<div class=\"newlinediv\"><\/div>\n<p> 3. \u00c1ll\u00edtson fel egy\u00e9rtelm\u0171 elv\u00e1r\u00e1sokat: Gy\u0151z\u0151dj\u00f6n meg r\u00f3la, hogy alkalmazottai meg\u00e9rtik, mit v\u00e1rnak el t\u0151l\u00fck, \u00e9s hogyan j\u00e1rul hozz\u00e1 munk\u00e1juk a v\u00e1llalat \u00e1ltal\u00e1nos siker\u00e9hez. T\u0171zz\u00f6n ki vil\u00e1gos c\u00e9lokat, \u00e9s adjon rendszeres visszajelz\u00e9st, hogy seg\u00edtsen nekik a p\u00e1ly\u00e1n maradni. <\/p>\n<div class=\"newlinediv\"><\/div>\n<p> 4. K\u00edn\u00e1ljon k\u00e9pz\u00e9si \u00e9s fejl\u0151d\u00e9si lehet\u0151s\u00e9geket: Az alkalmazottak apatikusnak \u00e9rezhetik magukat, ha \u00fagy \u00e9rzik, hogy nem fejl\u0151dnek vagy nem fejl\u0151dnek a szerep\u00fckben. K\u00edn\u00e1ljon k\u00e9pz\u00e9si \u00e9s fejl\u0151d\u00e9si lehet\u0151s\u00e9geket, hogy seg\u00edtse \u0151ket \u00faj k\u00e9szs\u00e9gek elsaj\u00e1t\u00edt\u00e1s\u00e1ban \u00e9s a karrierj\u00fckben val\u00f3 el\u0151rel\u00e9p\u00e9sben. <\/p>\n<div class=\"newlinediv\"><\/div>\n<p> 5. Ismerje el \u00e9s jutalmazza a j\u00f3 munk\u00e1t: Azok a munkav\u00e1llal\u00f3k, akik \u00fagy \u00e9rzik, hogy \u00e9rt\u00e9kelik \u00e9s megbecs\u00fclik \u0151ket, nagyobb val\u00f3sz\u00edn\u0171s\u00e9ggel lesznek elk\u00f6telezettek \u00e9s motiv\u00e1ltak. Sz\u00e1njon id\u0151t a j\u00f3 munka elismer\u00e9s\u00e9re \u00e9s jutalmaz\u00e1s\u00e1ra, legyen sz\u00f3 ak\u00e1r sz\u00f3beli dics\u00e9retr\u0151l, b\u00f3nuszokr\u00f3l vagy m\u00e1s \u00f6szt\u00f6nz\u0151kr\u0151l. <\/p>\n<div class=\"newlinediv\"><\/div>\n<p> 6. Foglalkozzon a teljes\u00edtm\u00e9nyprobl\u00e9m\u00e1kkal: Ha a munkav\u00e1llal\u00f3 ap\u00e1ti\u00e1ja a gyenge teljes\u00edtm\u00e9nyre vezethet\u0151 vissza, fontos, hogy k\u00f6zvetlen\u00fcl foglalkozzon a probl\u00e9m\u00e1val. Adjon visszajelz\u00e9st \u00e9s coachingot, hogy seg\u00edtsen nekik javulni, \u00e9s hat\u00e1rozzon meg egy\u00e9rtelm\u0171 elv\u00e1r\u00e1sokat a j\u00f6v\u0151beli teljes\u00edtm\u00e9nyre vonatkoz\u00f3an. <\/p>\n<div class=\"newlinediv\"><\/div>\n<p> 7. Legyen p\u00e9ldak\u00e9p: Vezet\u0151k\u00e9nt az \u00d6n hozz\u00e1\u00e1ll\u00e1sa \u00e9s viselked\u00e9se jelent\u0151s hat\u00e1ssal lehet a csapat\u00e1ra. Legyen pozit\u00edv p\u00e9ldak\u00e9p, \u00e9s mutassa meg, hogy milyen viselked\u00e9st \u00e9s munkamor\u00e1lt v\u00e1r el az alkalmazottait\u00f3l. <\/p>\n<\/div>\n<div class=\"question\">\n<div class=\"qtitle\"> Mi az ap\u00e1tia egy szervezetben?<\/div>\n<p> A szervezeten bel\u00fcli ap\u00e1tia az alkalmazottak \u00e9rdekl\u0151d\u00e9s\u00e9nek, aggodalm\u00e1nak vagy lelkesed\u00e9s\u00e9nek hi\u00e1ny\u00e1t jelenti a munk\u00e1juk, a v\u00e1llalat c\u00e9ljai \u00e9s a koll\u00e9g\u00e1k ir\u00e1nt. Ez egy olyan \u00e1llapot, amikor a munkav\u00e1llal\u00f3k elkedvetlenednek \u00e9s \u00e9rdektelenn\u00e9 v\u00e1lnak a munkak\u00f6ri feladataik \u00e9s a szervezet \u00e1ltal\u00e1nos sikere ir\u00e1nt. Az ap\u00e1ti\u00e1t sz\u00e1mos t\u00e9nyez\u0151 okozhatja, p\u00e9ld\u00e1ul a rossz vezet\u00e9s, az elismer\u00e9s vagy jutalmaz\u00e1s hi\u00e1nya, a nem egy\u00e9rtelm\u0171 elv\u00e1r\u00e1sok vagy a negat\u00edv munkahelyi k\u00f6rnyezet. <\/p>\n<div class=\"newlinediv\"><\/div>\n<p> A munkahelyi ap\u00e1tia k\u00f6vetkezm\u00e9nyei k\u00e1rosak lehetnek a szervezetre n\u00e9zve, cs\u00f6kkent termel\u00e9kenys\u00e9ghez, alacsony munkamor\u00e1lhoz \u00e9s cs\u00f6kkent motiv\u00e1ci\u00f3hoz vezethetnek. Megn\u00f6vekedett hi\u00e1nyz\u00e1sokhoz \u00e9s munkav\u00e1llal\u00f3i fluktu\u00e1ci\u00f3hoz, valamint a v\u00e1llalat h\u00edrnev\u00e9nek roml\u00e1s\u00e1hoz is vezethet. <\/p>\n<div class=\"newlinediv\"><\/div>\n<p> A munkahelyi ap\u00e1tia kezel\u00e9s\u00e9hez a vezet\u0151knek proakt\u00edv l\u00e9p\u00e9seket kell tenni\u00fck a probl\u00e9ma kiv\u00e1lt\u00f3 okainak azonos\u00edt\u00e1s\u00e1ra, \u00e9s strat\u00e9gi\u00e1kat kell kidolgozniuk azok kezel\u00e9s\u00e9re. Ez mag\u00e1ban foglalhatja a munkav\u00e1llal\u00f3i elk\u00f6telezetts\u00e9gi programok v\u00e9grehajt\u00e1s\u00e1t, az egy\u00e9rtelm\u0171 kommunik\u00e1ci\u00f3 \u00e9s visszajelz\u00e9s biztos\u00edt\u00e1s\u00e1t, k\u00e9pz\u00e9si \u00e9s fejl\u0151d\u00e9si lehet\u0151s\u00e9gek biztos\u00edt\u00e1s\u00e1t, valamint az egy\u00fcttm\u0171k\u00f6d\u00e9st \u00e9s a csapatmunk\u00e1t el\u0151seg\u00edt\u0151 pozit\u00edv munkak\u00f6rnyezet megteremt\u00e9s\u00e9t. A munkahelyi ap\u00e1tia kezel\u00e9s\u00e9vel a vezet\u0151k hozz\u00e1j\u00e1rulhatnak a dolgoz\u00f3i el\u00e9gedetts\u00e9g jav\u00edt\u00e1s\u00e1hoz, a termel\u00e9kenys\u00e9g n\u00f6vel\u00e9s\u00e9hez, \u00e9s v\u00e9gs\u0151 soron a szervezet siker\u00e9nek el\u0151mozd\u00edt\u00e1s\u00e1hoz.<\/p>\n<\/div>\n<\/div>\n","protected":false},"excerpt":{"rendered":"<p>A munkat\u00e1rsak ap\u00e1ti\u00e1ja manaps\u00e1g sok szervezetben egyre nagyobb aggodalomra ad okot. Jellemz\u0151je az \u00e9rdekl\u0151d\u00e9s, a lelkesed\u00e9s vagy az aggodalom hi\u00e1nya a munkav\u00e1llal\u00f3k k\u00f6r\u00e9ben a munk\u00e1juk, a koll\u00e9g\u00e1k vagy a szervezet eg\u00e9sze ir\u00e1nt. Az ap\u00e1tia a termel\u00e9kenys\u00e9g cs\u00f6kken\u00e9s\u00e9hez, az elk\u00f6telez\u0151d\u00e9s hi\u00e1ny\u00e1hoz \u00e9s alacsony mor\u00e1lhoz vezethet, ami viszont negat\u00edvan befoly\u00e1solhatja a szervezet \u00e1ltal\u00e1nos siker\u00e9t. Ez\u00e9rt fontos, hogy &#8230; <a title=\"A munkat\u00e1rsak elk\u00f6telezetts\u00e9g\u00e9nek fontoss\u00e1ga a munkahelyen\" class=\"read-more\" href=\"https:\/\/megnyitasa.com\/tudas\/a-munkatarsak-elkotelezettsegenek-fontossaga-a-munkahelyen\/\" aria-label=\"Read more about A munkat\u00e1rsak elk\u00f6telezetts\u00e9g\u00e9nek fontoss\u00e1ga a munkahelyen\">Read more<\/a><\/p>\n","protected":false},"author":1499,"featured_media":0,"comment_status":"closed","ping_status":"closed","sticky":false,"template":"","format":"standard","meta":{"footnotes":""},"categories":[62],"tags":[],"class_list":["post-19474","post","type-post","status-publish","format-standard","hentry","category-a-munkatarsak-iranyitasa"],"_links":{"self":[{"href":"https:\/\/megnyitasa.com\/tudas\/wp-json\/wp\/v2\/posts\/19474","targetHints":{"allow":["GET"]}}],"collection":[{"href":"https:\/\/megnyitasa.com\/tudas\/wp-json\/wp\/v2\/posts"}],"about":[{"href":"https:\/\/megnyitasa.com\/tudas\/wp-json\/wp\/v2\/types\/post"}],"author":[{"embeddable":true,"href":"https:\/\/megnyitasa.com\/tudas\/wp-json\/wp\/v2\/users\/1499"}],"replies":[{"embeddable":true,"href":"https:\/\/megnyitasa.com\/tudas\/wp-json\/wp\/v2\/comments?post=19474"}],"version-history":[{"count":1,"href":"https:\/\/megnyitasa.com\/tudas\/wp-json\/wp\/v2\/posts\/19474\/revisions"}],"predecessor-version":[{"id":22418,"href":"https:\/\/megnyitasa.com\/tudas\/wp-json\/wp\/v2\/posts\/19474\/revisions\/22418"}],"wp:attachment":[{"href":"https:\/\/megnyitasa.com\/tudas\/wp-json\/wp\/v2\/media?parent=19474"}],"wp:term":[{"taxonomy":"category","embeddable":true,"href":"https:\/\/megnyitasa.com\/tudas\/wp-json\/wp\/v2\/categories?post=19474"},{"taxonomy":"post_tag","embeddable":true,"href":"https:\/\/megnyitasa.com\/tudas\/wp-json\/wp\/v2\/tags?post=19474"}],"curies":[{"name":"wp","href":"https:\/\/api.w.org\/{rel}","templated":true}]}}