{"id":19516,"date":"2023-04-24T00:00:00","date_gmt":"2023-04-24T00:00:00","guid":{"rendered":"https:\/\/megnyitasa.com\/tudas\/atfogo-interjukerdoiv-keszitese-tippek-es-iranymutatasok\/"},"modified":"2023-04-24T00:00:00","modified_gmt":"2023-04-24T00:00:00","slug":"atfogo-interjukerdoiv-keszitese-tippek-es-iranymutatasok","status":"publish","type":"post","link":"https:\/\/megnyitasa.com\/tudas\/atfogo-interjukerdoiv-keszitese-tippek-es-iranymutatasok\/","title":{"rendered":"\u00c1tfog\u00f3 interj\u00fak\u00e9rd\u0151\u00edv k\u00e9sz\u00edt\u00e9se: Tippek \u00e9s ir\u00e1nymutat\u00e1sok"},"content":{"rendered":"<div class=\"articlecontent\">\n<div class=\"newlinediv\"><\/div>\n<p> Az interj\u00fak\u00e9sz\u00edt\u00e9s a kutat\u00e1s alapvet\u0151 szempontja, legyen sz\u00f3 tudom\u00e1nyos, piaci vagy t\u00e1rsadalmi c\u00e9l\u00fa kutat\u00e1sr\u00f3l. A j\u00f3l megtervezett interj\u00fak\u00e9rd\u0151\u00edv d\u00f6nt\u0151 szerepet j\u00e1tszik az adatgy\u0171jt\u00e9si folyamat siker\u00e9ben. Seg\u00edti a kutat\u00f3t abban, hogy pontos \u00e9s relev\u00e1ns inform\u00e1ci\u00f3kat gy\u0171jts\u00f6n a r\u00e9sztvev\u0151kt\u0151l, \u00e9rt\u00e9kes betekint\u00e9st \u00e9s n\u00e9z\u0151pontokat ny\u00fajtva a vizsg\u00e1lt t\u00e9m\u00e1r\u00f3l. Egy j\u00f3 interj\u00fak\u00e9rd\u0151\u00edv elk\u00e9sz\u00edt\u00e9se azonban nem k\u00f6nny\u0171 feladat. Gondos tervez\u00e9st, a r\u00e9szletekre val\u00f3 odafigyel\u00e9st, valamint a kutat\u00e1si c\u00e9lok \u00e9s a c\u00e9lk\u00f6z\u00f6ns\u00e9g m\u00e9ly meg\u00e9rt\u00e9s\u00e9t ig\u00e9nyli. Ebben a cikkben n\u00e9h\u00e1ny hasznos tippet \u00e9s ir\u00e1nymutat\u00e1st fogunk megvizsg\u00e1lni a j\u00f3 interj\u00fak\u00e9rd\u0151\u00edv meg\u00edr\u00e1s\u00e1ra vonatkoz\u00f3an. <\/p>\n<div class=\"newlinediv\"><\/div>\n<p> Hat\u00e1rozza meg a kutat\u00e1si c\u00e9lokat: A hat\u00e9kony interj\u00fak\u00e9rd\u0151\u00edv elk\u00e9sz\u00edt\u00e9s\u00e9nek els\u0151 l\u00e9p\u00e9se a kutat\u00e1si c\u00e9lok egy\u00e9rtelm\u0171 meghat\u00e1roz\u00e1sa. Mit szeretne el\u00e9rni az interj\u00faval? Melyek azok a legfontosabb kutat\u00e1si k\u00e9rd\u00e9sek, amelyekre v\u00e1laszt szeretne kapni? Ha tiszt\u00e1ban van a kutat\u00e1si c\u00e9ljaival, az seg\u00edt a k\u00e9rd\u00e9sek logikus \u00e9s koherens fel\u00e9p\u00edt\u00e9s\u00e9ben. Seg\u00edt abban is, hogy elker\u00fclje a l\u00e9nyegtelen vagy felesleges k\u00e9rd\u00e9sek feltev\u00e9s\u00e9t, amelyek \u00f6sszezavarhatj\u00e1k vagy untathatj\u00e1k a r\u00e9sztvev\u0151ket. <\/p>\n<div class=\"newlinediv\"><\/div>\n<p> V\u00e1lassza ki a megfelel\u0151 k\u00e9rd\u00e9st\u00edpusokat: A k\u00f6vetkez\u0151 l\u00e9p\u00e9s a megfelel\u0151 k\u00e9rd\u00e9st\u00edpusok kiv\u00e1laszt\u00e1sa a k\u00e9rd\u0151\u00edvhez. T\u00f6bbf\u00e9le k\u00e9rd\u00e9st\u00edpus l\u00e9tezik, k\u00f6zt\u00fck z\u00e1rt v\u00e9g\u0171, nyitott v\u00e9g\u0171, dichot\u00f3mikus \u00e9s feleletv\u00e1laszt\u00f3s k\u00e9rd\u00e9sek. Mindegyik t\u00edpusnak megvannak az el\u0151nyei \u00e9s h\u00e1tr\u00e1nyai, a kutat\u00e1si c\u00e9lokt\u00f3l \u00e9s a c\u00e9lk\u00f6z\u00f6ns\u00e9gt\u0151l f\u00fcgg\u0151en. A z\u00e1rt v\u00e9g\u0171 k\u00e9rd\u00e9sek hasznosak a mennyis\u00e9gi adatok gy\u0171jt\u00e9s\u00e9re, \u00e9s k\u00f6nnyen elemezhet\u0151ek, de korl\u00e1tozhatj\u00e1k a r\u00e9sztvev\u0151k v\u00e1laszait. A ny\u00edlt v\u00e9g\u0171 k\u00e9rd\u00e9sek viszont r\u00e9szletesebb \u00e9s v\u00e1ltozatosabb v\u00e1laszokat tesznek lehet\u0151v\u00e9, de id\u0151ig\u00e9nyesek \u00e9s nehezen elemezhet\u0151ek. A dichot\u00f3m \u00e9s a feleletv\u00e1laszt\u00f3s k\u00e9rd\u00e9sek k\u00f6z\u00e9putat jelentenek a z\u00e1rt \u00e9s a nyitott k\u00e9rd\u00e9sek k\u00f6z\u00f6tt, lehet\u0151v\u00e9 t\u00e9ve a v\u00e1laszok bizonyos fok\u00fa rugalmass\u00e1g\u00e1t \u00e9s egyszer\u0171s\u00e9g\u00e9t. <\/p>\n<div class=\"newlinediv\"><\/div>\n<p> Ker\u00fclje a vezet\u0151 vagy elfogult k\u00e9rd\u00e9seket: Az interj\u00fak\u00e9rd\u0151\u00edvek \u00edr\u00e1sakor az egyik leggyakoribb hiba a vezet\u0151 vagy elfogult k\u00e9rd\u00e9sek feltev\u00e9se. Ezek olyan k\u00e9rd\u00e9sek, amelyek a r\u00e9sztvev\u0151ket egy adott v\u00e1lasz vagy v\u00e9lem\u00e9ny fel\u00e9 terelik, ahelyett, hogy hagyn\u00e1k \u0151ket szabadon kifejezni saj\u00e1t v\u00e9lem\u00e9ny\u00fcket. A vezet\u0151 k\u00e9rd\u00e9sek lehetnek finomak, p\u00e9ld\u00e1ul \u00e9rzelmekkel teli szavakkal vagy bizonyos felt\u00e9telez\u00e9sek felt\u00e9telez\u00e9s\u00e9vel, de lehetnek k\u00f6zvetlenebbek is, p\u00e9ld\u00e1ul ha egy k\u00e9rd\u00e9st \u00fagy tesznek fel, hogy az egy bizonyos v\u00e1laszt sugall. A vezet\u0151 vagy elfogult k\u00e9rd\u00e9sek elker\u00fcl\u00e9se \u00e9rdek\u00e9ben fontos, hogy semleges \u00e9s objekt\u00edv nyelvezetet haszn\u00e1ljunk, ker\u00fclj\u00fck a felt\u00e9telez\u00e9seket, \u00e9s vil\u00e1gos \u00e9s t\u00f6m\u00f6r utas\u00edt\u00e1sokat adjunk. <\/p>\n<div class=\"newlinediv\"><\/div>\n<p> K\u00eds\u00e9rleti tesztelje a k\u00e9rd\u0151\u00edvet: V\u00e9g\u00fcl, miel\u0151tt a k\u00e9rd\u0151\u00edvet beadn\u00e1nk a r\u00e9sztvev\u0151knek, elengedhetetlen a k\u00e9rd\u0151\u00edv k\u00eds\u00e9rleti tesztel\u00e9se a c\u00e9lk\u00f6z\u00f6ns\u00e9g egy kis mint\u00e1j\u00e1n. Ez seg\u00edt azonos\u00edtani a k\u00e9rd\u0151\u00edvvel kapcsolatos esetleges probl\u00e9m\u00e1kat vagy k\u00e9rd\u00e9seket, p\u00e9ld\u00e1ul a zavaros vagy f\u00e9lre\u00e9rthet\u0151 k\u00e9rd\u00e9seket, a nem megfelel\u0151 k\u00e9rd\u00e9st\u00edpusokat vagy a technikai hib\u00e1kat. A k\u00eds\u00e9rleti tesztel\u00e9s azt is lehet\u0151v\u00e9 teszi, hogy a r\u00e9sztvev\u0151k visszajelz\u00e9sei alapj\u00e1n finom\u00edtsa \u00e9s jav\u00edtsa a k\u00e9rd\u0151\u00edvet, biztos\u00edtva, hogy az egy\u00e9rtelm\u0171, relev\u00e1ns \u00e9s hat\u00e9kony legyen. <\/p>\n<div class=\"newlinediv\"><\/div>\n<p> \u00d6sszefoglalva, egy j\u00f3 interj\u00fak\u00e9rd\u0151\u00edv elk\u00e9sz\u00edt\u00e9s\u00e9hez gondos tervez\u00e9sre, a r\u00e9szletekre val\u00f3 odafigyel\u00e9sre, valamint a kutat\u00e1si c\u00e9lok \u00e9s a c\u00e9lk\u00f6z\u00f6ns\u00e9g m\u00e9ly meg\u00e9rt\u00e9s\u00e9re van sz\u00fcks\u00e9g. Ha k\u00f6veti ezeket a tippeket \u00e9s ir\u00e1nymutat\u00e1sokat, olyan k\u00e9rd\u0151\u00edvet tervezhet, amely vil\u00e1gos, relev\u00e1ns \u00e9s hat\u00e9kony, \u00e9s amely \u00e9rt\u00e9kes betekint\u00e9st \u00e9s perspekt\u00edv\u00e1kat ny\u00fajt a vizsg\u00e1lt t\u00e9m\u00e1r\u00f3l.<\/p><\/div>\n<div class=\"questions\">\n<div class=\"questionstitle\">FAQ<\/div>\n<div class=\"question\">\n<div class=\"qtitle\"> Mi a 10 j\u00f3 interj\u00fak\u00e9rd\u00e9s?<\/div>\n<p> \u00cdme 10 j\u00f3 interj\u00fak\u00e9rd\u00e9s, amelyek seg\u00edthetnek egy \u00fczleti poz\u00edci\u00f3ra p\u00e1ly\u00e1z\u00f3 jel\u00f6lt \u00e9rt\u00e9kel\u00e9s\u00e9ben: <\/p>\n<div class=\"newlinediv\"><\/div>\n<p> 1. Mi inspir\u00e1lta \u00d6nt arra, hogy jelentkezzen erre a poz\u00edci\u00f3ra? <\/p>\n<div class=\"newlinediv\"><\/div>\n<p> 2. Milyen tapasztalattal rendelkezik ebben az ipar\u00e1gban? <\/p>\n<div class=\"newlinediv\"><\/div>\n<p> 3. V\u00e9gig tudna vinni egy kor\u00e1bban elv\u00e9gzett projektet \u00e9s az abban bet\u00f6lt\u00f6tt szerep\u00e9t? <\/p>\n<div class=\"newlinediv\"><\/div>\n<p> 4. Hogyan kezeli a munkahelyi konfliktusokat vagy neh\u00e9z helyzeteket? <\/p>\n<div class=\"newlinediv\"><\/div>\n<p> 5. Hogyan tartja mag\u00e1t naprak\u00e9szen az ipar\u00e1gi trendekkel \u00e9s fejleszt\u00e9sekkel kapcsolatban? <\/p>\n<div class=\"newlinediv\"><\/div>\n<p> 6. Le tudna \u00edrni egy olyan esetet, amikor kih\u00edv\u00e1st jelent\u0151 hat\u00e1rid\u0151t vagy v\u00e1ratlan akad\u00e1lyt kellett kezelnie? <\/p>\n<div class=\"newlinediv\"><\/div>\n<p> 7. Hogyan \u00e1ll\u00edt fel fontoss\u00e1gi sorrendet \u00e9s hogyan kezeli a munkaterhel\u00e9s\u00e9t? <\/p>\n<div class=\"newlinediv\"><\/div>\n<p> 8. Tudna p\u00e9ld\u00e1t mondani olyan esetre, amikor kezdem\u00e9nyez\u0151 szerepet kellett v\u00e1llalnia \u00e9s vezetnie egy csapatot vagy projektet? <\/p>\n<div class=\"newlinediv\"><\/div>\n<p> 9. Hogyan kezeli az \u00e9p\u00edt\u0151 jelleg\u0171 kritik\u00e1t \u00e9s visszajelz\u00e9st? <\/p>\n<div class=\"newlinediv\"><\/div>\n<p> 10. Tudna mes\u00e9lni olyan esetr\u0151l, amikor \u00faj vagy ismeretlen helyzethez kellett alkalmazkodnia? <\/p>\n<div class=\"newlinediv\"><\/div>\n<p> Ezek a k\u00e9rd\u00e9sek seg\u00edthetnek felm\u00e9rni a jel\u00f6lt tapasztalat\u00e1t, probl\u00e9mamegold\u00f3 k\u00e9pess\u00e9g\u00e9t, munkamor\u00e1lj\u00e1t, kommunik\u00e1ci\u00f3s k\u00e9szs\u00e9g\u00e9t \u00e9s vezet\u0151i potenci\u00e1lj\u00e1t. Fontos, hogy a k\u00e9rd\u00e9seket a konkr\u00e9t munkak\u00f6ri k\u00f6vetelm\u00e9nyekhez \u00e9s a v\u00e1llalati kult\u00far\u00e1hoz igaz\u00edtsa, hogy a szervezet sz\u00e1m\u00e1ra legmegfelel\u0151bb jel\u00f6ltet tal\u00e1lja meg. <\/p>\n<\/div>\n<div class=\"question\">\n<div class=\"qtitle\"> Mi a 80\/20 szab\u00e1ly az interj\u00fak sor\u00e1n?<\/div>\n<p> A 80\/20 szab\u00e1ly az interj\u00fak\u00e9sz\u00edt\u00e9sben egy ir\u00e1nyelv, amely szerint az interj\u00faztat\u00f3nak az id\u0151 legfeljebb 20%-\u00e1ban, m\u00edg a jel\u00f6ltnek az id\u0151 80%-\u00e1ban kellene besz\u00e9lnie az interj\u00fa sor\u00e1n. Ezt a szab\u00e1lyt &#8222;Pareto-elvk\u00e9nt&#8221; is ismerik, \u00e9s gyakran alkalmazz\u00e1k az \u00fczleti \u00e9letben \u00e9s a menedzsmentben. <\/p>\n<div class=\"newlinediv\"><\/div>\n<p> A 80\/20-as szab\u00e1ly l\u00e9nyege, hogy az interj\u00faztat\u00f3nak hagynia kell, hogy a jel\u00f6lt szabadon besz\u00e9ljen, \u00e9s a lehet\u0151 legt\u00f6bb inform\u00e1ci\u00f3t ny\u00fajtsa mag\u00e1r\u00f3l. Ez lehet\u0151v\u00e9 teszi az interj\u00faztat\u00f3 sz\u00e1m\u00e1ra, hogy a lehet\u0151 legt\u00f6bb inform\u00e1ci\u00f3t gy\u0171jtse \u00f6ssze a jel\u00f6ltr\u0151l, \u00e9s megalapozott d\u00f6nt\u00e9st hozzon arr\u00f3l, hogy alkalmas-e a munk\u00e1ra. <\/p>\n<div class=\"newlinediv\"><\/div>\n<p> A 80\/20-as szab\u00e1ly betart\u00e1s\u00e1val az interj\u00faztat\u00f3 elker\u00fclheti, hogy domin\u00e1ljon a besz\u00e9lget\u00e9sben, \u00e9s kihagyja azokat a fontos inform\u00e1ci\u00f3kat, amelyeket a jel\u00f6lt esetleg elmondott volna, ha lehet\u0151s\u00e9get kap a megsz\u00f3lal\u00e1sra. Ez a megk\u00f6zel\u00edt\u00e9s abban is seg\u00edt, hogy a jel\u00f6lt sz\u00e1m\u00e1ra k\u00e9nyelmesebb \u00e9s nyugodtabb l\u00e9gk\u00f6rt teremtsen, ami nyitottabb \u00e9s \u0151szint\u00e9bb kommunik\u00e1ci\u00f3hoz vezethet. <\/p>\n<div class=\"newlinediv\"><\/div>\n<p> \u00d6sszess\u00e9g\u00e9ben a 80\/20 szab\u00e1ly az interj\u00fak\u00e9sz\u00edt\u00e9sben hasznos ir\u00e1nymutat\u00e1s az interj\u00faztat\u00f3k sz\u00e1m\u00e1ra, mivel seg\u00edt biztos\u00edtani, hogy az interj\u00fa folyamata tisztess\u00e9ges, alapos \u00e9s hat\u00e9kony legyen az \u00e1ll\u00e1s bet\u00f6lt\u00e9s\u00e9re legalkalmasabb jel\u00f6lt kiv\u00e1laszt\u00e1s\u00e1ban.<\/p>\n<\/div>\n<\/div>\n","protected":false},"excerpt":{"rendered":"<p>Az interj\u00fak\u00e9sz\u00edt\u00e9s a kutat\u00e1s alapvet\u0151 szempontja, legyen sz\u00f3 tudom\u00e1nyos, piaci vagy t\u00e1rsadalmi c\u00e9l\u00fa kutat\u00e1sr\u00f3l. A j\u00f3l megtervezett interj\u00fak\u00e9rd\u0151\u00edv d\u00f6nt\u0151 szerepet j\u00e1tszik az adatgy\u0171jt\u00e9si folyamat siker\u00e9ben. Seg\u00edti a kutat\u00f3t abban, hogy pontos \u00e9s relev\u00e1ns inform\u00e1ci\u00f3kat gy\u0171jts\u00f6n a r\u00e9sztvev\u0151kt\u0151l, \u00e9rt\u00e9kes betekint\u00e9st \u00e9s n\u00e9z\u0151pontokat ny\u00fajtva a vizsg\u00e1lt t\u00e9m\u00e1r\u00f3l. Egy j\u00f3 interj\u00fak\u00e9rd\u0151\u00edv elk\u00e9sz\u00edt\u00e9se azonban nem k\u00f6nny\u0171 feladat. Gondos tervez\u00e9st, &#8230; <a title=\"\u00c1tfog\u00f3 interj\u00fak\u00e9rd\u0151\u00edv k\u00e9sz\u00edt\u00e9se: Tippek \u00e9s ir\u00e1nymutat\u00e1sok\" class=\"read-more\" href=\"https:\/\/megnyitasa.com\/tudas\/atfogo-interjukerdoiv-keszitese-tippek-es-iranymutatasok\/\" aria-label=\"Read more about \u00c1tfog\u00f3 interj\u00fak\u00e9rd\u0151\u00edv k\u00e9sz\u00edt\u00e9se: Tippek \u00e9s ir\u00e1nymutat\u00e1sok\">Read more<\/a><\/p>\n","protected":false},"author":548,"featured_media":0,"comment_status":"closed","ping_status":"closed","sticky":false,"template":"","format":"standard","meta":{"footnotes":""},"categories":[10],"tags":[],"class_list":["post-19516","post","type-post","status-publish","format-standard","hentry","category-uzleti-kommunikacio-es-etikett"],"_links":{"self":[{"href":"https:\/\/megnyitasa.com\/tudas\/wp-json\/wp\/v2\/posts\/19516","targetHints":{"allow":["GET"]}}],"collection":[{"href":"https:\/\/megnyitasa.com\/tudas\/wp-json\/wp\/v2\/posts"}],"about":[{"href":"https:\/\/megnyitasa.com\/tudas\/wp-json\/wp\/v2\/types\/post"}],"author":[{"embeddable":true,"href":"https:\/\/megnyitasa.com\/tudas\/wp-json\/wp\/v2\/users\/548"}],"replies":[{"embeddable":true,"href":"https:\/\/megnyitasa.com\/tudas\/wp-json\/wp\/v2\/comments?post=19516"}],"version-history":[{"count":0,"href":"https:\/\/megnyitasa.com\/tudas\/wp-json\/wp\/v2\/posts\/19516\/revisions"}],"wp:attachment":[{"href":"https:\/\/megnyitasa.com\/tudas\/wp-json\/wp\/v2\/media?parent=19516"}],"wp:term":[{"taxonomy":"category","embeddable":true,"href":"https:\/\/megnyitasa.com\/tudas\/wp-json\/wp\/v2\/categories?post=19516"},{"taxonomy":"post_tag","embeddable":true,"href":"https:\/\/megnyitasa.com\/tudas\/wp-json\/wp\/v2\/tags?post=19516"}],"curies":[{"name":"wp","href":"https:\/\/api.w.org\/{rel}","templated":true}]}}