{"id":19738,"date":"2023-04-24T00:00:00","date_gmt":"2023-04-24T00:00:00","guid":{"rendered":"https:\/\/megnyitasa.com\/tudas\/a-hatekony-kommunikacio-ereje-az-uzleti-eletben-7\/"},"modified":"2023-04-24T00:00:00","modified_gmt":"2023-04-24T00:00:00","slug":"a-hatekony-kommunikacio-ereje-az-uzleti-eletben-7","status":"publish","type":"post","link":"https:\/\/megnyitasa.com\/tudas\/a-hatekony-kommunikacio-ereje-az-uzleti-eletben-7\/","title":{"rendered":"A hat\u00e9kony kommunik\u00e1ci\u00f3 ereje az \u00fczleti \u00e9letben"},"content":{"rendered":"<div class=\"articlecontent\">\n<div class=\"newlinediv\"><\/div>\n<p> A hat\u00e9kony kommunik\u00e1ci\u00f3 l\u00e9tfontoss\u00e1g\u00fa szerepet j\u00e1tszik minden \u00fczleti k\u00f6rnyezetben, m\u00e9rett\u0151l \u00e9s ipar\u00e1gt\u00f3l f\u00fcggetlen\u00fcl. Ez egy szervezet \u00e9ltet\u0151 eleme, amely lehet\u0151v\u00e9 teszi, hogy er\u0151s kapcsolatokat \u00e9s kapcsolatokat alak\u00edtson ki az \u00e9rdekelt felekkel, n\u00e9pszer\u0171s\u00edtse a m\u00e1rk\u00e1j\u00e1t \u00e9s el\u00e9rje c\u00e9ljait. Ak\u00e1r \u00fcgyfelekkel, alkalmazottakkal, besz\u00e1ll\u00edt\u00f3kkal vagy befektet\u0151kkel kommunik\u00e1lnak, a v\u00e1llalkoz\u00e1soknak biztos\u00edtaniuk kell, hogy kommunik\u00e1ci\u00f3juk vil\u00e1gos, t\u00f6m\u00f6r \u00e9s hat\u00e1sos legyen. <\/p>\n<div class=\"newlinediv\"><\/div>\n<p> Az egyik legf\u0151bb ok, ami\u00e9rt a kommunik\u00e1ci\u00f3 annyira fontos az \u00fczleti \u00e9letben, az az, hogy seg\u00edt az \u00e9rdekelt felekkel val\u00f3 tartalmas kapcsolatok ki\u00e9p\u00edt\u00e9s\u00e9ben. Az \u00fcgyfelekkel folytatott hat\u00e9kony kommunik\u00e1ci\u00f3 p\u00e9ld\u00e1ul seg\u00edthet a v\u00e1llalkoz\u00e1soknak a bizalom \u00e9s a lojalit\u00e1s kialak\u00edt\u00e1s\u00e1ban, ami ism\u00e9tl\u0151d\u0151 \u00fczleteket \u00e9s aj\u00e1nl\u00e1sokat eredm\u00e9nyez. Hasonl\u00f3k\u00e9ppen, az alkalmazottakkal folytatott vil\u00e1gos kommunik\u00e1ci\u00f3 seg\u00edthet a pozit\u00edv munkahelyi k\u00f6rnyezet kialak\u00edt\u00e1s\u00e1ban, a munkamor\u00e1l fokoz\u00e1s\u00e1ban \u00e9s a termel\u00e9kenys\u00e9g n\u00f6vel\u00e9s\u00e9ben. Ezzel szemben a rossz kommunik\u00e1ci\u00f3 z\u0171rzavarhoz, f\u00e9lre\u00e9rt\u00e9sekhez \u00e9s konfliktusokhoz vezethet, ami rontja a v\u00e1llalkoz\u00e1s h\u00edrnev\u00e9t. <\/p>\n<div class=\"newlinediv\"><\/div>\n<p> A hat\u00e9kony kommunik\u00e1ci\u00f3 seg\u00edt a v\u00e1llalkoz\u00e1soknak abban is, hogy n\u00e9pszer\u0171s\u00edts\u00e9k m\u00e1rk\u00e1jukat \u00e9s megk\u00fcl\u00f6nb\u00f6ztess\u00e9k magukat a versenyt\u00e1rsakt\u00f3l. P\u00e9ld\u00e1ul az\u00e1ltal, hogy a v\u00e1llalkoz\u00e1sok kommunik\u00e1lj\u00e1k egyedi \u00e9rt\u00e9kjavaslatukat, k\u00fcl\u00f6n\u00e1ll\u00f3 identit\u00e1st teremthetnek, \u00e9s az ipar\u00e1gukban vezet\u0151 szerepet t\u00f6lthetnek be. Emellett a k\u00fcl\u00f6nb\u00f6z\u0151 kommunik\u00e1ci\u00f3s csatorn\u00e1k &#8211; p\u00e9ld\u00e1ul a k\u00f6z\u00f6ss\u00e9gi m\u00e9dia, az e-mail \u00e9s a tartalommarketing &#8211; kihaszn\u00e1l\u00e1s\u00e1val a v\u00e1llalkoz\u00e1sok sz\u00e9lesebb k\u00f6z\u00f6ns\u00e9get \u00e9rhetnek el, \u00e9s szem\u00e9lyesebb szinten l\u00e9phetnek kapcsolatba vel\u00fck. <\/p>\n<div class=\"newlinediv\"><\/div>\n<p> Ezenk\u00edv\u00fcl a kommunik\u00e1ci\u00f3 kritikus szerepet j\u00e1tszik az \u00fczleti c\u00e9lok el\u00e9r\u00e9s\u00e9ben. Azzal, hogy a v\u00e1llalkoz\u00e1sok vil\u00e1gos c\u00e9lokat t\u0171znek ki, \u00e9s ezeket hat\u00e9konyan kommunik\u00e1lj\u00e1k az alkalmazottak fel\u00e9, \u00f6sszehangolhatj\u00e1k er\u0151fesz\u00edt\u00e9seiket, \u00e9s a c\u00e9lok el\u00e9r\u00e9se \u00e9rdek\u00e9ben dolgozhatnak. Emellett a befektet\u0151kkel val\u00f3 kommunik\u00e1ci\u00f3 r\u00e9v\u00e9n a v\u00e1llalkoz\u00e1sok finansz\u00edroz\u00e1st biztos\u00edthatnak, b\u0151v\u00edthetik m\u0171k\u00f6d\u00e9s\u00fcket \u00e9s n\u00f6velhetik v\u00e1llalkoz\u00e1sukat. <\/p>\n<div class=\"newlinediv\"><\/div>\n<p> \u00d6sszefoglalva, a hat\u00e9kony kommunik\u00e1ci\u00f3 l\u00e9tfontoss\u00e1g\u00fa minden v\u00e1llalkoz\u00e1s siker\u00e9hez. Seg\u00edt az \u00e9rdekelt felekkel val\u00f3 er\u0151s kapcsolatok ki\u00e9p\u00edt\u00e9s\u00e9ben, a m\u00e1rka n\u00e9pszer\u0171s\u00edt\u00e9s\u00e9ben \u00e9s az \u00fczleti c\u00e9lok el\u00e9r\u00e9s\u00e9ben. Ez\u00e9rt a v\u00e1llalkoz\u00e1soknak be kell fektetni\u00fck kommunik\u00e1ci\u00f3s k\u00e9szs\u00e9geik \u00e9s strat\u00e9gi\u00e1ik fejleszt\u00e9s\u00e9be, hogy hat\u00e9konyan tudjanak kommunik\u00e1lni az \u00e9rdekelt felekkel. Ez\u00e1ltal versenyel\u0151nyt teremthetnek, \u00e9s hossz\u00fa t\u00e1von sikeress\u00e9 tehetik magukat.<\/p><\/div>\n<div class=\"questions\">\n<div class=\"questionstitle\">FAQ<\/div>\n<div class=\"question\">\n<div class=\"qtitle\"> Mi a kommunik\u00e1ci\u00f3 f\u0151 szerepe?<\/div>\n<p> A kommunik\u00e1ci\u00f3 f\u0151 szerepe az emberek \u00e9s szervezetek k\u00f6z\u00f6tti kapcsolatok l\u00e9trehoz\u00e1sa \u00e9s fenntart\u00e1sa. A hat\u00e9kony kommunik\u00e1ci\u00f3 el\u0151seg\u00edti a meg\u00e9rt\u00e9st, az egy\u00fcttm\u0171k\u00f6d\u00e9st \u00e9s az egy\u00fcttm\u0171k\u00f6d\u00e9st az egy\u00e9nek, csapatok \u00e9s r\u00e9szlegek k\u00f6z\u00f6tt egy v\u00e1llalaton bel\u00fcl. A kommunik\u00e1ci\u00f3 d\u00f6nt\u0151 szerepet j\u00e1tszik a vev\u0151kkel, \u00fcgyfelekkel \u00e9s \u00e9rdekelt felekkel val\u00f3 kapcsolatok ki\u00e9p\u00edt\u00e9s\u00e9ben \u00e9s fenntart\u00e1s\u00e1ban is. <\/p>\n<div class=\"newlinediv\"><\/div>\n<p> Az \u00fczleti k\u00f6rnyezetben a kommunik\u00e1ci\u00f3t az inform\u00e1ci\u00f3k, \u00f6tletek \u00e9s visszajelz\u00e9sek bels\u0151 \u00e9s k\u00fcls\u0151 k\u00f6zvet\u00edt\u00e9s\u00e9re haszn\u00e1lj\u00e1k. Seg\u00edt a szervezet c\u00e9ljair\u00f3l, \u00e9rt\u00e9keir\u0151l \u00e9s term\u00e9keir\u0151l\/szolg\u00e1ltat\u00e1sair\u00f3l sz\u00f3l\u00f3 vil\u00e1gos \u00e9s k\u00f6vetkezetes \u00fczenet kialak\u00edt\u00e1s\u00e1ban. A kommunik\u00e1ci\u00f3 arra is haszn\u00e1lhat\u00f3, hogy motiv\u00e1lja \u00e9s \u00f6szt\u00f6n\u00f6zze az alkalmazottakat, \u00e9s sz\u00fcks\u00e9g eset\u00e9n \u00fatmutat\u00e1st \u00e9s ir\u00e1ny\u00edt\u00e1st ny\u00fajtson. <\/p>\n<div class=\"newlinediv\"><\/div>\n<p> A hat\u00e9kony kommunik\u00e1ci\u00f3 elengedhetetlen a sikeres \u00fczleti m\u0171k\u00f6d\u00e9shez. Seg\u00edt minimaliz\u00e1lni a f\u00e9lre\u00e9rt\u00e9seket, konfliktusokat \u00e9s hib\u00e1kat, \u00e9s el\u0151seg\u00edti az \u00e1tl\u00e1that\u00f3s\u00e1g, az elsz\u00e1moltathat\u00f3s\u00e1g \u00e9s a tisztelet kult\u00far\u00e1j\u00e1t. A globaliz\u00e1lt \u00e9s \u00f6sszekapcsolt vil\u00e1gban a kommunik\u00e1ci\u00f3s k\u00e9szs\u00e9gek egyre fontosabb\u00e1 v\u00e1ltak a szakemberek sz\u00e1m\u00e1ra a karrierj\u00fck siker\u00e9hez. <\/p>\n<\/div>\n<div class=\"question\">\n<div class=\"qtitle\"> Mi a kommunik\u00e1ci\u00f3 n\u00e9gy szerepe?<\/div>\n<p> A kommunik\u00e1ci\u00f3 n\u00e9gy szerepe a k\u00f6vetkez\u0151: <\/p>\n<div class=\"newlinediv\"><\/div>\n<p> 1. T\u00e1j\u00e9koztat\u00f3 szerep: A kommunik\u00e1ci\u00f3 arra szolg\u00e1l, hogy inform\u00e1ci\u00f3t \u00e9s t\u00e9nyeket szolg\u00e1ltasson a c\u00edmzettnek. Fontos, hogy a k\u00f6z\u00f6lt inform\u00e1ci\u00f3 pontos, vil\u00e1gos \u00e9s t\u00f6m\u00f6r legyen. <\/p>\n<div class=\"newlinediv\"><\/div>\n<p> 2. Meggy\u0151z\u0151 szerep: A kommunik\u00e1ci\u00f3 arra szolg\u00e1lhat, hogy meggy\u0151zz\u00fck vagy meggy\u0151zz\u00fck a c\u00edmzettet egy bizonyos cselekv\u00e9sr\u0151l. Az \u00fczleti \u00e9letben ez mag\u00e1ban foglalhatja egy potenci\u00e1lis \u00fcgyf\u00e9l meggy\u0151z\u00e9s\u00e9t egy term\u00e9k vagy szolg\u00e1ltat\u00e1s megv\u00e1s\u00e1rl\u00e1s\u00e1ra. <\/p>\n<div class=\"newlinediv\"><\/div>\n<p> 3. Kifejez\u0151 szerep: A kommunik\u00e1ci\u00f3 haszn\u00e1lhat\u00f3 \u00e9rzelmek \u00e9s \u00e9rz\u00e9sek kifejez\u00e9s\u00e9re. Ez k\u00fcl\u00f6n\u00f6sen fontos az \u00fczleti \u00e9letben, amikor koll\u00e9g\u00e1kkal, \u00fcgyfelekkel vagy \u00fcgyfelekkel kommunik\u00e1lunk. <\/p>\n<div class=\"newlinediv\"><\/div>\n<p> 4. Szoci\u00e1lis szerep: A kommunik\u00e1ci\u00f3 d\u00f6nt\u0151 szerepet j\u00e1tszik a kapcsolatok \u00e9p\u00edt\u00e9s\u00e9ben \u00e9s a t\u00e1rsadalmi kapcsolatok fenntart\u00e1s\u00e1ban. Ide tartozik a h\u00e1l\u00f3zat\u00e9p\u00edt\u00e9s, a koll\u00e9g\u00e1kkal \u00e9s \u00fcgyfelekkel val\u00f3 kapcsolat\u00e9p\u00edt\u00e9s, valamint a hat\u00e9kony kommunik\u00e1ci\u00f3t el\u0151seg\u00edt\u0151 v\u00e1llalati kult\u00fara kialak\u00edt\u00e1sa. <\/p>\n<\/div>\n<div class=\"question\">\n<div class=\"qtitle\"> Mi az \u00fczleti kommunik\u00e1ci\u00f3 3 funkci\u00f3ja?<\/div>\n<p> Az \u00fczleti kommunik\u00e1ci\u00f3 az egy\u00e9nek, csoportok vagy szervezetek k\u00f6z\u00f6tti inform\u00e1ci\u00f3-, \u00f6tlet- \u00e9s gondolatcser\u00e9t jelenti egy k\u00f6z\u00f6s c\u00e9l el\u00e9r\u00e9se \u00e9rdek\u00e9ben. Az \u00fczleti kommunik\u00e1ci\u00f3 h\u00e1rom f\u0151 funkci\u00f3ja a k\u00f6vetkez\u0151: <\/p>\n<div class=\"newlinediv\"><\/div>\n<p> 1. T\u00e1j\u00e9koztat\u00e1s: Az \u00fczleti kommunik\u00e1ci\u00f3 els\u0151dleges funkci\u00f3ja az emberek t\u00e1j\u00e9koztat\u00e1sa az \u00fczlet k\u00fcl\u00f6nb\u00f6z\u0151 aspektusair\u00f3l, p\u00e9ld\u00e1ul az \u00faj ir\u00e1nyelvekr\u0151l, term\u00e9kekr\u0151l, szolg\u00e1ltat\u00e1sokr\u00f3l, elj\u00e1r\u00e1sokr\u00f3l \u00e9s ir\u00e1nyelvekr\u0151l. A t\u00e1j\u00e9koztat\u00e1s seg\u00edt az \u00e9rdekelteknek abban, hogy naprak\u00e9szek maradjanak a szervezet leg\u00fajabb fejlem\u00e9nyeivel kapcsolatban, ami seg\u00edtheti \u0151ket abban, hogy megalapozott d\u00f6nt\u00e9seket hozzanak. <\/p>\n<div class=\"newlinediv\"><\/div>\n<p> 2. Meggy\u0151z\u00e9s: Az \u00fczleti kommunik\u00e1ci\u00f3t gyakran haszn\u00e1lj\u00e1k arra, hogy meggy\u0151zz\u00e9k az alkalmazottakat, az \u00fcgyfeleket, a besz\u00e1ll\u00edt\u00f3kat \u00e9s m\u00e1s \u00e9rdekelt feleket bizonyos l\u00e9p\u00e9sek megt\u00e9tel\u00e9re. A meggy\u0151z\u00e9s felhaszn\u00e1lhat\u00f3 az alkalmazottak kem\u00e9nyebb munkav\u00e9gz\u00e9sre val\u00f3 \u00f6szt\u00f6nz\u00e9s\u00e9re vagy az \u00fcgyfelek meggy\u0151z\u00e9s\u00e9re, hogy v\u00e1s\u00e1roljanak term\u00e9keket vagy szolg\u00e1ltat\u00e1sokat. A hat\u00e9kony meggy\u0151z\u00e9s mag\u00e1ban foglalja az adatokkal \u00e9s bizony\u00edt\u00e9kokkal al\u00e1t\u00e1masztott meggy\u0151z\u0151 \u00e9rvek bemutat\u00e1s\u00e1t. <\/p>\n<div class=\"newlinediv\"><\/div>\n<p> 3. Kapcsolatok ki\u00e9p\u00edt\u00e9se: A kapcsolatok ki\u00e9p\u00edt\u00e9se \u00e9s fenntart\u00e1sa az \u00fczleti kommunik\u00e1ci\u00f3 alapvet\u0151 funkci\u00f3ja. Az \u00fcgyfelekkel, besz\u00e1ll\u00edt\u00f3kkal \u00e9s alkalmazottakkal fenntartott er\u0151s kapcsolatok seg\u00edthetnek a szervezeteknek abban, hogy hat\u00e9konyabban \u00e9rj\u00e9k el c\u00e9ljaikat. Az \u00fczleti kommunik\u00e1ci\u00f3 a bizalom megteremt\u00e9s\u00e9vel, az emp\u00e1tia kimutat\u00e1s\u00e1val \u00e9s az \u00e9rdekeltek ir\u00e1nti megbecs\u00fcl\u00e9s kimutat\u00e1s\u00e1val seg\u00edthet a kapcsolatok ki\u00e9p\u00edt\u00e9s\u00e9ben. <\/p>\n<div class=\"newlinediv\"><\/div>\n<p> \u00d6sszefoglalva, az \u00fczleti kommunik\u00e1ci\u00f3 h\u00e1rom f\u0151 funkci\u00f3ja a t\u00e1j\u00e9koztat\u00e1s, a meggy\u0151z\u00e9s \u00e9s a kapcsolat\u00e9p\u00edt\u00e9s. A hat\u00e9kony kommunik\u00e1ci\u00f3 seg\u00edthet a szervezeteknek c\u00e9ljaik hat\u00e9konyabb el\u00e9r\u00e9s\u00e9ben az\u00e1ltal, hogy t\u00e1j\u00e9koztatja az \u00e9rdekelt feleket, meggy\u0151zi \u0151ket bizonyos l\u00e9p\u00e9sek megt\u00e9tel\u00e9r\u0151l, valamint er\u0151s kapcsolatokat \u00e9p\u00edt ki \u00e9s tart fenn.<\/p>\n<\/div>\n<\/div>\n","protected":false},"excerpt":{"rendered":"<p>A hat\u00e9kony kommunik\u00e1ci\u00f3 l\u00e9tfontoss\u00e1g\u00fa szerepet j\u00e1tszik minden \u00fczleti k\u00f6rnyezetben, m\u00e9rett\u0151l \u00e9s ipar\u00e1gt\u00f3l f\u00fcggetlen\u00fcl. Ez egy szervezet \u00e9ltet\u0151 eleme, amely lehet\u0151v\u00e9 teszi, hogy er\u0151s kapcsolatokat \u00e9s kapcsolatokat alak\u00edtson ki az \u00e9rdekelt felekkel, n\u00e9pszer\u0171s\u00edtse a m\u00e1rk\u00e1j\u00e1t \u00e9s el\u00e9rje c\u00e9ljait. Ak\u00e1r \u00fcgyfelekkel, alkalmazottakkal, besz\u00e1ll\u00edt\u00f3kkal vagy befektet\u0151kkel kommunik\u00e1lnak, a v\u00e1llalkoz\u00e1soknak biztos\u00edtaniuk kell, hogy kommunik\u00e1ci\u00f3juk vil\u00e1gos, t\u00f6m\u00f6r \u00e9s hat\u00e1sos legyen. &#8230; <a title=\"A hat\u00e9kony kommunik\u00e1ci\u00f3 ereje az \u00fczleti \u00e9letben\" class=\"read-more\" href=\"https:\/\/megnyitasa.com\/tudas\/a-hatekony-kommunikacio-ereje-az-uzleti-eletben-7\/\" aria-label=\"Read more about A hat\u00e9kony kommunik\u00e1ci\u00f3 ereje az \u00fczleti \u00e9letben\">Read more<\/a><\/p>\n","protected":false},"author":2269,"featured_media":0,"comment_status":"closed","ping_status":"closed","sticky":false,"template":"","format":"standard","meta":{"footnotes":""},"categories":[10],"tags":[],"class_list":["post-19738","post","type-post","status-publish","format-standard","hentry","category-uzleti-kommunikacio-es-etikett"],"_links":{"self":[{"href":"https:\/\/megnyitasa.com\/tudas\/wp-json\/wp\/v2\/posts\/19738","targetHints":{"allow":["GET"]}}],"collection":[{"href":"https:\/\/megnyitasa.com\/tudas\/wp-json\/wp\/v2\/posts"}],"about":[{"href":"https:\/\/megnyitasa.com\/tudas\/wp-json\/wp\/v2\/types\/post"}],"author":[{"embeddable":true,"href":"https:\/\/megnyitasa.com\/tudas\/wp-json\/wp\/v2\/users\/2269"}],"replies":[{"embeddable":true,"href":"https:\/\/megnyitasa.com\/tudas\/wp-json\/wp\/v2\/comments?post=19738"}],"version-history":[{"count":0,"href":"https:\/\/megnyitasa.com\/tudas\/wp-json\/wp\/v2\/posts\/19738\/revisions"}],"wp:attachment":[{"href":"https:\/\/megnyitasa.com\/tudas\/wp-json\/wp\/v2\/media?parent=19738"}],"wp:term":[{"taxonomy":"category","embeddable":true,"href":"https:\/\/megnyitasa.com\/tudas\/wp-json\/wp\/v2\/categories?post=19738"},{"taxonomy":"post_tag","embeddable":true,"href":"https:\/\/megnyitasa.com\/tudas\/wp-json\/wp\/v2\/tags?post=19738"}],"curies":[{"name":"wp","href":"https:\/\/api.w.org\/{rel}","templated":true}]}}