{"id":1977,"date":"2023-04-24T00:00:00","date_gmt":"2023-04-24T00:00:00","guid":{"rendered":"https:\/\/megnyitasa.com\/tudas\/az-instagram-follow-limit-van-egy-magikus-szam\/"},"modified":"2023-04-24T00:00:00","modified_gmt":"2023-04-24T00:00:00","slug":"az-instagram-follow-limit-van-egy-magikus-szam","status":"publish","type":"post","link":"https:\/\/megnyitasa.com\/tudas\/az-instagram-follow-limit-van-egy-magikus-szam\/","title":{"rendered":"Az Instagram Follow Limit: Van egy m\u00e1gikus sz\u00e1m?"},"content":{"rendered":"<div class=\"articlecontent\">\n<div class=\"newlinediv\"><\/div>\n<p> Az Instagram egy n\u00e9pszer\u0171 k\u00f6z\u00f6ss\u00e9gi m\u00e9diaplatform, amely lehet\u0151v\u00e9 teszi a felhaszn\u00e1l\u00f3k sz\u00e1m\u00e1ra, hogy k\u00e9peket \u00e9s vide\u00f3kat osszanak meg k\u00f6vet\u0151ikkel. Emellett remek eszk\u00f6z a k\u00f6z\u00f6ss\u00e9g\u00e9p\u00edt\u00e9sre \u00e9s a hasonl\u00f3 \u00e9rdekl\u0151d\u00e9si k\u00f6rrel rendelkez\u0151 felhaszn\u00e1l\u00f3kkal val\u00f3 kapcsolatteremt\u00e9sre is. Egy gyakran felmer\u00fcl\u0151 k\u00e9rd\u00e9s azonban az, hogy van-e korl\u00e1tja annak, hogy h\u00e1ny embert k\u00f6vethetsz az Instagramon. <\/p>\n<div class=\"newlinediv\"><\/div>\n<p> A v\u00e1lasz erre a k\u00e9rd\u00e9sre az, hogy igen, van korl\u00e1tja annak, hogy h\u00e1ny embert k\u00f6vethetsz az Instagramon. Val\u00f3j\u00e1ban az Instagram korl\u00e1tot szabott arra, hogy h\u00e1ny embert k\u00f6vethetsz naponta. Ez a korl\u00e1toz\u00e1s az\u00e9rt van \u00e9rv\u00e9nyben, hogy megakad\u00e1lyozza a spammel\u00e9st, \u00e9s hogy az Instagram mindenki sz\u00e1m\u00e1ra biztons\u00e1gos \u00e9s \u00e9lvezetes platform maradjon. <\/p>\n<div class=\"newlinediv\"><\/div>\n<p> Az Instagram jelenlegi korl\u00e1tja 7500 fi\u00f3k, amelyet k\u00f6vethetsz. Ez azt jelenti, hogy ha m\u00e1r 7500 fi\u00f3kot k\u00f6vetsz, nem tudsz t\u00f6bbet k\u00f6vetni, am\u00edg nem t\u00f6rl\u00f6d n\u00e9h\u00e1ny megl\u00e9v\u0151 fi\u00f3kod k\u00f6vet\u00e9s\u00e9t. \u00c9rdemes azonban megjegyezni, hogy ez a limit nincs k\u0151be v\u00e9sve, \u00e9s id\u0151vel v\u00e1ltozhat. <\/p>\n<div class=\"newlinediv\"><\/div>\n<p> B\u00e1r a 7500-as limit soknak t\u0171nhet, fontos megjegyezni, hogy a t\u00fal sok fi\u00f3k k\u00f6vet\u00e9se val\u00f3j\u00e1ban kontraprodukt\u00edv lehet. Ha t\u00fal sok fi\u00f3kot k\u00f6vetsz, a h\u00edrfolyamod zs\u00fafoltt\u00e1 v\u00e1lhat, \u00e9s neh\u00e9z lehet k\u00f6vetni azokat a tartalmakat, amelyek a legink\u00e1bb \u00e9rdekelnek. Emellett a t\u00fal sok fi\u00f3k k\u00f6vet\u00e9se megnehez\u00edtheti a k\u00f6vet\u0151kkel val\u00f3 kapcsolattart\u00e1st \u00e9s egy er\u0151s k\u00f6z\u00f6ss\u00e9g kialak\u00edt\u00e1s\u00e1t. <\/p>\n<div class=\"newlinediv\"><\/div>\n<p> Sz\u00f3val, mi a m\u00e1gikus sz\u00e1m, hogy h\u00e1ny embert \u00e9rdemes k\u00f6vetni az Instagramon? Az igazs\u00e1g az, hogy nincs egy sem. A k\u00f6vetend\u0151 fi\u00f3kok sz\u00e1ma a szem\u00e9lyes preferenci\u00e1idt\u00f3l \u00e9s att\u00f3l f\u00fcgg, hogyan haszn\u00e1lod a platformot. Vannak, akik ink\u00e1bb n\u00e9h\u00e1ny k\u00f6zeli bar\u00e1tot \u00e9s csal\u00e1dtagot k\u00f6vetnek, m\u00edg m\u00e1sok az \u00e9rdekl\u0151d\u00e9si k\u00f6r\u00fckh\u00f6z vagy szakm\u00e1jukhoz kapcsol\u00f3d\u00f3an nagysz\u00e1m\u00fa fi\u00f3kot szeretn\u00e9nek k\u00f6vetni. <\/p>\n<div class=\"newlinediv\"><\/div>\n<p> \u00d6sszefoglalva, b\u00e1r van egy korl\u00e1t, hogy h\u00e1ny embert k\u00f6vethetsz az Instagramon, fontos megjegyezni, hogy a t\u00fal sok fi\u00f3k k\u00f6vet\u00e9se kontraprodukt\u00edv lehet. Ehelyett \u00f6sszpontos\u00edtson arra, hogy olyan k\u00f6vet\u0151k er\u0151s k\u00f6z\u00f6ss\u00e9g\u00e9t \u00e9p\u00edtse ki, akik osztoznak az \u00e9rdekl\u0151d\u00e9si k\u00f6r\u00e9ben, \u00e9s rendszeresen l\u00e9pjen kapcsolatba vel\u00fck. Ak\u00e1r 10 fi\u00f3kot k\u00f6vetsz, ak\u00e1r 7500-at, a l\u00e9nyeg az, hogy \u00fagy haszn\u00e1ld az Instagramot, ahogy neked a legjobban megfelel.<\/p><\/div>\n<div class=\"questions\">\n<div class=\"questionstitle\">FAQ<\/div>\n<div class=\"question\">\n<div class=\"qtitle\"> H\u00e1ny embert k\u00f6vethetek az Instagramon \u00f3r\u00e1nk\u00e9nt?<\/div>\n<p> A k\u00f6nyvel\u00e9s \u00e9s k\u00f6nyvel\u00e9s kateg\u00f3ri\u00e1ban a &#8222;H\u00e1ny embert k\u00f6vethetek az Instagramon \u00f3r\u00e1nk\u00e9nt?&#8221; k\u00e9rd\u00e9s nem relev\u00e1ns. Ez a k\u00e9rd\u00e9s a k\u00f6z\u00f6ss\u00e9gi m\u00e9dia haszn\u00e1lat\u00e1ra vonatkozik, \u00e9s a digit\u00e1lis marketing vagy a k\u00f6z\u00f6ss\u00e9gi m\u00e9dia menedzsment kateg\u00f3ri\u00e1j\u00e1ba tartozik. <\/p>\n<div class=\"newlinediv\"><\/div>\n<p> A k\u00e9rd\u00e9sre v\u00e1laszolva azonban az Instagramnak nincs konkr\u00e9t korl\u00e1tja az \u00f3r\u00e1nk\u00e9nt k\u00f6vethet\u0151 emberek sz\u00e1m\u00e1nak. Az Instagram algoritmusa azonban gyan\u00fas tev\u00e9kenys\u00e9g miatt megjel\u00f6lheti a fi\u00f3kj\u00e1t, ha r\u00f6vid id\u0151n bel\u00fcl nagysz\u00e1m\u00fa fi\u00f3kot k\u00f6vet vagy nem k\u00f6vet. A legjobb, ha \u00f3r\u00e1nk\u00e9nt \u00e9sszer\u0171 sz\u00e1m\u00fa fi\u00f3kot k\u00f6vetsz, hogy elker\u00fcld a fi\u00f3koddal kapcsolatos esetleges probl\u00e9m\u00e1kat. A biztons\u00e1gos \u00e9s eg\u00e9szs\u00e9ges Instagram-aktivit\u00e1s fenntart\u00e1sa \u00e9rdek\u00e9ben aj\u00e1nlott \u00f3r\u00e1nk\u00e9nt legfeljebb 20-30 fi\u00f3kot k\u00f6vetni. <\/p>\n<\/div>\n<div class=\"question\">\n<div class=\"qtitle\"> Hogyan szabadulhatok meg a k\u00f6vet\u00e9si korl\u00e1toz\u00e1st\u00f3l az Instagramon?<\/div>\n<p> A k\u00f6vet\u00e9si limit az Instagramon egy olyan korl\u00e1toz\u00e1s, amely megakad\u00e1lyozza, hogy a felhaszn\u00e1l\u00f3k t\u00fal sok fi\u00f3kot k\u00f6vessenek egy adott id\u0151szakban. Ez a korl\u00e1t az\u00e9rt van bevezetve, hogy megakad\u00e1lyozza, hogy a spam fi\u00f3kok \u00e9s botok nemk\u00edv\u00e1natos tartalommal terhelj\u00e9k t\u00fal a platformot. Ha el\u00e9rte a k\u00f6vet\u00e9si korl\u00e1tot az Instagramon, n\u00e9h\u00e1ny dolgot megtehet, hogy megszabaduljon t\u0151le: <\/p>\n<div class=\"newlinediv\"><\/div>\n<p> 1. V\u00e1rd ki a v\u00e9g\u00e9t: Az Instagram k\u00f6vet\u00e9si limitje id\u0151alap\u00fa, \u00edgy a legegyszer\u0171bb m\u00f3dja annak, hogy megszabadulj t\u0151le, ha egyszer\u0171en megv\u00e1rod, am\u00edg a limitet feloldj\u00e1k. A limit pontos id\u0151tartama a fi\u00f3k el\u0151zm\u00e9nyeit\u0151l \u00e9s aktivit\u00e1s\u00e1t\u00f3l f\u00fcgg\u0151en v\u00e1ltozhat. <\/p>\n<div class=\"newlinediv\"><\/div>\n<p> 2. Cs\u00f6kkentse a k\u00f6vet\u0151k sz\u00e1m\u00e1t: Ha m\u00e1r el\u00e9rte a k\u00f6vet\u00e9si korl\u00e1tot, az az\u00e9rt lehet, mert t\u00fal sok fi\u00f3kot k\u00f6vet. Fontolja meg n\u00e9h\u00e1ny fi\u00f3k k\u00f6vet\u00e9s\u00e9nek megsz\u00fcntet\u00e9s\u00e9t, hogy cs\u00f6kkentse a k\u00f6vet\u0151k sz\u00e1m\u00e1t, \u00e9s elker\u00fclje, hogy a j\u00f6v\u0151ben ism\u00e9t el\u00e9rje a korl\u00e1tot. <\/p>\n<div class=\"newlinediv\"><\/div>\n<p> 3. Ellen\u0151rizze a fi\u00f3kj\u00e1t: Az Instagram feloldhatja a k\u00f6vet\u00e9si korl\u00e1tot az ellen\u0151rz\u00f6tt fi\u00f3kok eset\u00e9ben, \u00edgy ha nagysz\u00e1m\u00fa k\u00f6vet\u0151vel \u00e9s jelent\u0151s jelenl\u00e9ttel rendelkezik a platformon, \u00e9rdemes lehet megpr\u00f3b\u00e1lkozni a fi\u00f3kja ellen\u0151rz\u00e9s\u00e9vel. <\/p>\n<div class=\"newlinediv\"><\/div>\n<p> 4. L\u00e9pjen kapcsolatba az Instagram \u00fcgyf\u00e9lszolg\u00e1lat\u00e1val: Ha \u00fagy gondolja, hogy a k\u00f6vet\u00e9si korl\u00e1t hib\u00e1s, vagy ha egy\u00e9b probl\u00e9m\u00e1k mer\u00fclnek fel a fi\u00f3kj\u00e1val kapcsolatban, forduljon az Instagram t\u00e1mogat\u00e1s\u00e1hoz seg\u00edts\u00e9g\u00e9rt. \u0150k tal\u00e1n tudnak seg\u00edteni abban, hogy megszabadulj a korl\u00e1toz\u00e1st\u00f3l, vagy megoldj\u00e1k az egy\u00e9b probl\u00e9m\u00e1kat, amelyeket tapasztalsz. <\/p>\n<\/div>\n<div class=\"question\">\n<div class=\"qtitle\"> H\u00e1ny k\u00f6vet\u00e9st k\u00e9sz\u00edthetek naponta?<\/div>\n<p> Sajn\u00e1lom, de a &#8222;H\u00e1ny k\u00f6vet\u00e9st k\u00e9sz\u00edthetek naponta?&#8221; k\u00e9rd\u00e9s nem egy\u00e9rtelm\u0171, \u00e9s nem kapcsol\u00f3dik a Sz\u00e1mvitel \u00e9s k\u00f6nyvel\u00e9s kateg\u00f3ri\u00e1hoz. A k\u00f6nyvel\u00e9s \u00e9s k\u00f6nyvel\u00e9s jellemz\u0151en a p\u00e9nz\u00fcgyi tranzakci\u00f3k r\u00f6gz\u00edt\u00e9s\u00e9t, nyomon k\u00f6vet\u00e9s\u00e9t \u00e9s elemz\u00e9s\u00e9t jelenti mag\u00e1nszem\u00e9lyek vagy szervezetek sz\u00e1m\u00e1ra. Ha a k\u00f6nyvel\u00e9ssel vagy k\u00f6nyvel\u00e9ssel kapcsolatos konkr\u00e9tabb k\u00e9rd\u00e9se van, k\u00e9rdezzen b\u00e1tran, \u00e9s igyekszem r\u00e9szletes v\u00e1laszt adni. <\/p>\n<\/div>\n<div class=\"question\">\n<div class=\"qtitle\"> Mennyi ideig korl\u00e1tozza az Instagram a k\u00f6vet\u00e9st?<\/div>\n<p> Az Instagram korl\u00e1tozhatja m\u00e1s felhaszn\u00e1l\u00f3k k\u00f6vet\u00e9s\u00e9t, ha azt gyan\u00edtja, hogy spammel\u0151 vagy vissza\u00e9l\u0151 magatart\u00e1st tan\u00fas\u00edtasz a platformon. A korl\u00e1toz\u00e1s hossza a jogs\u00e9rt\u00e9s s\u00falyoss\u00e1g\u00e1t\u00f3l vagy a viselked\u00e9s gyakoris\u00e1g\u00e1t\u00f3l f\u00fcgg\u0151en v\u00e1ltozhat. <\/p>\n<div class=\"newlinediv\"><\/div>\n<p> \u00c1ltal\u00e1ban az Instagram 24-48 \u00f3r\u00e1ra korl\u00e1tozhatja m\u00e1s felhaszn\u00e1l\u00f3k k\u00f6vet\u00e9s\u00e9t. Ha azonban a jogs\u00e9rt\u00e9s s\u00falyosabb vagy ism\u00e9tl\u0151d\u0151, a korl\u00e1toz\u00e1s ak\u00e1r egy h\u00e9tig vagy tov\u00e1bb is tarthat. <\/p>\n<div class=\"newlinediv\"><\/div>\n<p> Fontos megjegyezni, hogy a korl\u00e1toz\u00e1s pontos id\u0151tartam\u00e1t az Instagram nem hozza nyilv\u00e1noss\u00e1gra, \u00e9s az egy\u00e9ni k\u00f6r\u00fclm\u00e9nyek f\u00fcggv\u00e9ny\u00e9ben v\u00e1ltozhat. \u00c1ltal\u00e1noss\u00e1gban elmondhat\u00f3, hogy a korl\u00e1toz\u00e1sok \u00e9s b\u00fcntet\u00e9sek elker\u00fcl\u00e9se \u00e9rdek\u00e9ben aj\u00e1nlott elker\u00fclni a spammel\u0151 vagy vissza\u00e9l\u0151 viselked\u00e9st a platformon.<\/p>\n<\/div>\n<\/div>\n","protected":false},"excerpt":{"rendered":"<p>Az Instagram egy n\u00e9pszer\u0171 k\u00f6z\u00f6ss\u00e9gi m\u00e9diaplatform, amely lehet\u0151v\u00e9 teszi a felhaszn\u00e1l\u00f3k sz\u00e1m\u00e1ra, hogy k\u00e9peket \u00e9s vide\u00f3kat osszanak meg k\u00f6vet\u0151ikkel. Emellett remek eszk\u00f6z a k\u00f6z\u00f6ss\u00e9g\u00e9p\u00edt\u00e9sre \u00e9s a hasonl\u00f3 \u00e9rdekl\u0151d\u00e9si k\u00f6rrel rendelkez\u0151 felhaszn\u00e1l\u00f3kkal val\u00f3 kapcsolatteremt\u00e9sre is. Egy gyakran felmer\u00fcl\u0151 k\u00e9rd\u00e9s azonban az, hogy van-e korl\u00e1tja annak, hogy h\u00e1ny embert k\u00f6vethetsz az Instagramon. A v\u00e1lasz erre a k\u00e9rd\u00e9sre &#8230; <a title=\"Az Instagram Follow Limit: Van egy m\u00e1gikus sz\u00e1m?\" class=\"read-more\" href=\"https:\/\/megnyitasa.com\/tudas\/az-instagram-follow-limit-van-egy-magikus-szam\/\" aria-label=\"Read more about Az Instagram Follow Limit: Van egy m\u00e1gikus sz\u00e1m?\">Read more<\/a><\/p>\n","protected":false},"author":456,"featured_media":0,"comment_status":"closed","ping_status":"closed","sticky":false,"template":"","format":"standard","meta":{"footnotes":""},"categories":[8],"tags":[],"class_list":["post-1977","post","type-post","status-publish","format-standard","hentry","category-szamvitel-es-konyveles"],"_links":{"self":[{"href":"https:\/\/megnyitasa.com\/tudas\/wp-json\/wp\/v2\/posts\/1977","targetHints":{"allow":["GET"]}}],"collection":[{"href":"https:\/\/megnyitasa.com\/tudas\/wp-json\/wp\/v2\/posts"}],"about":[{"href":"https:\/\/megnyitasa.com\/tudas\/wp-json\/wp\/v2\/types\/post"}],"author":[{"embeddable":true,"href":"https:\/\/megnyitasa.com\/tudas\/wp-json\/wp\/v2\/users\/456"}],"replies":[{"embeddable":true,"href":"https:\/\/megnyitasa.com\/tudas\/wp-json\/wp\/v2\/comments?post=1977"}],"version-history":[{"count":0,"href":"https:\/\/megnyitasa.com\/tudas\/wp-json\/wp\/v2\/posts\/1977\/revisions"}],"wp:attachment":[{"href":"https:\/\/megnyitasa.com\/tudas\/wp-json\/wp\/v2\/media?parent=1977"}],"wp:term":[{"taxonomy":"category","embeddable":true,"href":"https:\/\/megnyitasa.com\/tudas\/wp-json\/wp\/v2\/categories?post=1977"},{"taxonomy":"post_tag","embeddable":true,"href":"https:\/\/megnyitasa.com\/tudas\/wp-json\/wp\/v2\/tags?post=1977"}],"curies":[{"name":"wp","href":"https:\/\/api.w.org\/{rel}","templated":true}]}}