{"id":2001,"date":"2023-04-24T00:00:00","date_gmt":"2023-04-24T00:00:00","guid":{"rendered":"https:\/\/megnyitasa.com\/tudas\/a-cpu-ventilator-tesztelesenek-fontossaga\/"},"modified":"2023-04-24T00:00:00","modified_gmt":"2023-04-24T00:00:00","slug":"a-cpu-ventilator-tesztelesenek-fontossaga","status":"publish","type":"post","link":"https:\/\/megnyitasa.com\/tudas\/a-cpu-ventilator-tesztelesenek-fontossaga\/","title":{"rendered":"A CPU ventil\u00e1tor tesztel\u00e9s\u00e9nek fontoss\u00e1ga"},"content":{"rendered":"<div class=\"articlecontent\">\n<div class=\"newlinediv\"><\/div>\n<p> A CPU ventil\u00e1torok minden sz\u00e1m\u00edt\u00f3g\u00e9pes rendszer alapvet\u0151 elemei. Kulcsfontoss\u00e1g\u00fa szerepet j\u00e1tszanak a sz\u00e1m\u00edt\u00f3g\u00e9p h\u0171t\u00e9s\u00e9ben \u00e9s a t\u00falmeleged\u00e9s megel\u0151z\u00e9s\u00e9ben, amely a hardver k\u00e1rosod\u00e1s\u00e1t okozhatja. A sz\u00e1m\u00edt\u00f3g\u00e9p b\u00e1rmely m\u00e1s alkatr\u00e9sz\u00e9hez hasonl\u00f3an azonban a CPU-ventil\u00e1tor is meghib\u00e1sodhat vagy teljesen meghib\u00e1sodhat. Ez komoly probl\u00e9m\u00e1khoz vezethet, bele\u00e9rtve a rendszer \u00f6sszeoml\u00e1s\u00e1t \u00e9s a hardver k\u00e1rosod\u00e1s\u00e1t. Ez\u00e9rt fontos, hogy rendszeresen tesztelje a CPU-ventil\u00e1tort, hogy megbizonyosodjon a megfelel\u0151 m\u0171k\u00f6d\u00e9s\u00e9r\u0151l. <\/p>\n<div class=\"title\"> \u00cdme, hogyan tesztelheti a CPU ventil\u00e1tor\u00e1t: <\/div>\n<p> 1. Ellen\u0151rizze a ventil\u00e1tor sebess\u00e9g\u00e9t <\/p>\n<div class=\"newlinediv\"><\/div>\n<p> A CPUventil\u00e1tor tesztel\u00e9s\u00e9nek els\u0151 l\u00e9p\u00e9se a ventil\u00e1tor sebess\u00e9g\u00e9nek ellen\u0151rz\u00e9se. Egy olyan seg\u00e9dprogrammal, mint a SpeedFan, ellen\u0151rizheti a ventil\u00e1tor fordulatsz\u00e1m\u00e1t (percenk\u00e9nti fordulatsz\u00e1m). Ha a ventil\u00e1tora t\u00fal lassan vagy egy\u00e1ltal\u00e1n nem forog, lehet, hogy itt az ideje kicser\u00e9lni. Ne feledje, hogy a ventil\u00e1tor fordulatsz\u00e1ma a CPU h\u0151m\u00e9rs\u00e9klet\u00e9t\u0151l f\u00fcgg. A ventil\u00e1tornak fel kell gyorsulnia, ahogy a CPU felforr\u00f3sodik, hogy h\u0171v\u00f6sen tartsa azt. <\/p>\n<div class=\"title\"> 2. Figyeljen szokatlan zajokra <\/div>\n<p> Egy m\u00e1sik m\u00f3dja a processzorventil\u00e1tor tesztel\u00e9s\u00e9nek, ha szokatlan zajokra figyel. Egy j\u00f3l m\u0171k\u00f6d\u0151 ventil\u00e1tornak gyakorlatilag hangtalannak kell lennie. Ha csikorg\u00e1st, z\u00f6rg\u00e9st vagy m\u00e1s furcsa zajokat hall, akkor a ventil\u00e1tor meghib\u00e1sodhat. Ennek oka lehet egy meglazult vagy s\u00e9r\u00fclt csap\u00e1gy, vagy jelezheti, hogy a ventil\u00e1tor egyszer\u0171en elhaszn\u00e1l\u00f3dott. Mindk\u00e9t esetben a legjobb, ha min\u00e9l hamarabb kicser\u00e9li a ventil\u00e1tort, hogy megel\u0151zze a tov\u00e1bbi k\u00e1rokat. <\/p>\n<div class=\"title\"> 3. Ellen\u0151rizze a port \u00e9s a t\u00f6rmel\u00e9ket <\/div>\n<p> Id\u0151vel a por \u00e9s m\u00e1s t\u00f6rmel\u00e9k felhalmoz\u00f3dhat a processzorventil\u00e1toron, \u00e9s akad\u00e1lyozhatja annak teljes\u00edtm\u00e9ny\u00e9t. Ez a ventil\u00e1tor lassul\u00e1s\u00e1t vagy teljes le\u00e1ll\u00e1s\u00e1t okozhatja. Ennek ellen\u0151rz\u00e9s\u00e9hez egyszer\u0171en nyissa ki a sz\u00e1m\u00edt\u00f3g\u00e9pet, \u00e9s vizsg\u00e1lja meg a ventil\u00e1tort a felhalmoz\u00f3d\u00e1s jelei miatt. Ha port vagy t\u00f6rmel\u00e9ket l\u00e1t, \u00f3vatosan tiszt\u00edtsa meg a ventil\u00e1tort egy doboz s\u0171r\u00edtett leveg\u0151vel vagy egy puha kef\u00e9vel. <\/p>\n<div class=\"title\"> 4. Figyelje a CPU h\u0151m\u00e9rs\u00e9klet\u00e9t <\/div>\n<p> V\u00e9g\u00fcl pedig figyelje a CPU h\u0151m\u00e9rs\u00e9klet\u00e9t, hogy megbizonyosodjon arr\u00f3l, hogy a ventil\u00e1tor v\u00e9gzi a munk\u00e1j\u00e1t. Egy olyan seg\u00e9dprogrammal, mint a Core Temp, val\u00f3s id\u0151ben nyomon k\u00f6vetheti a CPU h\u0151m\u00e9rs\u00e9klet\u00e9t. Ha a h\u0151m\u00e9rs\u00e9klet tart\u00f3san magas, a ventil\u00e1tor meghib\u00e1sodhat. Ha azonban a h\u0151m\u00e9rs\u00e9klet norm\u00e1lis, a ventil\u00e1tor val\u00f3sz\u00edn\u0171leg megfelel\u0151en m\u0171k\u00f6dik. <\/p>\n<div class=\"newlinediv\"><\/div>\n<p> \u00d6sszefoglalva, a CPU-ventil\u00e1tor tesztel\u00e9se a sz\u00e1m\u00edt\u00f3g\u00e9pes rendszer karbantart\u00e1s\u00e1nak fontos r\u00e9sze. Ezen egyszer\u0171 l\u00e9p\u00e9sek betart\u00e1s\u00e1val biztos\u00edthatja, hogy ventil\u00e1tora megfelel\u0151en m\u0171k\u00f6dik, \u00e9s megel\u0151zheti a k\u00e9s\u0151bbi komolyabb probl\u00e9m\u00e1kat. Ne feledje, hogy rendszeresen ellen\u0151rizze a ventil\u00e1tor sebess\u00e9g\u00e9t, figyeljen a szokatlan zajokra, tiszt\u00edtsa meg a port \u00e9s a t\u00f6rmel\u00e9ket, \u00e9s figyelje a CPU h\u0151m\u00e9rs\u00e9klet\u00e9t. Ezekkel az \u00f3vint\u00e9zked\u00e9sekkel biztos lehet benne, hogy sz\u00e1m\u00edt\u00f3g\u00e9pe h\u0171v\u00f6s marad \u00e9s a legjobb teljes\u00edtm\u00e9nyt ny\u00fajtja.<\/p><\/div>\n<div class=\"questions\">\n<div class=\"questionstitle\">FAQ<\/div>\n<div class=\"question\">\n<div class=\"qtitle\"> Hogyan tesztelhetem a processzorventil\u00e1toromat multim\u00e9terrel?<\/div>\n<p> A CPU-ventil\u00e1tor multim\u00e9terrel t\u00f6rt\u00e9n\u0151 tesztel\u00e9se egyszer\u0171 folyamat, amely n\u00e9h\u00e1ny egyszer\u0171 l\u00e9p\u00e9s k\u00f6vet\u00e9s\u00e9vel t\u00f6rt\u00e9nik. A processzorventil\u00e1tor multim\u00e9terrel t\u00f6rt\u00e9n\u0151 tesztel\u00e9s\u00e9hez sz\u00fcks\u00e9ged lesz n\u00e9h\u00e1ny eszk\u00f6zre, p\u00e9ld\u00e1ul egy multim\u00e9terre, egy \u00e1ramforr\u00e1sra \u00e9s egy processzorventil\u00e1torra. <\/p>\n<div class=\"newlinediv\"><\/div>\n<p> Az al\u00e1bbi l\u00e9p\u00e9seket kell k\u00f6vetnie: <\/p>\n<div class=\"newlinediv\"><\/div>\n<p> 1. Kapcsolja ki a sz\u00e1m\u00edt\u00f3g\u00e9pet, \u00e9s v\u00e1lassza le az \u00e1ramforr\u00e1sr\u00f3l. <\/p>\n<div class=\"newlinediv\"><\/div>\n<p> 2. T\u00e1vol\u00edtsa el a CPU ventil\u00e1tort az alaplapr\u00f3l, \u00e9s v\u00e1lassza le a t\u00e1pegys\u00e9gr\u0151l. <\/p>\n<div class=\"newlinediv\"><\/div>\n<p> 3. \u00c1ll\u00edtsa be a multim\u00e9tert az egyenfesz\u00fclts\u00e9g leolvas\u00e1s\u00e1ra. <\/p>\n<div class=\"newlinediv\"><\/div>\n<p> 4. Csatlakoztassa a piros multim\u00e9ter szond\u00e1t a CPU ventil\u00e1tor csatlakoz\u00f3j\u00e1nak pozit\u00edv t\u0171j\u00e9hez, a fekete multim\u00e9ter szond\u00e1t pedig a negat\u00edv t\u0171h\u00f6z. <\/p>\n<div class=\"newlinediv\"><\/div>\n<p> 5. Kapcsolja be a t\u00e1pegys\u00e9get, \u00e9s a multim\u00e9teren 5 \u00e9s 12 volt k\u00f6z\u00f6tti fesz\u00fclts\u00e9get kell leolvasni. <\/p>\n<div class=\"newlinediv\"><\/div>\n<p> 6. Ha a multim\u00e9ter ezen a tartom\u00e1nyon k\u00edv\u00fcli fesz\u00fclts\u00e9get mutat, az azt jelenti, hogy a CPU ventil\u00e1tor nem kap el\u00e9g \u00e1ramot, vagy t\u00fal sok \u00e1ramot kap, ami a t\u00e1pegys\u00e9ggel vagy az alaplappal kapcsolatos probl\u00e9m\u00e1ra utal. <\/p>\n<div class=\"newlinediv\"><\/div>\n<p> 7. Ha a multim\u00e9ter a megfelel\u0151 fesz\u00fclts\u00e9get mutatja, pr\u00f3b\u00e1lja meg p\u00f6rgetni a ventil\u00e1tor lap\u00e1tjait, hogy megn\u00e9zze, szabadon forognak-e. <\/p>\n<div class=\"newlinediv\"><\/div>\n<p> 8. Ha a ventil\u00e1torlap\u00e1tok nem forognak szabadon, vagy zajt csapnak, akkor a ventil\u00e1tor s\u00e9r\u00fclt lehet, \u00e9s ki kell cser\u00e9lni. <\/p>\n<div class=\"newlinediv\"><\/div>\n<p> \u00d6sszefoglalva, a CPU-ventil\u00e1tor multim\u00e9terrel t\u00f6rt\u00e9n\u0151 tesztel\u00e9se egy egyszer\u0171 folyamat, amely seg\u00edthet diagnosztiz\u00e1lni a sz\u00e1m\u00edt\u00f3g\u00e9p h\u0171t\u0151rendszer\u00e9vel kapcsolatos probl\u00e9m\u00e1kat. A fenti l\u00e9p\u00e9sek k\u00f6vet\u00e9s\u00e9vel biztos\u00edthatja, hogy a CPU ventil\u00e1tor megfelel\u0151en m\u0171k\u00f6dik, \u00e9s megel\u0151zheti a sz\u00e1m\u00edt\u00f3g\u00e9p teljes\u00edtm\u00e9ny\u00e9vel kapcsolatos j\u00f6v\u0151beli probl\u00e9m\u00e1kat. <\/p>\n<\/div>\n<div class=\"question\">\n<div class=\"qtitle\"> Honnan tudom, hogy a ventil\u00e1tor megfelel\u0151en m\u0171k\u00f6dik-e?<\/div>\n<p> Ahhoz, hogy megtudja, hogy a ventil\u00e1tora megfelel\u0151en m\u0171k\u00f6dik-e, n\u00e9h\u00e1ny dolgot ellen\u0151rizhet: <\/p>\n<div class=\"newlinediv\"><\/div>\n<p> 1. Ellen\u0151rizze, hogy a ventil\u00e1tor forog-e: Ez a legnyilv\u00e1nval\u00f3bb m\u00f3dja annak, hogy ellen\u0151rizze, m\u0171k\u00f6dik-e a ventil\u00e1tor. Ha nem forog, akkor nem m\u0171k\u00f6dik megfelel\u0151en. <\/p>\n<div class=\"newlinediv\"><\/div>\n<p> 2. Ellen\u0151rizze, hogy a ventil\u00e1tor zajt csap-e: Ha a ventil\u00e1tor nagy zajt csap, az annak a jele lehet, hogy nem m\u0171k\u00f6dik megfelel\u0151en. Egy eg\u00e9szs\u00e9ges ventil\u00e1tornak viszonylag halknak kell lennie. <\/p>\n<div class=\"newlinediv\"><\/div>\n<p> 3. Ellen\u0151rizze, hogy a ventil\u00e1tor f\u00fajja-e a leveg\u0151t: A kez\u00e9t a ventil\u00e1torhoz tartva ellen\u0151rizheti, hogy f\u00faj-e leveg\u0151t. Ha nem, az annak a jele lehet, hogy nem m\u0171k\u00f6dik megfelel\u0151en. <\/p>\n<div class=\"newlinediv\"><\/div>\n<p> 4. Ellen\u0151rizze a h\u0151m\u00e9rs\u00e9kletet: Ha a sz\u00e1m\u00edt\u00f3g\u00e9p vagy az eszk\u00f6z forr\u00f3, az annak a jele lehet, hogy a ventil\u00e1tor nem m\u0171k\u00f6dik megfelel\u0151en. Egy eg\u00e9szs\u00e9ges ventil\u00e1tornak seg\u00edtenie kell a h\u0151m\u00e9rs\u00e9klet alacsonyan tart\u00e1s\u00e1ban. <\/p>\n<div class=\"newlinediv\"><\/div>\n<p> 5. Haszn\u00e1ljon szoftvert a ventil\u00e1tor teljes\u00edtm\u00e9ny\u00e9nek ellen\u0151rz\u00e9s\u00e9re: Sok sz\u00e1m\u00edt\u00f3g\u00e9p \u00e9s eszk\u00f6z rendelkezik olyan szoftverrel, amely figyelemmel tudja k\u00eds\u00e9rni a ventil\u00e1tor teljes\u00edtm\u00e9ny\u00e9t. Ennek seg\u00edts\u00e9g\u00e9vel ellen\u0151rizheti, hogy megfelel\u0151en m\u0171k\u00f6dik-e, \u00e9s hogy a megfelel\u0151 sebess\u00e9ggel fut-e. <\/p>\n<div class=\"newlinediv\"><\/div>\n<p> Ha azt gyan\u00edtja, hogy a ventil\u00e1tor nem m\u0171k\u00f6dik megfelel\u0151en, a legjobb, ha szakemberrel ellen\u0151rizteti. A rosszul m\u0171k\u00f6d\u0151 ventil\u00e1tor t\u00falmeleged\u00e9shez \u00e9s a k\u00e9sz\u00fcl\u00e9k k\u00e1rosod\u00e1s\u00e1hoz vezethet. <\/p>\n<\/div>\n<div class=\"question\">\n<div class=\"qtitle\"> Honnan tudom, hogy a CPU ventil\u00e1torom nyom vagy h\u00faz?<\/div>\n<p> Annak meg\u00e1llap\u00edt\u00e1s\u00e1hoz, hogy a CPU ventil\u00e1tora nyomja vagy h\u00fazza a leveg\u0151t, megn\u00e9zheti a ventil\u00e1tor lap\u00e1tjainak ir\u00e1ny\u00e1t. Ha a ventil\u00e1tor lap\u00e1tjai \u00fagy \u00e1llnak, hogy a h\u0171t\u0151borda fel\u00e9 vagy a CPU-t\u00f3l t\u00e1volabb f\u00fajj\u00e1k a leveg\u0151t, akkor a ventil\u00e1tor nyomja a leveg\u0151t. Ha a ventil\u00e1tor lap\u00e1tjai \u00fagy \u00e1llnak, hogy a h\u0171t\u0151borda vagy a CPU fel\u00e9 h\u00fazz\u00e1k a leveg\u0151t, akkor a ventil\u00e1tor sz\u00edvja a leveg\u0151t. <\/p>\n<div class=\"newlinediv\"><\/div>\n<p> A l\u00e9g\u00e1raml\u00e1s ir\u00e1ny\u00e1nak meghat\u00e1roz\u00e1s\u00e1nak egy m\u00e1sik m\u00f3dja, ha a ventil\u00e1toron tal\u00e1lhat\u00f3 nyilakat vagy jel\u00f6l\u00e9seket keresi. Sok CPU-ventil\u00e1toron ny\u00edl vagy felirat jelzi a l\u00e9g\u00e1raml\u00e1s ir\u00e1ny\u00e1t. <\/p>\n<div class=\"newlinediv\"><\/div>\n<p> Az optim\u00e1lis h\u0171t\u00e9si teljes\u00edtm\u00e9ny \u00e9rdek\u00e9ben fontos, hogy a CPU-ventil\u00e1tor megfelel\u0151en legyen felszerelve \u00e9s t\u00e1jolva. Ha a ventil\u00e1tor rossz ir\u00e1nyban van beszerelve, el\u0151fordulhat, hogy nem h\u0171ti hat\u00e9konyan a CPU-t, ami t\u00falmeleged\u00e9st \u00e9s a hardver esetleges k\u00e1rosod\u00e1s\u00e1t eredm\u00e9nyezheti. Ha bizonytalan a CPU-ventil\u00e1tor t\u00e1jol\u00e1s\u00e1val kapcsolatban, aj\u00e1nlott a gy\u00e1rt\u00f3 utas\u00edt\u00e1sait megn\u00e9zni, vagy szakember seg\u00edts\u00e9g\u00e9t k\u00e9rni.<\/p>\n<\/div>\n<\/div>\n","protected":false},"excerpt":{"rendered":"<p>A CPU ventil\u00e1torok minden sz\u00e1m\u00edt\u00f3g\u00e9pes rendszer alapvet\u0151 elemei. Kulcsfontoss\u00e1g\u00fa szerepet j\u00e1tszanak a sz\u00e1m\u00edt\u00f3g\u00e9p h\u0171t\u00e9s\u00e9ben \u00e9s a t\u00falmeleged\u00e9s megel\u0151z\u00e9s\u00e9ben, amely a hardver k\u00e1rosod\u00e1s\u00e1t okozhatja. A sz\u00e1m\u00edt\u00f3g\u00e9p b\u00e1rmely m\u00e1s alkatr\u00e9sz\u00e9hez hasonl\u00f3an azonban a CPU-ventil\u00e1tor is meghib\u00e1sodhat vagy teljesen meghib\u00e1sodhat. Ez komoly probl\u00e9m\u00e1khoz vezethet, bele\u00e9rtve a rendszer \u00f6sszeoml\u00e1s\u00e1t \u00e9s a hardver k\u00e1rosod\u00e1s\u00e1t. Ez\u00e9rt fontos, hogy rendszeresen tesztelje a &#8230; <a title=\"A CPU ventil\u00e1tor tesztel\u00e9s\u00e9nek fontoss\u00e1ga\" class=\"read-more\" href=\"https:\/\/megnyitasa.com\/tudas\/a-cpu-ventilator-tesztelesenek-fontossaga\/\" aria-label=\"Read more about A CPU ventil\u00e1tor tesztel\u00e9s\u00e9nek fontoss\u00e1ga\">Read more<\/a><\/p>\n","protected":false},"author":714,"featured_media":0,"comment_status":"closed","ping_status":"closed","sticky":false,"template":"","format":"standard","meta":{"footnotes":""},"categories":[7],"tags":[],"class_list":["post-2001","post","type-post","status-publish","format-standard","hentry","category-uzleti-technologia-es-ugyfelszolgalat"],"_links":{"self":[{"href":"https:\/\/megnyitasa.com\/tudas\/wp-json\/wp\/v2\/posts\/2001","targetHints":{"allow":["GET"]}}],"collection":[{"href":"https:\/\/megnyitasa.com\/tudas\/wp-json\/wp\/v2\/posts"}],"about":[{"href":"https:\/\/megnyitasa.com\/tudas\/wp-json\/wp\/v2\/types\/post"}],"author":[{"embeddable":true,"href":"https:\/\/megnyitasa.com\/tudas\/wp-json\/wp\/v2\/users\/714"}],"replies":[{"embeddable":true,"href":"https:\/\/megnyitasa.com\/tudas\/wp-json\/wp\/v2\/comments?post=2001"}],"version-history":[{"count":0,"href":"https:\/\/megnyitasa.com\/tudas\/wp-json\/wp\/v2\/posts\/2001\/revisions"}],"wp:attachment":[{"href":"https:\/\/megnyitasa.com\/tudas\/wp-json\/wp\/v2\/media?parent=2001"}],"wp:term":[{"taxonomy":"category","embeddable":true,"href":"https:\/\/megnyitasa.com\/tudas\/wp-json\/wp\/v2\/categories?post=2001"},{"taxonomy":"post_tag","embeddable":true,"href":"https:\/\/megnyitasa.com\/tudas\/wp-json\/wp\/v2\/tags?post=2001"}],"curies":[{"name":"wp","href":"https:\/\/api.w.org\/{rel}","templated":true}]}}