{"id":20010,"date":"2023-04-24T00:00:00","date_gmt":"2023-04-24T00:00:00","guid":{"rendered":"https:\/\/megnyitasa.com\/tudas\/az-erzekeny-informaciok-munkahelyi-vedelmenek-fontossaga\/"},"modified":"2023-04-24T00:00:00","modified_gmt":"2023-04-24T00:00:00","slug":"az-erzekeny-informaciok-munkahelyi-vedelmenek-fontossaga","status":"publish","type":"post","link":"https:\/\/megnyitasa.com\/tudas\/az-erzekeny-informaciok-munkahelyi-vedelmenek-fontossaga\/","title":{"rendered":"Az \u00e9rz\u00e9keny inform\u00e1ci\u00f3k munkahelyi v\u00e9delm\u00e9nek fontoss\u00e1ga"},"content":{"rendered":"<div class=\"articlecontent\">\n<div class=\"newlinediv\"><\/div>\n<p> A modern \u00fczleti vil\u00e1gban az \u00e9rz\u00e9keny inform\u00e1ci\u00f3k v\u00e9delme kulcsfontoss\u00e1g\u00fa minden szervezet siker\u00e9hez. Ez k\u00fcl\u00f6n\u00f6sen igaz a hum\u00e1ner\u0151forr\u00e1s (HR) inform\u00e1ci\u00f3kra, amelyek rendk\u00edv\u00fcl \u00e9rz\u00e9kenyek \u00e9s bizalmasak lehetnek. Ezen inform\u00e1ci\u00f3k v\u00e9delm\u00e9nek biztos\u00edt\u00e1sa \u00e9rdek\u00e9ben sok v\u00e1llalat alkalmazza a hum\u00e1ner\u0151forr\u00e1ssal kapcsolatos titoktart\u00e1si meg\u00e1llapod\u00e1st. <\/p>\n<div class=\"newlinediv\"><\/div>\n<p> A hum\u00e1ner\u0151forr\u00e1s titoktart\u00e1si meg\u00e1llapod\u00e1s egy jogilag k\u00f6telez\u0151 erej\u0171 dokumentum, amely meghat\u00e1rozza az \u00e9rz\u00e9keny HR-inform\u00e1ci\u00f3k v\u00e9delm\u00e9nek felt\u00e9teleit. A meg\u00e1llapod\u00e1s jellemz\u0151en olyan rendelkez\u00e9seket tartalmaz, amelyek megtiltj\u00e1k a munkav\u00e1llal\u00f3knak, hogy a szervezeten k\u00edv\u00fcl b\u00e1rki m\u00e1ssal k\u00f6z\u00f6ljenek bizalmas inform\u00e1ci\u00f3kat, p\u00e9ld\u00e1ul b\u00e9rinform\u00e1ci\u00f3kat, munkav\u00e1llal\u00f3i nyilv\u00e1ntart\u00e1sokat \u00e9s teljes\u00edtm\u00e9ny\u00e9rt\u00e9kel\u00e9seket. <\/p>\n<div class=\"newlinediv\"><\/div>\n<p> Nem lehet el\u00e9gg\u00e9 hangs\u00falyozni a hum\u00e1npolitikai titoktart\u00e1si meg\u00e1llapod\u00e1s fontoss\u00e1g\u00e1t. En\u00e9lk\u00fcl a munkav\u00e1llal\u00f3k v\u00e9letlen\u00fcl vagy sz\u00e1nd\u00e9kosan nyilv\u00e1noss\u00e1gra hozhatnak bizalmas HR-inform\u00e1ci\u00f3kat, ami s\u00falyos k\u00f6vetkezm\u00e9nyekkel j\u00e1rhat mind a munkav\u00e1llal\u00f3ra, mind a szervezet eg\u00e9sz\u00e9re n\u00e9zve. Ha p\u00e9ld\u00e1ul a fizet\u00e9ssel kapcsolatos inform\u00e1ci\u00f3k nyilv\u00e1noss\u00e1gra ker\u00fclnek, az a munkav\u00e1llal\u00f3k k\u00f6r\u00e9ben neheztel\u00e9shez \u00e9s konfliktushoz vezethet, ami v\u00e9gs\u0151 soron a termel\u00e9kenys\u00e9g \u00e9s a fluktu\u00e1ci\u00f3 cs\u00f6kken\u00e9s\u00e9hez vezethet. <\/p>\n<div class=\"newlinediv\"><\/div>\n<p> Tov\u00e1bb\u00e1, ha a bizalmas inform\u00e1ci\u00f3k kisziv\u00e1rognak a versenyt\u00e1rsakhoz vagy a m\u00e9di\u00e1hoz, az k\u00e1ros\u00edthatja a szervezet h\u00edrnev\u00e9t, \u00e9s jogi l\u00e9p\u00e9sekhez vezethet. Ez k\u00fcl\u00f6n\u00f6sen igaz az olyan ipar\u00e1gakban, mint az eg\u00e9szs\u00e9g\u00fcgy, ahol a betegadatok bizalmas kezel\u00e9se kritikus fontoss\u00e1g\u00fa a sz\u00f6vets\u00e9gi \u00e9s \u00e1llami szab\u00e1lyoz\u00e1soknak val\u00f3 megfelel\u00e9s szempontj\u00e1b\u00f3l. <\/p>\n<div class=\"newlinediv\"><\/div>\n<p> A hum\u00e1npolitikai titoktart\u00e1si meg\u00e1llapod\u00e1s egyik legjelent\u0151sebb el\u0151nye, hogy seg\u00edt a szervezet \u00e9s az alkalmazottak k\u00f6z\u00f6tti bizalom kialak\u00edt\u00e1s\u00e1ban. Ha a munkav\u00e1llal\u00f3k tudj\u00e1k, hogy bizalmas adataik v\u00e9delmet \u00e9lveznek, nagyobb val\u00f3sz\u00edn\u0171s\u00e9ggel b\u00edznak meg a munk\u00e1ltat\u00f3jukban, \u00e9s nagyobb biztons\u00e1gban \u00e9rzik magukat a munkaviszonyukban. Ez a munkahelyi el\u00e9gedetts\u00e9g n\u00f6veked\u00e9s\u00e9hez \u00e9s a fluktu\u00e1ci\u00f3 cs\u00f6kken\u00e9s\u00e9hez vezethet, ami v\u00e9gs\u0151 soron a szervezet eredm\u00e9ny\u00e9nek jav\u00e1ra v\u00e1lhat. <\/p>\n<div class=\"newlinediv\"><\/div>\n<p> \u00d6sszefoglalva, a hum\u00e1ner\u0151forr\u00e1s titoktart\u00e1si meg\u00e1llapod\u00e1s minden szervezet HR-strat\u00e9gi\u00e1j\u00e1nak kritikus eleme. Seg\u00edt megv\u00e9deni az \u00e9rz\u00e9keny inform\u00e1ci\u00f3kat, bizalmat teremteni a szervezet \u00e9s az alkalmazottak k\u00f6z\u00f6tt, valamint megel\u0151zni a jogi \u00e9s h\u00edrnevet \u00e9rint\u0151 kock\u00e1zatokat. A HR-inform\u00e1ci\u00f3k v\u00e9delm\u00e9hez sz\u00fcks\u00e9ges l\u00e9p\u00e9sek megt\u00e9tel\u00e9vel a szervezetek biztos\u00edthatj\u00e1k siker\u00fcket a modern \u00fczleti vil\u00e1gban.<\/p><\/div>\n<div class=\"questions\">\n<div class=\"questionstitle\">FAQ<\/div>\n<div class=\"question\">\n<div class=\"qtitle\"> Megoszthatja-e a HR a bizalmas inform\u00e1ci\u00f3kat?<\/div>\n<p> \u00c1ltal\u00e1nos szab\u00e1lyk\u00e9nt a HR nem oszthat meg bizalmas inform\u00e1ci\u00f3kat a munkav\u00e1llal\u00f3kr\u00f3l vagy a jelentkez\u0151kr\u0151l. A HR-szakemberekre gyakran b\u00edznak olyan \u00e9rz\u00e9keny inform\u00e1ci\u00f3kat, mint az eg\u00e9szs\u00e9g\u00fcgyi adatok, a foglalkoztat\u00e1si el\u0151zm\u00e9nyek \u00e9s m\u00e1s szem\u00e9lyes adatok. Az \u0151 felel\u0151ss\u00e9g\u00fck, hogy megv\u00e9dj\u00e9k ezeket az inform\u00e1ci\u00f3kat \u00e9s meg\u0151rizz\u00e9k a munkav\u00e1llal\u00f3 mag\u00e1n\u00e9let\u00e9t. <\/p>\n<div class=\"newlinediv\"><\/div>\n<p> Vannak azonban bizonyos k\u00f6r\u00fclm\u00e9nyek, amikor a HR-szakembereknek meg kell osztaniuk bizalmas inform\u00e1ci\u00f3kat. P\u00e9ld\u00e1ul, ha az inform\u00e1ci\u00f3 k\u00f6zl\u00e9s\u00e9re t\u00f6rv\u00e9nyi el\u0151\u00edr\u00e1s van, vagy ha a munkav\u00e1llal\u00f3 vagy m\u00e1sok biztons\u00e1g\u00e1nak v\u00e9delme \u00e9rdek\u00e9ben sz\u00fcks\u00e9ges. A HR-nek a szervezeten bel\u00fcl m\u00e1s r\u00e9szlegekkel is meg kell osztania bizalmas inform\u00e1ci\u00f3kat, ha ez a feladataik \u00e9s felel\u0151ss\u00e9gi k\u00f6reik ell\u00e1t\u00e1s\u00e1hoz sz\u00fcks\u00e9ges. <\/p>\n<div class=\"newlinediv\"><\/div>\n<p> A bizalmas inform\u00e1ci\u00f3k megoszt\u00e1sa el\u0151tt a HR-nek minden esetben m\u00e9rlegelnie kell, hogy a k\u00f6zz\u00e9t\u00e9tel sz\u00fcks\u00e9ges \u00e9s jogszer\u0171-e. K\u00f6vetni\u00fck kell tov\u00e1bb\u00e1 a v\u00e1llalat bizalmas inform\u00e1ci\u00f3k kezel\u00e9s\u00e9re vonatkoz\u00f3 ir\u00e1nyelveit \u00e9s elj\u00e1r\u00e1sait, \u00e9s biztos\u00edtaniuk kell, hogy a munkav\u00e1llal\u00f3 mag\u00e1n\u00e9let\u00e9t a lehet\u0151 legnagyobb m\u00e9rt\u00e9kben v\u00e9dj\u00e9k. <\/p>\n<\/div>\n<div class=\"question\">\n<div class=\"qtitle\"> A HR-nek bizalmasan kell kezelnie a dolgokat?<\/div>\n<p> Igen, a HR-nek bizalmasan kell kezelnie a dolgokat. Egy szervezeten bel\u00fcli megb\u00edzhat\u00f3 r\u00e9szlegk\u00e9nt a hum\u00e1ner\u0151forr\u00e1s gyakran beavatott az olyan bizalmas munkav\u00e1llal\u00f3i inform\u00e1ci\u00f3kba, mint a szem\u00e9lyes adatok, a teljes\u00edtm\u00e9ny\u00e9rt\u00e9kel\u00e9sek, a fegyelmi elj\u00e1r\u00e1sok \u00e9s a b\u00e9rinform\u00e1ci\u00f3k. A HR felel\u0151ss\u00e9ge, hogy meg\u0151rizze ezeknek az inform\u00e1ci\u00f3knak a bizalmas jelleg\u00e9t, \u00e9s csak olyan felhatalmazott szem\u00e9lyekkel ossza meg azokat, akiknek jogos sz\u00fcks\u00e9g\u00fck van r\u00e1. <\/p>\n<div class=\"newlinediv\"><\/div>\n<p> A titoktart\u00e1s t\u00f6bb okb\u00f3l is fontos. El\u0151sz\u00f6r is, seg\u00edt a bizalom ki\u00e9p\u00edt\u00e9s\u00e9ben a munkav\u00e1llal\u00f3k \u00e9s a HR oszt\u00e1ly k\u00f6z\u00f6tt. A munkav\u00e1llal\u00f3k nagyobb val\u00f3sz\u00edn\u0171s\u00e9ggel \u00e1llnak el\u0151 aggodalmaikkal vagy probl\u00e9m\u00e1ikkal, ha tudj\u00e1k, hogy az inform\u00e1ci\u00f3ikat bizalmasan kezelik. M\u00e1sodszor, a titoktart\u00e1st sok esetben t\u00f6rv\u00e9ny \u00edrja el\u0151, k\u00fcl\u00f6n\u00f6sen, ha olyan \u00e9rz\u00e9keny inform\u00e1ci\u00f3kr\u00f3l van sz\u00f3, mint az orvosi feljegyz\u00e9sek vagy a szem\u00e9lyazonos\u00edt\u00f3 adatok. <\/p>\n<div class=\"newlinediv\"><\/div>\n<p> A HR-szakemberek \u00e1ltal\u00e1ban k\u00e9pz\u00e9st kapnak a titoktart\u00e1sr\u00f3l, \u00e9s etikai \u00e9s jogi k\u00f6telezetts\u00e9gek k\u00f6tik \u0151ket a munkav\u00e1llal\u00f3i inform\u00e1ci\u00f3k v\u00e9delm\u00e9re. Mag\u00e1ra a v\u00e1llalatra vonatkoz\u00f3 bizalmas inform\u00e1ci\u00f3khoz is hozz\u00e1f\u00e9rhetnek, p\u00e9ld\u00e1ul p\u00e9nz\u00fcgyi inform\u00e1ci\u00f3khoz vagy \u00fczleti titkokhoz. Ezekben az esetekben a HR-szakembereknek fokozottan \u00fcgyelni\u00fck kell arra, hogy ezek az inform\u00e1ci\u00f3k ne ker\u00fcljenek illet\u00e9ktelen szem\u00e9lyek tudom\u00e1s\u00e1ra. <\/p>\n<div class=\"newlinediv\"><\/div>\n<p> \u00d6sszess\u00e9g\u00e9ben a titoktart\u00e1s meg\u0151rz\u00e9se a HR-funkci\u00f3 fontos r\u00e9sze. Seg\u00edt megv\u00e9deni mind a munkav\u00e1llal\u00f3kat, mind mag\u00e1t a szervezetet, \u00e9s kulcsfontoss\u00e1g\u00fa t\u00e9nyez\u0151 a bizalom\u00e9p\u00edt\u00e9sben \u00e9s a pozit\u00edv munkak\u00f6rnyezet kialak\u00edt\u00e1s\u00e1ban. <\/p>\n<\/div>\n<div class=\"question\">\n<div class=\"qtitle\"> Hogyan tudja a HR fenntartani a titoktart\u00e1st?<\/div>\n<p> A titoktart\u00e1s fenntart\u00e1sa a hum\u00e1ner\u0151forr\u00e1s (HR) egyik legfontosabb szempontja, mivel v\u00e9di az \u00e9rz\u00e9keny munkav\u00e1llal\u00f3i adatokat, \u00e9s megakad\u00e1lyozza a munkav\u00e1llal\u00f3k esetleges diszkrimin\u00e1ci\u00f3j\u00e1t vagy megk\u00e1ros\u00edt\u00e1s\u00e1t. \u00cdme n\u00e9h\u00e1ny m\u00f3dszer, amellyel a HR meg\u0151rizheti a titoktart\u00e1st: <\/p>\n<div class=\"newlinediv\"><\/div>\n<p> 1. Egy\u00e9rtelm\u0171 ir\u00e1nyelvek kidolgoz\u00e1sa \u00e9s v\u00e9grehajt\u00e1sa: A HR-nek egy\u00e9rtelm\u0171 ir\u00e1nyelveket \u00e9s elj\u00e1r\u00e1sokat kell kidolgoznia, amelyek meghat\u00e1rozz\u00e1k, hogy mely inform\u00e1ci\u00f3k min\u0151s\u00fclnek bizalmasnak, \u00e9s hogyan kell azokat kezelni. Ezeket az ir\u00e1nyelveket minden alkalmazottal k\u00f6z\u00f6lni kell, \u00e9s szigor\u00faan be kell tartatni. <\/p>\n<div class=\"newlinediv\"><\/div>\n<p> 2. A bizalmas inform\u00e1ci\u00f3khoz val\u00f3 hozz\u00e1f\u00e9r\u00e9s korl\u00e1toz\u00e1sa: A HR-nek a bizalmas inform\u00e1ci\u00f3khoz val\u00f3 hozz\u00e1f\u00e9r\u00e9st csak azokra az alkalmazottakra kell korl\u00e1toznia, akiknek sz\u00fcks\u00e9g\u00fck van r\u00e1 a munkak\u00f6ri feladataik ell\u00e1t\u00e1s\u00e1hoz. A bizalmas inform\u00e1ci\u00f3khoz val\u00f3 hozz\u00e1f\u00e9r\u00e9st jelsz\u00f3val kell v\u00e9deni, \u00e9s az arra jogosultakra kell korl\u00e1tozni. <\/p>\n<div class=\"newlinediv\"><\/div>\n<p> 3. Haszn\u00e1ljon biztons\u00e1gos t\u00e1rol\u00e1st: A HR-nek a bizalmas inform\u00e1ci\u00f3kat biztons\u00e1gos helyen, p\u00e9ld\u00e1ul z\u00e1rt szekr\u00e9nyben vagy jelsz\u00f3val v\u00e9dett adatb\u00e1zisban kell t\u00e1rolnia. Az elektronikus f\u00e1jlokat titkos\u00edtani kell, \u00e9s rendszeresen biztons\u00e1gi m\u00e1solatot kell k\u00e9sz\u00edteni r\u00f3luk. <\/p>\n<div class=\"newlinediv\"><\/div>\n<p> 4. Haszn\u00e1ljon titoktart\u00e1si meg\u00e1llapod\u00e1sokat: A HR haszn\u00e1lhat titoktart\u00e1si meg\u00e1llapod\u00e1sokat (NDA) az alkalmazottakkal, v\u00e1llalkoz\u00f3kkal \u00e9s harmadik f\u00e9l szolg\u00e1ltat\u00f3kkal annak biztos\u00edt\u00e1s\u00e1ra, hogy azok meg\u00e9rts\u00e9k a titoktart\u00e1s fontoss\u00e1g\u00e1t, \u00e9s v\u00e1llalj\u00e1k, hogy nem hozz\u00e1k nyilv\u00e1noss\u00e1gra a bizalmas inform\u00e1ci\u00f3kat. <\/p>\n<div class=\"newlinediv\"><\/div>\n<p> 5. K\u00e9pezze a munkav\u00e1llal\u00f3kat: A HR-nek rendszeresen k\u00e9pz\u00e9st kell tartania az alkalmazottaknak a titoktart\u00e1s fontoss\u00e1g\u00e1r\u00f3l \u00e9s a bizalmas inform\u00e1ci\u00f3k kezel\u00e9s\u00e9r\u0151l. Ennek a k\u00e9pz\u00e9snek ki kell terjednie arra is, hogyan ismerj\u00e9k fel \u00e9s jelentse a lehets\u00e9ges adat- vagy titoktart\u00e1si jogs\u00e9rt\u00e9seket. <\/p>\n<div class=\"newlinediv\"><\/div>\n<p> Ezen int\u00e9zked\u00e9sek v\u00e9grehajt\u00e1s\u00e1val a HR fenntarthatja a titoktart\u00e1st, \u00e9s megv\u00e9dheti az \u00e9rz\u00e9keny munkav\u00e1llal\u00f3i adatokat a jogosulatlan k\u00f6zz\u00e9t\u00e9telt\u0151l vagy felhaszn\u00e1l\u00e1st\u00f3l.<\/p>\n<\/div>\n<\/div>\n","protected":false},"excerpt":{"rendered":"<p>A modern \u00fczleti vil\u00e1gban az \u00e9rz\u00e9keny inform\u00e1ci\u00f3k v\u00e9delme kulcsfontoss\u00e1g\u00fa minden szervezet siker\u00e9hez. Ez k\u00fcl\u00f6n\u00f6sen igaz a hum\u00e1ner\u0151forr\u00e1s (HR) inform\u00e1ci\u00f3kra, amelyek rendk\u00edv\u00fcl \u00e9rz\u00e9kenyek \u00e9s bizalmasak lehetnek. Ezen inform\u00e1ci\u00f3k v\u00e9delm\u00e9nek biztos\u00edt\u00e1sa \u00e9rdek\u00e9ben sok v\u00e1llalat alkalmazza a hum\u00e1ner\u0151forr\u00e1ssal kapcsolatos titoktart\u00e1si meg\u00e1llapod\u00e1st. A hum\u00e1ner\u0151forr\u00e1s titoktart\u00e1si meg\u00e1llapod\u00e1s egy jogilag k\u00f6telez\u0151 erej\u0171 dokumentum, amely meghat\u00e1rozza az \u00e9rz\u00e9keny HR-inform\u00e1ci\u00f3k v\u00e9delm\u00e9nek felt\u00e9teleit. A &#8230; <a title=\"Az \u00e9rz\u00e9keny inform\u00e1ci\u00f3k munkahelyi v\u00e9delm\u00e9nek fontoss\u00e1ga\" class=\"read-more\" href=\"https:\/\/megnyitasa.com\/tudas\/az-erzekeny-informaciok-munkahelyi-vedelmenek-fontossaga\/\" aria-label=\"Read more about Az \u00e9rz\u00e9keny inform\u00e1ci\u00f3k munkahelyi v\u00e9delm\u00e9nek fontoss\u00e1ga\">Read more<\/a><\/p>\n","protected":false},"author":4838,"featured_media":0,"comment_status":"closed","ping_status":"closed","sticky":false,"template":"","format":"standard","meta":{"footnotes":""},"categories":[38],"tags":[],"class_list":["post-20010","post","type-post","status-publish","format-standard","hentry","category-emberi-eroforrasok"],"_links":{"self":[{"href":"https:\/\/megnyitasa.com\/tudas\/wp-json\/wp\/v2\/posts\/20010","targetHints":{"allow":["GET"]}}],"collection":[{"href":"https:\/\/megnyitasa.com\/tudas\/wp-json\/wp\/v2\/posts"}],"about":[{"href":"https:\/\/megnyitasa.com\/tudas\/wp-json\/wp\/v2\/types\/post"}],"author":[{"embeddable":true,"href":"https:\/\/megnyitasa.com\/tudas\/wp-json\/wp\/v2\/users\/4838"}],"replies":[{"embeddable":true,"href":"https:\/\/megnyitasa.com\/tudas\/wp-json\/wp\/v2\/comments?post=20010"}],"version-history":[{"count":0,"href":"https:\/\/megnyitasa.com\/tudas\/wp-json\/wp\/v2\/posts\/20010\/revisions"}],"wp:attachment":[{"href":"https:\/\/megnyitasa.com\/tudas\/wp-json\/wp\/v2\/media?parent=20010"}],"wp:term":[{"taxonomy":"category","embeddable":true,"href":"https:\/\/megnyitasa.com\/tudas\/wp-json\/wp\/v2\/categories?post=20010"},{"taxonomy":"post_tag","embeddable":true,"href":"https:\/\/megnyitasa.com\/tudas\/wp-json\/wp\/v2\/tags?post=20010"}],"curies":[{"name":"wp","href":"https:\/\/api.w.org\/{rel}","templated":true}]}}