{"id":20209,"date":"2023-11-10T20:37:01","date_gmt":"2023-11-10T20:37:01","guid":{"rendered":"https:\/\/megnyitasa.com\/tudas\/?p=20209"},"modified":"2023-11-10T20:37:01","modified_gmt":"2023-11-10T20:37:01","slug":"az-adokedvezmenyek-maximalizalasa-2","status":"publish","type":"post","link":"https:\/\/megnyitasa.com\/tudas\/az-adokedvezmenyek-maximalizalasa-2\/","title":{"rendered":"Az ad\u00f3kedvezm\u00e9nyek maximaliz\u00e1l\u00e1sa:"},"content":{"rendered":"<div class=\"articlecontent\">\n<div class=\"newlinediv\"><\/div>\n<p> Eg\u00e9szs\u00e9g\u00fcgyi szakemberk\u00e9nt a m\u0171t\u0151sruh\u00e1ja a munkaruh\u00e1ja a munkaruh\u00e1zat\u00e1nak l\u00e9nyeges r\u00e9sz\u00e9t k\u00e9pezi. Tiszt\u00e1n \u00e9s szalonk\u00e9pesen tart\u00e1sa nemcsak higi\u00e9niai okokb\u00f3l fontos, hanem a professzion\u00e1lis megjelen\u00e9s fenntart\u00e1sa miatt is. Tudta azonban, hogy a m\u0171t\u0151sruha mos\u00e1s\u00e1nak k\u00f6lts\u00e9geit ad\u00f3kedvezm\u00e9nyk\u00e9nt \u00e9rv\u00e9nyes\u00edtheti? Ebben a cikkben azt t\u00e1rgyaljuk, hogyan lehet a m\u0171t\u0151sruha mos\u00e1s\u00e1nak k\u00f6lts\u00e9geit az ad\u00f3nemben t\u00e9telesen elsz\u00e1molni, \u00e9s hogyan maximaliz\u00e1lhatja a levon\u00e1sokat. <\/p>\n<div class=\"newlinediv\"><\/div>\n<p> El\u0151sz\u00f6r is fontos megjegyezni, hogy csak akkor \u00e9rv\u00e9nyes\u00edtheti a m\u0171t\u0151sruha mos\u00e1s\u00e1nak k\u00f6lts\u00e9geit, ha a munkaviszonya felt\u00e9telek\u00e9nt k\u00f6teles viselni azt, \u00e9s ha a munk\u00e1ltat\u00f3ja nem ny\u00fajt mosodai szolg\u00e1ltat\u00e1st vagy nem t\u00e9r\u00edti meg a mos\u00e1s k\u00f6lts\u00e9geit. Ha ezek a felt\u00e9telek teljes\u00fclnek, akkor a m\u0171t\u0151sk\u00f6peny mos\u00e1s\u00e1nak k\u00f6lts\u00e9g\u00e9t nem megt\u00e9r\u00edtett munkav\u00e1llal\u00f3i k\u00f6lts\u00e9gk\u00e9nt \u00e9rv\u00e9nyes\u00edtheti ad\u00f3bevall\u00e1s\u00e1ban. <\/p>\n<div class=\"newlinediv\"><\/div>\n<p> Ahhoz, hogy a m\u0171t\u0151sruha mos\u00e1s\u00e1t t\u00e9telesen elsz\u00e1molhassa az ad\u00f3ban, nyomon kell k\u00f6vetnie a mos\u00e1ssal kapcsolatos kiad\u00e1sait. Ez mag\u00e1ban foglalja a mos\u00f3szer, a l\u00e1gy\u00edt\u00f3szer \u00e9s az \u00d6n \u00e1ltal haszn\u00e1lt egy\u00e9b tiszt\u00edt\u00f3szerek k\u00f6lts\u00e9geit. Azt is fel kell jegyeznie, hogy \u00e9vente h\u00e1nyszor mossa ki a k\u00f6penyeit, valamint a mosoda ig\u00e9nybev\u00e9tel\u00e9nek vagy a mosodai szolg\u00e1ltat\u00e1sok kifizet\u00e9s\u00e9nek k\u00f6lts\u00e9geit. <\/p>\n<div class=\"newlinediv\"><\/div>\n<p> Fontos, hogy meg\u0151rizze a mos\u00e1si k\u00f6lts\u00e9geir\u0151l sz\u00f3l\u00f3 \u00f6sszes nyugt\u00e1t \u00e9s nyilv\u00e1ntart\u00e1st, mivel az ad\u00f3bevall\u00e1s beny\u00fajt\u00e1sakor bizony\u00edtani kell ezeket a kiad\u00e1sokat. Napl\u00f3t vagy napt\u00e1rt is \u00e9rdemes vezetnie, amelyben feljegyzi a mos\u00e1si napokat \u00e9s id\u0151pontokat, valamint minden egy\u00e9b l\u00e9nyeges inform\u00e1ci\u00f3t, p\u00e9ld\u00e1ul az \u00d6n \u00e1ltal haszn\u00e1lt mos\u00f3szer t\u00edpus\u00e1t. <\/p>\n<div class=\"newlinediv\"><\/div>\n<p> Az ad\u00f3kedvezm\u00e9ny maximaliz\u00e1l\u00e1sa \u00e9rdek\u00e9ben \u00e9rdemes megfontolnia egy k\u00fcl\u00f6n m\u0171t\u0151sruha-k\u00e9szlet v\u00e1s\u00e1rl\u00e1s\u00e1t is, amelyet csak a munkahely\u00e9n visel. \u00cdgy k\u00f6nnyed\u00e9n kisz\u00e1m\u00edthatja a m\u0171t\u0151sruha mos\u00e1s\u00e1nak k\u00f6lts\u00e9g\u00e9t ad\u00f3z\u00e1si c\u00e9lokra, an\u00e9lk\u00fcl, hogy k\u00fcl\u00f6n kellene v\u00e1lasztania a szem\u00e9lyes szennyes\u00e9t\u0151l. Azt is tudnia kell, hogy a vissza nem t\u00e9r\u00edtett munkav\u00e1llal\u00f3i k\u00f6lts\u00e9gek &#8211; bele\u00e9rtve a m\u0171t\u0151sruha mos\u00e1s\u00e1nak k\u00f6lts\u00e9geit is &#8211; ad\u00f3levon\u00e1s\u00e1ra 2%-os fels\u0151 hat\u00e1r vonatkozik. Ez azt jelenti, hogy csak a korrig\u00e1lt brutt\u00f3 j\u00f6vedelm\u00e9nek 2%-\u00e1t meghalad\u00f3 k\u00f6lts\u00e9geket \u00e9rv\u00e9nyes\u00edtheti. <\/p>\n<div class=\"newlinediv\"><\/div>\n<p> \u00d6sszefoglalva, a m\u0171t\u0151sk\u00f6peny mos\u00e1s\u00e1nak t\u00e9teles ad\u00f3z\u00e1sa \u00e9rt\u00e9kes m\u00f3dja lehet annak, hogy eg\u00e9szs\u00e9g\u00fcgyi szakemberk\u00e9nt maximaliz\u00e1lja az ad\u00f3levon\u00e1sokat. Ha gondosan nyilv\u00e1ntart\u00e1st vezet a mos\u00e1si k\u00f6lts\u00e9geir\u0151l, \u00e9s k\u00f6veti az ebben a cikkben ismertetett ir\u00e1nyelveket, biztos\u00edthatja, hogy minden levon\u00e1st \u00e9rv\u00e9nyes\u00edtsen, amelyre jogosult, \u00e9s cs\u00f6kkentheti ad\u00f3k\u00f6telezetts\u00e9g\u00e9t.<\/p><\/div>\n<div class=\"questions\">\n<div class=\"questionstitle\">FAQ<\/div>\n<div class=\"question\">\n<div class=\"qtitle\"> Levonhat\u00f3-e a ruh\u00e1k mos\u00e1sa az ad\u00f3b\u00f3l?<\/div>\n<p> Sajnos a ruhamos\u00e1s k\u00f6lts\u00e9gei \u00e1ltal\u00e1ban nem vonhat\u00f3k le az ad\u00f3j\u00e1b\u00f3l. B\u00e1r vannak bizonyos, a munk\u00e1val kapcsolatos k\u00f6lts\u00e9gek, amelyek levonhat\u00f3k, p\u00e9ld\u00e1ul az egyenruha vagy a v\u00e9d\u0151felszerel\u00e9s, az ilyen t\u00e1rgyak mos\u00e1s\u00e1nak k\u00f6lts\u00e9gei \u00e1ltal\u00e1ban ink\u00e1bb szem\u00e9lyes kiad\u00e1snak min\u0151s\u00fclnek, mint munk\u00e1val kapcsolatosnak. <\/p>\n<div class=\"newlinediv\"><\/div>\n<p> Vannak bizonyos korl\u00e1tozott k\u00f6r\u00fclm\u00e9nyek, amikor a mos\u00e1si k\u00f6lts\u00e9gek levonhat\u00f3k, p\u00e9ld\u00e1ul ha \u00d6n otthonr\u00f3l dolgozik, \u00e9s otthona egy r\u00e9sz\u00e9t k\u00fcl\u00f6n irodahelyis\u00e9gk\u00e9nt haszn\u00e1lja. Ebben az esetben levonhatja a k\u00f6z\u00fczemi sz\u00e1ml\u00e1k egy r\u00e9sz\u00e9t, bele\u00e9rtve a mos\u00f3szer \u00e9s a ruh\u00e1k mos\u00e1s\u00e1hoz haszn\u00e1lt v\u00edz k\u00f6lts\u00e9g\u00e9t is. Ez azonban csak a mos\u00e1si k\u00f6lts\u00e9geknek arra a r\u00e9sz\u00e9re vonatkozna, amely k\u00f6zvetlen\u00fcl kapcsol\u00f3dik a munkav\u00e9gz\u00e9s\u00e9hez. <\/p>\n<div class=\"newlinediv\"><\/div>\n<p> Mindig \u00e9rdemes konzult\u00e1lni egy ad\u00f3szak\u00e9rt\u0151vel vagy k\u00f6nyvel\u0151vel, ha k\u00e9rd\u00e9sei vannak azzal kapcsolatban, hogy milyen k\u00f6lts\u00e9geket vonhat le az ad\u00f3j\u00e1ban. \u0150k seg\u00edthetnek eligazodni az ad\u00f3kedvezm\u00e9nyekkel kapcsolatos \u00f6sszetett szab\u00e1lyokban \u00e9s el\u0151\u00edr\u00e1sokban, \u00e9s biztos\u00edthatj\u00e1k, hogy kihaszn\u00e1lja a rendelkez\u00e9s\u00e9re \u00e1ll\u00f3 \u00f6sszes ad\u00f3kedvezm\u00e9nyt. <\/p>\n<\/div>\n<div class=\"question\">\n<div class=\"qtitle\"> Mennyit \u00edrhatsz le a mos\u00e1s ut\u00e1n?<\/div>\n<p> Ha a mos\u00e1si k\u00f6lts\u00e9gek ad\u00f3kedvezm\u00e9nyk\u00e9nt val\u00f3 le\u00edr\u00e1s\u00e1ra gondol, a le\u00edrhat\u00f3 \u00f6sszeg a foglalkoz\u00e1s\u00e1t\u00f3l \u00e9s a k\u00f6lts\u00e9gek kisz\u00e1m\u00edt\u00e1s\u00e1hoz v\u00e1lasztott m\u00f3dszert\u0151l f\u00fcgg. <\/p>\n<div class=\"newlinediv\"><\/div>\n<p> Ha \u00f6nfoglalkoztat\u00f3 \u00e9s otthonr\u00f3l dolgozik, a mos\u00e1si k\u00f6lts\u00e9gek egy r\u00e9sz\u00e9t levonhatja otthoni irodai levon\u00e1sk\u00e9nt. Ebben az esetben ki kell sz\u00e1molnia, hogy otthon\u00e1nak h\u00e1ny sz\u00e1zal\u00e9k\u00e1t haszn\u00e1lja kiz\u00e1r\u00f3lag v\u00e1llalkoz\u00e1s\u00e1ra, \u00e9s ezt a sz\u00e1zal\u00e9kot kell alkalmaznia a teljes mos\u00e1si k\u00f6lts\u00e9gekre. <\/p>\n<div class=\"newlinediv\"><\/div>\n<p> Ha \u00d6n alkalmazott, \u00e9s munk\u00e1ltat\u00f3ja megk\u00f6veteli, hogy olyan egyenruh\u00e1t viseljen, amelyet rendszeresen mosni kell, akkor ezeket a k\u00f6lts\u00e9geket levonhatja ad\u00f3bevall\u00e1s\u00e1ban nem megt\u00e9r\u00edtett munkav\u00e1llal\u00f3i k\u00f6lts\u00e9gk\u00e9nt. Ez a levon\u00e1s azonban a korrig\u00e1lt brutt\u00f3 j\u00f6vedelem (AGI) 2%-os als\u00f3 hat\u00e1r\u00e1hoz k\u00f6t\u00f6tt, ami azt jelenti, hogy csak azokat a k\u00f6lts\u00e9geket vonhatja le, amelyek meghaladj\u00e1k az AGI 2%-\u00e1t. <\/p>\n<div class=\"newlinediv\"><\/div>\n<p> Fontos megjegyezni, hogy a mosodak\u00f6lts\u00e9gek ad\u00f3levon\u00e1s\u00e1ra vonatkoz\u00f3 szab\u00e1lyok \u00f6sszetettek lehetnek, \u00e9s az \u00d6n egyedi k\u00f6r\u00fclm\u00e9nyeit\u0151l f\u00fcgg\u0151en v\u00e1ltozhatnak. Mindig \u00e9rdemes konzult\u00e1lni egy ad\u00f3szak\u00e9rt\u0151vel vagy ad\u00f3szoftvert haszn\u00e1lni annak \u00e9rdek\u00e9ben, hogy biztos\u00edtsa, hogy helyesen sz\u00e1molja ki a levon\u00e1sokat \u00e9s maximaliz\u00e1lja ad\u00f3megtakar\u00edt\u00e1s\u00e1t. <\/p>\n<\/div>\n<div class=\"question\">\n<div class=\"qtitle\"> Ig\u00e9nybe vehetnek-e ad\u00f3kedvezm\u00e9nyt az orvosok a m\u0171t\u0151sruh\u00e1k mos\u00e1sa ut\u00e1n?<\/div>\n<p> Az orvosok ad\u00f3kedvezm\u00e9nyt ig\u00e9nyelhetnek a m\u0171t\u0151sruh\u00e1juk mos\u00e1sa ut\u00e1n, ha azt otthon kell kimosniuk, \u00e9s a munk\u00e1ltat\u00f3juk nem ny\u00fajt mosodai szolg\u00e1ltat\u00e1st vagy nem t\u00e9r\u00edti meg a k\u00f6lts\u00e9geket. Ez az ad\u00f3kedvezm\u00e9ny az egyenruha ad\u00f3kedvezm\u00e9ny kateg\u00f3ri\u00e1j\u00e1ba tartozik, amely lehet\u0151v\u00e9 teszi a munkav\u00e1llal\u00f3k sz\u00e1m\u00e1ra, hogy visszaig\u00e9nyelj\u00e9k a munkaruh\u00e1juk karbantart\u00e1s\u00e1nak \u00e9s tiszt\u00edt\u00e1s\u00e1nak k\u00f6lts\u00e9gei ut\u00e1n fizetend\u0151 ad\u00f3t. A munkaruha ebben az \u00f6sszef\u00fcgg\u00e9sben munkaruh\u00e1nak min\u0151s\u00fcl. <\/p>\n<div class=\"newlinediv\"><\/div>\n<p> Az egyenruha ad\u00f3kedvezm\u00e9ny ig\u00e9nybev\u00e9tel\u00e9hez az orvosoknak nyilv\u00e1ntart\u00e1st kell vezetni\u00fck a mos\u00e1si k\u00f6lts\u00e9geikr\u0151l, bele\u00e9rtve a nyugt\u00e1kat \u00e9s a heti mos\u00e1sok sz\u00e1m\u00e1nak igazol\u00e1s\u00e1t. Ezut\u00e1n ad\u00f3kedvezm\u00e9nyt ig\u00e9nyelhetnek a m\u0171t\u0151sruh\u00e1juk mos\u00e1s\u00e1nak \u00e9s karbantart\u00e1s\u00e1nak k\u00f6lts\u00e9gei ut\u00e1n, amelyek magukban foglalhatj\u00e1k a mos\u00f3szer, az \u00e1ram \u00e9s a v\u00edz k\u00f6lts\u00e9geit. <\/p>\n<div class=\"newlinediv\"><\/div>\n<p> Fontos megjegyezni, hogy az orvosok csak akkor ig\u00e9nyelhetnek ad\u00f3kedvezm\u00e9nyt az egyenruha ut\u00e1n, ha saj\u00e1t maguk felel\u0151sek a k\u00f6peny\u00fck mos\u00e1s\u00e1\u00e9rt, \u00e9s a munk\u00e1ltat\u00f3juk nem ny\u00fajt mosodai szolg\u00e1ltat\u00e1st, illetve nem t\u00e9r\u00edti meg a k\u00f6lts\u00e9geket. Ha a munk\u00e1ltat\u00f3 mosodai szolg\u00e1ltat\u00e1st ny\u00fajt, vagy megt\u00e9r\u00edti a munkav\u00e1llal\u00f3knak a munkaruh\u00e1juk mos\u00e1s\u00e1nak k\u00f6lts\u00e9geit, akkor ezekre a k\u00f6lts\u00e9gekre nem ig\u00e9nyelhet\u0151 ad\u00f3kedvezm\u00e9ny. <\/p>\n<div class=\"newlinediv\"><\/div>\n<p> \u00d6sszefoglalva, az orvosok ad\u00f3kedvezm\u00e9nyt ig\u00e9nyelhetnek a k\u00f6peny\u00fck mos\u00e1s\u00e1ra, ha azt otthon kell kimosniuk, \u00e9s munk\u00e1ltat\u00f3juk nem ny\u00fajt mosodai szolg\u00e1ltat\u00e1st, illetve nem t\u00e9r\u00edti meg a k\u00f6lts\u00e9get. A mos\u00e1si k\u00f6lts\u00e9gek nyilv\u00e1ntart\u00e1sa \u00e9s az egyenruha ad\u00f3kedvezm\u00e9ny\u00e9nek ig\u00e9nyl\u00e9se seg\u00edthet az orvosoknak cs\u00f6kkenteni az ad\u00f3sz\u00e1ml\u00e1jukat \u00e9s n\u00f6velheti az otthoni fizet\u00e9s\u00fcket.<\/p>\n<\/div>\n<\/div>\n","protected":false},"excerpt":{"rendered":"<p>Eg\u00e9szs\u00e9g\u00fcgyi szakemberk\u00e9nt a m\u0171t\u0151sruh\u00e1ja a munkaruh\u00e1ja a munkaruh\u00e1zat\u00e1nak l\u00e9nyeges r\u00e9sz\u00e9t k\u00e9pezi. Tiszt\u00e1n \u00e9s szalonk\u00e9pesen tart\u00e1sa nemcsak higi\u00e9niai okokb\u00f3l fontos, hanem a professzion\u00e1lis megjelen\u00e9s fenntart\u00e1sa miatt is. Tudta azonban, hogy a m\u0171t\u0151sruha mos\u00e1s\u00e1nak k\u00f6lts\u00e9geit ad\u00f3kedvezm\u00e9nyk\u00e9nt \u00e9rv\u00e9nyes\u00edtheti? Ebben a cikkben azt t\u00e1rgyaljuk, hogyan lehet a m\u0171t\u0151sruha mos\u00e1s\u00e1nak k\u00f6lts\u00e9geit az ad\u00f3nemben t\u00e9telesen elsz\u00e1molni, \u00e9s hogyan maximaliz\u00e1lhatja a levon\u00e1sokat. &#8230; <a title=\"Az ad\u00f3kedvezm\u00e9nyek maximaliz\u00e1l\u00e1sa:\" class=\"read-more\" href=\"https:\/\/megnyitasa.com\/tudas\/az-adokedvezmenyek-maximalizalasa-2\/\" aria-label=\"Read more about Az ad\u00f3kedvezm\u00e9nyek maximaliz\u00e1l\u00e1sa:\">Read more<\/a><\/p>\n","protected":false},"author":3114,"featured_media":0,"comment_status":"closed","ping_status":"closed","sticky":false,"template":"","format":"standard","meta":{"footnotes":""},"categories":[12],"tags":[],"class_list":["post-20209","post","type-post","status-publish","format-standard","hentry","category-penzugyek-es-adok"],"_links":{"self":[{"href":"https:\/\/megnyitasa.com\/tudas\/wp-json\/wp\/v2\/posts\/20209","targetHints":{"allow":["GET"]}}],"collection":[{"href":"https:\/\/megnyitasa.com\/tudas\/wp-json\/wp\/v2\/posts"}],"about":[{"href":"https:\/\/megnyitasa.com\/tudas\/wp-json\/wp\/v2\/types\/post"}],"author":[{"embeddable":true,"href":"https:\/\/megnyitasa.com\/tudas\/wp-json\/wp\/v2\/users\/3114"}],"replies":[{"embeddable":true,"href":"https:\/\/megnyitasa.com\/tudas\/wp-json\/wp\/v2\/comments?post=20209"}],"version-history":[{"count":1,"href":"https:\/\/megnyitasa.com\/tudas\/wp-json\/wp\/v2\/posts\/20209\/revisions"}],"predecessor-version":[{"id":21858,"href":"https:\/\/megnyitasa.com\/tudas\/wp-json\/wp\/v2\/posts\/20209\/revisions\/21858"}],"wp:attachment":[{"href":"https:\/\/megnyitasa.com\/tudas\/wp-json\/wp\/v2\/media?parent=20209"}],"wp:term":[{"taxonomy":"category","embeddable":true,"href":"https:\/\/megnyitasa.com\/tudas\/wp-json\/wp\/v2\/categories?post=20209"},{"taxonomy":"post_tag","embeddable":true,"href":"https:\/\/megnyitasa.com\/tudas\/wp-json\/wp\/v2\/tags?post=20209"}],"curies":[{"name":"wp","href":"https:\/\/api.w.org\/{rel}","templated":true}]}}