{"id":20390,"date":"2023-04-24T00:00:00","date_gmt":"2023-04-24T00:00:00","guid":{"rendered":"https:\/\/megnyitasa.com\/tudas\/az-idealis-ugyfel-megertese-a-potencialis-celpiac-azonositasanak-fontossaga\/"},"modified":"2023-04-24T00:00:00","modified_gmt":"2023-04-24T00:00:00","slug":"az-idealis-ugyfel-megertese-a-potencialis-celpiac-azonositasanak-fontossaga","status":"publish","type":"post","link":"https:\/\/megnyitasa.com\/tudas\/az-idealis-ugyfel-megertese-a-potencialis-celpiac-azonositasanak-fontossaga\/","title":{"rendered":"Az ide\u00e1lis \u00fcgyf\u00e9l meg\u00e9rt\u00e9se: A potenci\u00e1lis c\u00e9lpiac azonos\u00edt\u00e1s\u00e1nak fontoss\u00e1ga"},"content":{"rendered":"<div class=\"articlecontent\">\n<div class=\"newlinediv\"><\/div>\n<p> \u00dczlettulajdonosk\u00e9nt a siker egyik legfontosabb szempontja az ide\u00e1lis v\u00e1s\u00e1rl\u00f3 meg\u00e9rt\u00e9se. Ez mag\u00e1ban foglalja a potenci\u00e1lis c\u00e9lpiac\u00e1nak, vagyis azon emberek csoportj\u00e1nak azonos\u00edt\u00e1s\u00e1t, akik a legnagyobb val\u00f3sz\u00edn\u0171s\u00e9ggel \u00e9rdekl\u0151dnek term\u00e9kei vagy szolg\u00e1ltat\u00e1sai ir\u00e1nt. <\/p>\n<div class=\"newlinediv\"><\/div>\n<p> A potenci\u00e1lis c\u00e9lpiac olyan egy\u00e9nek csoportjak\u00e9nt hat\u00e1rozhat\u00f3 meg, akik hasonl\u00f3 ig\u00e9nyekkel, \u00e9rdekl\u0151d\u00e9si k\u00f6rrel \u00e9s jellemz\u0151kkel rendelkeznek, amelyek miatt val\u00f3sz\u00edn\u0171leg v\u00e1s\u00e1roln\u00e1nak az \u00d6n v\u00e1llalkoz\u00e1s\u00e1t\u00f3l. Ha meg\u00e9rti, hogy ki az \u00d6n potenci\u00e1lis c\u00e9lpiaca, akkor marketingtev\u00e9kenys\u00e9g\u00e9t \u00fagy alak\u00edthatja ki, hogy hat\u00e9konyabban \u00e9rje el \u0151ket. <\/p>\n<div class=\"newlinediv\"><\/div>\n<p> A potenci\u00e1lis c\u00e9lpiac azonos\u00edt\u00e1sa kutat\u00e1s \u00e9s elemz\u00e9s kombin\u00e1ci\u00f3j\u00e1val t\u00f6rt\u00e9nik. Kezdheti azzal, hogy megvizsg\u00e1lja megl\u00e9v\u0151 \u00fcgyf\u00e9lk\u00f6r\u00e9t, \u00e9s azonos\u00edtja a k\u00f6z\u00f6s jellemz\u0151ket k\u00f6z\u00f6tt\u00fck. Ez mag\u00e1ban foglalhat olyan demogr\u00e1fiai t\u00e9nyez\u0151ket, mint az \u00e9letkor, a nem, a lak\u00f3hely \u00e9s a j\u00f6vedelmi szint, valamint olyan pszichogr\u00e1fiai t\u00e9nyez\u0151ket, mint az \u00e9rt\u00e9kek, a meggy\u0151z\u0151d\u00e9sek \u00e9s az \u00e9letm\u00f3d. <\/p>\n<div class=\"newlinediv\"><\/div>\n<p> Amint jobban meg\u00e9rtette megl\u00e9v\u0151 \u00fcgyfeleinek szem\u00e9lyis\u00e9g\u00e9t, ezen inform\u00e1ci\u00f3k alapj\u00e1n l\u00e9trehozhat egy \u00fcgyf\u00e9lprofilt vagy szem\u00e9lyis\u00e9get, amely az ide\u00e1lis \u00fcgyfelet k\u00e9pviseli. Ennek a szem\u00e9lyis\u00e9gnek olyan r\u00e9szleteket kell tartalmaznia, mint az \u00e9letkor, a nem, a foglalkoz\u00e1s, az \u00e9rdekl\u0151d\u00e9si k\u00f6r \u00e9s a v\u00e1s\u00e1rl\u00e1si szok\u00e1sok. <\/p>\n<div class=\"newlinediv\"><\/div>\n<p> Az \u00fcgyf\u00e9lszem\u00e9lyis\u00e9g l\u00e9trehoz\u00e1s\u00e1val olyan c\u00e9lzott marketingstrat\u00e9gi\u00e1kat dolgozhat ki, amelyek k\u00f6zvetlen\u00fcl a potenci\u00e1lis c\u00e9lpiacot sz\u00f3l\u00edtj\u00e1k meg. Ha p\u00e9ld\u00e1ul az \u00d6n ide\u00e1lis v\u00e1s\u00e1rl\u00f3ja egy elfoglalt, 30-as \u00e9veiben j\u00e1r\u00f3 szakember, aki \u00e9rt\u00e9keli a k\u00e9nyelmet \u00e9s a min\u0151s\u00e9get, akkor marketingtev\u00e9kenys\u00e9g\u00e9t term\u00e9kei vagy szolg\u00e1ltat\u00e1sai k\u00e9nyelm\u00e9nek \u00e9s min\u0151s\u00e9g\u00e9nek n\u00e9pszer\u0171s\u00edt\u00e9s\u00e9re \u00f6sszpontos\u00edthatja. <\/p>\n<div class=\"newlinediv\"><\/div>\n<p> Amellett, hogy seg\u00edt a marketingtev\u00e9kenys\u00e9gek testre szab\u00e1s\u00e1ban, a potenci\u00e1lis c\u00e9lpiac azonos\u00edt\u00e1sa seg\u00edthet abban is, hogy megalapozott \u00fczleti d\u00f6nt\u00e9seket hozzon. Ha p\u00e9ld\u00e1ul egy \u00faj term\u00e9k vagy szolg\u00e1ltat\u00e1s bevezet\u00e9s\u00e9t fontolgatja, a v\u00e1s\u00e1rl\u00f3i szem\u00e9lyis\u00e9g seg\u00edts\u00e9g\u00e9vel meghat\u00e1rozhatja, hogy a c\u00e9lpiac val\u00f3sz\u00edn\u0171leg j\u00f3l fogadn\u00e1-e azt. <\/p>\n<div class=\"newlinediv\"><\/div>\n<p> \u00d6sszefoglalva, a potenci\u00e1lis c\u00e9lpiac azonos\u00edt\u00e1sa kulcsfontoss\u00e1g\u00fa l\u00e9p\u00e9s egy sikeres v\u00e1llalkoz\u00e1s fel\u00e9p\u00edt\u00e9s\u00e9ben. Ha meg\u00e9rti, hogy ki az ide\u00e1lis v\u00e1s\u00e1rl\u00f3ja, olyan c\u00e9lzott marketingstrat\u00e9gi\u00e1kat dolgozhat ki, amelyek nagyobb val\u00f3sz\u00edn\u0171s\u00e9ggel tal\u00e1lnak visszhangra n\u00e1la, \u00e9s olyan megalapozott \u00fczleti d\u00f6nt\u00e9seket hozhat, amelyek nagyobb val\u00f3sz\u00edn\u0171s\u00e9ggel vezetnek sikerre.<\/p><\/div>\n<div class=\"questions\">\n<div class=\"questionstitle\">FAQ<\/div>\n<div class=\"question\">\n<div class=\"qtitle\"> Hogyan azonos\u00edthatja a potenci\u00e1lis c\u00e9lpiacot?<\/div>\n<p> A potenci\u00e1lis c\u00e9lpiac azonos\u00edt\u00e1s\u00e1hoz n\u00e9h\u00e1ny l\u00e9p\u00e9st tehet: <\/p>\n<div class=\"newlinediv\"><\/div>\n<p> 1. V\u00e9gezzen piackutat\u00e1st: Ennek sor\u00e1n inform\u00e1ci\u00f3kat gy\u0171jt az ipar\u00e1g\u00e1r\u00f3l, a versenyt\u00e1rsakr\u00f3l \u00e9s a potenci\u00e1lis v\u00e1s\u00e1rl\u00f3kr\u00f3l. Felm\u00e9r\u00e9sek, f\u00f3kuszcsoportok \u00e9s online kutat\u00e1sok seg\u00edts\u00e9g\u00e9vel gy\u0171jthet adatokat a potenci\u00e1lis piac\u00e1r\u00f3l. <\/p>\n<div class=\"newlinediv\"><\/div>\n<p> 2. Elemezze jelenlegi \u00fcgyfeleit: N\u00e9zze meg megl\u00e9v\u0151 \u00fcgyf\u00e9lk\u00f6r\u00e9t, \u00e9s azonos\u00edtsa az olyan k\u00f6z\u00f6s jellemz\u0151ket, mint az \u00e9letkor, a nem, a j\u00f6vedelem, a lak\u00f3hely \u00e9s az \u00e9rdekl\u0151d\u00e9si k\u00f6r. Ez k\u00e9pet adhat arr\u00f3l, hogy kik lehetnek az \u00d6n c\u00e9lpiaca. <\/p>\n<div class=\"newlinediv\"><\/div>\n<p> 3. Elemezze a versenyt\u00e1rsakat: N\u00e9zze meg versenyt\u00e1rsait, \u00e9s azonos\u00edtsa c\u00e9lpiacukat. Felhaszn\u00e1lhatja v\u00e1s\u00e1rl\u00f3ik demogr\u00e1fiai adatait \u00e9s viselked\u00e9s\u00e9t, hogy seg\u00edtsen azonos\u00edtani a saj\u00e1t c\u00e9lpiac\u00e1t. <\/p>\n<div class=\"newlinediv\"><\/div>\n<p> 4. Hat\u00e1rozza meg az \u00fcgyfelek ig\u00e9nyeit \u00e9s f\u00e1jdalmas pontjait: Gondolja \u00e1t, milyen probl\u00e9m\u00e1kat old meg a term\u00e9ke vagy szolg\u00e1ltat\u00e1sa, \u00e9s kiknek sz\u00e1rmazna bel\u0151le a legnagyobb haszna. Ez seg\u00edthet lesz\u0171k\u00edteni a c\u00e9lpiac\u00e1t az \u0151 konkr\u00e9t ig\u00e9nyeik alapj\u00e1n. <\/p>\n<div class=\"newlinediv\"><\/div>\n<p> 5. Hozzon l\u00e9tre vev\u0151i szem\u00e9lyis\u00e9geket: Az \u00f6sszegy\u0171jt\u00f6tt inform\u00e1ci\u00f3k seg\u00edts\u00e9g\u00e9vel k\u00e9sz\u00edtsen r\u00e9szletes profilokat az ide\u00e1lis v\u00e1s\u00e1rl\u00f3ir\u00f3l. Ezeknek a profiloknak tartalmazniuk kell a demogr\u00e1fiai inform\u00e1ci\u00f3kat, az \u00e9rdekl\u0151d\u00e9si k\u00f6r\u00f6ket, a viselked\u00e9st \u00e9s a f\u00e1jdalmas pontokat. <\/p>\n<div class=\"newlinediv\"><\/div>\n<p> Ha ezeket a l\u00e9p\u00e9seket k\u00f6veti, azonos\u00edthatja a potenci\u00e1lis c\u00e9lpiacot, \u00e9s marketingtev\u00e9kenys\u00e9g\u00e9t \u00fagy alak\u00edthatja ki, hogy hat\u00e9konyan \u00e9rje el \u0151ket \u00e9s l\u00e9pjen kapcsolatba vel\u00fck. <\/p>\n<\/div>\n<div class=\"question\">\n<div class=\"qtitle\"> Mi a potenci\u00e1lis c\u00e9lpiac?<\/div>\n<p> A rekl\u00e1moz\u00e1s \u00e9s a marketing \u00f6sszef\u00fcgg\u00e9s\u00e9ben a potenci\u00e1lis c\u00e9lcsoport a mag\u00e1nszem\u00e9lyek vagy v\u00e1llalkoz\u00e1sok egy meghat\u00e1rozott csoportj\u00e1t jelenti, akik potenci\u00e1lisan egy adott term\u00e9k vagy szolg\u00e1ltat\u00e1s v\u00e1s\u00e1rl\u00f3iv\u00e1 vagy \u00fcgyfeleiv\u00e9 v\u00e1lhatnak. A potenci\u00e1lis c\u00e9lcsoport jellemz\u0151inek \u00e9s ig\u00e9nyeinek azonos\u00edt\u00e1sa \u00e9s meg\u00e9rt\u00e9se alapvet\u0151 fontoss\u00e1g\u00fa a hat\u00e9kony marketingstrat\u00e9gi\u00e1k kidolgoz\u00e1s\u00e1hoz, amelyek hat\u00e1ssal lesznek r\u00e1juk, \u00e9s v\u00e9gs\u0151 soron az \u00e9rt\u00e9kes\u00edt\u00e9st seg\u00edtik el\u0151. <\/p>\n<div class=\"newlinediv\"><\/div>\n<p> A potenci\u00e1lis c\u00e9lcsoportot k\u00fcl\u00f6nb\u00f6z\u0151 m\u00f3dszerekkel lehet meghat\u00e1rozni, p\u00e9ld\u00e1ul piackutat\u00e1ssal, vev\u0151i visszajelz\u00e9sekkel \u00e9s demogr\u00e1fiai adatok elemz\u00e9s\u00e9vel. A potenci\u00e1lis c\u00e9lcsoport meghat\u00e1roz\u00e1sakor olyan t\u00e9nyez\u0151ket lehet figyelembe venni, mint az \u00e9letkor, a nem, a j\u00f6vedelem, az iskolai v\u00e9gzetts\u00e9g, a f\u00f6ldrajzi elhelyezked\u00e9s \u00e9s az \u00e9letm\u00f3d. <\/p>\n<div class=\"newlinediv\"><\/div>\n<p> Miut\u00e1n azonos\u00edtott\u00e1k a potenci\u00e1lis c\u00e9lcsoportot, a marketingeseknek \u00fagy kell alak\u00edtaniuk rekl\u00e1m- \u00e9s marketingtev\u00e9kenys\u00e9geiket, hogy azok megfeleljenek az adott csoport saj\u00e1tos ig\u00e9nyeinek \u00e9s v\u00e1gyainak. Ez mag\u00e1ban foglalhatja c\u00e9lzott \u00fczenetek l\u00e9trehoz\u00e1s\u00e1t, a c\u00e9lk\u00f6z\u00f6ns\u00e9g el\u00e9r\u00e9s\u00e9hez meghat\u00e1rozott m\u00e9diacsatorn\u00e1k haszn\u00e1lat\u00e1t, valamint olyan prom\u00f3ci\u00f3k vagy \u00f6szt\u00f6nz\u0151k felaj\u00e1nl\u00e1s\u00e1t, amelyek val\u00f3sz\u00edn\u0171leg a legnagyobb visszhangra tal\u00e1lnak n\u00e1luk. <\/p>\n<div class=\"newlinediv\"><\/div>\n<p> \u00d6sszess\u00e9g\u00e9ben a potenci\u00e1lis c\u00e9lcsoport azonos\u00edt\u00e1sa minden sikeres rekl\u00e1m- \u00e9s marketingkamp\u00e1ny kritikus eleme, mivel lehet\u0151v\u00e9 teszi a marketingesek sz\u00e1m\u00e1ra, hogy er\u0151fesz\u00edt\u00e9seiket \u00e9s er\u0151forr\u00e1saikat azokra az egy\u00e9nekre vagy v\u00e1llalkoz\u00e1sokra \u00f6sszpontos\u00edts\u00e1k, akik a legnagyobb val\u00f3sz\u00edn\u0171s\u00e9ggel h\u0171s\u00e9ges v\u00e1s\u00e1rl\u00f3kk\u00e1 v\u00e1lnak. <\/p>\n<\/div>\n<div class=\"question\">\n<div class=\"qtitle\"> Mi az \u00d6n c\u00e9lpiaci p\u00e9ld\u00e1ja?<\/div>\n<p> AI nyelvi modellk\u00e9nt nincs konkr\u00e9t c\u00e9lpiaci p\u00e9ld\u00e1m, mivel nem vagyok olyan term\u00e9k vagy szolg\u00e1ltat\u00e1s, amelyet egy meghat\u00e1rozott c\u00e9lk\u00f6z\u00f6ns\u00e9gnek kell \u00e9rt\u00e9kes\u00edteni. A c\u00e9lpiac azonban a fogyaszt\u00f3k egy meghat\u00e1rozott csoportj\u00e1ra utal, akik nagy val\u00f3sz\u00edn\u0171s\u00e9ggel profit\u00e1lnak egy adott term\u00e9kb\u0151l vagy szolg\u00e1ltat\u00e1sb\u00f3l, vagy \u00e9rdekl\u0151dnek ir\u00e1nta. P\u00e9ld\u00e1ul egy luxusaut\u00f3kat \u00e9rt\u00e9kes\u00edt\u0151 v\u00e1llalat olyan magas j\u00f6vedelm\u0171 szem\u00e9lyeket c\u00e9lozhat meg, akik \u00e9rdekl\u0151dnek a cs\u00facskateg\u00f3ri\u00e1s j\u00e1rm\u0171vek ir\u00e1nt, \u00e9s rendelkeznek a v\u00e1s\u00e1rl\u00e1sukhoz sz\u00fcks\u00e9ges anyagi eszk\u00f6z\u00f6kkel. Egy m\u00e1sik p\u00e9lda lehet egy sportruh\u00e1zatot \u00e9rt\u00e9kes\u00edt\u0151 v\u00e1llalat, amely a fitnesz \u00e9s a sport ir\u00e1nt \u00e9rdekl\u0151d\u0151, akt\u00edv egy\u00e9neket c\u00e9lozza meg. A c\u00e9lpiacot olyan t\u00e9nyez\u0151k alapj\u00e1n hat\u00e1rozz\u00e1k meg, mint a demogr\u00e1fiai adatok, a viselked\u00e9s, a preferenci\u00e1k \u00e9s az ig\u00e9nyek. A c\u00e9lpiac azonos\u00edt\u00e1s\u00e1val a v\u00e1llalatok hat\u00e9konyabb marketingstrat\u00e9gi\u00e1kat hozhatnak l\u00e9tre, \u00e9s term\u00e9keiket vagy szolg\u00e1ltat\u00e1saikat \u00fagy alak\u00edthatj\u00e1k ki, hogy azok megfeleljenek a potenci\u00e1lis v\u00e1s\u00e1rl\u00f3k konkr\u00e9t ig\u00e9nyeinek \u00e9s sz\u00fcks\u00e9gleteinek.<\/p>\n<\/div>\n<\/div>\n","protected":false},"excerpt":{"rendered":"<p>\u00dczlettulajdonosk\u00e9nt a siker egyik legfontosabb szempontja az ide\u00e1lis v\u00e1s\u00e1rl\u00f3 meg\u00e9rt\u00e9se. Ez mag\u00e1ban foglalja a potenci\u00e1lis c\u00e9lpiac\u00e1nak, vagyis azon emberek csoportj\u00e1nak azonos\u00edt\u00e1s\u00e1t, akik a legnagyobb val\u00f3sz\u00edn\u0171s\u00e9ggel \u00e9rdekl\u0151dnek term\u00e9kei vagy szolg\u00e1ltat\u00e1sai ir\u00e1nt. A potenci\u00e1lis c\u00e9lpiac olyan egy\u00e9nek csoportjak\u00e9nt hat\u00e1rozhat\u00f3 meg, akik hasonl\u00f3 ig\u00e9nyekkel, \u00e9rdekl\u0151d\u00e9si k\u00f6rrel \u00e9s jellemz\u0151kkel rendelkeznek, amelyek miatt val\u00f3sz\u00edn\u0171leg v\u00e1s\u00e1roln\u00e1nak az \u00d6n v\u00e1llalkoz\u00e1s\u00e1t\u00f3l. Ha meg\u00e9rti, &#8230; <a title=\"Az ide\u00e1lis \u00fcgyf\u00e9l meg\u00e9rt\u00e9se: A potenci\u00e1lis c\u00e9lpiac azonos\u00edt\u00e1s\u00e1nak fontoss\u00e1ga\" class=\"read-more\" href=\"https:\/\/megnyitasa.com\/tudas\/az-idealis-ugyfel-megertese-a-potencialis-celpiac-azonositasanak-fontossaga\/\" aria-label=\"Read more about Az ide\u00e1lis \u00fcgyf\u00e9l meg\u00e9rt\u00e9se: A potenci\u00e1lis c\u00e9lpiac azonos\u00edt\u00e1s\u00e1nak fontoss\u00e1ga\">Read more<\/a><\/p>\n","protected":false},"author":143,"featured_media":0,"comment_status":"closed","ping_status":"closed","sticky":false,"template":"","format":"standard","meta":{"footnotes":""},"categories":[6],"tags":[],"class_list":["post-20390","post","type-post","status-publish","format-standard","hentry","category-reklam-es-marketing"],"_links":{"self":[{"href":"https:\/\/megnyitasa.com\/tudas\/wp-json\/wp\/v2\/posts\/20390","targetHints":{"allow":["GET"]}}],"collection":[{"href":"https:\/\/megnyitasa.com\/tudas\/wp-json\/wp\/v2\/posts"}],"about":[{"href":"https:\/\/megnyitasa.com\/tudas\/wp-json\/wp\/v2\/types\/post"}],"author":[{"embeddable":true,"href":"https:\/\/megnyitasa.com\/tudas\/wp-json\/wp\/v2\/users\/143"}],"replies":[{"embeddable":true,"href":"https:\/\/megnyitasa.com\/tudas\/wp-json\/wp\/v2\/comments?post=20390"}],"version-history":[{"count":0,"href":"https:\/\/megnyitasa.com\/tudas\/wp-json\/wp\/v2\/posts\/20390\/revisions"}],"wp:attachment":[{"href":"https:\/\/megnyitasa.com\/tudas\/wp-json\/wp\/v2\/media?parent=20390"}],"wp:term":[{"taxonomy":"category","embeddable":true,"href":"https:\/\/megnyitasa.com\/tudas\/wp-json\/wp\/v2\/categories?post=20390"},{"taxonomy":"post_tag","embeddable":true,"href":"https:\/\/megnyitasa.com\/tudas\/wp-json\/wp\/v2\/tags?post=20390"}],"curies":[{"name":"wp","href":"https:\/\/api.w.org\/{rel}","templated":true}]}}