{"id":20418,"date":"2023-04-24T00:00:00","date_gmt":"2023-04-24T00:00:00","guid":{"rendered":"https:\/\/megnyitasa.com\/tudas\/az-alkalmazottak-elkotelezettsegenek-fenntartasa\/"},"modified":"2023-04-24T00:00:00","modified_gmt":"2023-04-24T00:00:00","slug":"az-alkalmazottak-elkotelezettsegenek-fenntartasa","status":"publish","type":"post","link":"https:\/\/megnyitasa.com\/tudas\/az-alkalmazottak-elkotelezettsegenek-fenntartasa\/","title":{"rendered":"Az alkalmazottak elk\u00f6telezetts\u00e9g\u00e9nek fenntart\u00e1sa"},"content":{"rendered":"<div class=\"articlecontent\">\n<div class=\"newlinediv\"><\/div>\n<p> Vezet\u0151k\u00e9nt sosem k\u00f6nny\u0171 k\u00f6z\u00f6lni egy alkalmazottal, hogy nem kapta meg a rem\u00e9lt el\u0151l\u00e9ptet\u00e9st. B\u00e1r \u00e9rthet\u0151, hogy csal\u00f3dottnak \u00e9rzik magukat, alapvet\u0151 fontoss\u00e1g\u00fa, hogy a motiv\u00e1ci\u00f3juk \u00e9s elk\u00f6telezetts\u00e9g\u00fck ne szenvedjen csorb\u00e1t. Vezet\u0151k\u00e9nt az \u00d6n feladata, hogy az el\u0151l\u00e9ptet\u00e9s elutas\u00edt\u00e1sa ut\u00e1n is elk\u00f6telezettek \u00e9s motiv\u00e1ltak maradjanak az alkalmazottai. \u00cdme n\u00e9h\u00e1ny m\u00f3dszer, amivel ezt megteheti. <\/p>\n<div class=\"title\"> 1. Adjon visszajelz\u00e9st <\/div>\n<p> Miut\u00e1n k\u00f6z\u00f6lte a h\u00edrt az alkalmazottj\u00e1val, elengedhetetlen, hogy konstrukt\u00edv visszajelz\u00e9st adjon. Tudassa vel\u00fck, hogy mit csin\u00e1ltak j\u00f3l, \u00e9s milyen ter\u00fcleteken dolgozhatnak, hogy a j\u00f6v\u0151ben jav\u00edts\u00e1k az el\u0151l\u00e9ptet\u00e9si es\u00e9lyeiket. A visszajelz\u00e9ssel nemcsak a k\u00e9pess\u00e9geik fejleszt\u00e9s\u00e9t seg\u00edted, hanem azt is megmutatod, hogy \u00e9rt\u00e9keled a hozz\u00e1j\u00e1rul\u00e1sukat. <\/p>\n<div class=\"title\"> 2. T\u0171zz\u00f6n ki c\u00e9lokat <\/div>\n<p> Seg\u00edtsen az alkalmazottj\u00e1nak olyan c\u00e9lokat \u00e9s c\u00e9lkit\u0171z\u00e9seket kit\u0171zni, amelyek el\u00e9rhet\u0151ek \u00e9s \u00f6sszhangban vannak a karrierc\u00e9ljaival. A c\u00e9lok kit\u0171z\u00e9se ir\u00e1nyt \u00e9s c\u00e9lt adhat nekik, \u00e9s seg\u00edthet abban is, hogy motiv\u00e1ltak \u00e9s elk\u00f6telezettek maradjanak. B\u00e1tor\u00edtsa \u0151ket, hogy v\u00e1llaljanak \u00faj kih\u00edv\u00e1sokat \u00e9s projekteket, amelyek seg\u00edthetnek nekik fejleszteni a k\u00e9pess\u00e9geiket \u00e9s megmutatni a benn\u00fck rejl\u0151 lehet\u0151s\u00e9geket. <\/p>\n<div class=\"title\"> 3. Ismerje el az el\u00e9rt eredm\u00e9nyeket <\/div>\n<p> Gy\u0151z\u0151dj\u00f6n meg r\u00f3la, hogy elismeri \u00e9s meg\u00fcnnepli az alkalmazottja eredm\u00e9nyeit, f\u00fcggetlen\u00fcl att\u00f3l, hogy megkapta-e az el\u0151l\u00e9ptet\u00e9st vagy sem. Ismerje el kem\u00e9ny munk\u00e1jukat \u00e9s hozz\u00e1j\u00e1rul\u00e1sukat, \u00e9s tudassa vel\u00fck, hogy er\u0151fesz\u00edt\u00e9seiket \u00e9rt\u00e9kelik. Az eredm\u00e9nyek elismer\u00e9se n\u00f6velheti a munkamor\u00e1lt \u00e9s motiv\u00e1lhatja a munkav\u00e1llal\u00f3kat, hogy tov\u00e1bbra is kem\u00e9nyen dolgozzanak. <\/p>\n<div class=\"title\"> 4. K\u00edn\u00e1ljon fejl\u0151d\u00e9si lehet\u0151s\u00e9geket <\/div>\n<p> Biztos\u00edtson olyan fejl\u0151d\u00e9si lehet\u0151s\u00e9geket a munkav\u00e1llal\u00f3j\u00e1nak, amelyek seg\u00edthetnek nekik fejleszteni a k\u00e9pess\u00e9geiket \u00e9s el\u0151r\u00e9bb l\u00e9pni a karrierj\u00fckben. Ez mag\u00e1ban foglalhat k\u00e9pz\u00e9seket, workshopokat vagy mentorprogramokat. Azzal, hogy fejl\u0151d\u00e9si lehet\u0151s\u00e9geket k\u00edn\u00e1l, megmutatja a munkav\u00e1llal\u00f3j\u00e1nak, hogy hisz a lehet\u0151s\u00e9geiben, \u00e9s befektet a fejl\u0151d\u00e9s\u00fckbe. <\/p>\n<div class=\"newlinediv\"><\/div>\n<p> \u00d6sszefoglalva, a pozit\u00edv munkahelyi k\u00f6rnyezet fenntart\u00e1s\u00e1hoz elengedhetetlen, hogy az el\u0151l\u00e9ptet\u00e9s elutas\u00edt\u00e1sa ut\u00e1n is elk\u00f6telezettek \u00e9s motiv\u00e1ltak maradjanak az alkalmazottai. Visszajelz\u00e9ssel, c\u00e9lok kit\u0171z\u00e9s\u00e9vel, az el\u00e9rt eredm\u00e9nyek elismer\u00e9s\u00e9vel \u00e9s fejl\u0151d\u00e9si lehet\u0151s\u00e9gek felaj\u00e1nl\u00e1s\u00e1val seg\u00edthet munkav\u00e1llal\u00f3j\u00e1nak abban, hogy koncentr\u00e1lt \u00e9s elk\u00f6telezett maradjon a munk\u00e1ja ir\u00e1nt. Ne feledje, hogy a motiv\u00e1lt alkalmazott produkt\u00edv alkalmazott, \u00e9s az \u00d6n feladata vezet\u0151k\u00e9nt, hogy elk\u00f6telezett \u00e9s motiv\u00e1lt maradjon.<\/p><\/div>\n<div class=\"questions\">\n<div class=\"questionstitle\">FAQ<\/div>\n<div class=\"question\">\n<div class=\"qtitle\"> Mennyi id\u0151 a t\u00fal hossz\u00fa id\u0151 el\u0151l\u00e9ptet\u00e9s n\u00e9lk\u00fcl?<\/div>\n<p> A v\u00e1lasz erre a k\u00e9rd\u00e9sre ipar\u00e1gt\u00f3l, v\u00e1llalati kult\u00far\u00e1t\u00f3l \u00e9s egy\u00e9ni k\u00f6r\u00fclm\u00e9nyekt\u0151l f\u00fcgg\u0151en v\u00e1ltozhat. \u00c1ltal\u00e1noss\u00e1gban elmondhat\u00f3, hogy ha egy alkalmazott folyamatosan magas szinten teljes\u00edt, \u00e9s k\u00e9t-h\u00e1rom \u00e9v eltelt\u00e9vel sem kapott el\u0151l\u00e9ptet\u00e9st vagy el\u0151rel\u00e9p\u00e9si lehet\u0151s\u00e9get, akkor itt az ideje, hogy besz\u00e9lgessen a felettes\u00e9vel vagy a vezet\u0151j\u00e9vel a v\u00e1llalaton bel\u00fcli karrier\u00e9p\u00edt\u00e9si \u00e9s fejl\u0151d\u00e9si lehet\u0151s\u00e9gekr\u0151l. <\/p>\n<div class=\"newlinediv\"><\/div>\n<p> Fontos azonban megjegyezni, hogy az el\u0151l\u00e9ptet\u00e9sek nem mindig kiz\u00e1r\u00f3lag a szolg\u00e1lati id\u0151n vagy a teljes\u00edtm\u00e9nyen alapulnak. M\u00e1s t\u00e9nyez\u0151k, p\u00e9ld\u00e1ul a v\u00e1llalat n\u00f6veked\u00e9se, a k\u00f6lts\u00e9gvet\u00e9si korl\u00e1tok \u00e9s a rendelkez\u00e9sre \u00e1ll\u00f3 poz\u00edci\u00f3k is befoly\u00e1solhatj\u00e1k az el\u0151l\u00e9ptet\u00e9sek id\u0151z\u00edt\u00e9s\u00e9t. Fontos, hogy a munkav\u00e1llal\u00f3k ny\u00edlt \u00e9s \u0151szinte kommunik\u00e1ci\u00f3t folytassanak vezet\u0151ikkel karrierc\u00e9ljaikr\u00f3l \u00e9s t\u00f6rekv\u00e9seikr\u0151l, \u00e9s egy\u00fcttm\u0171k\u00f6dve keress\u00e9k a v\u00e1llalaton bel\u00fcli lehets\u00e9ges el\u0151rel\u00e9p\u00e9si lehet\u0151s\u00e9geket. <\/p>\n<div class=\"newlinediv\"><\/div>\n<p> V\u00e9gs\u0151 soron a munkav\u00e1llal\u00f3 hat\u00e1rozza meg, hogy mik a karrierc\u00e9ljai, \u00e9s mennyi id\u0151t hajland\u00f3 v\u00e1rni egy el\u0151l\u00e9ptet\u00e9sre vagy el\u0151rel\u00e9p\u00e9si lehet\u0151s\u00e9gre. Ha \u00fagy \u00e9rzi, hogy n\u00f6veked\u00e9si \u00e9s fejl\u0151d\u00e9si ig\u00e9nyei nem teljes\u00fclnek a jelenlegi szervezet\u00e9n bel\u00fcl, akkor lehet, hogy meg kell fontolnia, hogy m\u00e1shol keressen m\u00e1s karrierlehet\u0151s\u00e9geket. <\/p>\n<\/div>\n<div class=\"question\">\n<div class=\"qtitle\"> Mi\u00e9rt utas\u00edtj\u00e1k el a munkav\u00e1llal\u00f3k az el\u0151l\u00e9ptet\u00e9st?<\/div>\n<p> A munkav\u00e1llal\u00f3k sz\u00e1mos okb\u00f3l elutas\u00edthatj\u00e1k az el\u0151l\u00e9ptet\u00e9st. N\u00e9h\u00e1ny a leggyakoribb okok k\u00f6z\u00fcl: <\/p>\n<div class=\"newlinediv\"><\/div>\n<p> 1. Az \u00e9rdekl\u0151d\u00e9s hi\u00e1nya: El\u0151fordulhat, hogy a munkav\u00e1llal\u00f3t nem \u00e9rdekli az \u00faj szerepk\u00f6r vagy az azzal j\u00e1r\u00f3 felel\u0151ss\u00e9g. Lehet, hogy ink\u00e1bb a jelenlegi felel\u0151ss\u00e9gi k\u00f6r\u00e9t \u00e9s feladatait szeretn\u00e9 folytatni. <\/p>\n<div class=\"newlinediv\"><\/div>\n<p> 2. Munka \u00e9s mag\u00e1n\u00e9let egyens\u00falya: Az \u00faj szerepk\u00f6r hosszabb munkaid\u0151t vagy t\u00f6bb utaz\u00e1st ig\u00e9nyelhet, ami hat\u00e1ssal lehet a munkav\u00e1llal\u00f3 munka-mag\u00e1n\u00e9let egyens\u00faly\u00e1ra. A jobb munka-mag\u00e1n\u00e9let egyens\u00faly fenntart\u00e1sa \u00e9rdek\u00e9ben d\u00f6nthet \u00fagy, hogy elutas\u00edtja az el\u0151l\u00e9ptet\u00e9st. <\/p>\n<div class=\"newlinediv\"><\/div>\n<p> 3. Kompenz\u00e1ci\u00f3: El\u0151fordulhat, hogy a munkav\u00e1llal\u00f3 nem el\u00e9gedett az \u00faj szerepk\u00f6r\u00e9rt k\u00edn\u00e1lt kompenz\u00e1ci\u00f3s csomaggal. \u00dagy \u00e9rezheti, hogy a felel\u0151ss\u00e9g n\u00f6veked\u00e9se nem \u00e1ll ar\u00e1nyban a felaj\u00e1nlott kompenz\u00e1ci\u00f3val. <\/p>\n<div class=\"newlinediv\"><\/div>\n<p> 4. A kudarct\u00f3l val\u00f3 f\u00e9lelem: A munkav\u00e1llal\u00f3 att\u00f3l tarthat, hogy nem lesz k\u00e9pes teljes\u00edteni az \u00faj szerepk\u00f6rben \u00e9s megfelelni a felettesei elv\u00e1r\u00e1sainak. Ez a kudarct\u00f3l val\u00f3 f\u00e9lelem arra k\u00e9sztetheti, hogy elutas\u00edtsa az el\u0151l\u00e9ptet\u00e9st. <\/p>\n<div class=\"newlinediv\"><\/div>\n<p> 5. Az \u00f6nbizalom hi\u00e1nya: A munkav\u00e1llal\u00f3nak lehet, hogy nincs meg a sz\u00fcks\u00e9ges \u00f6nbizalma vagy k\u00e9szs\u00e9ge az \u00faj szerepk\u00f6rben val\u00f3 teljes\u00edt\u00e9shez. Az\u00e9rt d\u00f6nthet \u00fagy, hogy elutas\u00edtja az el\u0151l\u00e9ptet\u00e9st, hogy elker\u00fclje, hogy olyan poz\u00edci\u00f3ba ker\u00fclj\u00f6n, ahol \u00fagy \u00e9rzi, nem lesz k\u00e9pes a legjobb teljes\u00edtm\u00e9nyt ny\u00fajtani. <\/p>\n<div class=\"newlinediv\"><\/div>\n<p> 6. Szem\u00e9lyes okok: A munkav\u00e1llal\u00f3nak lehetnek olyan szem\u00e9lyes k\u00f6telezetts\u00e9gei vagy priorit\u00e1sai, amelyek megnehez\u00edthetik sz\u00e1m\u00e1ra az \u00faj szerepk\u00f6r v\u00e1llal\u00e1s\u00e1t. Lehet, hogy \u00fagy d\u00f6nt, hogy visszautas\u00edtja az el\u0151l\u00e9ptet\u00e9st, hogy szem\u00e9lyes k\u00f6telezetts\u00e9geit helyezze el\u0151t\u00e9rbe. <\/p>\n<div class=\"newlinediv\"><\/div>\n<p> Fontos, hogy a vezet\u0151k ny\u00edlt \u00e9s \u00e1tl\u00e1that\u00f3 besz\u00e9lget\u00e9st folytassanak az el\u0151l\u00e9ptet\u00e9st elutas\u00edt\u00f3 alkalmazottakkal. Ez seg\u00edthet meg\u00e9rteni a d\u00f6nt\u00e9s\u00fck m\u00f6g\u00f6tt megh\u00faz\u00f3d\u00f3 okokat, \u00e9s az esetleges agg\u00e1lyaik vagy probl\u00e9m\u00e1ik megold\u00e1s\u00e1ra t\u00f6rekedni. <\/p>\n<\/div>\n<div class=\"question\">\n<div class=\"qtitle\"> Hogyan reag\u00e1ljon egy elutas\u00edtott el\u0151l\u00e9ptet\u00e9sre?<\/div>\n<p> Az elutas\u00edtott el\u0151l\u00e9ptet\u00e9s k\u00e9zhezv\u00e9tele minden munkav\u00e1llal\u00f3 sz\u00e1m\u00e1ra ki\u00e1br\u00e1nd\u00edt\u00f3 \u00e9s frusztr\u00e1l\u00f3 \u00e9lm\u00e9ny lehet. Fontos azonban, hogy a helyzetet szakszer\u0171en \u00e9s konstrukt\u00edvan kezelje. \u00cdme n\u00e9h\u00e1ny tipp arra vonatkoz\u00f3an, hogyan reag\u00e1ljon egy elutas\u00edtott el\u0151l\u00e9ptet\u00e9sre: <\/p>\n<div class=\"newlinediv\"><\/div>\n<p> 1. Sz\u00e1njon id\u0151t az \u00e9rzelmei feldolgoz\u00e1s\u00e1ra: Term\u00e9szetes, hogy csal\u00f3dottnak, d\u00fch\u00f6snek vagy feld\u00faltnak \u00e9rzi mag\u00e1t, amikor megtagadj\u00e1k az el\u0151l\u00e9ptet\u00e9st. Sz\u00e1njon egy kis id\u0151t az \u00e9rzelmei \u00e1tgondol\u00e1s\u00e1ra \u00e9s feldolgoz\u00e1s\u00e1ra. Ha frusztr\u00e1ci\u00f3j\u00e1t m\u00e1sokon, k\u00fcl\u00f6n\u00f6sen koll\u00e9g\u00e1in vagy vezet\u0151in engedi ki, az kontraprodukt\u00edv lehet, \u00e9s negat\u00edvan befoly\u00e1solhatja szakmai kapcsolatait. <\/p>\n<div class=\"newlinediv\"><\/div>\n<p> 2. K\u00e9rjen visszajelz\u00e9st: K\u00e9rjen visszajelz\u00e9st a vezet\u0151j\u00e9t\u0151l vagy a HR-oszt\u00e1lyt\u00f3l arr\u00f3l, hogy mi\u00e9rt nem \u00d6nt v\u00e1lasztott\u00e1k ki az el\u0151l\u00e9ptet\u00e9sre. Nyitottan hallgassa meg a visszajelz\u00e9st, \u00e9s azonos\u00edtsa azokat a ter\u00fcleteket, ahol jav\u00edthat. K\u00e9sz\u00edtsen tervet a hi\u00e1nyoss\u00e1gok kezel\u00e9s\u00e9re, \u00e9s dolgozzon az \u00faj k\u00e9szs\u00e9gek fejleszt\u00e9s\u00e9n. <\/p>\n<div class=\"newlinediv\"><\/div>\n<p> 3. Maradjon pozit\u00edv \u00e9s koncentr\u00e1lt: Fontos, hogy pozit\u00edv maradjon \u00e9s \u00f6sszpontos\u00edtson a jelenlegi munkak\u00f6ri feladataira. Folytassa a magas sz\u00ednvonal\u00fa munkav\u00e9gz\u00e9st \u00e9s j\u00e1ruljon hozz\u00e1 csapata siker\u00e9hez. Ez megmutatja a v\u00e1llalat ir\u00e1nti elk\u00f6telezetts\u00e9g\u00e9t \u00e9s a j\u00f6v\u0151beli fejl\u0151d\u00e9si lehet\u0151s\u00e9geit. <\/p>\n<div class=\"newlinediv\"><\/div>\n<p> 4. Fontolja meg a lehet\u0151s\u00e9geket: Ha \u00fagy \u00e9rzi, hogy igazs\u00e1gtalanul tagadt\u00e1k meg az el\u0151l\u00e9ptet\u00e9st, \u00e9rdemes megfontolnia, hogy tov\u00e1bb t\u00e1rgyaljon az \u00fcgyr\u0151l a vezet\u0151j\u00e9vel vagy a HR-oszt\u00e1llyal. K\u00e9sz\u00fclj\u00f6n fel azonban arra, hogy elfogadja a d\u00f6nt\u00e9s\u00fcket, \u00e9s sz\u00fcks\u00e9g eset\u00e9n tov\u00e1bbl\u00e9pjen. \u00c9rdemes lehet m\u00e1s munkalehet\u0151s\u00e9geket is megvizsg\u00e1lnia a v\u00e1llalaton bel\u00fcl vagy azon k\u00edv\u00fcl. <\/p>\n<div class=\"newlinediv\"><\/div>\n<p> \u00d6sszefoglalva, az elutas\u00edtott el\u0151l\u00e9ptet\u00e9sre adott v\u00e1laszhoz professzion\u00e1lis \u00e9s konstrukt\u00edv megk\u00f6zel\u00edt\u00e9sre van sz\u00fcks\u00e9g. Sz\u00e1njon id\u0151t az \u00e9rzelmei feldolgoz\u00e1s\u00e1ra, k\u00e9rjen visszajelz\u00e9st, maradjon pozit\u00edv \u00e9s koncentr\u00e1lt, \u00e9s fontolja meg a lehet\u0151s\u00e9geit.<\/p>\n<\/div>\n<\/div>\n","protected":false},"excerpt":{"rendered":"<p>Vezet\u0151k\u00e9nt sosem k\u00f6nny\u0171 k\u00f6z\u00f6lni egy alkalmazottal, hogy nem kapta meg a rem\u00e9lt el\u0151l\u00e9ptet\u00e9st. B\u00e1r \u00e9rthet\u0151, hogy csal\u00f3dottnak \u00e9rzik magukat, alapvet\u0151 fontoss\u00e1g\u00fa, hogy a motiv\u00e1ci\u00f3juk \u00e9s elk\u00f6telezetts\u00e9g\u00fck ne szenvedjen csorb\u00e1t. Vezet\u0151k\u00e9nt az \u00d6n feladata, hogy az el\u0151l\u00e9ptet\u00e9s elutas\u00edt\u00e1sa ut\u00e1n is elk\u00f6telezettek \u00e9s motiv\u00e1ltak maradjanak az alkalmazottai. \u00cdme n\u00e9h\u00e1ny m\u00f3dszer, amivel ezt megteheti. 1. Adjon visszajelz\u00e9st Miut\u00e1n &#8230; <a title=\"Az alkalmazottak elk\u00f6telezetts\u00e9g\u00e9nek fenntart\u00e1sa\" class=\"read-more\" href=\"https:\/\/megnyitasa.com\/tudas\/az-alkalmazottak-elkotelezettsegenek-fenntartasa\/\" aria-label=\"Read more about Az alkalmazottak elk\u00f6telezetts\u00e9g\u00e9nek fenntart\u00e1sa\">Read more<\/a><\/p>\n","protected":false},"author":1216,"featured_media":0,"comment_status":"closed","ping_status":"closed","sticky":false,"template":"","format":"standard","meta":{"footnotes":""},"categories":[19],"tags":[],"class_list":["post-20418","post","type-post","status-publish","format-standard","hentry","category-az-alkalmazottak-iranyitasa"],"_links":{"self":[{"href":"https:\/\/megnyitasa.com\/tudas\/wp-json\/wp\/v2\/posts\/20418","targetHints":{"allow":["GET"]}}],"collection":[{"href":"https:\/\/megnyitasa.com\/tudas\/wp-json\/wp\/v2\/posts"}],"about":[{"href":"https:\/\/megnyitasa.com\/tudas\/wp-json\/wp\/v2\/types\/post"}],"author":[{"embeddable":true,"href":"https:\/\/megnyitasa.com\/tudas\/wp-json\/wp\/v2\/users\/1216"}],"replies":[{"embeddable":true,"href":"https:\/\/megnyitasa.com\/tudas\/wp-json\/wp\/v2\/comments?post=20418"}],"version-history":[{"count":0,"href":"https:\/\/megnyitasa.com\/tudas\/wp-json\/wp\/v2\/posts\/20418\/revisions"}],"wp:attachment":[{"href":"https:\/\/megnyitasa.com\/tudas\/wp-json\/wp\/v2\/media?parent=20418"}],"wp:term":[{"taxonomy":"category","embeddable":true,"href":"https:\/\/megnyitasa.com\/tudas\/wp-json\/wp\/v2\/categories?post=20418"},{"taxonomy":"post_tag","embeddable":true,"href":"https:\/\/megnyitasa.com\/tudas\/wp-json\/wp\/v2\/tags?post=20418"}],"curies":[{"name":"wp","href":"https:\/\/api.w.org\/{rel}","templated":true}]}}