{"id":20467,"date":"2023-04-24T00:00:00","date_gmt":"2023-04-24T00:00:00","guid":{"rendered":"https:\/\/megnyitasa.com\/tudas\/a-delegalas-fontossaga-es-a-vezetok-altal-tapasztalt-kozos-kihivasok\/"},"modified":"2023-04-24T00:00:00","modified_gmt":"2023-04-24T00:00:00","slug":"a-delegalas-fontossaga-es-a-vezetok-altal-tapasztalt-kozos-kihivasok","status":"publish","type":"post","link":"https:\/\/megnyitasa.com\/tudas\/a-delegalas-fontossaga-es-a-vezetok-altal-tapasztalt-kozos-kihivasok\/","title":{"rendered":"A deleg\u00e1l\u00e1s fontoss\u00e1ga \u00e9s a vezet\u0151k \u00e1ltal tapasztalt k\u00f6z\u00f6s kih\u00edv\u00e1sok"},"content":{"rendered":"<div class=\"articlecontent\">\n<div class=\"newlinediv\"><\/div>\n<p> A deleg\u00e1l\u00e1s a vezet\u00e9s egyik alapvet\u0151 szempontja, amely lehet\u0151v\u00e9 teszi a vezet\u0151k sz\u00e1m\u00e1ra a feladatok \u00e9s felel\u0151ss\u00e9gek hat\u00e9kony eloszt\u00e1s\u00e1t. A feladatok deleg\u00e1l\u00e1s\u00e1val a vezet\u0151k a figyelm\u00fcket ig\u00e9nyl\u0151, kritikusabb k\u00e9rd\u00e9sekre \u00f6sszpontos\u00edthatnak, mik\u00f6zben a csapattagok sz\u00e1m\u00e1ra is lehet\u0151v\u00e9 teszik, hogy fejlessz\u00e9k k\u00e9pess\u00e9geiket \u00e9s szak\u00e9rtelm\u00fcket. A hat\u00e9kony deleg\u00e1l\u00e1st azonban nem mindig k\u00f6nny\u0171 megval\u00f3s\u00edtani. A vezet\u0151k gyakran szembes\u00fclnek k\u00fcl\u00f6nb\u00f6z\u0151 kih\u00edv\u00e1sokkal, amelyek akad\u00e1lyozz\u00e1k \u0151ket abban, hogy feladatokat \u00e9s felel\u0151ss\u00e9geket deleg\u00e1ljanak csapattagjaiknak. Ebben a cikkben megvitatjuk a deleg\u00e1l\u00e1s n\u00e9h\u00e1ny gyakori akad\u00e1ly\u00e1t, amellyel a vezet\u0151k szembes\u00fclnek, \u00e9s megvizsg\u00e1ljuk a lek\u00fczd\u00e9s\u00fckre vonatkoz\u00f3 strat\u00e9gi\u00e1kat. <\/p>\n<div class=\"title\"> 1. A bizalom hi\u00e1nya <\/div>\n<p> A hat\u00e9kony deleg\u00e1l\u00e1s egyik legjelent\u0151sebb akad\u00e1lya a vezet\u0151k \u00e9s a csapattagok k\u00f6z\u00f6tti bizalom hi\u00e1nya. Ez t\u00f6bbf\u00e9lek\u00e9ppen is megnyilv\u00e1nulhat, p\u00e9ld\u00e1ul mikromenedzsmentk\u00e9nt \u00e9s a fontos feladatok deleg\u00e1l\u00e1s\u00e1t\u00f3l val\u00f3 vonakod\u00e1sk\u00e9nt. Azok a vezet\u0151k, akik nehezen b\u00edznak csapattagjaikban, gyakran \u00fagy \u00e9rzik, hogy csak \u0151k k\u00e9pesek bizonyos feladatok elv\u00e9gz\u00e9s\u00e9re, vagy hogy csapattagjaik esetleg nem el\u00e9g kompetensek azok elv\u00e9gz\u00e9s\u00e9hez. E kih\u00edv\u00e1s lek\u00fczd\u00e9s\u00e9hez a vezet\u0151knek bizalmat kell \u00e9p\u00edteni\u00fck csapattagjaikkal az\u00e1ltal, hogy vil\u00e1gos elv\u00e1r\u00e1sokat t\u00e1masztanak vel\u00fck szemben, t\u00e1mogat\u00e1st \u00e9s \u00fatmutat\u00e1st ny\u00fajtanak nekik, valamint elismerik \u00e9s jutalmazz\u00e1k sikereiket. <\/p>\n<div class=\"title\"> 2. Az ir\u00e1ny\u00edt\u00e1s elveszt\u00e9s\u00e9t\u0151l val\u00f3 f\u00e9lelem <\/div>\n<p> A deleg\u00e1l\u00e1s m\u00e1sik gyakori akad\u00e1lya az ir\u00e1ny\u00edt\u00e1s elveszt\u00e9s\u00e9t\u0151l val\u00f3 f\u00e9lelem. Azok a vezet\u0151k, akik f\u00e9lnek az ellen\u0151rz\u00e9s elveszt\u00e9s\u00e9t\u0151l, \u00fagy \u00e9rezhetik, hogy a feladatok \u00e9s felel\u0151ss\u00e9gek deleg\u00e1l\u00e1sa hib\u00e1khoz vagy nem megfelel\u0151 teljes\u00edtm\u00e9nyhez vezethet. Ez a f\u00e9lelem abb\u00f3l az aggodalomb\u00f3l is fakadhat, hogy a szervezet sz\u00e1m\u00e1ra kev\u00e9sb\u00e9 kompetensnek vagy \u00e9rt\u00e9kesnek t\u0171nnek. A vezet\u0151k lek\u00fczdhetik ezt az akad\u00e1lyt egy olyan deleg\u00e1l\u00e1si terv kidolgoz\u00e1s\u00e1val, amely felv\u00e1zolja az \u00e1truh\u00e1zhat\u00f3 feladatokat \u00e9s felel\u0151ss\u00e9geket, meghat\u00e1rozza a megfelel\u0151 csapattagokat a feladatra, \u00e9s vil\u00e1gos utas\u00edt\u00e1sokat \u00e9s ir\u00e1nymutat\u00e1sokat ad. <\/p>\n<div class=\"title\"> 3. Nem megfelel\u0151 kommunik\u00e1ci\u00f3 <\/div>\n<p> A rossz kommunik\u00e1ci\u00f3 a hat\u00e9kony deleg\u00e1l\u00e1s m\u00e1sik jelent\u0151s akad\u00e1lya. Azok a vezet\u0151k, akik nem kommunik\u00e1lnak hat\u00e9konyan a csapattagjaikkal, nem adhatnak egy\u00e9rtelm\u0171 utas\u00edt\u00e1sokat, ami f\u00e9lre\u00e9rt\u00e9sekhez \u00e9s hib\u00e1khoz vezethet. A nem megfelel\u0151 kommunik\u00e1ci\u00f3 azt is okozhatja, hogy a csapattagok nem \u00e9rzik magukat elk\u00f6telezettnek vagy alul\u00e9rt\u00e9keltnek, ami alacsony mor\u00e1lhoz \u00e9s cs\u00f6kkent termel\u00e9kenys\u00e9ghez vezet. E kih\u00edv\u00e1s lek\u00fczd\u00e9se \u00e9rdek\u00e9ben a vezet\u0151knek ny\u00edltan \u00e9s gyakran kell kommunik\u00e1lniuk csapattagjaikkal, rendszeres visszajelz\u00e9st adva, \u00e9s sz\u00fcks\u00e9g eset\u00e9n t\u00e1mogat\u00e1st \u00e9s \u00fatmutat\u00e1st ny\u00fajtva. <\/p>\n<div class=\"title\"> 4. Id\u0151hi\u00e1ny <\/div>\n<p> V\u00e9g\u00fcl pedig a vezet\u0151k id\u0151hi\u00e1ny miatt nehezen tudnak feladatokat \u00e9s felel\u0151ss\u00e9geket deleg\u00e1lni. A munkaterhel\u00e9s\u00fckkel t\u00falterhelt vezet\u0151k \u00fagy \u00e9rezhetik, hogy nincs idej\u00fck a feladatok hat\u00e9kony deleg\u00e1l\u00e1s\u00e1ra vagy a sz\u00fcks\u00e9ges t\u00e1mogat\u00e1s \u00e9s \u00fatmutat\u00e1s ny\u00fajt\u00e1s\u00e1ra csapattagjaiknak. Ennek az akad\u00e1lynak a lek\u00fczd\u00e9se \u00e9rdek\u00e9ben a vezet\u0151knek rangsorolniuk kell a munkaterhel\u00e9s\u00fcket, \u00e9s meg kell hat\u00e1rozniuk azokat a feladatokat, amelyeket deleg\u00e1lhatnak a csapattagjaiknak. Emellett biztos\u00edtaniuk kell a csapattagjaik sz\u00e1m\u00e1ra a sz\u00fcks\u00e9ges er\u0151forr\u00e1sokat \u00e9s t\u00e1mogat\u00e1st annak \u00e9rdek\u00e9ben, hogy hat\u00e9konyan tudj\u00e1k kezelni az \u00e1truh\u00e1zott feladatokat. <\/p>\n<div class=\"newlinediv\"><\/div>\n<p> \u00d6sszefoglalva, a deleg\u00e1l\u00e1s a hat\u00e9kony vezet\u00e9s egyik kritikus szempontja, amely lehet\u0151v\u00e9 teszi a vezet\u0151k sz\u00e1m\u00e1ra a feladatok \u00e9s felel\u0151ss\u00e9gek hat\u00e9kony eloszt\u00e1s\u00e1t. A vezet\u0151k azonban gyakran szembes\u00fclnek a deleg\u00e1l\u00e1s k\u00fcl\u00f6nb\u00f6z\u0151 akad\u00e1lyaival, mint p\u00e9ld\u00e1ul a bizalom hi\u00e1nya, az ir\u00e1ny\u00edt\u00e1s elveszt\u00e9s\u00e9t\u0151l val\u00f3 f\u00e9lelem, a nem megfelel\u0151 kommunik\u00e1ci\u00f3 \u00e9s az id\u0151hi\u00e1ny. Az ezen akad\u00e1lyok lek\u00fczd\u00e9s\u00e9re ir\u00e1nyul\u00f3 strat\u00e9gi\u00e1k kidolgoz\u00e1s\u00e1val a vezet\u0151k bizalmat \u00e9p\u00edthetnek csapattagjaikkal, k\u00e9pess\u00e9 tehetik csapattagjaikat k\u00e9szs\u00e9geik \u00e9s szak\u00e9rtelm\u00fck fejleszt\u00e9s\u00e9re, \u00e9s a figyelm\u00fcket ig\u00e9nyl\u0151, kritikusabb k\u00e9rd\u00e9sekre \u00f6sszpontos\u00edthatnak.<\/p><\/div>\n<div class=\"questions\">\n<div class=\"questionstitle\">FAQ<\/div>\n<div class=\"question\">\n<div class=\"qtitle\"> Melyek a deleg\u00e1l\u00e1s akad\u00e1lyai, \u00e9s hogyan gy\u0151zhetik le \u0151ket a vezet\u0151k?<\/div>\n<p> A deleg\u00e1l\u00e1s az alkalmazottak hat\u00e9kony ir\u00e1ny\u00edt\u00e1s\u00e1nak egyik kritikus szempontja, de a vezet\u0151k sz\u00e1m\u00e1ra kih\u00edv\u00e1st jelenthet a feladatok \u00e9s felel\u0151ss\u00e9gek deleg\u00e1l\u00e1sa. A deleg\u00e1l\u00e1s n\u00e9h\u00e1ny gyakori akad\u00e1lya a k\u00f6vetkez\u0151: <\/p>\n<div class=\"newlinediv\"><\/div>\n<p> 1. A bizalom hi\u00e1nya: A vezet\u0151k nehezen b\u00edzhatnak meg alkalmazottaikban a feladatok \u00e9s felel\u0151ss\u00e9gek kezel\u00e9s\u00e9ben, k\u00fcl\u00f6n\u00f6sen akkor, ha nem dolgoztak vel\u00fck r\u00e9g\u00f3ta egy\u00fctt. \u00dagy \u00e9rezhetik, hogy alkalmazottaik nem rendelkeznek a sz\u00fcks\u00e9ges k\u00e9szs\u00e9gekkel vagy szak\u00e9rtelemmel ahhoz, hogy a munk\u00e1t az \u0151 elv\u00e1r\u00e1saiknak megfelel\u0151en v\u00e9gezz\u00e9k. <\/p>\n<div class=\"newlinediv\"><\/div>\n<p> 2. Az ir\u00e1ny\u00edt\u00e1s elveszt\u00e9s\u00e9t\u0151l val\u00f3 f\u00e9lelem: A vezet\u0151k \u00fagy \u00e9rezhetik, hogy a feladatok \u00e9s felel\u0151ss\u00e9gek deleg\u00e1l\u00e1sa az eredm\u00e9nyek feletti kontroll elveszt\u00e9s\u00e9t jelenti. Agg\u00f3dhatnak amiatt, hogy alkalmazottaik nem az elv\u00e1r\u00e1saiknak megfelel\u0151en v\u00e9gzik majd a munk\u00e1t, ami hat\u00e1ssal lehet a vezet\u0151i teljes\u00edtm\u00e9ny\u00fckre. <\/p>\n<div class=\"newlinediv\"><\/div>\n<p> 3. Id\u0151hi\u00e1ny: A vezet\u0151k \u00fagy \u00e9rezhetik, hogy nincs el\u00e9g idej\u00fck arra, hogy feladatokat \u00e9s felel\u0151ss\u00e9get deleg\u00e1ljanak alkalmazottaiknak. Lehet, hogy t\u00fals\u00e1gosan elfoglaltak m\u00e1s feladatokkal, vagy \u00fagy \u00e9rezhetik, hogy t\u00fal sok id\u0151t vesz ig\u00e9nybe alkalmazottaik betan\u00edt\u00e1sa a munka hat\u00e9kony elv\u00e9gz\u00e9s\u00e9re. <\/p>\n<div class=\"newlinediv\"><\/div>\n<p> Ezen akad\u00e1lyok lek\u00fczd\u00e9se \u00e9rdek\u00e9ben a vezet\u0151k a k\u00f6vetkez\u0151 l\u00e9p\u00e9seket tehetik: <\/p>\n<div class=\"newlinediv\"><\/div>\n<p> 1. \u00c9p\u00edtsen bizalmat: A vezet\u0151k egy\u00e9rtelm\u0171 utas\u00edt\u00e1sokkal, elv\u00e1r\u00e1sok megfogalmaz\u00e1s\u00e1val, valamint t\u00e1mogat\u00e1s \u00e9s visszajelz\u00e9s ny\u00fajt\u00e1s\u00e1val \u00e9p\u00edthetik ki a bizalmat. Kezdhetik a kisebb feladatok deleg\u00e1l\u00e1s\u00e1val, \u00e9s fokozatosan n\u00f6velhetik a felel\u0151ss\u00e9g szintj\u00e9t, ahogy az alkalmazottak egyre t\u00f6bb tapasztalatot szereznek. <\/p>\n<div class=\"newlinediv\"><\/div>\n<p> 2. K\u00e9pz\u00e9s \u00e9s t\u00e1mogat\u00e1s ny\u00fajt\u00e1sa: A vezet\u0151k k\u00e9pz\u00e9st \u00e9s t\u00e1mogat\u00e1st ny\u00fajthatnak alkalmazottaiknak, hogy seg\u00edts\u00e9k \u0151ket a munka hat\u00e9kony elv\u00e9gz\u00e9s\u00e9hez sz\u00fcks\u00e9ges k\u00e9szs\u00e9gek \u00e9s szak\u00e9rtelem kifejleszt\u00e9s\u00e9ben. Ez mag\u00e1ban foglalhatja az er\u0151forr\u00e1sok biztos\u00edt\u00e1s\u00e1t, a mentor\u00e1l\u00e1st vagy a coachingot. <\/p>\n<div class=\"newlinediv\"><\/div>\n<p> 3. \u00c1ll\u00edtson fel egy\u00e9rtelm\u0171 elv\u00e1r\u00e1sokat: A vezet\u0151k vil\u00e1gos elv\u00e1r\u00e1sokat fogalmazhatnak meg a feladat terjedelm\u00e9nek meghat\u00e1roz\u00e1s\u00e1val, az elv\u00e1rt eredm\u00e9nyek felv\u00e1zol\u00e1s\u00e1val \u00e9s a teljes\u00edt\u00e9s \u00fctemez\u00e9s\u00e9vel. Ez seg\u00edthet az alkalmazottaknak meg\u00e9rteni, hogy mit v\u00e1rnak el t\u0151l\u00fck, \u00e9s a k\u00edv\u00e1nt eredm\u00e9nyek el\u00e9r\u00e9s\u00e9\u00e9rt dolgozni. <\/p>\n<div class=\"newlinediv\"><\/div>\n<p> 4. Adjon visszajelz\u00e9st: A vezet\u0151k rendszeres visszajelz\u00e9st adhatnak alkalmazottaiknak, hogy seg\u00edts\u00e9k \u0151ket teljes\u00edtm\u00e9ny\u00fck jav\u00edt\u00e1s\u00e1ban. Ez mag\u00e1ban foglalhat pozit\u00edv visszajelz\u00e9st a j\u00f3l v\u00e9gzett munk\u00e1\u00e9rt, valamint konstrukt\u00edv visszajelz\u00e9st, hogy seg\u00edtsen az alkalmazottaknak fejleszteni k\u00e9szs\u00e9geiket \u00e9s szak\u00e9rtelm\u00fcket. <\/p>\n<div class=\"newlinediv\"><\/div>\n<p> Ezen akad\u00e1lyok lek\u00fczd\u00e9s\u00e9vel a vezet\u0151k hat\u00e9konyan deleg\u00e1lhatj\u00e1k a feladatokat \u00e9s felel\u0151ss\u00e9geket, ami seg\u00edthet jav\u00edtani a munkav\u00e1llal\u00f3k elk\u00f6telezetts\u00e9g\u00e9t, teljes\u00edtm\u00e9ny\u00e9t \u00e9s az \u00e1ltal\u00e1nos szervezeti termel\u00e9kenys\u00e9get.<\/p>\n<\/div>\n<\/div>\n","protected":false},"excerpt":{"rendered":"<p>A deleg\u00e1l\u00e1s a vezet\u00e9s egyik alapvet\u0151 szempontja, amely lehet\u0151v\u00e9 teszi a vezet\u0151k sz\u00e1m\u00e1ra a feladatok \u00e9s felel\u0151ss\u00e9gek hat\u00e9kony eloszt\u00e1s\u00e1t. A feladatok deleg\u00e1l\u00e1s\u00e1val a vezet\u0151k a figyelm\u00fcket ig\u00e9nyl\u0151, kritikusabb k\u00e9rd\u00e9sekre \u00f6sszpontos\u00edthatnak, mik\u00f6zben a csapattagok sz\u00e1m\u00e1ra is lehet\u0151v\u00e9 teszik, hogy fejlessz\u00e9k k\u00e9pess\u00e9geiket \u00e9s szak\u00e9rtelm\u00fcket. A hat\u00e9kony deleg\u00e1l\u00e1st azonban nem mindig k\u00f6nny\u0171 megval\u00f3s\u00edtani. A vezet\u0151k gyakran szembes\u00fclnek k\u00fcl\u00f6nb\u00f6z\u0151 &#8230; <a title=\"A deleg\u00e1l\u00e1s fontoss\u00e1ga \u00e9s a vezet\u0151k \u00e1ltal tapasztalt k\u00f6z\u00f6s kih\u00edv\u00e1sok\" class=\"read-more\" href=\"https:\/\/megnyitasa.com\/tudas\/a-delegalas-fontossaga-es-a-vezetok-altal-tapasztalt-kozos-kihivasok\/\" aria-label=\"Read more about A deleg\u00e1l\u00e1s fontoss\u00e1ga \u00e9s a vezet\u0151k \u00e1ltal tapasztalt k\u00f6z\u00f6s kih\u00edv\u00e1sok\">Read more<\/a><\/p>\n","protected":false},"author":2873,"featured_media":0,"comment_status":"closed","ping_status":"closed","sticky":false,"template":"","format":"standard","meta":{"footnotes":""},"categories":[19],"tags":[],"class_list":["post-20467","post","type-post","status-publish","format-standard","hentry","category-az-alkalmazottak-iranyitasa"],"_links":{"self":[{"href":"https:\/\/megnyitasa.com\/tudas\/wp-json\/wp\/v2\/posts\/20467","targetHints":{"allow":["GET"]}}],"collection":[{"href":"https:\/\/megnyitasa.com\/tudas\/wp-json\/wp\/v2\/posts"}],"about":[{"href":"https:\/\/megnyitasa.com\/tudas\/wp-json\/wp\/v2\/types\/post"}],"author":[{"embeddable":true,"href":"https:\/\/megnyitasa.com\/tudas\/wp-json\/wp\/v2\/users\/2873"}],"replies":[{"embeddable":true,"href":"https:\/\/megnyitasa.com\/tudas\/wp-json\/wp\/v2\/comments?post=20467"}],"version-history":[{"count":0,"href":"https:\/\/megnyitasa.com\/tudas\/wp-json\/wp\/v2\/posts\/20467\/revisions"}],"wp:attachment":[{"href":"https:\/\/megnyitasa.com\/tudas\/wp-json\/wp\/v2\/media?parent=20467"}],"wp:term":[{"taxonomy":"category","embeddable":true,"href":"https:\/\/megnyitasa.com\/tudas\/wp-json\/wp\/v2\/categories?post=20467"},{"taxonomy":"post_tag","embeddable":true,"href":"https:\/\/megnyitasa.com\/tudas\/wp-json\/wp\/v2\/tags?post=20467"}],"curies":[{"name":"wp","href":"https:\/\/api.w.org\/{rel}","templated":true}]}}