{"id":20756,"date":"2023-04-24T00:00:00","date_gmt":"2023-04-24T00:00:00","guid":{"rendered":"https:\/\/megnyitasa.com\/tudas\/miert-fontosak-a-felkialtojelek-az-uzleti-kommunikacioban\/"},"modified":"2023-04-24T00:00:00","modified_gmt":"2023-04-24T00:00:00","slug":"miert-fontosak-a-felkialtojelek-az-uzleti-kommunikacioban","status":"publish","type":"post","link":"https:\/\/megnyitasa.com\/tudas\/miert-fontosak-a-felkialtojelek-az-uzleti-kommunikacioban\/","title":{"rendered":"Mi\u00e9rt fontosak a felki\u00e1lt\u00f3jelek az \u00fczleti kommunik\u00e1ci\u00f3ban"},"content":{"rendered":"<div class=\"articlecontent\">\n<div class=\"newlinediv\"><\/div>\n<p> Az \u00fczleti vil\u00e1gban a hat\u00e9kony kommunik\u00e1ci\u00f3 elengedhetetlen a sikerhez. Ak\u00e1r az alkalmazottakkal, ak\u00e1r az \u00fcgyfelekkel vagy a partnerekkel val\u00f3 kommunik\u00e1ci\u00f3r\u00f3l van sz\u00f3, fontos, hogy az \u00fczenetet \u00fagy k\u00f6zvet\u00edtse, hogy az vil\u00e1gos, t\u00f6m\u00f6r \u00e9s mag\u00e1val ragad\u00f3 legyen. Ennek egyik m\u00f3dja a felki\u00e1lt\u00f3jelek haszn\u00e1lata. B\u00e1r egyesek szakmaiatlannak vagy ak\u00e1r gyerekesnek is tarthatj\u00e1k, a felki\u00e1lt\u00f3jelek val\u00f3j\u00e1ban hat\u00e9kony eszk\u00f6zei lehetnek az \u00fczleti kommunik\u00e1ci\u00f3nak. <\/p>\n<div class=\"newlinediv\"><\/div>\n<p> A felki\u00e1lt\u00f3jeleket er\u0151s \u00e9rzelmek, p\u00e9ld\u00e1ul izgalom, meglepet\u00e9s vagy s\u00fcrg\u0151ss\u00e9g kifejez\u00e9s\u00e9re haszn\u00e1lj\u00e1k. Az \u00fczleti \u00e9letben ezek az \u00e9rzelmek hasznosak lehetnek az emberek figyelm\u00e9nek felkelt\u00e9s\u00e9ben \u00e9s az \u00fczenet fontoss\u00e1g\u00e1nak k\u00f6zvet\u00edt\u00e9s\u00e9ben. Ha p\u00e9ld\u00e1ul egy \u00faj term\u00e9k bevezet\u00e9s\u00e9t vagy egy korl\u00e1tozott ideig \u00e9rv\u00e9nyes aj\u00e1nlatot jelent be, a felki\u00e1lt\u00f3jelek haszn\u00e1lata seg\u00edthet az izgalom \u00e9s a s\u00fcrg\u0151ss\u00e9g \u00e9rzet\u00e9t kelteni a bejelent\u00e9s k\u00f6r\u00fcl. <\/p>\n<div class=\"newlinediv\"><\/div>\n<p> Egy m\u00e1sik m\u00f3dja annak, hogy a felki\u00e1lt\u00f3jelek hasznosak lehetnek az \u00fczleti kommunik\u00e1ci\u00f3ban, hogy hangs\u00falyt adnak az \u00fczenetnek. Ha ki akar emelni egy adott pontot, vagy hangs\u00falyozni szeretn\u00e9 egy \u00fczenet fontoss\u00e1g\u00e1t, a felki\u00e1lt\u00f3jel haszn\u00e1lata seg\u00edthet abban, hogy az \u00fczenet kiemelkedjen. Ez k\u00fcl\u00f6n\u00f6sen akkor lehet hasznos, ha elfoglalt vagy sz\u00f3rakozott szem\u00e9lyekkel kommunik\u00e1l, akik esetleg nem figyelnek oda az \u00fczenet\u00e9re. <\/p>\n<div class=\"newlinediv\"><\/div>\n<p> A felki\u00e1lt\u00f3jelek \u00fczleti kommunik\u00e1ci\u00f3ban val\u00f3 haszn\u00e1lat\u00e1nak lehets\u00e9ges el\u0151nyei ellen\u00e9re fontos, hogy megfontoltan haszn\u00e1ljuk \u0151ket. A felki\u00e1lt\u00f3jelek t\u00falzott haszn\u00e1lata szakszer\u0171tlennek vagy ak\u00e1r k\u00e9ts\u00e9gbeesettnek is t\u0171nhet az \u00fczenete. Fontos, hogy olyan helyzetekre tartogassa \u0151ket, amikor az er\u0151s \u00e9rzelmek vagy a hangs\u00falyoz\u00e1s val\u00f3ban indokolt. <\/p>\n<div class=\"newlinediv\"><\/div>\n<p> A felki\u00e1lt\u00f3jelek megfelel\u0151 haszn\u00e1lata mellett fontos, hogy az \u00fczleti kommunik\u00e1ci\u00f3 sor\u00e1n figyelembe vegye a c\u00e9lk\u00f6z\u00f6ns\u00e9get is. M\u00edg egyes c\u00e9lk\u00f6z\u00f6ns\u00e9gek sz\u00e1m\u00e1ra a felki\u00e1lt\u00f3jelek megfelel\u0151ek lehetnek, m\u00e1sok sz\u00e1m\u00e1ra nem biztos, hogy megfelel\u0151ek. Ha p\u00e9ld\u00e1ul konzervat\u00edv vagy hivatalos k\u00f6z\u00f6ns\u00e9ggel kommunik\u00e1l, a felki\u00e1lt\u00f3jelek haszn\u00e1lata szakmaiatlannak vagy ak\u00e1r tiszteletlen\u00fcl is hathat. <\/p>\n<div class=\"newlinediv\"><\/div>\n<p> \u00d6sszefoglalva, a felki\u00e1lt\u00f3jelek megfelel\u0151 haszn\u00e1lat eset\u00e9n hat\u00e9kony eszk\u00f6zei lehetnek az \u00fczleti kommunik\u00e1ci\u00f3nak. Seg\u00edthetnek \u00e9rzelmeket k\u00f6zvet\u00edteni, hangs\u00falyt adni, \u00e9s az \u00fczenet k\u00f6r\u00fcl s\u00fcrg\u0151ss\u00e9g \u00e9rzet\u00e9t kelthetik. Fontos azonban, hogy megfontoltan haszn\u00e1lja \u0151ket, \u00e9s vegye figyelembe a c\u00e9lk\u00f6z\u00f6ns\u00e9get, amikor \u00fczleti kommunik\u00e1ci\u00f3ban kommunik\u00e1l. Ezzel biztos\u00edthatja, hogy \u00fczenetei vil\u00e1gosak, hat\u00e9konyak \u00e9s professzion\u00e1lisak legyenek.<\/p><\/div>\n<div class=\"questions\">\n<div class=\"questionstitle\">FAQ<\/div>\n<div class=\"question\">\n<div class=\"qtitle\"> Mit jelk\u00e9pez a felki\u00e1lt\u00f3jel?<\/div>\n<p> A felki\u00e1lt\u00f3jel, m\u00e1s n\u00e9ven felki\u00e1lt\u00f3jel egy \u00edr\u00e1sjel, amelyet a hangs\u00faly, az er\u0151s \u00e9rzelem vagy a meglepet\u00e9s jelz\u00e9s\u00e9re haszn\u00e1lnak. Az \u00fczleti kommunik\u00e1ci\u00f3ban a felki\u00e1lt\u00f3jelet haszn\u00e1lhatjuk lelkesed\u00e9s, s\u00fcrg\u0151ss\u00e9g vagy izgalom kifejez\u00e9s\u00e9re. <\/p>\n<div class=\"newlinediv\"><\/div>\n<p> Egy v\u00e1llalat p\u00e9ld\u00e1ul felki\u00e1lt\u00f3jelet haszn\u00e1lhat prom\u00f3ci\u00f3s anyagaiban vagy a k\u00f6z\u00f6ss\u00e9gi m\u00e9di\u00e1ban k\u00f6zz\u00e9tett bejegyz\u00e9seiben, hogy hangs\u00falyozzon egy \u00faj term\u00e9k bevezet\u00e9s\u00e9t vagy egy korl\u00e1tozott idej\u0171 aj\u00e1nlatot. Az e-mailes kommunik\u00e1ci\u00f3ban a felki\u00e1lt\u00f3jelet haszn\u00e1lhatjuk h\u00e1la, izgatotts\u00e1g vagy s\u00fcrg\u0151ss\u00e9g kifejez\u00e9s\u00e9re, amikor \u00fcgyfelekkel vagy koll\u00e9g\u00e1kkal kommunik\u00e1lunk. <\/p>\n<div class=\"newlinediv\"><\/div>\n<p> Fontos azonban, hogy a felki\u00e1lt\u00f3jeleket megfontoltan haszn\u00e1lja az \u00fczleti kommunik\u00e1ci\u00f3ban, mivel a t\u00falzott haszn\u00e1lat szakszer\u0171tlennek vagy t\u00fals\u00e1gosan inform\u00e1lisnak t\u0171nhet. \u00c1ltal\u00e1noss\u00e1gban aj\u00e1nlott a felki\u00e1lt\u00f3jelek haszn\u00e1lat\u00e1t \u00fczenetenk\u00e9nt legfeljebb egy-kett\u0151re korl\u00e1tozni, \u00e9s olyan esetekre fenntartani, amikor val\u00f3ban indokolt az er\u0151s hangs\u00falyoz\u00e1s vagy az \u00e9rzelmek kifejez\u00e9se. <\/p>\n<\/div>\n<div class=\"question\">\n<div class=\"qtitle\"> Haszn\u00e1lhat felki\u00e1lt\u00f3jeleket egy \u00fczleti lev\u00e9lben?<\/div>\n<p> A felki\u00e1lt\u00f3jelek haszn\u00e1lata \u00fczleti lev\u00e9lben \u00e1ltal\u00e1ban nem aj\u00e1nlott, mivel szakszer\u0171tlennek vagy t\u00fals\u00e1gosan lelkesnek t\u0171nhet. Az \u00fczleti levelek \u00e1ltal\u00e1ban hivatalosabb hangv\u00e9tel\u0171ek, \u00e9s a professzionalizmus \u00e9s a tisztelet \u00e9rzet\u00e9t kell sugallniuk. A felki\u00e1lt\u00f3jelek haszn\u00e1lata t\u00fal laz\u00e1nak vagy ak\u00e1r \u00e9retlennek is t\u0171nhet, ami \u00fczleti k\u00f6rnyezetben nem biztos, hogy hely\u00e9nval\u00f3. <\/p>\n<div class=\"newlinediv\"><\/div>\n<p> Ugyanakkor lehetnek bizonyos helyzetek, amikor a felki\u00e1lt\u00f3jel haszn\u00e1lata hely\u00e9nval\u00f3 lehet, p\u00e9ld\u00e1ul ha egy bizonyos teljes\u00edtm\u00e9ny vagy eredm\u00e9ny miatti izgatotts\u00e1got vagy lelkesed\u00e9st fejez\u00fcnk ki. Ilyen esetekben fontos, hogy a felki\u00e1lt\u00f3jelet megfontoltan \u00e9s takar\u00e9kosan haszn\u00e1lja, hogy ne keltse a t\u00falzott \u00e9rzelmess\u00e9g vagy a szakmaiatlans\u00e1g benyom\u00e1s\u00e1t. <\/p>\n<div class=\"newlinediv\"><\/div>\n<p> \u00d6sszess\u00e9g\u00e9ben a legjobb, ha az \u00f3vatoss\u00e1g oldal\u00e1ra \u00e1llunk, \u00e9s ker\u00fclj\u00fck a felki\u00e1lt\u00f3jelek haszn\u00e1lat\u00e1t az \u00fczleti levelekben, hacsak nincs r\u00e1 nyom\u00f3s okunk. Ehelyett \u00f6sszpontos\u00edtson a j\u00f3l meg\u00edrt \u00e9s professzion\u00e1lis kommunik\u00e1ci\u00f3 megalkot\u00e1s\u00e1ra, amely vil\u00e1gosan \u00e9s hat\u00e9konyan k\u00f6zvet\u00edti az \u00fczenet\u00e9t. <\/p>\n<\/div>\n<div class=\"question\">\n<div class=\"qtitle\"> Udvariatlans\u00e1g a felki\u00e1lt\u00f3jel egy e-mailben?<\/div>\n<p> A felki\u00e1lt\u00f3jel haszn\u00e1lata egy e-mailben nem eleve udvariatlan, de az \u00fczenet kontextus\u00e1t\u00f3l \u00e9s hangnem\u00e9t\u0151l f\u00fcgg\u0151en \u00e9rtelmezhet\u0151 \u00edgy. \u00c1ltal\u00e1ban a felki\u00e1lt\u00f3jeleket izgatotts\u00e1g vagy hangs\u00falyoz\u00e1s kifejez\u00e9s\u00e9re haszn\u00e1lj\u00e1k, \u00edgy ha az \u00fczenet pozit\u00edv, \u00e9s a felki\u00e1lt\u00f3jelet megfelel\u0151en haszn\u00e1lj\u00e1k, bar\u00e1ts\u00e1gosnak \u00e9s lelkesnek t\u0171nhet. <\/p>\n<div class=\"newlinediv\"><\/div>\n<p> Ha azonban az \u00fczenet negat\u00edv vagy kritikus jelleg\u0171, a felki\u00e1lt\u00f3jel haszn\u00e1lata agressz\u00edvnek vagy konfrontat\u00edvnak t\u0171nhet. Tov\u00e1bb\u00e1, ha a felki\u00e1lt\u00f3jelet t\u00falz\u00e1sba viszik vagy nem megfelel\u0151en haszn\u00e1lj\u00e1k, akkor szakszer\u0171tlennek vagy ak\u00e1r \u00e9retlennek is t\u0171nhet. <\/p>\n<div class=\"newlinediv\"><\/div>\n<p> V\u00e9gs\u0151 soron a felki\u00e1lt\u00f3jel haszn\u00e1lat\u00e1nak megfelel\u0151s\u00e9ge egy e-mailben az adott helyzett\u0151l, valamint a felad\u00f3 \u00e9s a c\u00edmzett k\u00f6z\u00f6tti kapcsolatt\u00f3l f\u00fcgg. \u00c1ltal\u00e1noss\u00e1gban elmondhat\u00f3, hogy a legjobb, ha az \u00f3vatoss\u00e1g oldal\u00e1ra \u00e1llunk, \u00e9s a felki\u00e1lt\u00f3jeleket takar\u00e9kosan haszn\u00e1ljuk, \u00e9s csak olyan helyzetekre tartogatjuk, amikor val\u00f3ban indokoltak \u00e9s hozz\u00e1adott \u00e9rt\u00e9ket k\u00e9pviselnek az \u00fczenethez.<\/p>\n<\/div>\n<\/div>\n","protected":false},"excerpt":{"rendered":"<p>Az \u00fczleti vil\u00e1gban a hat\u00e9kony kommunik\u00e1ci\u00f3 elengedhetetlen a sikerhez. Ak\u00e1r az alkalmazottakkal, ak\u00e1r az \u00fcgyfelekkel vagy a partnerekkel val\u00f3 kommunik\u00e1ci\u00f3r\u00f3l van sz\u00f3, fontos, hogy az \u00fczenetet \u00fagy k\u00f6zvet\u00edtse, hogy az vil\u00e1gos, t\u00f6m\u00f6r \u00e9s mag\u00e1val ragad\u00f3 legyen. Ennek egyik m\u00f3dja a felki\u00e1lt\u00f3jelek haszn\u00e1lata. B\u00e1r egyesek szakmaiatlannak vagy ak\u00e1r gyerekesnek is tarthatj\u00e1k, a felki\u00e1lt\u00f3jelek val\u00f3j\u00e1ban hat\u00e9kony eszk\u00f6zei &#8230; <a title=\"Mi\u00e9rt fontosak a felki\u00e1lt\u00f3jelek az \u00fczleti kommunik\u00e1ci\u00f3ban\" class=\"read-more\" href=\"https:\/\/megnyitasa.com\/tudas\/miert-fontosak-a-felkialtojelek-az-uzleti-kommunikacioban\/\" aria-label=\"Read more about Mi\u00e9rt fontosak a felki\u00e1lt\u00f3jelek az \u00fczleti kommunik\u00e1ci\u00f3ban\">Read more<\/a><\/p>\n","protected":false},"author":255,"featured_media":0,"comment_status":"closed","ping_status":"closed","sticky":false,"template":"","format":"standard","meta":{"footnotes":""},"categories":[9],"tags":[],"class_list":["post-20756","post","type-post","status-publish","format-standard","hentry","category-uzleti-modellek-es-szervezeti-struktura"],"_links":{"self":[{"href":"https:\/\/megnyitasa.com\/tudas\/wp-json\/wp\/v2\/posts\/20756","targetHints":{"allow":["GET"]}}],"collection":[{"href":"https:\/\/megnyitasa.com\/tudas\/wp-json\/wp\/v2\/posts"}],"about":[{"href":"https:\/\/megnyitasa.com\/tudas\/wp-json\/wp\/v2\/types\/post"}],"author":[{"embeddable":true,"href":"https:\/\/megnyitasa.com\/tudas\/wp-json\/wp\/v2\/users\/255"}],"replies":[{"embeddable":true,"href":"https:\/\/megnyitasa.com\/tudas\/wp-json\/wp\/v2\/comments?post=20756"}],"version-history":[{"count":0,"href":"https:\/\/megnyitasa.com\/tudas\/wp-json\/wp\/v2\/posts\/20756\/revisions"}],"wp:attachment":[{"href":"https:\/\/megnyitasa.com\/tudas\/wp-json\/wp\/v2\/media?parent=20756"}],"wp:term":[{"taxonomy":"category","embeddable":true,"href":"https:\/\/megnyitasa.com\/tudas\/wp-json\/wp\/v2\/categories?post=20756"},{"taxonomy":"post_tag","embeddable":true,"href":"https:\/\/megnyitasa.com\/tudas\/wp-json\/wp\/v2\/tags?post=20756"}],"curies":[{"name":"wp","href":"https:\/\/api.w.org\/{rel}","templated":true}]}}