{"id":20998,"date":"2023-04-24T00:00:00","date_gmt":"2023-04-24T00:00:00","guid":{"rendered":"https:\/\/megnyitasa.com\/tudas\/a-munkaero-rejtett-koltsegei\/"},"modified":"2023-04-24T00:00:00","modified_gmt":"2023-04-24T00:00:00","slug":"a-munkaero-rejtett-koltsegei","status":"publish","type":"post","link":"https:\/\/megnyitasa.com\/tudas\/a-munkaero-rejtett-koltsegei\/","title":{"rendered":"A munkaer\u0151 rejtett k\u00f6lts\u00e9gei:"},"content":{"rendered":"<div class=\"articlecontent\">\n<div class=\"newlinediv\"><\/div>\n<p> Amikor egy v\u00e1llalkoz\u00e1s m\u0171k\u00f6dtet\u00e9s\u00e9r\u0151l van sz\u00f3, a munkaer\u0151k\u00f6lts\u00e9gek jelent\u0151s kiad\u00e1st jelentenek, amelyet gondosan kell kezelni. B\u00e1r a &#8222;munkaer\u0151k\u00f6lts\u00e9g&#8221; kifejez\u00e9s egyszer\u0171nek t\u0171nhet, val\u00f3j\u00e1ban t\u00f6bbet takar, mint az alkalmazottak b\u00e9re. A munkaer\u0151k\u00f6lts\u00e9gek k\u00fcl\u00f6nb\u00f6z\u0151 \u00f6sszetev\u0151inek meg\u00e9rt\u00e9se seg\u00edthet a v\u00e1llalkoz\u00f3knak abban, hogy megalapozott d\u00f6nt\u00e9seket hozzanak a szem\u00e9lyzettel \u00e9s a k\u00f6lts\u00e9gvet\u00e9ssel kapcsolatban. <\/p>\n<div class=\"newlinediv\"><\/div>\n<p> A b\u00e9reken vagy fizet\u00e9seken k\u00edv\u00fcl a munkaer\u0151k\u00f6lts\u00e9gek magukban foglalhatj\u00e1k a juttat\u00e1sokat \u00e9s a b\u00e9rsz\u00e1mfejt\u00e9si ad\u00f3kat is. Az olyan munkav\u00e1llal\u00f3i juttat\u00e1sok, mint az eg\u00e9szs\u00e9gbiztos\u00edt\u00e1s, a nyugd\u00edjbiztos\u00edt\u00e1s \u00e9s a fizetett szabadid\u0151 gyorsan \u00f6sszead\u00f3dhatnak, \u00e9s jelent\u0151sen befoly\u00e1solhatj\u00e1k a v\u00e1llalat eredm\u00e9ny\u00e9t. A b\u00e9rsz\u00e1mfejt\u00e9si ad\u00f3k, amelyek magukban foglalj\u00e1k a t\u00e1rsadalombiztos\u00edt\u00e1si \u00e9s t\u00e1rsadalombiztos\u00edt\u00e1si j\u00e1rul\u00e9kokat, a munkan\u00e9lk\u00fclis\u00e9gi biztos\u00edt\u00e1st \u00e9s a munkav\u00e1llal\u00f3i k\u00e1rt\u00e9r\u00edt\u00e9si biztos\u00edt\u00e1st, szint\u00e9n hozz\u00e1j\u00e1rulnak a munkaer\u0151k\u00f6lts\u00e9gekhez. <\/p>\n<div class=\"newlinediv\"><\/div>\n<p> A munkaer\u0151 m\u00e1sik rejtett k\u00f6lts\u00e9ge az alkalmazottak fluktu\u00e1ci\u00f3ja. Amikor az alkalmazottak t\u00e1voznak, a v\u00e1llalkoz\u00e1soknak id\u0151t \u00e9s er\u0151forr\u00e1sokat kell ford\u00edtaniuk az \u00faj alkalmazottak toborz\u00e1s\u00e1ra, felv\u00e9tel\u00e9re \u00e9s k\u00e9pz\u00e9s\u00e9re. Ez jelent\u0151s k\u00f6lts\u00e9get jelenthet, k\u00fcl\u00f6n\u00f6sen, ha a v\u00e1llalatn\u00e1l magas a fluktu\u00e1ci\u00f3. <\/p>\n<div class=\"newlinediv\"><\/div>\n<p> Emellett a v\u00e1llalkoz\u00e1soknak figyelembe kell venni\u00fck a t\u00fal\u00f3r\u00e1k \u00e9s egy\u00e9b b\u00e9rrel kapcsolatos k\u00f6lts\u00e9gek, p\u00e9ld\u00e1ul a b\u00f3nuszok \u00e9s jutal\u00e9kok k\u00f6lts\u00e9geit is. A t\u00fal\u00f3rap\u00e9nz p\u00e9ld\u00e1ul \u00e1ltal\u00e1ban a munkav\u00e1llal\u00f3 rendes \u00f3rab\u00e9r\u00e9nek m\u00e1sf\u00e9lszerese, \u00e9s gyorsan \u00f6sszead\u00f3dhat, ha nem megfelel\u0151en kezelik. A b\u00f3nuszok \u00e9s jutal\u00e9kok, b\u00e1r nem garant\u00e1lt kiad\u00e1sok, mint a b\u00e9rek, m\u00e9gis jelent\u0151s k\u00f6lts\u00e9get jelenthetnek a v\u00e1llalat sz\u00e1m\u00e1ra. <\/p>\n<div class=\"newlinediv\"><\/div>\n<p> A munkaer\u0151k\u00f6lts\u00e9gek hat\u00e9kony kezel\u00e9s\u00e9hez a v\u00e1llalkoz\u00e1soknak holisztikus megk\u00f6zel\u00edt\u00e9st kell alkalmazniuk. Ez azt jelenti, hogy nem csak az alkalmazottak b\u00e9r\u00e9t kell figyelembe venni, hanem a juttat\u00e1sokkal, ad\u00f3kkal, fluktu\u00e1ci\u00f3val, t\u00fal\u00f3r\u00e1kkal \u00e9s egy\u00e9b b\u00e9rrel kapcsolatos rejtett k\u00f6lts\u00e9geket is. A munkaer\u0151k\u00f6lts\u00e9gek elemz\u00e9se seg\u00edthet a v\u00e1llalkoz\u00e1soknak azonos\u00edtani a kiad\u00e1sok cs\u00f6kkent\u00e9s\u00e9nek \u00e9s a szem\u00e9lyzeti szintek optimaliz\u00e1l\u00e1s\u00e1nak lehet\u0151s\u00e9geit, ami v\u00e9gs\u0151 soron a p\u00e9nz\u00fcgyi teljes\u00edtm\u00e9ny javul\u00e1s\u00e1hoz vezet. <\/p>\n<div class=\"newlinediv\"><\/div>\n<p> \u00d6sszefoglalva, a munkaer\u0151k\u00f6lts\u00e9gek \u00f6sszetett \u00e9s sokr\u00e9t\u0171 kiad\u00e1st jelentenek, amelyet a v\u00e1llalkoz\u00e1soknak gondosan kell kezelni\u00fck. A munkaer\u0151k\u00f6lts\u00e9gek k\u00fcl\u00f6nb\u00f6z\u0151 \u00f6sszetev\u0151inek meg\u00e9rt\u00e9s\u00e9vel \u00e9s a szem\u00e9lyzeti \u00e9s k\u00f6lts\u00e9gvet\u00e9si d\u00f6nt\u00e9sek holisztikus megk\u00f6zel\u00edt\u00e9s\u00e9vel a v\u00e1llalkoz\u00e1sok optimaliz\u00e1lhatj\u00e1k munkaer\u0151-\u00e1llom\u00e1nyukat \u00e9s jav\u00edthatj\u00e1k eredm\u00e9ny\u00fcket.<\/p><\/div>\n<div class=\"questions\">\n<div class=\"questionstitle\">FAQ<\/div>\n<div class=\"question\">\n<div class=\"qtitle\"> A b\u00e9r benne van a munkaer\u0151k\u00f6lts\u00e9gben?<\/div>\n<p> Igen, a b\u00e9r benne van a munkaer\u0151k\u00f6lts\u00e9gben. A munkaer\u0151k\u00f6lts\u00e9g a v\u00e1llalatn\u00e1l a munkav\u00e1llal\u00f3k foglalkoztat\u00e1sa sor\u00e1n felmer\u00fcl\u0151 \u00f6sszes k\u00f6lts\u00e9get jelenti, bele\u00e9rtve az \u00f6sszes b\u00e9rt, fizet\u00e9st, juttat\u00e1st, ad\u00f3t \u00e9s az alkalmazottak felv\u00e9tel\u00e9vel \u00e9s megtart\u00e1s\u00e1val kapcsolatos egy\u00e9b kiad\u00e1sokat. A munkab\u00e9r a munkaer\u0151k\u00f6lts\u00e9g egyik f\u0151 \u00f6sszetev\u0151je, mivel az alkalmazottaknak a rendszeresen, \u00e1ltal\u00e1ban havi vagy \u00e9ves alapon ny\u00fajtott szolg\u00e1ltat\u00e1saik\u00e9rt fizetett fix \u00f6sszeg\u0171 d\u00edjaz\u00e1st jelenti. Az egy\u00e9b munkaer\u0151k\u00f6lts\u00e9gek, mint p\u00e9ld\u00e1ul a juttat\u00e1sok \u00e9s az ad\u00f3k, olyan t\u00e9nyez\u0151kt\u0151l f\u00fcgg\u0151en v\u00e1ltozhatnak, mint a munkav\u00e1llal\u00f3 t\u00edpusa, a telephely \u00e9s a v\u00e1llalati politika. A b\u00e9rek azonban \u00e1ltal\u00e1ban fix k\u00f6lts\u00e9get jelentenek, amely k\u00f6zvetlen\u00fcl kapcsol\u00f3dik az alkalmazottak sz\u00e1m\u00e1hoz \u00e9s javadalmaz\u00e1si szintj\u00fckh\u00f6z, \u00e9s fontos szempont a v\u00e1llalkoz\u00e1s teljes munkaer\u0151k\u00f6lts\u00e9g\u00e9nek meghat\u00e1roz\u00e1sakor. <\/p>\n<\/div>\n<div class=\"question\">\n<div class=\"qtitle\"> Mennyibe ker\u00fclj\u00f6n a munkaer\u0151 az anyagokhoz k\u00e9pest?<\/div>\n<p> A munkaer\u0151k\u00f6lts\u00e9g \u00e9s az anyagk\u00f6lts\u00e9g ar\u00e1nya az ipar\u00e1gt\u00f3l \u00e9s a v\u00e1llalkoz\u00e1s jelleg\u00e9t\u0151l f\u00fcgg. Egyes ipar\u00e1gakban, p\u00e9ld\u00e1ul a feldolgoz\u00f3iparban a munkaer\u0151k\u00f6lts\u00e9gek jelent\u0151sen magasabbak lehetnek, mint az anyagk\u00f6lts\u00e9gek, m\u00edg m\u00e1s ipar\u00e1gakban, p\u00e9ld\u00e1ul az \u00e9p\u00edt\u0151iparban az anyagk\u00f6lts\u00e9gek magasabbak lehetnek, mint a munkaer\u0151k\u00f6lts\u00e9gek. Ez\u00e9rt neh\u00e9z v\u00e9gleges v\u00e1laszt adni arra, hogy a munkaer\u0151k\u00f6lts\u00e9get mennyire kell \u00f6sszehasonl\u00edtani az anyagk\u00f6lts\u00e9ggel. <\/p>\n<div class=\"newlinediv\"><\/div>\n<p> \u00c1ltal\u00e1nos \u00f6k\u00f6lszab\u00e1lyk\u00e9nt azonban a munkaer\u0151k\u00f6lts\u00e9gnek ide\u00e1lis esetben kevesebbnek kell lennie, mint az anyagk\u00f6lts\u00e9gnek. Ennek az az oka, hogy az anyagok olyan t\u00e1rgyi eszk\u00f6z\u00f6k, amelyek felhaszn\u00e1lhat\u00f3k az \u00e1ruk vagy szolg\u00e1ltat\u00e1sok el\u0151\u00e1ll\u00edt\u00e1s\u00e1hoz, m\u00edg a munkaer\u0151k\u00f6lts\u00e9g olyan kiad\u00e1s, amely az alkalmazottak idej\u00e9nek \u00e9s er\u0151fesz\u00edt\u00e9seinek kifizet\u00e9se miatt mer\u00fcl fel. Ez\u00e9rt az anyagk\u00f6lts\u00e9ghez k\u00e9pest magas munkaer\u0151k\u00f6lts\u00e9g a termel\u00e9si folyamat hat\u00e9konys\u00e1g\u00e1nak hi\u00e1nyoss\u00e1gaira vagy a munkaer\u0151re val\u00f3 t\u00falzott t\u00e1maszkod\u00e1sra utalhat. <\/p>\n<div class=\"newlinediv\"><\/div>\n<p> Fontos, hogy a v\u00e1llalkoz\u00e1sok rendszeresen fel\u00fclvizsg\u00e1lj\u00e1k munkaer\u0151- \u00e9s anyagk\u00f6lts\u00e9geiket annak biztos\u00edt\u00e1sa \u00e9rdek\u00e9ben, hogy hat\u00e9konyan \u00e9s eredm\u00e9nyesen m\u0171k\u00f6djenek. Ez mag\u00e1ban foglalhatja a termel\u00e9si folyamatok elemz\u00e9s\u00e9t, a pazarl\u00f3 ter\u00fcletek azonos\u00edt\u00e1s\u00e1t, valamint a m\u0171veletek racionaliz\u00e1l\u00e1s\u00e1nak \u00e9s a k\u00f6lts\u00e9gek cs\u00f6kkent\u00e9s\u00e9nek lehet\u0151s\u00e9geinek felt\u00e1r\u00e1s\u00e1t. Ez\u00e1ltal a v\u00e1llalkoz\u00e1sok optimaliz\u00e1lhatj\u00e1k er\u0151forr\u00e1saikat \u00e9s hossz\u00fa t\u00e1von jav\u00edthatj\u00e1k j\u00f6vedelmez\u0151s\u00e9g\u00fcket. <\/p>\n<\/div>\n<div class=\"question\">\n<div class=\"qtitle\"> Mi a munkaer\u0151k\u00f6lts\u00e9g vs. meg\u00e9lhet\u00e9si k\u00f6lts\u00e9g?<\/div>\n<p> A munkaer\u0151k\u00f6lts\u00e9g azt a teljes \u00f6sszeget jelenti, amelyet egy v\u00e1llalat az alkalmazottaira k\u00f6lt, bele\u00e9rtve a b\u00e9reket, fizet\u00e9seket, juttat\u00e1sokat \u00e9s ad\u00f3kat. Ez egy k\u00f6zvetlen k\u00f6lts\u00e9g, amely egy v\u00e1llalkoz\u00e1sn\u00e1l az \u00e1ruk vagy szolg\u00e1ltat\u00e1sok el\u0151\u00e1ll\u00edt\u00e1sa sor\u00e1n mer\u00fcl fel. <\/p>\n<div class=\"newlinediv\"><\/div>\n<p> M\u00e1sr\u00e9szt a meg\u00e9lhet\u00e9si k\u00f6lts\u00e9gek arra a p\u00e9nz\u00f6sszegre utalnak, amely egy bizonyos \u00e9letsz\u00ednvonal fenntart\u00e1s\u00e1hoz sz\u00fcks\u00e9ges egy adott ter\u00fcleten. Mag\u00e1ban foglalja az olyan kiad\u00e1sokat, mint a lakhat\u00e1s, az \u00e9lelmiszer, az eg\u00e9szs\u00e9g\u00fcgyi ell\u00e1t\u00e1s, a k\u00f6zleked\u00e9s \u00e9s m\u00e1s alapvet\u0151 sz\u00fcks\u00e9gletek. <\/p>\n<div class=\"newlinediv\"><\/div>\n<p> M\u00edg a munkaer\u0151k\u00f6lts\u00e9g egy \u00fczleti kiad\u00e1s, addig a meg\u00e9lhet\u00e9si k\u00f6lts\u00e9g egy olyan szem\u00e9lyes kiad\u00e1s, amely az egy\u00e9neket \u00e9s a csal\u00e1dokat \u00e9rinti. A meg\u00e9lhet\u00e9si k\u00f6lts\u00e9get olyan t\u00e9nyez\u0151k befoly\u00e1solj\u00e1k, mint az infl\u00e1ci\u00f3, az ad\u00f3k \u00e9s a gazdas\u00e1g v\u00e1ltoz\u00e1sai, m\u00edg a munkaer\u0151k\u00f6lts\u00e9get olyan t\u00e9nyez\u0151k befoly\u00e1solj\u00e1k, mint a termel\u00e9kenys\u00e9g, a verseny \u00e9s a munka\u00fcgyi t\u00f6rv\u00e9nyek. <\/p>\n<div class=\"newlinediv\"><\/div>\n<p> \u00d6sszefoglalva, a munkaer\u0151k\u00f6lts\u00e9g az emberek foglalkoztat\u00e1s\u00e1nak k\u00f6lts\u00e9ge, m\u00edg a meg\u00e9lhet\u00e9si k\u00f6lts\u00e9g a meg\u00e9lhet\u00e9s k\u00f6lts\u00e9ge egy adott ter\u00fcleten. Mindkett\u0151 fontos t\u00e9nyez\u0151, amelyet figyelembe kell venni a sz\u00e1mvitel \u00e9s a k\u00f6nyvel\u00e9s sor\u00e1n, mivel hat\u00e1ssal lehetnek a v\u00e1llalkoz\u00e1sok j\u00f6vedelmez\u0151s\u00e9g\u00e9re \u00e9s a szem\u00e9lyes p\u00e9nz\u00fcgyekre. <\/p>\n<\/div>\n<div class=\"question\">\n<div class=\"qtitle\"> Mi az \u00f6k\u00f6lszab\u00e1ly a munkaer\u0151k\u00f6lts\u00e9gre?<\/div>\n<p> A munkaer\u0151k\u00f6lts\u00e9gekre vonatkoz\u00f3 \u00f6k\u00f6lszab\u00e1ly az, hogy a v\u00e1llalkoz\u00e1s \u00e1ltal termelt teljes bev\u00e9tel 20-35%-a k\u00f6r\u00fcl kell lennie. Ez mag\u00e1ban foglalja a fizet\u00e9seket, a b\u00e9reket, a juttat\u00e1sokat \u00e9s a b\u00e9rsz\u00e1mfejt\u00e9si ad\u00f3kat. A konkr\u00e9t sz\u00e1zal\u00e9kos ar\u00e1ny azonban ipar\u00e1gt\u00f3l, a v\u00e1llalkoz\u00e1s m\u00e9ret\u00e9t\u0151l \u00e9s f\u00f6ldrajzi elhelyezked\u00e9s\u00e9t\u0151l f\u00fcgg\u0151en v\u00e1ltozhat. Fontos, hogy a v\u00e1llalkoz\u00e1sok gondosan nyomon k\u00f6vess\u00e9k \u00e9s kezelj\u00e9k munkaer\u0151k\u00f6lts\u00e9geiket, hogy ne l\u00e9pj\u00e9k t\u00fal az aj\u00e1nlott sz\u00e1zal\u00e9kos ar\u00e1nyt, \u00e9s ne cs\u00f6kkents\u00e9k a nyeres\u00e9g\u00fcket. A megfelel\u0151 sz\u00e1mviteli \u00e9s k\u00f6nyvel\u00e9si gyakorlatok seg\u00edts\u00e9g\u00e9vel a v\u00e1llalkoz\u00e1sok pontosan nyomon k\u00f6vethetik \u00e9s elemezhetik munkaer\u0151k\u00f6lts\u00e9geiket, hogy megalapozott d\u00f6nt\u00e9seket hozhassanak a munkaer\u0151-felv\u00e9telr\u0151l, a b\u00e9rekr\u0151l \u00e9s a juttat\u00e1sokr\u00f3l.<\/p>\n<\/div>\n<\/div>\n","protected":false},"excerpt":{"rendered":"<p>Amikor egy v\u00e1llalkoz\u00e1s m\u0171k\u00f6dtet\u00e9s\u00e9r\u0151l van sz\u00f3, a munkaer\u0151k\u00f6lts\u00e9gek jelent\u0151s kiad\u00e1st jelentenek, amelyet gondosan kell kezelni. B\u00e1r a &#8222;munkaer\u0151k\u00f6lts\u00e9g&#8221; kifejez\u00e9s egyszer\u0171nek t\u0171nhet, val\u00f3j\u00e1ban t\u00f6bbet takar, mint az alkalmazottak b\u00e9re. A munkaer\u0151k\u00f6lts\u00e9gek k\u00fcl\u00f6nb\u00f6z\u0151 \u00f6sszetev\u0151inek meg\u00e9rt\u00e9se seg\u00edthet a v\u00e1llalkoz\u00f3knak abban, hogy megalapozott d\u00f6nt\u00e9seket hozzanak a szem\u00e9lyzettel \u00e9s a k\u00f6lts\u00e9gvet\u00e9ssel kapcsolatban. A b\u00e9reken vagy fizet\u00e9seken k\u00edv\u00fcl a munkaer\u0151k\u00f6lts\u00e9gek magukban &#8230; <a title=\"A munkaer\u0151 rejtett k\u00f6lts\u00e9gei:\" class=\"read-more\" href=\"https:\/\/megnyitasa.com\/tudas\/a-munkaero-rejtett-koltsegei\/\" aria-label=\"Read more about A munkaer\u0151 rejtett k\u00f6lts\u00e9gei:\">Read more<\/a><\/p>\n","protected":false},"author":4328,"featured_media":0,"comment_status":"closed","ping_status":"closed","sticky":false,"template":"","format":"standard","meta":{"footnotes":""},"categories":[8],"tags":[],"class_list":["post-20998","post","type-post","status-publish","format-standard","hentry","category-szamvitel-es-konyveles"],"_links":{"self":[{"href":"https:\/\/megnyitasa.com\/tudas\/wp-json\/wp\/v2\/posts\/20998","targetHints":{"allow":["GET"]}}],"collection":[{"href":"https:\/\/megnyitasa.com\/tudas\/wp-json\/wp\/v2\/posts"}],"about":[{"href":"https:\/\/megnyitasa.com\/tudas\/wp-json\/wp\/v2\/types\/post"}],"author":[{"embeddable":true,"href":"https:\/\/megnyitasa.com\/tudas\/wp-json\/wp\/v2\/users\/4328"}],"replies":[{"embeddable":true,"href":"https:\/\/megnyitasa.com\/tudas\/wp-json\/wp\/v2\/comments?post=20998"}],"version-history":[{"count":0,"href":"https:\/\/megnyitasa.com\/tudas\/wp-json\/wp\/v2\/posts\/20998\/revisions"}],"wp:attachment":[{"href":"https:\/\/megnyitasa.com\/tudas\/wp-json\/wp\/v2\/media?parent=20998"}],"wp:term":[{"taxonomy":"category","embeddable":true,"href":"https:\/\/megnyitasa.com\/tudas\/wp-json\/wp\/v2\/categories?post=20998"},{"taxonomy":"post_tag","embeddable":true,"href":"https:\/\/megnyitasa.com\/tudas\/wp-json\/wp\/v2\/tags?post=20998"}],"curies":[{"name":"wp","href":"https:\/\/api.w.org\/{rel}","templated":true}]}}