{"id":21129,"date":"2023-04-24T00:00:00","date_gmt":"2023-04-24T00:00:00","guid":{"rendered":"https:\/\/megnyitasa.com\/tudas\/az-ugyfel-elegedettseg-fontossaga-az-uzleti-novekedesben\/"},"modified":"2023-04-24T00:00:00","modified_gmt":"2023-04-24T00:00:00","slug":"az-ugyfel-elegedettseg-fontossaga-az-uzleti-novekedesben","status":"publish","type":"post","link":"https:\/\/megnyitasa.com\/tudas\/az-ugyfel-elegedettseg-fontossaga-az-uzleti-novekedesben\/","title":{"rendered":"Az \u00fcgyf\u00e9l-el\u00e9gedetts\u00e9g fontoss\u00e1ga az \u00fczleti n\u00f6veked\u00e9sben"},"content":{"rendered":"<div class=\"articlecontent\">\n<div class=\"newlinediv\"><\/div>\n<p> Az \u00fcgyf\u00e9l-el\u00e9gedetts\u00e9g minden v\u00e1llalkoz\u00e1s siker\u00e9nek kulcsa. Ez az \u00fczleti n\u00f6veked\u00e9s alapja, amely az \u00fcgyfeleket arra k\u00e9szteti, hogy visszat\u00e9rjenek hozz\u00e1nk. Ennek el\u00e9r\u00e9se \u00e9rdek\u00e9ben a v\u00e1llalkoz\u00e1soknak az \u00fcgyf\u00e9lszolg\u00e1lat \u00e9s a min\u0151s\u00e9gi \u00e1ruk jav\u00edt\u00e1s\u00e1ra kell \u00f6sszpontos\u00edtaniuk. Az al\u00e1bbiakban az \u00fcgyf\u00e9lkiszolg\u00e1l\u00e1s \u00e9s a min\u0151s\u00e9gi \u00e1ruk jav\u00edt\u00e1s\u00e1nak m\u00f3djait ismertetj\u00fck. <\/p>\n<div class=\"newlinediv\"><\/div>\n<p> 1. K\u00e9pezze az alkalmazottait: Az \u00fcgyf\u00e9lszolg\u00e1lat jav\u00edt\u00e1s\u00e1nak els\u0151 l\u00e9p\u00e9se az alkalmazottak k\u00e9pz\u00e9se. \u0150k az \u00d6n v\u00e1llalkoz\u00e1s\u00e1nak arca, \u00e9s ismerni\u00fck kell az \u00d6n term\u00e9keit \u00e9s szolg\u00e1ltat\u00e1sait. Arra is ki kell k\u00e9pezni \u0151ket, hogyan kezelj\u00e9k a k\u00fcl\u00f6nb\u00f6z\u0151 \u00fcgyfeleket \u00e9s panaszaikat. Ez biztos\u00edtja, hogy kiv\u00e1l\u00f3 \u00fcgyf\u00e9lszolg\u00e1latot ny\u00fajtsanak. <\/p>\n<div class=\"newlinediv\"><\/div>\n<p> 2. Hallgassa meg az \u00fcgyfeleit: A m\u00e1sodik l\u00e9p\u00e9s az \u00fcgyf\u00e9lszolg\u00e1lat jav\u00edt\u00e1sa fel\u00e9 az, hogy meghallgatja \u00fcgyfeleit. Az \u00fcgyfelek visszajelz\u00e9sei elengedhetetlenek term\u00e9kei \u00e9s szolg\u00e1ltat\u00e1sai min\u0151s\u00e9g\u00e9nek jav\u00edt\u00e1s\u00e1hoz. \u00d6szt\u00f6n\u00f6znie kell az \u00fcgyfeleit a visszajelz\u00e9sekre, \u00e9s azonnal cselekednie kell azok alapj\u00e1n. Ezzel megmutatja \u00fcgyfeleinek, hogy \u00e9rt\u00e9keli a v\u00e9lem\u00e9ny\u00fcket, \u00e9s elk\u00f6telezett a min\u0151s\u00e9gi \u00e1ruk biztos\u00edt\u00e1sa ir\u00e1nt. <\/p>\n<div class=\"newlinediv\"><\/div>\n<p> 3. Koncentr\u00e1ljon a min\u0151s\u00e9gre: Az \u00d6n term\u00e9keinek \u00e9s szolg\u00e1ltat\u00e1sainak min\u0151s\u00e9ge d\u00f6nt\u0151 fontoss\u00e1g\u00fa az \u00fcgyfelek el\u00e9gedetts\u00e9ge szempontj\u00e1b\u00f3l. Biztos\u00edtania kell, hogy term\u00e9kei \u00e9s szolg\u00e1ltat\u00e1sai kiv\u00e1l\u00f3 min\u0151s\u00e9g\u0171ek legyenek, \u00e9s megfeleljenek \u00fcgyfelei ig\u00e9nyeinek. Ez seg\u00edt megtartani az \u00fcgyfeleit \u00e9s \u00fajakat vonzani. <\/p>\n<div class=\"newlinediv\"><\/div>\n<p> 4. Biztos\u00edtson kiv\u00e1l\u00f3 \u00fcgyf\u00e9lszolg\u00e1latot: A kiv\u00e1l\u00f3 \u00fcgyf\u00e9lkiszolg\u00e1l\u00e1s biztos\u00edt\u00e1sa kritikus fontoss\u00e1g\u00fa az \u00fcgyfelek el\u00e9gedetts\u00e9ge szempontj\u00e1b\u00f3l. Arra kell t\u00f6rekednie, hogy gyors \u00e9s hat\u00e9kony kiszolg\u00e1l\u00e1st ny\u00fajtson \u00fcgyfeleinek. Emellett reag\u00e1lnia kell az ig\u00e9nyeikre \u00e9s panaszaikra. Ezzel megmutatja \u00fcgyfeleinek, hogy t\u00f6r\u0151dik az el\u00e9gedetts\u00e9g\u00fckkel. <\/p>\n<div class=\"newlinediv\"><\/div>\n<p> 5. K\u00edn\u00e1ljon \u00f6szt\u00f6nz\u0151ket: Az \u00f6szt\u00f6nz\u0151k felaj\u00e1nl\u00e1sa kiv\u00e1l\u00f3 m\u00f3dja az \u00fcgyf\u00e9lel\u00e9gedetts\u00e9g jav\u00edt\u00e1s\u00e1nak. Kedvezm\u00e9nyeket, h\u0171s\u00e9gprogramokat \u00e9s egy\u00e9b \u00f6szt\u00f6nz\u0151ket k\u00edn\u00e1lhat \u00fcgyfeleinek. Ez arra \u00f6szt\u00f6nzi \u0151ket, hogy tov\u00e1bbra is \u00fczletet k\u00f6ssenek \u00d6nnel, \u00e9s \u00faj \u00fcgyfeleket vonz. <\/p>\n<div class=\"newlinediv\"><\/div>\n<p> \u00d6sszefoglalva, az \u00fcgyfelek el\u00e9gedetts\u00e9ge elengedhetetlen az \u00fczleti n\u00f6veked\u00e9shez. Ennek el\u00e9r\u00e9se \u00e9rdek\u00e9ben a v\u00e1llalkoz\u00e1soknak az \u00fcgyf\u00e9lszolg\u00e1lat \u00e9s a min\u0151s\u00e9gi \u00e1ruk jav\u00edt\u00e1s\u00e1ra kell \u00f6sszpontos\u00edtaniuk. Az alkalmazottak k\u00e9pz\u00e9s\u00e9vel, az \u00fcgyfelek meghallgat\u00e1s\u00e1val, a min\u0151s\u00e9gre val\u00f3 \u00f6sszpontos\u00edt\u00e1ssal, a kiv\u00e1l\u00f3 \u00fcgyf\u00e9lkiszolg\u00e1l\u00e1ssal \u00e9s az \u00f6szt\u00f6nz\u0151k felaj\u00e1nl\u00e1s\u00e1val jav\u00edthatja az \u00fcgyfelek el\u00e9gedetts\u00e9g\u00e9t \u00e9s n\u00f6velheti v\u00e1llalkoz\u00e1s\u00e1t.<\/p><\/div>\n<div class=\"questions\">\n<div class=\"questionstitle\">FAQ<\/div>\n<div class=\"question\">\n<div class=\"qtitle\"> Mi az a 4 P, amely jav\u00edtja az \u00fcgyf\u00e9lszolg\u00e1latot?<\/div>\n<p> Az \u00fcgyf\u00e9lkiszolg\u00e1l\u00e1st jav\u00edt\u00f3 4 P a k\u00f6vetkez\u0151: <\/p>\n<div class=\"newlinediv\"><\/div>\n<p> 1) Term\u00e9k &#8211; Ez a k\u00edn\u00e1lt term\u00e9k vagy szolg\u00e1ltat\u00e1s min\u0151s\u00e9g\u00e9re vonatkozik. Az \u00fcgyfelek olyan term\u00e9keket szeretn\u00e9nek, amelyek megb\u00edzhat\u00f3ak, hasznosak \u00e9s megfelelnek az ig\u00e9nyeiknek. A j\u00f3 term\u00e9k biztos\u00edtja a v\u00e1s\u00e1rl\u00f3i el\u00e9gedetts\u00e9get \u00e9s k\u00f6vetkez\u00e9sk\u00e9ppen a v\u00e1s\u00e1rl\u00f3i h\u0171s\u00e9get. <\/p>\n<div class=\"newlinediv\"><\/div>\n<p> 2) \u00c1r &#8211; A term\u00e9k vagy szolg\u00e1ltat\u00e1s \u00e1ra kritikus t\u00e9nyez\u0151 az \u00fcgyfelek sz\u00e1m\u00e1ra. Tudni akarj\u00e1k, hogy \u00e9rt\u00e9ket kapnak a p\u00e9nz\u00fck\u00e9rt. A v\u00e1llalkoz\u00e1soknak biztos\u00edtaniuk kell, hogy \u00e1raik versenyk\u00e9pesek \u00e9s \u00e9sszer\u0171ek legyenek, hogy vonzz\u00e1k \u00e9s megtarts\u00e1k a vev\u0151ket. <\/p>\n<div class=\"newlinediv\"><\/div>\n<p> 3) Hely &#8211; A hely arra a helyre utal, ahol a term\u00e9ket vagy szolg\u00e1ltat\u00e1st \u00e9rt\u00e9kes\u00edtik. A v\u00e1llalkoz\u00e1sok sz\u00e1m\u00e1ra fontos, hogy t\u00f6bb csatorn\u00e1val rendelkezzenek, amelyeken kereszt\u00fcl az \u00fcgyfelek megv\u00e1s\u00e1rolhatj\u00e1k term\u00e9keiket vagy szolg\u00e1ltat\u00e1saikat. Ez mag\u00e1ban foglalhatja az online \u00e1ruh\u00e1zakat, a fizikai \u00fczleteket \u00e9s a mobilalkalmaz\u00e1sokat. A v\u00e1s\u00e1rl\u00f3k k\u00e9nyelmet \u00e9s el\u00e9rhet\u0151s\u00e9get szeretn\u00e9nek a v\u00e1s\u00e1rl\u00e1s sor\u00e1n. <\/p>\n<div class=\"newlinediv\"><\/div>\n<p> 4) Prom\u00f3ci\u00f3 &#8211; A prom\u00f3ci\u00f3 a v\u00e1llalkoz\u00e1s marketing- \u00e9s rekl\u00e1mtev\u00e9kenys\u00e9g\u00e9re utal. A hat\u00e9kony prom\u00f3ci\u00f3 \u00faj \u00fcgyfeleket vonzhat \u00e9s megtarthatja a megl\u00e9v\u0151ket. A prom\u00f3ci\u00f3k k\u00f6z\u00e9 tartozhatnak a kedvezm\u00e9nyek, a h\u0171s\u00e9gprogramok \u00e9s a k\u00f6z\u00f6ss\u00e9gi m\u00e9dia kamp\u00e1nyok. <\/p>\n<div class=\"newlinediv\"><\/div>\n<p> E 4 P-re \u00f6sszpontos\u00edtva a v\u00e1llalkoz\u00e1sok jav\u00edthatj\u00e1k \u00fcgyf\u00e9lkiszolg\u00e1l\u00e1sukat, \u00e9s h\u0171s\u00e9ges \u00fcgyfeleket hozhatnak l\u00e9tre, akik tov\u00e1bbra is megv\u00e1s\u00e1rolj\u00e1k term\u00e9keiket vagy szolg\u00e1ltat\u00e1saikat. <\/p>\n<\/div>\n<div class=\"question\">\n<div class=\"qtitle\"> Hogyan jav\u00edthatjuk a term\u00e9kek min\u0151s\u00e9g\u00e9t?<\/div>\n<p> A term\u00e9kek min\u0151s\u00e9g\u00e9nek jav\u00edt\u00e1sa sokoldal\u00fa megk\u00f6zel\u00edt\u00e9st ig\u00e9nyel, amely gondos tervez\u00e9st, v\u00e9grehajt\u00e1st \u00e9s folyamatos \u00e9rt\u00e9kel\u00e9st foglal mag\u00e1ban. \u00cdme n\u00e9h\u00e1ny m\u00f3dszer a term\u00e9kmin\u0151s\u00e9g jav\u00edt\u00e1s\u00e1ra: <\/p>\n<div class=\"newlinediv\"><\/div>\n<p> 1. V\u00e9gezzen piackutat\u00e1st: A piackutat\u00e1s elv\u00e9gz\u00e9se elengedhetetlen annak meghat\u00e1roz\u00e1s\u00e1hoz, hogy a v\u00e1s\u00e1rl\u00f3k mit akarnak \u00e9s mire van sz\u00fcks\u00e9g\u00fck egy term\u00e9kkel kapcsolatban. Ez az inform\u00e1ci\u00f3 seg\u00edthet a fejlesztend\u0151 ter\u00fcletek azonos\u00edt\u00e1s\u00e1ban \u00e9s annak biztos\u00edt\u00e1s\u00e1ban, hogy a term\u00e9k megfeleljen a c\u00e9lk\u00f6z\u00f6ns\u00e9g elv\u00e1r\u00e1sainak. <\/p>\n<div class=\"newlinediv\"><\/div>\n<p> 2. Min\u0151s\u00e9gir\u00e1ny\u00edt\u00e1si rendszer kidolgoz\u00e1sa: A min\u0151s\u00e9gir\u00e1ny\u00edt\u00e1si rendszer (QMS) olyan elj\u00e1r\u00e1sok \u00e9s ir\u00e1nymutat\u00e1sok \u00f6sszess\u00e9ge, amelyek biztos\u00edtj\u00e1k, hogy a term\u00e9k megfeleljen az el\u0151\u00edrt min\u0151s\u00e9gi el\u0151\u00edr\u00e1soknak. A QMS kidolgoz\u00e1sa seg\u00edthet a term\u00e9kkel kapcsolatos esetleges probl\u00e9m\u00e1k azonos\u00edt\u00e1s\u00e1ban \u00e9s kezel\u00e9s\u00e9ben. <\/p>\n<div class=\"newlinediv\"><\/div>\n<p> 3. Min\u0151s\u00e9gi anyagok haszn\u00e1lata: A term\u00e9k el\u0151\u00e1ll\u00edt\u00e1s\u00e1hoz felhaszn\u00e1lt anyagok min\u0151s\u00e9ge jelent\u0151s hat\u00e1ssal van a term\u00e9k \u00e1ltal\u00e1nos min\u0151s\u00e9g\u00e9re. A kiv\u00e1l\u00f3 min\u0151s\u00e9g\u0171 anyagok haszn\u00e1lata seg\u00edthet biztos\u00edtani, hogy a term\u00e9k tart\u00f3s \u00e9s megb\u00edzhat\u00f3 legyen, \u00e9s megfeleljen a sz\u00fcks\u00e9ges biztons\u00e1gi el\u0151\u00edr\u00e1soknak. <\/p>\n<div class=\"newlinediv\"><\/div>\n<p> 4. V\u00e9gezzen rendszeres tesztel\u00e9st: A rendszeres tesztel\u00e9s elengedhetetlen annak biztos\u00edt\u00e1s\u00e1hoz, hogy a term\u00e9k megfeleljen a sz\u00fcks\u00e9ges min\u0151s\u00e9gi el\u0151\u00edr\u00e1soknak. Ez mag\u00e1ban foglalhatja a tart\u00f3ss\u00e1g, a biztons\u00e1g \u00e9s a teljes\u00edtm\u00e9ny tesztel\u00e9s\u00e9t. <\/p>\n<div class=\"newlinediv\"><\/div>\n<p> 5. Biztos\u00edtson k\u00e9pz\u00e9st \u00e9s t\u00e1mogat\u00e1st: A gy\u00e1rt\u00e1si folyamatban r\u00e9szt vev\u0151 szem\u00e9lyzetnek ny\u00fajtott k\u00e9pz\u00e9s \u00e9s t\u00e1mogat\u00e1s seg\u00edthet annak biztos\u00edt\u00e1s\u00e1ban, hogy meg\u00e9rts\u00e9k a min\u0151s\u00e9g fontoss\u00e1g\u00e1t, \u00e9s tudj\u00e1k, hogyan kell azt fenntartani. Ez mag\u00e1ban foglalhatja a min\u0151s\u00e9gellen\u0151rz\u00e9si elj\u00e1r\u00e1sokkal, a biztons\u00e1gi int\u00e9zked\u00e9sekkel \u00e9s a term\u00e9ktesztel\u00e9ssel kapcsolatos k\u00e9pz\u00e9st. <\/p>\n<div class=\"newlinediv\"><\/div>\n<p> 6. Keresse a v\u00e1s\u00e1rl\u00f3i visszajelz\u00e9seket: A vev\u0151i visszajelz\u00e9sek felbecs\u00fclhetetlen \u00e9rt\u00e9k\u0171ek a term\u00e9kmin\u0151s\u00e9g jav\u00edt\u00e1sa szempontj\u00e1b\u00f3l. A vev\u0151i visszajelz\u00e9sek meghallgat\u00e1sa \u00e9s az esetleges probl\u00e9m\u00e1k vagy agg\u00e1lyok kezel\u00e9se seg\u00edthet a term\u00e9k jav\u00edt\u00e1s\u00e1ban \u00e9s a vev\u0151i el\u00e9gedetts\u00e9g n\u00f6vel\u00e9s\u00e9ben. <\/p>\n<div class=\"newlinediv\"><\/div>\n<p> \u00d6sszefoglalva, a term\u00e9kmin\u0151s\u00e9g jav\u00edt\u00e1sa \u00e1tfog\u00f3 megk\u00f6zel\u00edt\u00e9st ig\u00e9nyel, amely mag\u00e1ban foglalja a piackutat\u00e1st, a min\u0151s\u00e9gir\u00e1ny\u00edt\u00e1si rendszer kialak\u00edt\u00e1s\u00e1t, a min\u0151s\u00e9gi anyagok haszn\u00e1lat\u00e1t, a rendszeres tesztel\u00e9st, a szem\u00e9lyzet k\u00e9pz\u00e9s\u00e9t \u00e9s t\u00e1mogat\u00e1s\u00e1t, valamint a vev\u0151i visszajelz\u00e9sek k\u00e9r\u00e9s\u00e9t.<\/p>\n<\/div>\n<\/div>\n","protected":false},"excerpt":{"rendered":"<p>Az \u00fcgyf\u00e9l-el\u00e9gedetts\u00e9g minden v\u00e1llalkoz\u00e1s siker\u00e9nek kulcsa. Ez az \u00fczleti n\u00f6veked\u00e9s alapja, amely az \u00fcgyfeleket arra k\u00e9szteti, hogy visszat\u00e9rjenek hozz\u00e1nk. Ennek el\u00e9r\u00e9se \u00e9rdek\u00e9ben a v\u00e1llalkoz\u00e1soknak az \u00fcgyf\u00e9lszolg\u00e1lat \u00e9s a min\u0151s\u00e9gi \u00e1ruk jav\u00edt\u00e1s\u00e1ra kell \u00f6sszpontos\u00edtaniuk. Az al\u00e1bbiakban az \u00fcgyf\u00e9lkiszolg\u00e1l\u00e1s \u00e9s a min\u0151s\u00e9gi \u00e1ruk jav\u00edt\u00e1s\u00e1nak m\u00f3djait ismertetj\u00fck. 1. K\u00e9pezze az alkalmazottait: Az \u00fcgyf\u00e9lszolg\u00e1lat jav\u00edt\u00e1s\u00e1nak els\u0151 l\u00e9p\u00e9se az alkalmazottak &#8230; <a title=\"Az \u00fcgyf\u00e9l-el\u00e9gedetts\u00e9g fontoss\u00e1ga az \u00fczleti n\u00f6veked\u00e9sben\" class=\"read-more\" href=\"https:\/\/megnyitasa.com\/tudas\/az-ugyfel-elegedettseg-fontossaga-az-uzleti-novekedesben\/\" aria-label=\"Read more about Az \u00fcgyf\u00e9l-el\u00e9gedetts\u00e9g fontoss\u00e1ga az \u00fczleti n\u00f6veked\u00e9sben\">Read more<\/a><\/p>\n","protected":false},"author":4071,"featured_media":0,"comment_status":"closed","ping_status":"closed","sticky":false,"template":"","format":"standard","meta":{"footnotes":""},"categories":[7],"tags":[],"class_list":["post-21129","post","type-post","status-publish","format-standard","hentry","category-uzleti-technologia-es-ugyfelszolgalat"],"_links":{"self":[{"href":"https:\/\/megnyitasa.com\/tudas\/wp-json\/wp\/v2\/posts\/21129","targetHints":{"allow":["GET"]}}],"collection":[{"href":"https:\/\/megnyitasa.com\/tudas\/wp-json\/wp\/v2\/posts"}],"about":[{"href":"https:\/\/megnyitasa.com\/tudas\/wp-json\/wp\/v2\/types\/post"}],"author":[{"embeddable":true,"href":"https:\/\/megnyitasa.com\/tudas\/wp-json\/wp\/v2\/users\/4071"}],"replies":[{"embeddable":true,"href":"https:\/\/megnyitasa.com\/tudas\/wp-json\/wp\/v2\/comments?post=21129"}],"version-history":[{"count":0,"href":"https:\/\/megnyitasa.com\/tudas\/wp-json\/wp\/v2\/posts\/21129\/revisions"}],"wp:attachment":[{"href":"https:\/\/megnyitasa.com\/tudas\/wp-json\/wp\/v2\/media?parent=21129"}],"wp:term":[{"taxonomy":"category","embeddable":true,"href":"https:\/\/megnyitasa.com\/tudas\/wp-json\/wp\/v2\/categories?post=21129"},{"taxonomy":"post_tag","embeddable":true,"href":"https:\/\/megnyitasa.com\/tudas\/wp-json\/wp\/v2\/tags?post=21129"}],"curies":[{"name":"wp","href":"https:\/\/api.w.org\/{rel}","templated":true}]}}