{"id":21276,"date":"2023-04-24T00:00:00","date_gmt":"2023-04-24T00:00:00","guid":{"rendered":"https:\/\/megnyitasa.com\/tudas\/a-munkaidovel-es-jelenlettel-kapcsolatos-szovetsegi-munkaugyi-torvenyek-betartasanak-fontossaga\/"},"modified":"2023-04-24T00:00:00","modified_gmt":"2023-04-24T00:00:00","slug":"a-munkaidovel-es-jelenlettel-kapcsolatos-szovetsegi-munkaugyi-torvenyek-betartasanak-fontossaga","status":"publish","type":"post","link":"https:\/\/megnyitasa.com\/tudas\/a-munkaidovel-es-jelenlettel-kapcsolatos-szovetsegi-munkaugyi-torvenyek-betartasanak-fontossaga\/","title":{"rendered":"A munkaid\u0151vel \u00e9s jelenl\u00e9ttel kapcsolatos sz\u00f6vets\u00e9gi munka\u00fcgyi t\u00f6rv\u00e9nyek betart\u00e1s\u00e1nak fontoss\u00e1ga"},"content":{"rendered":"<div class=\"articlecontent\">\n<div class=\"newlinediv\"><\/div>\n<p> Munk\u00e1ltat\u00f3k\u00e9nt elengedhetetlen, hogy ismerje \u00e9s betartsa a munkaid\u0151vel \u00e9s jelenl\u00e9ttel kapcsolatos sz\u00f6vets\u00e9gi munka\u00fcgyi t\u00f6rv\u00e9nyeket. E t\u00f6rv\u00e9nyek c\u00e9lja, hogy megv\u00e9dj\u00e9k a munkav\u00e1llal\u00f3kat att\u00f3l, hogy munk\u00e1ltat\u00f3ik t\u00falhajszolj\u00e1k, alulfizetik vagy rosszul b\u00e1njanak vel\u00fck. E t\u00f6rv\u00e9nyek be nem tart\u00e1sa jogi l\u00e9p\u00e9seket \u00e9s k\u00f6lts\u00e9ges b\u00fcntet\u00e9seket vonhat maga ut\u00e1n, amelyek negat\u00edvan befoly\u00e1solhatj\u00e1k v\u00e1llalkoz\u00e1s\u00e1t. <\/p>\n<div class=\"newlinediv\"><\/div>\n<p> A Fair Labor Standards Act (FLSA) az els\u0151dleges sz\u00f6vets\u00e9gi t\u00f6rv\u00e9ny, amely a munkaid\u0151t \u00e9s a jelenl\u00e9tet szab\u00e1lyozza. Az FLSA megk\u00f6veteli, hogy a munk\u00e1ltat\u00f3k legal\u00e1bb a sz\u00f6vets\u00e9gi minim\u00e1lb\u00e9rt fizess\u00e9k meg alkalmazottaiknak minden ledolgozott \u00f3r\u00e1ra, valamint t\u00fal\u00f3rap\u00f3tl\u00e9kot minden olyan \u00f3r\u00e1ra, amelyet egy munkah\u00e9ten bel\u00fcl 40 \u00f3r\u00e1n\u00e1l t\u00f6bbet dolgoznak. Az FLSA azt is el\u0151\u00edrja, hogy a munk\u00e1ltat\u00f3knak pontos nyilv\u00e1ntart\u00e1st kell vezetni\u00fck alkalmazottaik munkaidej\u00e9r\u0151l, bele\u00e9rtve a sz\u00fcneteket \u00e9s az \u00e9tkez\u00e9si id\u0151szakokat is. <\/p>\n<div class=\"newlinediv\"><\/div>\n<p> A munkaid\u0151vel \u00e9s jelenl\u00e9ttel kapcsolatos m\u00e1sik fontos sz\u00f6vets\u00e9gi munka\u00fcgyi t\u00f6rv\u00e9ny a csal\u00e1di \u00e9s eg\u00e9szs\u00e9g\u00fcgyi szabads\u00e1gr\u00f3l sz\u00f3l\u00f3 t\u00f6rv\u00e9ny (FMLA). Az FMLA el\u0151\u00edrja az 50 vagy ann\u00e1l t\u00f6bb alkalmazottat foglalkoztat\u00f3 munk\u00e1ltat\u00f3k sz\u00e1m\u00e1ra, hogy bizonyos csal\u00e1di vagy eg\u00e9szs\u00e9g\u00fcgyi okok miatt legfeljebb 12 h\u00e9t fizet\u00e9s n\u00e9lk\u00fcli szabads\u00e1got biztos\u00edtsanak a jogosult munkav\u00e1llal\u00f3k sz\u00e1m\u00e1ra. A munk\u00e1ltat\u00f3knak pontos nyilv\u00e1ntart\u00e1st kell vezetni\u00fck a munkav\u00e1llal\u00f3 szabads\u00e1g\u00e1r\u00f3l, \u00e9s t\u00e1j\u00e9koztatniuk kell a munkav\u00e1llal\u00f3kat az FMLA-jogaikr\u00f3l. <\/p>\n<div class=\"newlinediv\"><\/div>\n<p> Emellett a munkahelyi biztons\u00e1gr\u00f3l \u00e9s eg\u00e9szs\u00e9gv\u00e9delemr\u0151l sz\u00f3l\u00f3 t\u00f6rv\u00e9ny (OSHA) el\u0151\u00edrja a munk\u00e1ltat\u00f3k sz\u00e1m\u00e1ra a biztons\u00e1gos \u00e9s eg\u00e9szs\u00e9ges munkak\u00f6rnyezet fenntart\u00e1s\u00e1t. A munk\u00e1ltat\u00f3knak pontos nyilv\u00e1ntart\u00e1st kell vezetni\u00fck minden munk\u00e1val kapcsolatos s\u00e9r\u00fcl\u00e9sr\u0151l \u00e9s megbeteged\u00e9sr\u0151l, \u00e9s megfelel\u0151 biztons\u00e1gi k\u00e9pz\u00e9st \u00e9s felszerel\u00e9st kell biztos\u00edtaniuk a munkav\u00e1llal\u00f3k sz\u00e1m\u00e1ra. <\/p>\n<div class=\"newlinediv\"><\/div>\n<p> V\u00e9g\u00fcl a fogyat\u00e9koss\u00e1ggal \u00e9l\u0151 amerikaiakr\u00f3l sz\u00f3l\u00f3 t\u00f6rv\u00e9ny (ADA) megtiltja a munk\u00e1ltat\u00f3knak a fogyat\u00e9koss\u00e1ggal \u00e9l\u0151 munkav\u00e1llal\u00f3kkal szembeni megk\u00fcl\u00f6nb\u00f6ztet\u00e9st. A munk\u00e1ltat\u00f3knak \u00e9sszer\u0171 alkalmazkod\u00e1st kell biztos\u00edtaniuk a fogyat\u00e9koss\u00e1ggal \u00e9l\u0151 munkav\u00e1llal\u00f3k sz\u00e1m\u00e1ra, bele\u00e9rtve a rugalmas munkarendet \u00e9s a m\u00f3dos\u00edtott munkaid\u0151- \u00e9s jelenl\u00e9ti szab\u00e1lyzatot. <\/p>\n<div class=\"newlinediv\"><\/div>\n<p> \u00d6sszefoglalva, a munkaid\u0151re \u00e9s jelenl\u00e9tre vonatkoz\u00f3 sz\u00f6vets\u00e9gi munka\u00fcgyi t\u00f6rv\u00e9nyek betart\u00e1sa alapvet\u0151 fontoss\u00e1g\u00fa a munkav\u00e1llal\u00f3k \u00e9s a v\u00e1llalkoz\u00e1s v\u00e9delme szempontj\u00e1b\u00f3l. E t\u00f6rv\u00e9nyek be nem tart\u00e1sa k\u00f6lts\u00e9ges b\u00fcntet\u00e9seket \u00e9s jogi l\u00e9p\u00e9seket vonhat maga ut\u00e1n. Munk\u00e1ltat\u00f3k\u00e9nt az \u00d6n felel\u0151ss\u00e9ge, hogy ismerje \u00e9s betartsa ezeket a t\u00f6rv\u00e9nyeket, hogy tisztess\u00e9ges \u00e9s biztons\u00e1gos munkahelyet biztos\u00edtson alkalmazottai sz\u00e1m\u00e1ra.<\/p><\/div>\n<div class=\"questions\">\n<div class=\"questionstitle\">FAQ<\/div>\n<div class=\"question\">\n<div class=\"qtitle\"> Beh\u00edvhat-e a f\u0151n\u00f6k\u00f6m munkaid\u0151n k\u00edv\u00fclre?<\/div>\n<p> Ez az \u00d6n orsz\u00e1g\u00e1nak, \u00e1llam\u00e1nak\/tartom\u00e1ny\u00e1nak \u00e9s v\u00e1llalat\u00e1nak t\u00f6rv\u00e9nyeit\u0151l \u00e9s ir\u00e1nyelveit\u0151l f\u00fcgg. \u00c1ltal\u00e1noss\u00e1gban elmondhat\u00f3, hogy ha \u00d6n nem mentes\u00edtett munkav\u00e1llal\u00f3, a munk\u00e1ltat\u00f3ja nem k\u00e9rheti \u00d6nt arra, hogy fizet\u00e9s n\u00e9lk\u00fcl dolgozzon munkaid\u0151n k\u00edv\u00fcl. Ha azonban \u00d6n mentes\u00edtett munkav\u00e1llal\u00f3, a munk\u00e1ltat\u00f3ja munkaid\u0151n t\u00fal is felveheti \u00d6nnel a kapcsolatot a munk\u00e1val kapcsolatos \u00fcgyekben, amennyiben az a munkak\u00f6ri feladataihoz kapcsol\u00f3dik \u00e9s \u00e9sszer\u0171. <\/p>\n<div class=\"newlinediv\"><\/div>\n<p> Emellett egyes v\u00e1llalatoknak lehetnek olyan ir\u00e1nyelveik, amelyek megtiltj\u00e1k a vezet\u0151knek, hogy munkaid\u0151n k\u00edv\u00fcl kapcsolatba l\u00e9pjenek a munkav\u00e1llal\u00f3kkal, m\u00edg m\u00e1s v\u00e1llalatok bizonyos szerepk\u00f6r\u00f6kben b\u00e1tor\u00edthatj\u00e1k ezt. Fontos, hogy t\u00e1j\u00e9koz\u00f3djon a v\u00e1llalat hum\u00e1ner\u0151forr\u00e1s oszt\u00e1ly\u00e1n vagy a munkav\u00e1llal\u00f3i k\u00e9zik\u00f6nyvben, hogy meg\u00e9rtse a munkaid\u0151n k\u00edv\u00fcli munkahelyi kommunik\u00e1ci\u00f3val kapcsolatos ir\u00e1nyelveket \u00e9s elv\u00e1r\u00e1sokat. Ha agg\u00e1lyai vannak a munkaid\u0151n k\u00edv\u00fcli kapcsolatfelv\u00e9tellel kapcsolatban, besz\u00e9lje meg a k\u00e9rd\u00e9st a f\u0151n\u00f6k\u00e9vel vagy a HR-k\u00e9pvisel\u0151vel. <\/p>\n<\/div>\n<div class=\"question\">\n<div class=\"qtitle\"> K\u00f6telez\u0151-e egy v\u00e1llalatnak munkaid\u0151-\u00f3r\u00e1val rendelkeznie?<\/div>\n<p> Nem, egy v\u00e1llalatnak jogilag nem k\u00f6telez\u0151 munkaid\u0151-\u00f3r\u00e1val rendelkeznie. A munkaid\u0151-\u00f3ra megl\u00e9te azonban mind a v\u00e1llalat, mind a munkav\u00e1llal\u00f3k sz\u00e1m\u00e1ra el\u0151ny\u00f6s lehet. <\/p>\n<div class=\"newlinediv\"><\/div>\n<p> A munkaid\u0151-\u00f3ra seg\u00edthet az alkalmazottak munka\u00f3r\u00e1inak pontos nyomon k\u00f6vet\u00e9s\u00e9ben, ami fontos lehet a b\u00e9rsz\u00e1mfejt\u00e9s \u00e9s a munka\u00fcgyi t\u00f6rv\u00e9nyeknek val\u00f3 megfelel\u00e9s szempontj\u00e1b\u00f3l. Seg\u00edthet tov\u00e1bb\u00e1 megel\u0151zni a ledolgozott \u00f3r\u00e1kkal kapcsolatos vit\u00e1kat, \u00e9s biztos\u00edthatja, hogy a dolgoz\u00f3kat helyesen fizess\u00e9k ki. <\/p>\n<div class=\"newlinediv\"><\/div>\n<p> Ezenk\u00edv\u00fcl a munkaid\u0151-\u00f3ra seg\u00edthet az id\u0151beoszt\u00e1sban \u00e9s a jelenl\u00e9ti \u00edvek kezel\u00e9s\u00e9ben. Haszn\u00e1lhat\u00f3 az alkalmazottak jelenl\u00e9t\u00e9nek \u00e9s pontoss\u00e1g\u00e1nak nyomon k\u00f6vet\u00e9s\u00e9re, ami hasznos lehet a teljes\u00edtm\u00e9ny\u00e9rt\u00e9kel\u00e9shez \u00e9s a hi\u00e1nyz\u00e1si vagy k\u00e9s\u00e9si mint\u00e1k azonos\u00edt\u00e1s\u00e1hoz. <\/p>\n<div class=\"newlinediv\"><\/div>\n<p> \u00d6sszess\u00e9g\u00e9ben, b\u00e1r a munkaid\u0151-\u00f3ra nem k\u00f6telez\u0151, hasznos eszk\u00f6z lehet a v\u00e1llalati munkaer\u0151 kezel\u00e9s\u00e9ben \u00e9s a munka\u00fcgyi t\u00f6rv\u00e9nyek betart\u00e1s\u00e1nak biztos\u00edt\u00e1s\u00e1ban. <\/p>\n<\/div>\n<div class=\"question\">\n<div class=\"qtitle\"> K\u00f6telesek-e a munk\u00e1ltat\u00f3k nyomon k\u00f6vetni a ledolgozott munka\u00f3r\u00e1kat?<\/div>\n<p> A legt\u00f6bb esetben a munk\u00e1ltat\u00f3k k\u00f6telesek nyomon k\u00f6vetni a munkav\u00e1llal\u00f3ik \u00e1ltal ledolgozott \u00f3r\u00e1kat. Ennek oka, hogy a Fair Labor Standards Act (FLSA) el\u0151\u00edrja, hogy a munk\u00e1ltat\u00f3knak pontos nyilv\u00e1ntart\u00e1st kell vezetni\u00fck a nem mentes\u00edtett alkalmazottak \u00e1ltal ledolgozott \u00f3r\u00e1kr\u00f3l. A nem mentes\u00edtett alkalmazottak azok, akik jogosultak t\u00fal\u00f3rap\u00f3tl\u00e9kra minden olyan munka\u00f3ra ut\u00e1n, amelyet egy munkah\u00e9ten bel\u00fcl 40 \u00f3r\u00e1n\u00e1l t\u00f6bbet dolgoznak. <\/p>\n<div class=\"newlinediv\"><\/div>\n<p> Az FLSA el\u0151\u00edrja a munk\u00e1ltat\u00f3k sz\u00e1m\u00e1ra, hogy minden egyes nem mentes\u00edtett munkav\u00e1llal\u00f3r\u00f3l a k\u00f6vetkez\u0151 inform\u00e1ci\u00f3kat tarts\u00e1k nyilv\u00e1n: <\/p>\n<div class=\"newlinediv\"><\/div>\n<p> &#8211; Az egyes napokon ledolgozott \u00f3r\u00e1k <\/p>\n<div class=\"newlinediv\"><\/div>\n<p> &#8211; Az egyes munkaheteken \u00f6sszesen ledolgozott \u00f3r\u00e1k <\/p>\n<div class=\"newlinediv\"><\/div>\n<p> &#8211; A munkah\u00e9t kezdet\u00e9nek d\u00e1tuma \u00e9s id\u0151pontja <\/p>\n<div class=\"newlinediv\"><\/div>\n<p> &#8211; A munkav\u00e1llal\u00f3 neve \u00e9s azonos\u00edt\u00f3 adatai <\/p>\n<div class=\"newlinediv\"><\/div>\n<p> &#8211; A munkav\u00e1llal\u00f3 munkak\u00f6r\u00e9nek megnevez\u00e9se vagy le\u00edr\u00e1sa <\/p>\n<div class=\"newlinediv\"><\/div>\n<p> &#8211; \u00d3rab\u00e9r vagy munkab\u00e9r m\u00e9rt\u00e9ke <\/p>\n<div class=\"newlinediv\"><\/div>\n<p> &#8211; Heti vagy k\u00e9theti \u00f6sszkereset <\/p>\n<div class=\"newlinediv\"><\/div>\n<p> A munk\u00e1ltat\u00f3k k\u00fcl\u00f6nb\u00f6z\u0151 m\u00f3dszereket haszn\u00e1lhatnak a munkav\u00e1llal\u00f3k ledolgozott \u00f3r\u00e1inak nyilv\u00e1ntart\u00e1s\u00e1ra, p\u00e9ld\u00e1ul k\u00e9zi munkaid\u0151-k\u00e1rty\u00e1kat, elektronikus munka\u00f3r\u00e1kat vagy sz\u00e1m\u00edt\u00f3g\u00e9pes munkaid\u0151-nyilv\u00e1ntart\u00f3 rendszereket. A munk\u00e1ltat\u00f3k sz\u00e1m\u00e1ra fontos, hogy pontos nyilv\u00e1ntart\u00e1st vezessenek a dolgoz\u00f3k ledolgozott \u00f3r\u00e1ir\u00f3l, hogy biztos\u00edts\u00e1k a b\u00e9r- \u00e9s munkaid\u0151re vonatkoz\u00f3 t\u00f6rv\u00e9nyek betart\u00e1s\u00e1t, \u00e9s elker\u00fclj\u00e9k az esetleges jogi probl\u00e9m\u00e1kat. <\/p>\n<div class=\"newlinediv\"><\/div>\n<p> A sz\u00f6vets\u00e9gi t\u00f6rv\u00e9nyeken k\u00edv\u00fcl egyes \u00e1llamoknak \u00e9s telep\u00fcl\u00e9seknek saj\u00e1t k\u00f6vetelm\u00e9nyeik lehetnek az id\u0151sz\u00e1m\u00edt\u00e1sra \u00e9s nyilv\u00e1ntart\u00e1sra vonatkoz\u00f3an. A munk\u00e1ltat\u00f3knak tiszt\u00e1ban kell lenni\u00fck a saj\u00e1t hely\u00fckre \u00e9s ipar\u00e1gukra vonatkoz\u00f3 egyedi t\u00f6rv\u00e9nyekkel \u00e9s el\u0151\u00edr\u00e1sokkal. <\/p>\n<\/div>\n<div class=\"question\">\n<div class=\"qtitle\"> H\u00e1ny percet k\u00e9shet a munk\u00e1b\u00f3l?<\/div>\n<p> Az, hogy egy munkav\u00e1llal\u00f3 h\u00e1ny percet k\u00e9shet a munk\u00e1b\u00f3l, a v\u00e1llalat ir\u00e1nyelveit\u0151l \u00e9s elj\u00e1r\u00e1sait\u00f3l f\u00fcgg. A legt\u00f6bb v\u00e1llalatnak van jelenl\u00e9ti szab\u00e1lyzata, amely meghat\u00e1rozza a v\u00e1rhat\u00f3 \u00e9rkez\u00e9si id\u0151t \u00e9s a k\u00e9s\u00e9s k\u00f6vetkezm\u00e9nyeit. Egyes v\u00e1llalatok 5-10 perces t\u00fcrelmi id\u0151t enged\u00e9lyezhetnek, m\u00edg m\u00e1sok megk\u00f6vetelik a pontoss\u00e1got, \u00e9s elv\u00e1rhatj\u00e1k, hogy a munkav\u00e1llal\u00f3k k\u00e9sedelem n\u00e9lk\u00fcl id\u0151ben \u00e9rkezzenek. Fontos, hogy a munkav\u00e1llal\u00f3k tiszt\u00e1ban legyenek a v\u00e1llalat jelenl\u00e9ti szab\u00e1lyzat\u00e1val, \u00e9s minden v\u00e1ratlan k\u00e9s\u00e9st vagy probl\u00e9m\u00e1t k\u00f6z\u00f6ljenek a felettes\u00fckkel vagy a HR-oszt\u00e1lyukkal. A folyamatos k\u00e9s\u00e9s negat\u00edvan befoly\u00e1solhatja a munkav\u00e1llal\u00f3 teljes\u00edtm\u00e9ny\u00e9t, \u00e9s fegyelmi elj\u00e1r\u00e1st vonhat maga ut\u00e1n, bele\u00e9rtve a felmond\u00e1st is.<\/p>\n<\/div>\n<\/div>\n","protected":false},"excerpt":{"rendered":"<p>Munk\u00e1ltat\u00f3k\u00e9nt elengedhetetlen, hogy ismerje \u00e9s betartsa a munkaid\u0151vel \u00e9s jelenl\u00e9ttel kapcsolatos sz\u00f6vets\u00e9gi munka\u00fcgyi t\u00f6rv\u00e9nyeket. E t\u00f6rv\u00e9nyek c\u00e9lja, hogy megv\u00e9dj\u00e9k a munkav\u00e1llal\u00f3kat att\u00f3l, hogy munk\u00e1ltat\u00f3ik t\u00falhajszolj\u00e1k, alulfizetik vagy rosszul b\u00e1njanak vel\u00fck. E t\u00f6rv\u00e9nyek be nem tart\u00e1sa jogi l\u00e9p\u00e9seket \u00e9s k\u00f6lts\u00e9ges b\u00fcntet\u00e9seket vonhat maga ut\u00e1n, amelyek negat\u00edvan befoly\u00e1solhatj\u00e1k v\u00e1llalkoz\u00e1s\u00e1t. A Fair Labor Standards Act (FLSA) az els\u0151dleges &#8230; <a title=\"A munkaid\u0151vel \u00e9s jelenl\u00e9ttel kapcsolatos sz\u00f6vets\u00e9gi munka\u00fcgyi t\u00f6rv\u00e9nyek betart\u00e1s\u00e1nak fontoss\u00e1ga\" class=\"read-more\" href=\"https:\/\/megnyitasa.com\/tudas\/a-munkaidovel-es-jelenlettel-kapcsolatos-szovetsegi-munkaugyi-torvenyek-betartasanak-fontossaga\/\" aria-label=\"Read more about A munkaid\u0151vel \u00e9s jelenl\u00e9ttel kapcsolatos sz\u00f6vets\u00e9gi munka\u00fcgyi t\u00f6rv\u00e9nyek betart\u00e1s\u00e1nak fontoss\u00e1ga\">Read more<\/a><\/p>\n","protected":false},"author":2946,"featured_media":0,"comment_status":"closed","ping_status":"closed","sticky":false,"template":"","format":"standard","meta":{"footnotes":""},"categories":[14],"tags":[],"class_list":["post-21276","post","type-post","status-publish","format-standard","hentry","category-human-eroforras"],"_links":{"self":[{"href":"https:\/\/megnyitasa.com\/tudas\/wp-json\/wp\/v2\/posts\/21276","targetHints":{"allow":["GET"]}}],"collection":[{"href":"https:\/\/megnyitasa.com\/tudas\/wp-json\/wp\/v2\/posts"}],"about":[{"href":"https:\/\/megnyitasa.com\/tudas\/wp-json\/wp\/v2\/types\/post"}],"author":[{"embeddable":true,"href":"https:\/\/megnyitasa.com\/tudas\/wp-json\/wp\/v2\/users\/2946"}],"replies":[{"embeddable":true,"href":"https:\/\/megnyitasa.com\/tudas\/wp-json\/wp\/v2\/comments?post=21276"}],"version-history":[{"count":0,"href":"https:\/\/megnyitasa.com\/tudas\/wp-json\/wp\/v2\/posts\/21276\/revisions"}],"wp:attachment":[{"href":"https:\/\/megnyitasa.com\/tudas\/wp-json\/wp\/v2\/media?parent=21276"}],"wp:term":[{"taxonomy":"category","embeddable":true,"href":"https:\/\/megnyitasa.com\/tudas\/wp-json\/wp\/v2\/categories?post=21276"},{"taxonomy":"post_tag","embeddable":true,"href":"https:\/\/megnyitasa.com\/tudas\/wp-json\/wp\/v2\/tags?post=21276"}],"curies":[{"name":"wp","href":"https:\/\/api.w.org\/{rel}","templated":true}]}}