{"id":21641,"date":"2023-04-24T00:00:00","date_gmt":"2023-04-24T00:00:00","guid":{"rendered":"https:\/\/megnyitasa.com\/tudas\/miert-fontosak-a-teljesitmenyelemzo-racsok-az-uzleti-sikerhez\/"},"modified":"2023-04-24T00:00:00","modified_gmt":"2023-04-24T00:00:00","slug":"miert-fontosak-a-teljesitmenyelemzo-racsok-az-uzleti-sikerhez","status":"publish","type":"post","link":"https:\/\/megnyitasa.com\/tudas\/miert-fontosak-a-teljesitmenyelemzo-racsok-az-uzleti-sikerhez\/","title":{"rendered":"Mi\u00e9rt fontosak a teljes\u00edtm\u00e9nyelemz\u0151 r\u00e1csok az \u00fczleti sikerhez"},"content":{"rendered":"<div class=\"articlecontent\">\n<div class=\"newlinediv\"><\/div>\n<p> A teljes\u00edtm\u00e9nyelemz\u0151 r\u00e1csok, m\u00e1s n\u00e9ven teljes\u00edtm\u00e9nym\u00e1trixok az \u00fczleti teljes\u00edtm\u00e9ny m\u00e9r\u00e9s\u00e9nek \u00e9s \u00e9rt\u00e9kel\u00e9s\u00e9nek alapvet\u0151 eszk\u00f6zei. Az adatok elemz\u00e9s\u00e9re \u00e9s vizualiz\u00e1l\u00e1s\u00e1ra, a trendek azonos\u00edt\u00e1s\u00e1ra \u00e9s megalapozott d\u00f6nt\u00e9sek meghozatal\u00e1ra szolg\u00e1lnak. A teljes\u00edtm\u00e9nyelemz\u00e9si r\u00e1csok \u00e1tfog\u00f3 k\u00e9pet ny\u00fajtanak az \u00fczletr\u0151l az\u00e1ltal, hogy a k\u00fcl\u00f6nb\u00f6z\u0151 m\u00e9r\u0151sz\u00e1mokat a c\u00e9lok \u00e9s c\u00e9lkit\u0171z\u00e9sekhez viszony\u00edtj\u00e1k. Ez a cikk a teljes\u00edtm\u00e9nyelemz\u0151 r\u00e1csok fontoss\u00e1g\u00e1t t\u00e1rgyalja az \u00fczleti \u00e9letben, \u00e9s azt, hogyan seg\u00edthetik a v\u00e1llalatokat a siker el\u00e9r\u00e9s\u00e9ben. <\/p>\n<div class=\"newlinediv\"><\/div>\n<p> A teljes\u00edtm\u00e9nyelemz\u00e9si r\u00e1csok egyik jelent\u0151s el\u0151nye, hogy vil\u00e1gos \u00e9s t\u00f6m\u00f6r \u00e1ttekint\u00e9st ny\u00fajtanak az \u00fczleti teljes\u00edtm\u00e9nyr\u0151l. Seg\u00edtenek a v\u00e1llalkoz\u00e1soknak azonos\u00edtani m\u0171k\u00f6d\u00e9s\u00fck er\u0151ss\u00e9geit \u00e9s gyenges\u00e9geit, \u00e9s kiemelik a fejleszt\u00e9sre szorul\u00f3 ter\u00fcleteket. A kulcsfontoss\u00e1g\u00fa teljes\u00edtm\u00e9nymutat\u00f3k (KPI-k) el\u0151re meghat\u00e1rozott c\u00e9lokhoz viszony\u00edtott m\u00e9r\u00e9s\u00e9vel a v\u00e1llalkoz\u00e1sok \u00e9rt\u00e9kes betekint\u00e9st nyerhetnek teljes\u00edtm\u00e9ny\u00fckbe, \u00e9s adatvez\u00e9relt d\u00f6nt\u00e9seket hozhatnak. A teljes\u00edtm\u00e9nyelemz\u0151 r\u00e1csok abban is seg\u00edthetnek a v\u00e1llalkoz\u00e1soknak, hogy nyomon k\u00f6vess\u00e9k az id\u0151beli fejl\u0151d\u00e9st, nyomon k\u00f6vess\u00e9k a tendenci\u00e1kat, \u00e9s azonos\u00edts\u00e1k azokat a ter\u00fcleteket, ahol a teljes\u00edtm\u00e9ny cs\u00f6kken. <\/p>\n<div class=\"newlinediv\"><\/div>\n<p> A teljes\u00edtm\u00e9nyelemz\u0151 r\u00e1csok m\u00e1sik el\u0151nye, hogy seg\u00edthetnek a v\u00e1llalkoz\u00e1soknak a n\u00f6veked\u00e9si \u00e9s terjeszked\u00e9si lehet\u0151s\u00e9gek azonos\u00edt\u00e1s\u00e1ban. Az \u00fcgyfelek viselked\u00e9s\u00e9re, az \u00e9rt\u00e9kes\u00edt\u00e9si trendekre \u00e9s a piaci felt\u00e9telekre vonatkoz\u00f3 adatok elemz\u00e9s\u00e9vel a v\u00e1llalkoz\u00e1sok azonos\u00edthatj\u00e1k a potenci\u00e1lis n\u00f6veked\u00e9si ter\u00fcleteket, \u00e9s strat\u00e9gi\u00e1kat dolgozhatnak ki ezek kihaszn\u00e1l\u00e1s\u00e1ra. A teljes\u00edtm\u00e9nyelemz\u00e9si r\u00e1csok abban is seg\u00edthetnek a v\u00e1llalkoz\u00e1soknak, hogy azonos\u00edts\u00e1k azokat az \u00faj piacokat, term\u00e9keket \u00e9s szolg\u00e1ltat\u00e1sokat, amelyek \u00e9rdekelhetik \u00fcgyfeleiket. <\/p>\n<div class=\"newlinediv\"><\/div>\n<p> A teljes\u00edtm\u00e9nyelemz\u00e9si r\u00e1csok a kock\u00e1zatkezel\u00e9s \u00e9rt\u00e9kes eszk\u00f6zei is. A k\u00fcl\u00f6nb\u00f6z\u0151 kock\u00e1zatokra, p\u00e9ld\u00e1ul a p\u00e9nz\u00fcgyi, m\u0171k\u00f6d\u00e9si \u00e9s h\u00edrn\u00e9vkock\u00e1zatokra vonatkoz\u00f3 adatok elemz\u00e9s\u00e9vel a v\u00e1llalkoz\u00e1sok strat\u00e9gi\u00e1kat dolgozhatnak ki e kock\u00e1zatok m\u00e9rs\u00e9kl\u00e9s\u00e9re. A teljes\u00edtm\u00e9nyelemz\u00e9si r\u00e1csok seg\u00edthetnek a v\u00e1llalkoz\u00e1soknak abban is, hogy azonos\u00edts\u00e1k a potenci\u00e1lis vesz\u00e9lyeket, \u00e9s proakt\u00edv int\u00e9zked\u00e9seket tegyenek azok kezel\u00e9s\u00e9re, miel\u0151tt azok komolyabb probl\u00e9m\u00e1v\u00e1 v\u00e1ln\u00e1nak. <\/p>\n<div class=\"newlinediv\"><\/div>\n<p> V\u00e9g\u00fcl a teljes\u00edtm\u00e9nyelemz\u0151 r\u00e1csok seg\u00edthetnek a v\u00e1llalkoz\u00e1soknak a csapatok \u00e9s r\u00e9szlegek k\u00f6z\u00f6tti kommunik\u00e1ci\u00f3 \u00e9s egy\u00fcttm\u0171k\u00f6d\u00e9s jav\u00edt\u00e1s\u00e1ban. A teljes\u00edtm\u00e9nyelemz\u0151 r\u00e1csok az\u00e1ltal, hogy k\u00f6z\u00f6s k\u00e9pet ny\u00fajtanak az \u00fczleti teljes\u00edtm\u00e9nyr\u0151l, seg\u00edthetnek a csapatoknak a hat\u00e9konyabb egy\u00fcttm\u0171k\u00f6d\u00e9sben, a megl\u00e1t\u00e1sok megoszt\u00e1s\u00e1ban \u00e9s a megold\u00e1sokon val\u00f3 egy\u00fcttm\u0171k\u00f6d\u00e9sben. Seg\u00edthetnek a v\u00e1llalkoz\u00e1soknak az \u00e1tfed\u00e9sek vagy p\u00e1rhuzamoss\u00e1gok azonos\u00edt\u00e1s\u00e1ban \u00e9s a folyamatok racionaliz\u00e1l\u00e1s\u00e1ban is a hat\u00e9konys\u00e1g jav\u00edt\u00e1sa \u00e9rdek\u00e9ben. <\/p>\n<div class=\"newlinediv\"><\/div>\n<p> \u00d6sszefoglalva, a teljes\u00edtm\u00e9nyelemz\u00e9si r\u00e1csok alapvet\u0151 eszk\u00f6z\u00f6k az \u00fczleti teljes\u00edtm\u00e9ny m\u00e9r\u00e9s\u00e9hez \u00e9s \u00e9rt\u00e9kel\u00e9s\u00e9hez. \u00c1tfog\u00f3 k\u00e9pet ny\u00fajtanak az \u00fczleti tev\u00e9kenys\u00e9gekr\u0151l, kiemelik az er\u0151s \u00e9s gyenge ter\u00fcleteket, azonos\u00edtj\u00e1k a n\u00f6veked\u00e9si lehet\u0151s\u00e9geket, kezelik a kock\u00e1zatokat, \u00e9s jav\u00edtj\u00e1k a kommunik\u00e1ci\u00f3t \u00e9s az egy\u00fcttm\u0171k\u00f6d\u00e9st. A teljes\u00edtm\u00e9nyelemz\u00e9si r\u00e1csok haszn\u00e1lat\u00e1val a v\u00e1llalkoz\u00e1sok megalapozott d\u00f6nt\u00e9seket hozhatnak, id\u0151vel nyomon k\u00f6vethetik az el\u0151rehalad\u00e1st, \u00e9s sikereket \u00e9rhetnek el.<\/p><\/div>\n<div class=\"questions\">\n<div class=\"questionstitle\">FAQ<\/div>\n<div class=\"question\">\n<div class=\"qtitle\"> Mi az a teljes\u00edtm\u00e9nyelemz\u0151 r\u00e1cs?<\/div>\n<p> A teljes\u00edtm\u00e9nyr\u00e1cs egy olyan marketingeszk\u00f6z, amelyet a k\u00fcl\u00f6nb\u00f6z\u0151 term\u00e9kek vagy szolg\u00e1ltat\u00e1sok teljes\u00edtm\u00e9ny\u00e9nek elemz\u00e9s\u00e9re \u00e9s \u00f6sszehasonl\u00edt\u00e1s\u00e1ra haszn\u00e1lnak azok jellemz\u0151i \u00e9s az \u00fcgyfelek ig\u00e9nyei alapj\u00e1n. Ez egy m\u00e1trix, amely az egyik oszlopban felsorolja az egyes term\u00e9kek vagy szolg\u00e1ltat\u00e1sok legfontosabb jellemz\u0151it, a m\u00e1sik oszlopban pedig a v\u00e1s\u00e1rl\u00f3i k\u00f6vetelm\u00e9nyeket vagy preferenci\u00e1kat. A teljes\u00edtm\u00e9nyr\u00e1cs lehet\u0151v\u00e9 teszi a marketingesek sz\u00e1m\u00e1ra, hogy vizu\u00e1lisan \u00f6sszehasonl\u00edts\u00e1k a k\u00fcl\u00f6nb\u00f6z\u0151 term\u00e9kek vagy szolg\u00e1ltat\u00e1sok jellemz\u0151it a vev\u0151i k\u00f6vetelm\u00e9nyekkel \u00e9s preferenci\u00e1kkal. <\/p>\n<div class=\"newlinediv\"><\/div>\n<p> A teljes\u00edtm\u00e9nyr\u00e1csot \u00e1ltal\u00e1ban olyan ipar\u00e1gakban haszn\u00e1lj\u00e1k, mint az aut\u00f3ipar, a fogyaszt\u00f3i elektronika \u00e9s a szoftverek, ahol t\u00f6bb hasonl\u00f3 tulajdons\u00e1gokkal \u00e9s funkci\u00f3kkal rendelkez\u0151 term\u00e9k l\u00e9tezik. A teljes\u00edtm\u00e9nyr\u00e1cs haszn\u00e1lat\u00e1val a marketingesek azonos\u00edthatj\u00e1k term\u00e9keik er\u0151ss\u00e9geit \u00e9s gyenges\u00e9geit, \u00e9s megalapozott d\u00f6nt\u00e9seket hozhatnak a term\u00e9kfejleszt\u00e9ssel, az \u00e1rk\u00e9pz\u00e9ssel \u00e9s a marketingstrat\u00e9gi\u00e1kkal kapcsolatban. <\/p>\n<div class=\"newlinediv\"><\/div>\n<p> A teljes\u00edtm\u00e9nyr\u00e1cs hasznos a piaci hi\u00e1nyoss\u00e1gok \u00e9s az \u00faj term\u00e9kek vagy szolg\u00e1ltat\u00e1sok potenci\u00e1lis lehet\u0151s\u00e9geinek azonos\u00edt\u00e1s\u00e1ra is. A v\u00e1s\u00e1rl\u00f3i ig\u00e9nyek \u00e9s preferenci\u00e1k elemz\u00e9s\u00e9vel a marketingesek azonos\u00edthatj\u00e1k azokat a ter\u00fcleteket, ahol a megl\u00e9v\u0151 term\u00e9kek nem el\u00e9g\u00edtik ki a v\u00e1s\u00e1rl\u00f3i ig\u00e9nyeket, \u00e9s \u00faj term\u00e9keket fejleszthetnek ki e hi\u00e1nyoss\u00e1gok p\u00f3tl\u00e1s\u00e1ra. <\/p>\n<div class=\"newlinediv\"><\/div>\n<p> \u00d6sszess\u00e9g\u00e9ben a teljes\u00edtm\u00e9nyr\u00e1cs \u00e9rt\u00e9kes marketingeszk\u00f6z, amely seg\u00edti a marketingeseket abban, hogy adatvez\u00e9relt d\u00f6nt\u00e9seket hozzanak a term\u00e9kfejleszt\u00e9ssel, az \u00e1rk\u00e9pz\u00e9ssel \u00e9s a marketingstrat\u00e9gi\u00e1kkal kapcsolatban. <\/p>\n<\/div>\n<div class=\"question\">\n<div class=\"qtitle\"> Mik a teljes\u00edtm\u00e9nyelemz\u00e9s c\u00e9ljai?<\/div>\n<p> A teljes\u00edtm\u00e9nyelemz\u00e9s c\u00e9ljai a rekl\u00e1mban \u00e9s a marketingben a k\u00f6vetkez\u0151k: <\/p>\n<div class=\"newlinediv\"><\/div>\n<p> 1. A rekl\u00e1mkamp\u00e1nyok hat\u00e9konys\u00e1g\u00e1nak m\u00e9r\u00e9se: A teljes\u00edtm\u00e9nyelemz\u00e9s seg\u00edt a rekl\u00e1mkamp\u00e1ny hat\u00e9konys\u00e1g\u00e1nak m\u00e9r\u00e9s\u00e9ben. A kamp\u00e1ny teljes\u00edtm\u00e9ny\u00e9nek elemz\u00e9s\u00e9vel a hirdet\u0151k meg\u00e1llap\u00edthatj\u00e1k, hogy a kamp\u00e1ny el\u00e9rte-e a kit\u0171z\u00f6tt c\u00e9lokat vagy sem. <\/p>\n<div class=\"newlinediv\"><\/div>\n<p> 2. A fejlesztend\u0151 ter\u00fcletek azonos\u00edt\u00e1sa: A teljes\u00edtm\u00e9nyelemz\u00e9s seg\u00edt azon ter\u00fcletek azonos\u00edt\u00e1s\u00e1ban, ahol a rekl\u00e1mkamp\u00e1nyt jav\u00edtani lehet. A teljes\u00edtm\u00e9nyadatok elemz\u00e9s\u00e9vel a hirdet\u0151k azonos\u00edtani tudj\u00e1k azokat a konkr\u00e9t ter\u00fcleteket, amelyek fejleszt\u00e9sre szorulnak. <\/p>\n<div class=\"newlinediv\"><\/div>\n<p> 3. A m\u00e9diav\u00e1s\u00e1rl\u00e1s optimaliz\u00e1l\u00e1sa: A teljes\u00edtm\u00e9nyelemz\u00e9s seg\u00edt a m\u00e9diav\u00e1s\u00e1rl\u00e1s optimaliz\u00e1l\u00e1s\u00e1ban. A hirdet\u0151k a teljes\u00edtm\u00e9nyadatok seg\u00edts\u00e9g\u00e9vel meghat\u00e1rozhatj\u00e1k, hogy mely m\u00e9diacsatorn\u00e1k teljes\u00edtenek j\u00f3l, \u00e9s melyek nem. Ez seg\u00edt a m\u00e9diav\u00e1s\u00e1rl\u00e1s optimaliz\u00e1l\u00e1s\u00e1ban \u00e9s az er\u0151forr\u00e1sok hat\u00e9konyabb eloszt\u00e1s\u00e1ban. <\/p>\n<div class=\"newlinediv\"><\/div>\n<p> 4. A megt\u00e9r\u00fcl\u00e9s m\u00e9r\u00e9se: A teljes\u00edtm\u00e9nyelemz\u00e9s seg\u00edt a rekl\u00e1mkamp\u00e1ny megt\u00e9r\u00fcl\u00e9s\u00e9nek (ROI) m\u00e9r\u00e9s\u00e9ben. A teljes\u00edtm\u00e9nyadatok elemz\u00e9s\u00e9vel a hirdet\u0151k meg\u00e1llap\u00edthatj\u00e1k, hogy a kamp\u00e1ny nyeres\u00e9ges volt-e vagy sem. <\/p>\n<div class=\"newlinediv\"><\/div>\n<p> 5. Az \u00fcgyfelek viselked\u00e9s\u00e9nek nyomon k\u00f6vet\u00e9se: A teljes\u00edtm\u00e9nyelemz\u00e9s seg\u00edt az \u00fcgyfelek viselked\u00e9s\u00e9nek nyomon k\u00f6vet\u00e9s\u00e9ben. A teljes\u00edtm\u00e9nyadatok elemz\u00e9s\u00e9vel a hirdet\u0151k meghat\u00e1rozhatj\u00e1k, hogy az \u00fcgyfelek hogyan reag\u00e1lnak a hirdet\u00e9si kamp\u00e1nyaikra. Ez seg\u00edt a hat\u00e9konyabb marketingstrat\u00e9gi\u00e1k kidolgoz\u00e1s\u00e1ban. <\/p>\n<div class=\"newlinediv\"><\/div>\n<p> 6. A kamp\u00e1nyc\u00e9lok \u00e9rt\u00e9kel\u00e9se: A teljes\u00edtm\u00e9nyelemz\u00e9s seg\u00edt a kamp\u00e1nyc\u00e9lok \u00e9rt\u00e9kel\u00e9s\u00e9ben. A hirdet\u0151k a teljes\u00edtm\u00e9nyadatok seg\u00edts\u00e9g\u00e9vel meghat\u00e1rozhatj\u00e1k, hogy a kamp\u00e1ny el\u00e9rte-e a c\u00e9ljait vagy sem. Ez seg\u00edt a j\u00f6v\u0151beli kamp\u00e1nyokra vonatkoz\u00f3 megalapozott d\u00f6nt\u00e9sek meghozatal\u00e1ban.<\/p>\n<\/div>\n<\/div>\n","protected":false},"excerpt":{"rendered":"<p>A teljes\u00edtm\u00e9nyelemz\u0151 r\u00e1csok, m\u00e1s n\u00e9ven teljes\u00edtm\u00e9nym\u00e1trixok az \u00fczleti teljes\u00edtm\u00e9ny m\u00e9r\u00e9s\u00e9nek \u00e9s \u00e9rt\u00e9kel\u00e9s\u00e9nek alapvet\u0151 eszk\u00f6zei. Az adatok elemz\u00e9s\u00e9re \u00e9s vizualiz\u00e1l\u00e1s\u00e1ra, a trendek azonos\u00edt\u00e1s\u00e1ra \u00e9s megalapozott d\u00f6nt\u00e9sek meghozatal\u00e1ra szolg\u00e1lnak. A teljes\u00edtm\u00e9nyelemz\u00e9si r\u00e1csok \u00e1tfog\u00f3 k\u00e9pet ny\u00fajtanak az \u00fczletr\u0151l az\u00e1ltal, hogy a k\u00fcl\u00f6nb\u00f6z\u0151 m\u00e9r\u0151sz\u00e1mokat a c\u00e9lok \u00e9s c\u00e9lkit\u0171z\u00e9sekhez viszony\u00edtj\u00e1k. Ez a cikk a teljes\u00edtm\u00e9nyelemz\u0151 r\u00e1csok fontoss\u00e1g\u00e1t t\u00e1rgyalja az \u00fczleti &#8230; <a title=\"Mi\u00e9rt fontosak a teljes\u00edtm\u00e9nyelemz\u0151 r\u00e1csok az \u00fczleti sikerhez\" class=\"read-more\" href=\"https:\/\/megnyitasa.com\/tudas\/miert-fontosak-a-teljesitmenyelemzo-racsok-az-uzleti-sikerhez\/\" aria-label=\"Read more about Mi\u00e9rt fontosak a teljes\u00edtm\u00e9nyelemz\u0151 r\u00e1csok az \u00fczleti sikerhez\">Read more<\/a><\/p>\n","protected":false},"author":3769,"featured_media":0,"comment_status":"closed","ping_status":"closed","sticky":false,"template":"","format":"standard","meta":{"footnotes":""},"categories":[6],"tags":[],"class_list":["post-21641","post","type-post","status-publish","format-standard","hentry","category-reklam-es-marketing"],"_links":{"self":[{"href":"https:\/\/megnyitasa.com\/tudas\/wp-json\/wp\/v2\/posts\/21641","targetHints":{"allow":["GET"]}}],"collection":[{"href":"https:\/\/megnyitasa.com\/tudas\/wp-json\/wp\/v2\/posts"}],"about":[{"href":"https:\/\/megnyitasa.com\/tudas\/wp-json\/wp\/v2\/types\/post"}],"author":[{"embeddable":true,"href":"https:\/\/megnyitasa.com\/tudas\/wp-json\/wp\/v2\/users\/3769"}],"replies":[{"embeddable":true,"href":"https:\/\/megnyitasa.com\/tudas\/wp-json\/wp\/v2\/comments?post=21641"}],"version-history":[{"count":0,"href":"https:\/\/megnyitasa.com\/tudas\/wp-json\/wp\/v2\/posts\/21641\/revisions"}],"wp:attachment":[{"href":"https:\/\/megnyitasa.com\/tudas\/wp-json\/wp\/v2\/media?parent=21641"}],"wp:term":[{"taxonomy":"category","embeddable":true,"href":"https:\/\/megnyitasa.com\/tudas\/wp-json\/wp\/v2\/categories?post=21641"},{"taxonomy":"post_tag","embeddable":true,"href":"https:\/\/megnyitasa.com\/tudas\/wp-json\/wp\/v2\/tags?post=21641"}],"curies":[{"name":"wp","href":"https:\/\/api.w.org\/{rel}","templated":true}]}}