{"id":21649,"date":"2023-04-24T00:00:00","date_gmt":"2023-04-24T00:00:00","guid":{"rendered":"https:\/\/megnyitasa.com\/tudas\/az-idosek-igenyeinek-kielegitese\/"},"modified":"2023-04-24T00:00:00","modified_gmt":"2023-04-24T00:00:00","slug":"az-idosek-igenyeinek-kielegitese","status":"publish","type":"post","link":"https:\/\/megnyitasa.com\/tudas\/az-idosek-igenyeinek-kielegitese\/","title":{"rendered":"Az id\u0151sek ig\u00e9nyeinek kiel\u00e9g\u00edt\u00e9se:"},"content":{"rendered":"<div class=\"articlecontent\">\n<div class=\"newlinediv\"><\/div>\n<p> A n\u00e9pess\u00e9g el\u00f6reged\u00e9s\u00e9vel megn\u0151tt az ig\u00e9ny a t\u00e1mogatott lakhat\u00e1st biztos\u00edt\u00f3 l\u00e9tes\u00edtm\u00e9nyekre. Ezek a l\u00e9tes\u00edtm\u00e9nyek biztons\u00e1gos \u00e9s k\u00e9nyelmes k\u00f6rnyezetet biztos\u00edtanak azon id\u0151sek sz\u00e1m\u00e1ra, akiknek seg\u00edts\u00e9gre van sz\u00fcks\u00e9g\u00fck a mindennapi \u00e9letvitelhez. A lak\u00f3k egyedi ig\u00e9nyei miatt azonban kih\u00edv\u00e1st jelenthet ezeknek az int\u00e9zm\u00e9nyeknek a szem\u00e9lyzeti ell\u00e1t\u00e1sa. A t\u00e1mogatott lak\u00f3otthonok sz\u00e1m\u00e1ra kulcsfontoss\u00e1g\u00fa, hogy megfelel\u0151 l\u00e9tsz\u00e1mmal \u00e9s megfelel\u0151en k\u00e9pzett szem\u00e9lyzettel rendelkezzenek, hogy a lak\u00f3k megkapj\u00e1k a sz\u00fcks\u00e9ges ell\u00e1t\u00e1st. <\/p>\n<div class=\"newlinediv\"><\/div>\n<p> A t\u00e1mogatott lak\u00f3otthonok egyik legkritikusabb szem\u00e9lyzeti ig\u00e9nye a megfelel\u0151 \u00e1pol\u00f3szem\u00e9lyzet. A t\u00e1mogatott lak\u00f3otthonok lak\u00f3i \u00f6sszetett eg\u00e9szs\u00e9g\u00fcgyi sz\u00fcks\u00e9gletekkel rendelkezhetnek, amelyek szakk\u00e9pzett \u00e1pol\u00f3i ell\u00e1t\u00e1st ig\u00e9nyelnek. Emellett az \u00e1pol\u00f3szem\u00e9lyzet felel\u0151s a gy\u00f3gyszerek bead\u00e1s\u00e1\u00e9rt \u00e9s a lak\u00f3k eg\u00e9szs\u00e9gi \u00e1llapot\u00e1nak figyelemmel k\u00eds\u00e9r\u00e9s\u00e9\u00e9rt. Elegend\u0151 \u00e1pol\u00f3szem\u00e9lyzet n\u00e9lk\u00fcl a lak\u00f3k nem kaphatj\u00e1k meg a sz\u00fcks\u00e9ges ell\u00e1t\u00e1st, ami n\u00f6veli az eg\u00e9szs\u00e9g\u00fcgyi komplik\u00e1ci\u00f3k kock\u00e1zat\u00e1t. <\/p>\n<div class=\"newlinediv\"><\/div>\n<p> Az \u00e1pol\u00f3szem\u00e9lyzeten k\u00edv\u00fcl a t\u00e1mogatott lak\u00f3otthonokban m\u00e1s t\u00edpus\u00fa szem\u00e9lyzetre is sz\u00fcks\u00e9g van, p\u00e9ld\u00e1ul szem\u00e9lyi gondoz\u00f3kra \u00e9s tev\u00e9kenys\u00e9g-koordin\u00e1torokra. A szem\u00e9lyi \u00e1pol\u00e1si asszisztensek seg\u00edtik a lak\u00f3kat a mindennapi \u00e9letvitellel kapcsolatos feladatokban, p\u00e9ld\u00e1ul a f\u00fcrd\u00e9sben, \u00f6lt\u00f6zk\u00f6d\u00e9sben \u00e9s \u00e1pol\u00e1sban. Emellett t\u00e1rsas\u00e1got \u00e9s \u00e9rzelmi t\u00e1mogat\u00e1st is ny\u00fajtanak a lak\u00f3knak. A tev\u00e9kenys\u00e9g-koordin\u00e1torok feladata a szocializ\u00e1ci\u00f3t \u00e9s a fizikai aktivit\u00e1st el\u0151seg\u00edt\u0151 tev\u00e9kenys\u00e9gek \u00e9s esem\u00e9nyek tervez\u00e9se \u00e9s vezet\u00e9se. Ezek a munkat\u00e1rsak l\u00e9tfontoss\u00e1g\u00fa szerepet j\u00e1tszanak a lak\u00f3k \u00e1ltal\u00e1nos j\u00f3l\u00e9t\u00e9ben. <\/p>\n<div class=\"newlinediv\"><\/div>\n<p> Egy m\u00e1sik szem\u00e9lyzeti ig\u00e9ny a t\u00e1mogatott lakhat\u00e1st biztos\u00edt\u00f3 l\u00e9tes\u00edtm\u00e9nyekben a szem\u00e9lyzet minden tagj\u00e1nak megfelel\u0151 k\u00e9pz\u00e9se. A szem\u00e9lyzetnek megfelel\u0151 k\u00e9pz\u00e9st kell kapnia olyan ter\u00fcleteken, mint a lak\u00f3k biztons\u00e1ga, a fert\u0151z\u00e9sek elleni v\u00e9dekez\u00e9s \u00e9s a v\u00e9szhelyzeti elj\u00e1r\u00e1sok. Ezenk\u00edv\u00fcl a demenci\u00e1ban vagy Alzheimer-k\u00f3rban szenved\u0151 lak\u00f3kkal dolgoz\u00f3 munkat\u00e1rsaknak speci\u00e1lis k\u00e9pz\u00e9sben kell r\u00e9szes\u00fclni\u00fck, hogy meg\u00e9rts\u00e9k, hogyan kommunik\u00e1ljanak hat\u00e9konyan ezekkel az egy\u00e9nekkel. <\/p>\n<div class=\"newlinediv\"><\/div>\n<p> V\u00e9gezet\u00fcl, a t\u00e1mogatott lak\u00f3otthonok szem\u00e9lyzeti ig\u00e9nyei a l\u00e9tes\u00edtm\u00e9ny m\u00e9ret\u00e9t\u0151l \u00e9s a lak\u00f3k ig\u00e9nyeit\u0151l f\u00fcgg\u0151en v\u00e1ltozhatnak. A kisebb l\u00e9tes\u00edtm\u00e9nyekben kevesebb szem\u00e9lyzetre lehet sz\u00fcks\u00e9g, m\u00edg a nagyobb l\u00e9tes\u00edtm\u00e9nyekben t\u00f6bbre. Ezenk\u00edv\u00fcl azok a l\u00e9tes\u00edtm\u00e9nyek, amelyek speci\u00e1lis eg\u00e9szs\u00e9g\u00fcgyi ig\u00e9nyekkel rendelkez\u0151 lak\u00f3kkal foglalkoznak, mint p\u00e9ld\u00e1ul a mem\u00f3ria\u00e1pol\u00e1s, speci\u00e1lis szem\u00e9lyzetet ig\u00e9nyelhetnek. <\/p>\n<div class=\"newlinediv\"><\/div>\n<p> \u00d6sszefoglalva, a t\u00e1mogatott lakhat\u00e1st biztos\u00edt\u00f3 l\u00e9tes\u00edtm\u00e9nyek szem\u00e9lyzeti sz\u00fcks\u00e9gletei kritikus fontoss\u00e1g\u00faak annak biztos\u00edt\u00e1sa \u00e9rdek\u00e9ben, hogy a lak\u00f3k megkapj\u00e1k a sz\u00fcks\u00e9ges ell\u00e1t\u00e1st. A megfelel\u0151 \u00e1pol\u00f3szem\u00e9lyzet, a szem\u00e9lyi gondoz\u00f3k \u00e9s a tev\u00e9kenys\u00e9g-koordin\u00e1torok elengedhetetlenek a lak\u00f3k j\u00f3l\u00e9t\u00e9hez. Ezenk\u00edv\u00fcl a szem\u00e9lyzet tagjainak megfelel\u0151 k\u00e9pz\u00e9sben kell r\u00e9szes\u00fclni\u00fck annak biztos\u00edt\u00e1sa \u00e9rdek\u00e9ben, hogy felk\u00e9sz\u00fcltek legyenek a t\u00e1mogatott lak\u00f3k egyedi ig\u00e9nyeinek kezel\u00e9s\u00e9re. Ezeknek a szem\u00e9lyzeti ig\u00e9nyeknek a kiel\u00e9g\u00edt\u00e9s\u00e9vel a t\u00e1mogatott lak\u00f3otthonok biztons\u00e1gos \u00e9s k\u00e9nyelmes k\u00f6rnyezetet teremthetnek a mindennapi \u00e9letvitelhez seg\u00edts\u00e9get ig\u00e9nyl\u0151 id\u0151sek sz\u00e1m\u00e1ra.<\/p><\/div>\n<div class=\"questions\">\n<div class=\"questionstitle\">FAQ<\/div>\n<div class=\"question\">\n<div class=\"qtitle\"> Milyen a megfelel\u0151 szem\u00e9lyzet-p\u00e1ciens ar\u00e1ny?<\/div>\n<p> A megfelel\u0151 szem\u00e9lyzet\/beteg ar\u00e1ny meghat\u00e1roz\u00e1sa sz\u00e1mos t\u00e9nyez\u0151t\u0151l f\u00fcgg, p\u00e9ld\u00e1ul az eg\u00e9szs\u00e9g\u00fcgyi int\u00e9zm\u00e9ny t\u00edpus\u00e1t\u00f3l, a betegek s\u00falyoss\u00e1gi szintj\u00e9t\u0151l \u00e9s a szem\u00e9lyzeti k\u00f6lts\u00e9gvet\u00e9st\u0151l. Az \u00e1ltal\u00e1nos szab\u00e1ly azonban az, hogy az alacsonyabb szem\u00e9lyzet\/beteg ar\u00e1ny jobb, mivel \u00edgy szem\u00e9lyre szabottabb gondoz\u00e1s \u00e9s odafigyel\u00e9s \u00e9rhet\u0151 el. <\/p>\n<div class=\"newlinediv\"><\/div>\n<p> A k\u00f3rh\u00e1zakban az aj\u00e1nlott szem\u00e9lyzet\/beteg ar\u00e1ny az egys\u00e9gt\u0151l f\u00fcgg\u0151en v\u00e1ltozik. Az American Nurses Association p\u00e9ld\u00e1ul az orvosi seb\u00e9szeti oszt\u00e1lyon egy n\u0151v\u00e9r n\u00e9gy betegre, az intenz\u00edv oszt\u00e1lyon egy n\u0151v\u00e9r k\u00e9t betegre, az \u00fajsz\u00fcl\u00f6tt intenz\u00edv oszt\u00e1lyon pedig egy az egyhez vagy egy a kett\u0151h\u00f6z ar\u00e1nyt javasol. Az id\u0151sotthonokban vagy a hossz\u00fa t\u00e1v\u00fa \u00e1pol\u00e1si int\u00e9zm\u00e9nyekben az aj\u00e1nlott szem\u00e9lyzet\/beteg ar\u00e1ny nappal egy \u00e1pol\u00f3 \u00f6t lak\u00f3hoz, \u00e9jszaka pedig egy a t\u00edzhez. <\/p>\n<div class=\"newlinediv\"><\/div>\n<p> Fontos megjegyezni, hogy a megfelel\u0151 szem\u00e9lyzet\/beteg ar\u00e1ny nemcsak a betegek sz\u00e1m\u00e1ra el\u0151ny\u00f6s, hanem pozit\u00edv hat\u00e1ssal van a szem\u00e9lyzet mor\u00e1lj\u00e1ra, munk\u00e1val val\u00f3 el\u00e9gedetts\u00e9g\u00e9re \u00e9s megtart\u00e1s\u00e1ra is. Ha a szem\u00e9lyzet t\u00fal sok beteggel van t\u00falterhelve, az ell\u00e1t\u00e1s min\u0151s\u00e9ge romolhat, ami ki\u00e9g\u00e9shez \u00e9s a szem\u00e9lyzet fluktu\u00e1ci\u00f3j\u00e1nak n\u00f6veked\u00e9s\u00e9hez vezethet. <\/p>\n<div class=\"newlinediv\"><\/div>\n<p> \u00d6sszefoglalva, a megfelel\u0151 szem\u00e9lyzet\/beteg ar\u00e1ny t\u00f6bb t\u00e9nyez\u0151t\u0151l f\u00fcgg, de a min\u0151s\u00e9gi ell\u00e1t\u00e1s biztos\u00edt\u00e1sa \u00e9s a szem\u00e9lyzet ki\u00e9g\u00e9s\u00e9nek elker\u00fcl\u00e9se \u00e9rdek\u00e9ben \u00e1ltal\u00e1ban az alacsonyabb ar\u00e1nyt r\u00e9szes\u00edtik el\u0151nyben. Az eg\u00e9szs\u00e9g\u00fcgyi szervezeteknek t\u00f6rekedni\u00fck kell a megfelel\u0151 szem\u00e9lyzeti szint fenntart\u00e1s\u00e1ra, hogy mind a betegek, mind a szem\u00e9lyzet sz\u00e1m\u00e1ra a lehet\u0151 legjobb eredm\u00e9nyeket biztos\u00edts\u00e1k. <\/p>\n<\/div>\n<div class=\"question\">\n<div class=\"qtitle\"> Mekkora a szem\u00e9lyzet \u00e9s a betegek ar\u00e1nya egy \u00e1pol\u00e1si otthonban?<\/div>\n<p> A szem\u00e9lyzet \u00e9s a betegek ar\u00e1nya egy id\u0151sotthonban az \u00e1llamt\u00f3l \u00e9s az ell\u00e1t\u00e1s t\u00edpus\u00e1t\u00f3l f\u00fcgg\u0151en v\u00e1ltozik. A Centers for Medicare and Medicaid Services (CMS) azonban minim\u00e1lis szem\u00e9lyzeti k\u00f6vetelm\u00e9nyeket hat\u00e1roz meg a Medicare- vagy Medicaid-programokban r\u00e9szt vev\u0151 \u00e1pol\u00e1si otthonok sz\u00e1m\u00e1ra. <\/p>\n<div class=\"newlinediv\"><\/div>\n<p> A CMS szerint az \u00e1pol\u00e1si otthonokban a h\u00e9t minden napj\u00e1n legal\u00e1bb napi 8 \u00f3r\u00e1ban egy \u00e1pol\u00f3nak (RN) kell szolg\u00e1latban lennie. Ezenk\u00edv\u00fcl az id\u0151sotthonoknak naponta legal\u00e1bb 75 \u00f3r\u00e1nyi \u00e1pol\u00f3szem\u00e9lyzetet kell biztos\u00edtaniuk lak\u00f3helyenk\u00e9nt, \u00e9s legal\u00e1bb egy enged\u00e9lyezett \u00e1pol\u00f3nak (RN vagy enged\u00e9lyezett gyakorlati \u00e1pol\u00f3) legal\u00e1bb napi 8 \u00f3r\u00e1ban szolg\u00e1latban kell lennie. <\/p>\n<div class=\"newlinediv\"><\/div>\n<p> A szem\u00e9lyzet \u00e9s a betegek konkr\u00e9t ar\u00e1nya a betegek \u00e1ltal ig\u00e9nyelt gondoz\u00e1s szintj\u00e9t\u0151l f\u00fcgg\u0151en v\u00e1ltozhat. P\u00e9ld\u00e1ul a magasabb s\u00falyoss\u00e1gi szint\u0171 betegek t\u00f6bb szem\u00e9lyzetet ig\u00e9nyelhetnek, m\u00edg az alacsonyabb s\u00falyoss\u00e1gi szint\u0171 betegek kevesebb szem\u00e9lyzetet. Egyes \u00e1llamoknak saj\u00e1t szem\u00e9lyzeti k\u00f6vetelm\u00e9nyeik is vannak, amelyek magasabbak lehetnek, mint a sz\u00f6vets\u00e9gi k\u00f6vetelm\u00e9nyek. <\/p>\n<div class=\"newlinediv\"><\/div>\n<p> \u00d6sszess\u00e9g\u00e9ben az \u00e1pol\u00e1si otthonokban a szem\u00e9lyzeti ar\u00e1ny fontos t\u00e9nyez\u0151 a betegek min\u0151s\u00e9gi ell\u00e1t\u00e1s\u00e1nak biztos\u00edt\u00e1s\u00e1ban, \u00e9s az \u00e1pol\u00e1si otthonok k\u00f6telesek betartani a minim\u00e1lis szem\u00e9lyzeti el\u0151\u00edr\u00e1sokat a betegek biztons\u00e1g\u00e1nak \u00e9s j\u00f3l\u00e9t\u00e9nek biztos\u00edt\u00e1sa \u00e9rdek\u00e9ben.<\/p>\n<\/div>\n<\/div>\n","protected":false},"excerpt":{"rendered":"<p>A n\u00e9pess\u00e9g el\u00f6reged\u00e9s\u00e9vel megn\u0151tt az ig\u00e9ny a t\u00e1mogatott lakhat\u00e1st biztos\u00edt\u00f3 l\u00e9tes\u00edtm\u00e9nyekre. Ezek a l\u00e9tes\u00edtm\u00e9nyek biztons\u00e1gos \u00e9s k\u00e9nyelmes k\u00f6rnyezetet biztos\u00edtanak azon id\u0151sek sz\u00e1m\u00e1ra, akiknek seg\u00edts\u00e9gre van sz\u00fcks\u00e9g\u00fck a mindennapi \u00e9letvitelhez. A lak\u00f3k egyedi ig\u00e9nyei miatt azonban kih\u00edv\u00e1st jelenthet ezeknek az int\u00e9zm\u00e9nyeknek a szem\u00e9lyzeti ell\u00e1t\u00e1sa. A t\u00e1mogatott lak\u00f3otthonok sz\u00e1m\u00e1ra kulcsfontoss\u00e1g\u00fa, hogy megfelel\u0151 l\u00e9tsz\u00e1mmal \u00e9s megfelel\u0151en k\u00e9pzett szem\u00e9lyzettel &#8230; <a title=\"Az id\u0151sek ig\u00e9nyeinek kiel\u00e9g\u00edt\u00e9se:\" class=\"read-more\" href=\"https:\/\/megnyitasa.com\/tudas\/az-idosek-igenyeinek-kielegitese\/\" aria-label=\"Read more about Az id\u0151sek ig\u00e9nyeinek kiel\u00e9g\u00edt\u00e9se:\">Read more<\/a><\/p>\n","protected":false},"author":1795,"featured_media":0,"comment_status":"closed","ping_status":"closed","sticky":false,"template":"","format":"standard","meta":{"footnotes":""},"categories":[25],"tags":[],"class_list":["post-21649","post","type-post","status-publish","format-standard","hentry","category-uzleti-es-munkahelyi-szabalyok"],"_links":{"self":[{"href":"https:\/\/megnyitasa.com\/tudas\/wp-json\/wp\/v2\/posts\/21649","targetHints":{"allow":["GET"]}}],"collection":[{"href":"https:\/\/megnyitasa.com\/tudas\/wp-json\/wp\/v2\/posts"}],"about":[{"href":"https:\/\/megnyitasa.com\/tudas\/wp-json\/wp\/v2\/types\/post"}],"author":[{"embeddable":true,"href":"https:\/\/megnyitasa.com\/tudas\/wp-json\/wp\/v2\/users\/1795"}],"replies":[{"embeddable":true,"href":"https:\/\/megnyitasa.com\/tudas\/wp-json\/wp\/v2\/comments?post=21649"}],"version-history":[{"count":0,"href":"https:\/\/megnyitasa.com\/tudas\/wp-json\/wp\/v2\/posts\/21649\/revisions"}],"wp:attachment":[{"href":"https:\/\/megnyitasa.com\/tudas\/wp-json\/wp\/v2\/media?parent=21649"}],"wp:term":[{"taxonomy":"category","embeddable":true,"href":"https:\/\/megnyitasa.com\/tudas\/wp-json\/wp\/v2\/categories?post=21649"},{"taxonomy":"post_tag","embeddable":true,"href":"https:\/\/megnyitasa.com\/tudas\/wp-json\/wp\/v2\/tags?post=21649"}],"curies":[{"name":"wp","href":"https:\/\/api.w.org\/{rel}","templated":true}]}}