{"id":21720,"date":"2023-04-24T00:00:00","date_gmt":"2023-04-24T00:00:00","guid":{"rendered":"https:\/\/megnyitasa.com\/tudas\/a-kis-volumenu-szerzodeses-osszeszereles-fontossaga-a-kisvallalkozasok-szamara\/"},"modified":"2023-04-24T00:00:00","modified_gmt":"2023-04-24T00:00:00","slug":"a-kis-volumenu-szerzodeses-osszeszereles-fontossaga-a-kisvallalkozasok-szamara","status":"publish","type":"post","link":"https:\/\/megnyitasa.com\/tudas\/a-kis-volumenu-szerzodeses-osszeszereles-fontossaga-a-kisvallalkozasok-szamara\/","title":{"rendered":"A kis volumen\u0171 szerz\u0151d\u00e9ses \u00f6sszeszerel\u00e9s fontoss\u00e1ga a kisv\u00e1llalkoz\u00e1sok sz\u00e1m\u00e1ra"},"content":{"rendered":"<div class=\"articlecontent\">\n<div class=\"newlinediv\"><\/div>\n<p> A kisv\u00e1llalkoz\u00e1sok, amelyek kiszervezni k\u00edv\u00e1nj\u00e1k gy\u00e1rt\u00e1si ig\u00e9nyeiket, gyakran dilemm\u00e1val szembes\u00fclnek, amikor kis volumen\u0171 gy\u00e1rt\u00e1si folyamatokr\u00f3l van sz\u00f3. Sok szerz\u0151d\u00e9ses gy\u00e1rt\u00f3 csak nagy volumen\u0171 gy\u00e1rt\u00e1si lehet\u0151s\u00e9geket k\u00edn\u00e1l, \u00edgy a kisv\u00e1llalkoz\u00e1soknak korl\u00e1tozott lehet\u0151s\u00e9gek \u00e1llnak rendelkez\u00e9sre term\u00e9keik gy\u00e1rt\u00e1s\u00e1ra. A kis volumen\u0171 szerz\u0151d\u00e9ses \u00f6sszeszerel\u00e9si gy\u00e1rt\u00e1s azonban ide\u00e1lis megold\u00e1s lehet azon kisv\u00e1llalkoz\u00e1sok sz\u00e1m\u00e1ra, amelyek dr\u00e1ga berendez\u00e9sekbe val\u00f3 beruh\u00e1z\u00e1s vagy tov\u00e1bbi alkalmazottak felv\u00e9tele n\u00e9lk\u00fcl szeretn\u00e9k m\u0171k\u00f6d\u00e9s\u00fcket m\u00e9retezni. <\/p>\n<div class=\"newlinediv\"><\/div>\n<p> A kis volumen\u0171 szerz\u0151d\u00e9ses \u00f6sszeszerel\u00e9si gy\u00e1rt\u00e1s egy olyan folyamat, amelynek sor\u00e1n a szerz\u0151d\u00e9ses gy\u00e1rt\u00f3 kis mennyis\u00e9g\u0171 term\u00e9ket gy\u00e1rt egy \u00fcgyf\u00e9l sz\u00e1m\u00e1ra. Ez a fajta gy\u00e1rt\u00e1s ide\u00e1lis olyan kisv\u00e1llalkoz\u00e1sok sz\u00e1m\u00e1ra, amelyeknek korl\u00e1tozott mennyis\u00e9g\u0171 term\u00e9ket kell el\u0151\u00e1ll\u00edtaniuk egy adott piac vagy \u00fcgyf\u00e9l sz\u00e1m\u00e1ra. A kis volumen\u0171 gy\u00e1rt\u00e1sra szakosodott szerz\u0151d\u00e9ses gy\u00e1rt\u00f3k seg\u00edthetnek a kisv\u00e1llalkoz\u00e1soknak cs\u00f6kkenteni gy\u00e1rt\u00e1si k\u00f6lts\u00e9geiket \u00e9s minimaliz\u00e1lni kock\u00e1zatukat, mivel nem kell dr\u00e1ga berendez\u00e9sekbe beruh\u00e1zniuk vagy tov\u00e1bbi szem\u00e9lyzetet felvenni\u00fck term\u00e9keik el\u0151\u00e1ll\u00edt\u00e1s\u00e1hoz. <\/p>\n<div class=\"newlinediv\"><\/div>\n<p> A kis volumen\u0171 szerz\u0151d\u00e9ses \u00f6sszeszerel\u00e9si gy\u00e1rt\u00e1s egyik f\u0151 el\u0151nye, hogy lehet\u0151v\u00e9 teszi a kisv\u00e1llalkoz\u00e1sok sz\u00e1m\u00e1ra, hogy jelent\u0151s k\u00f6lts\u00e9gek n\u00e9lk\u00fcl m\u00e9retezz\u00e9k meg m\u0171k\u00f6d\u00e9s\u00fcket. Azzal, hogy gy\u00e1rt\u00e1si ig\u00e9nyeiket kiszervezik egy szerz\u0151d\u00e9ses gy\u00e1rt\u00f3nak, a kisv\u00e1llalkoz\u00e1sok a v\u00e1llalkoz\u00e1suk m\u00e1s aspektusaira, p\u00e9ld\u00e1ul a term\u00e9kfejleszt\u00e9sre, a marketingre \u00e9s az \u00e9rt\u00e9kes\u00edt\u00e9sre \u00f6sszpontos\u00edthatnak. Ez seg\u00edthet nekik abban, hogy gyorsabban \u00e9s hat\u00e9konyabban n\u00f6vekedjen a v\u00e1llalkoz\u00e1suk, mintha a gy\u00e1rt\u00e1s minden aspektus\u00e1t h\u00e1zon bel\u00fcl pr\u00f3b\u00e1ln\u00e1k kezelni. <\/p>\n<div class=\"newlinediv\"><\/div>\n<p> A kis volumen\u0171 szerz\u0151d\u00e9ses \u00f6sszeszerel\u00e9s m\u00e1sik el\u0151nye, hogy a kisv\u00e1llalkoz\u00e1sok rugalmasabban tudnak reag\u00e1lni a piaci v\u00e1ltoz\u00e1sokra. A kis volumen\u0171 gy\u00e1rt\u00e1s r\u00e9v\u00e9n a kisv\u00e1llalkoz\u00e1sok gyorsan hozz\u00e1igaz\u00edthatj\u00e1k term\u00e9kk\u00edn\u00e1latukat a v\u00e1ltoz\u00f3 vev\u0151i ig\u00e9nyekhez vagy piaci trendekhez. Ez seg\u00edthet nekik abban, hogy a versenyt\u00e1rsak el\u0151tt maradjanak, \u00e9s relev\u00e1nsak maradjanak a folyamatosan v\u00e1ltoz\u00f3 \u00fczleti k\u00f6rnyezetben. <\/p>\n<div class=\"newlinediv\"><\/div>\n<p> \u00d6sszefoglalva, a kis volumen\u0171 szerz\u0151d\u00e9ses \u00f6sszeszerel\u00e9si gy\u00e1rt\u00e1s megv\u00e1ltozhat a kisv\u00e1llalkoz\u00e1sok sz\u00e1m\u00e1ra, amelyek jelent\u0151s k\u00f6lts\u00e9gek n\u00e9lk\u00fcl k\u00edv\u00e1nj\u00e1k b\u0151v\u00edteni m\u0171k\u00f6d\u00e9s\u00fcket. Gy\u00e1rt\u00e1si ig\u00e9nyeik szerz\u0151d\u00e9ses gy\u00e1rt\u00f3hoz t\u00f6rt\u00e9n\u0151 kiszervez\u00e9s\u00e9vel a kisv\u00e1llalkoz\u00e1sok cs\u00f6kkenthetik gy\u00e1rt\u00e1si k\u00f6lts\u00e9geiket \u00e9s minimaliz\u00e1lhatj\u00e1k kock\u00e1zataikat, lehet\u0151v\u00e9 t\u00e9ve sz\u00e1mukra, hogy \u00fczleti tev\u00e9kenys\u00e9g\u00fck m\u00e1s aspektusaira \u00f6sszpontos\u00edtsanak. A kis volumen\u0171 gy\u00e1rt\u00e1s \u00e1ltal k\u00edn\u00e1lt rugalmass\u00e1ggal \u00e9s reag\u00e1l\u00f3k\u00e9pess\u00e9ggel a kisv\u00e1llalkoz\u00e1sok a versenyt\u00e1rsak el\u0151tt maradhatnak, \u00e9s relev\u00e1nsak maradhatnak a folyamatosan v\u00e1ltoz\u00f3 piacon.<\/p><\/div>\n<div class=\"questions\">\n<div class=\"questionstitle\">FAQ<\/div>\n<div class=\"question\">\n<div class=\"qtitle\"> Mi a b\u00e9rgy\u00e1rt\u00e1s 5 lehets\u00e9ges buktat\u00f3ja?<\/div>\n<p> A szerz\u0151d\u00e9ses gy\u00e1rt\u00e1s olyan elterjedt gyakorlat, amelynek sor\u00e1n egy v\u00e1llalat egy harmadik f\u00e9l gy\u00e1rt\u00f3t b\u00edz meg azzal, hogy a nev\u00e9ben \u00e1rukat \u00e1ll\u00edtson el\u0151. B\u00e1r a szerz\u0151d\u00e9ses gy\u00e1rt\u00e1s sz\u00e1mos el\u0151nnyel j\u00e1rhat, p\u00e9ld\u00e1ul k\u00f6lts\u00e9gmegtakar\u00edt\u00e1ssal \u00e9s a termel\u00e9s hat\u00e9konys\u00e1g\u00e1nak n\u00f6vel\u00e9s\u00e9vel, sz\u00e1mos lehets\u00e9ges buktat\u00f3val is sz\u00e1molniuk kell a v\u00e1llalkoz\u00e1soknak. \u00cdme a szerz\u0151d\u00e9ses gy\u00e1rt\u00e1s \u00f6t lehets\u00e9ges buktat\u00f3ja: <\/p>\n<div class=\"newlinediv\"><\/div>\n<p> 1. Min\u0151s\u00e9gellen\u0151rz\u00e9si probl\u00e9m\u00e1k: Amikor egy v\u00e1llalat kiszervezi a term\u00e9kei gy\u00e1rt\u00e1s\u00e1t, elvesz\u00edti a k\u00f6zvetlen ellen\u0151rz\u00e9st a gy\u00e1rt\u00e1si folyamat felett. Ez min\u0151s\u00e9gellen\u0151rz\u00e9si probl\u00e9m\u00e1khoz vezethet, ha a k\u00fcls\u0151 gy\u00e1rt\u00f3 nem felel meg ugyanazoknak az el\u0151\u00edr\u00e1soknak, mint a v\u00e1llalat. A rossz min\u0151s\u00e9g\u0171 term\u00e9kek \u00e1rthatnak a v\u00e1llalat h\u00edrnev\u00e9nek, \u00e9s elmaradt elad\u00e1sokat eredm\u00e9nyezhetnek. <\/p>\n<div class=\"newlinediv\"><\/div>\n<p> 2. Szellemi tulajdonjogi agg\u00e1lyok: Ha egy v\u00e1llalat v\u00e9dett inform\u00e1ci\u00f3kat oszt meg egy harmadik f\u00e9l gy\u00e1rt\u00f3val, akkor kiteszi mag\u00e1t a szellemi tulajdon ellop\u00e1s\u00e1nak kock\u00e1zat\u00e1nak. Ez mag\u00e1ban foglalhatja az \u00fczleti titkok, szabadalmak \u00e9s egy\u00e9b \u00e9rz\u00e9keny inform\u00e1ci\u00f3k ellop\u00e1s\u00e1t, amelyeket a versenyt\u00e1rsak piaci el\u0151ny megszerz\u00e9s\u00e9re haszn\u00e1lhatnak fel. <\/p>\n<div class=\"newlinediv\"><\/div>\n<p> 3. Kommunik\u00e1ci\u00f3s zavarok: A kommunik\u00e1ci\u00f3 minden \u00fczleti kapcsolatban kulcsfontoss\u00e1g\u00fa, \u00e9s ez al\u00f3l a szerz\u0151d\u00e9ses gy\u00e1rt\u00e1s sem kiv\u00e9tel. A v\u00e1llalat \u00e9s a harmadik f\u00e9l gy\u00e1rt\u00f3 k\u00f6z\u00f6tti egy\u00e9rtelm\u0171 kommunik\u00e1ci\u00f3 hi\u00e1nya f\u00e9lre\u00e9rt\u00e9sekhez, k\u00e9s\u00e9sekhez \u00e9s hib\u00e1khoz vezethet a gy\u00e1rt\u00e1si folyamatban. <\/p>\n<div class=\"newlinediv\"><\/div>\n<p> 4. Az ell\u00e1t\u00e1si l\u00e1nc megszakad\u00e1sa: A szerz\u0151d\u00e9ses gy\u00e1rt\u00e1s sebezhet\u0151v\u00e9 teheti a v\u00e1llalatot az ell\u00e1t\u00e1si l\u00e1ncban bek\u00f6vetkez\u0151 zavarokkal szemben. Ha a harmadik f\u00e9l gy\u00e1rt\u00f3nak probl\u00e9m\u00e1i ad\u00f3dnak a saj\u00e1t besz\u00e1ll\u00edt\u00f3ival vagy a gy\u00e1rt\u00e1si folyamatokkal, az k\u00e9sedelmeket okozhat, vagy ak\u00e1r teljesen le\u00e1ll\u00edthatja a gy\u00e1rt\u00e1st. <\/p>\n<div class=\"newlinediv\"><\/div>\n<p> 5. Jogi k\u00e9rd\u00e9sek: A szerz\u0151d\u00e9ses gy\u00e1rt\u00e1si meg\u00e1llapod\u00e1sok \u00f6sszetettek lehetnek, \u00e9s sz\u00e1mos jogi k\u00e9rd\u00e9ssel j\u00e1rhatnak. A meg\u00e9rt\u00e9s vagy a r\u00e9szletekre val\u00f3 odafigyel\u00e9s hi\u00e1nya e meg\u00e1llapod\u00e1sok megfogalmaz\u00e1sakor vit\u00e1khoz, perekhez \u00e9s egy\u00e9b jogi probl\u00e9m\u00e1khoz vezethet a k\u00e9s\u0151bbiekben. <\/p>\n<div class=\"newlinediv\"><\/div>\n<p> \u00d6sszess\u00e9g\u00e9ben, b\u00e1r a szerz\u0151d\u00e9ses gy\u00e1rt\u00e1s hasznos eszk\u00f6z lehet a v\u00e1llalkoz\u00e1sok sz\u00e1m\u00e1ra, fontos, hogy gondosan m\u00e9rlegelje a lehets\u00e9ges buktat\u00f3kat, \u00e9s tegyen l\u00e9p\u00e9seket azok m\u00e9rs\u00e9kl\u00e9s\u00e9re. Ez mag\u00e1ban foglalhatja a potenci\u00e1lis gy\u00e1rt\u00e1si partnerek alapos \u00e1tvil\u00e1g\u00edt\u00e1s\u00e1t, az egy\u00e9rtelm\u0171 kommunik\u00e1ci\u00f3s csatorn\u00e1k \u00e9s min\u0151s\u00e9gellen\u0151rz\u00e9si folyamatok kialak\u00edt\u00e1s\u00e1t, valamint a jogi szak\u00e9rt\u0151kkel val\u00f3 szoros egy\u00fcttm\u0171k\u00f6d\u00e9st a szerz\u0151d\u00e9sek helyes megfogalmaz\u00e1sa \u00e9rdek\u00e9ben. <\/p>\n<\/div>\n<div class=\"question\">\n<div class=\"qtitle\"> Mi a szerz\u0151d\u00e9ses gy\u00e1rt\u00e1s h\u00e1rom form\u00e1ja?<\/div>\n<p> A szerz\u0151d\u00e9ses gy\u00e1rt\u00e1s azt a folyamatot jelenti, amikor egy term\u00e9k gy\u00e1rt\u00e1s\u00e1t kiszervezik egy harmadik f\u00e9lt\u0151l sz\u00e1rmaz\u00f3 gy\u00e1rt\u00f3nak. A szerz\u0151d\u00e9ses gy\u00e1rt\u00e1snak h\u00e1rom f\u0151 form\u00e1ja van: <\/p>\n<div class=\"newlinediv\"><\/div>\n<p> 1. Eredeti berendez\u00e9sgy\u00e1rt\u00f3 (OEM) szerz\u0151d\u00e9ses gy\u00e1rt\u00e1s: Az OEM szerz\u0151d\u00e9ses gy\u00e1rt\u00e1s sor\u00e1n az eredeti berendez\u00e9s gy\u00e1rt\u00f3ja a teljes gy\u00e1rt\u00e1si folyamatot egy harmadik f\u00e9l gy\u00e1rt\u00f3ra b\u00edzza. A harmadik f\u00e9l gy\u00e1rt\u00f3 ezut\u00e1n gy\u00e1rtja a term\u00e9ket, bele\u00e9rtve a tervez\u00e9st, a fejleszt\u00e9st \u00e9s a gy\u00e1rt\u00e1st. Az OEM v\u00e1llalat jellemz\u0151en biztos\u00edtja a sz\u00fcks\u00e9ges specifik\u00e1ci\u00f3kat, anyagokat \u00e9s terveket. <\/p>\n<div class=\"newlinediv\"><\/div>\n<p> 2. Tervez\u00e9si \u00e9s kivitelez\u00e9si szerz\u0151d\u00e9ses gy\u00e1rt\u00e1s: A tervez\u00e9si \u00e9s kivitelez\u00e9si szerz\u0151d\u00e9ses gy\u00e1rt\u00e1s sor\u00e1n a harmadik f\u00e9l gy\u00e1rt\u00f3ja felel\u0151s a term\u00e9k megtervez\u00e9s\u00e9\u00e9rt \u00e9s fejleszt\u00e9s\u00e9\u00e9rt az OEM-v\u00e1llalat \u00e1ltal megadott specifik\u00e1ci\u00f3knak megfelel\u0151en. Az OEM v\u00e1llalat megtartja a term\u00e9ktervez\u00e9s tulajdonjog\u00e1t, m\u00edg a harmadik f\u00e9l gy\u00e1rt\u00f3 gondoskodik a gy\u00e1rt\u00e1si folyamatr\u00f3l. <\/p>\n<div class=\"newlinediv\"><\/div>\n<p> 3. Saj\u00e1tm\u00e1rk\u00e1s szerz\u0151d\u00e9ses gy\u00e1rt\u00e1s: A saj\u00e1tm\u00e1rk\u00e1s szerz\u0151d\u00e9ses gy\u00e1rt\u00e1s sor\u00e1n a harmadik f\u00e9l gy\u00e1rt\u00f3 az OEM-v\u00e1llalat \u00e1ltal megadott specifik\u00e1ci\u00f3knak megfelel\u0151en gy\u00e1rtja a term\u00e9ket, de a term\u00e9ket az OEM-v\u00e1llalat m\u00e1rkaneve alatt \u00e9rt\u00e9kes\u00edtik. A b\u00e9rgy\u00e1rt\u00e1snak ebben a form\u00e1j\u00e1ban a harmadik f\u00e9l gy\u00e1rt\u00f3 gondoskodik a teljes gy\u00e1rt\u00e1si folyamatr\u00f3l, bele\u00e9rtve a csomagol\u00e1st \u00e9s a c\u00edmk\u00e9z\u00e9st is. <\/p>\n<div class=\"newlinediv\"><\/div>\n<p> A szerz\u0151d\u00e9ses gy\u00e1rt\u00e1s minden form\u00e1j\u00e1nak megvannak a maga el\u0151nyei \u00e9s h\u00e1tr\u00e1nyai, \u00e9s az OEM-v\u00e1llalat konkr\u00e9t ig\u00e9nyeit\u0151l \u00e9s c\u00e9ljait\u00f3l f\u00fcgg, hogy melyik form\u00e1t v\u00e1lasztja.<\/p>\n<\/div>\n<\/div>\n","protected":false},"excerpt":{"rendered":"<p>A kisv\u00e1llalkoz\u00e1sok, amelyek kiszervezni k\u00edv\u00e1nj\u00e1k gy\u00e1rt\u00e1si ig\u00e9nyeiket, gyakran dilemm\u00e1val szembes\u00fclnek, amikor kis volumen\u0171 gy\u00e1rt\u00e1si folyamatokr\u00f3l van sz\u00f3. Sok szerz\u0151d\u00e9ses gy\u00e1rt\u00f3 csak nagy volumen\u0171 gy\u00e1rt\u00e1si lehet\u0151s\u00e9geket k\u00edn\u00e1l, \u00edgy a kisv\u00e1llalkoz\u00e1soknak korl\u00e1tozott lehet\u0151s\u00e9gek \u00e1llnak rendelkez\u00e9sre term\u00e9keik gy\u00e1rt\u00e1s\u00e1ra. A kis volumen\u0171 szerz\u0151d\u00e9ses \u00f6sszeszerel\u00e9si gy\u00e1rt\u00e1s azonban ide\u00e1lis megold\u00e1s lehet azon kisv\u00e1llalkoz\u00e1sok sz\u00e1m\u00e1ra, amelyek dr\u00e1ga berendez\u00e9sekbe val\u00f3 beruh\u00e1z\u00e1s vagy tov\u00e1bbi &#8230; <a title=\"A kis volumen\u0171 szerz\u0151d\u00e9ses \u00f6sszeszerel\u00e9s fontoss\u00e1ga a kisv\u00e1llalkoz\u00e1sok sz\u00e1m\u00e1ra\" class=\"read-more\" href=\"https:\/\/megnyitasa.com\/tudas\/a-kis-volumenu-szerzodeses-osszeszereles-fontossaga-a-kisvallalkozasok-szamara\/\" aria-label=\"Read more about A kis volumen\u0171 szerz\u0151d\u00e9ses \u00f6sszeszerel\u00e9s fontoss\u00e1ga a kisv\u00e1llalkoz\u00e1sok sz\u00e1m\u00e1ra\">Read more<\/a><\/p>\n","protected":false},"author":3491,"featured_media":0,"comment_status":"closed","ping_status":"closed","sticky":false,"template":"","format":"standard","meta":{"footnotes":""},"categories":[35],"tags":[],"class_list":["post-21720","post","type-post","status-publish","format-standard","hentry","category-running-a-business"],"_links":{"self":[{"href":"https:\/\/megnyitasa.com\/tudas\/wp-json\/wp\/v2\/posts\/21720","targetHints":{"allow":["GET"]}}],"collection":[{"href":"https:\/\/megnyitasa.com\/tudas\/wp-json\/wp\/v2\/posts"}],"about":[{"href":"https:\/\/megnyitasa.com\/tudas\/wp-json\/wp\/v2\/types\/post"}],"author":[{"embeddable":true,"href":"https:\/\/megnyitasa.com\/tudas\/wp-json\/wp\/v2\/users\/3491"}],"replies":[{"embeddable":true,"href":"https:\/\/megnyitasa.com\/tudas\/wp-json\/wp\/v2\/comments?post=21720"}],"version-history":[{"count":0,"href":"https:\/\/megnyitasa.com\/tudas\/wp-json\/wp\/v2\/posts\/21720\/revisions"}],"wp:attachment":[{"href":"https:\/\/megnyitasa.com\/tudas\/wp-json\/wp\/v2\/media?parent=21720"}],"wp:term":[{"taxonomy":"category","embeddable":true,"href":"https:\/\/megnyitasa.com\/tudas\/wp-json\/wp\/v2\/categories?post=21720"},{"taxonomy":"post_tag","embeddable":true,"href":"https:\/\/megnyitasa.com\/tudas\/wp-json\/wp\/v2\/tags?post=21720"}],"curies":[{"name":"wp","href":"https:\/\/api.w.org\/{rel}","templated":true}]}}