{"id":2512,"date":"2023-04-24T00:00:00","date_gmt":"2023-04-24T00:00:00","guid":{"rendered":"https:\/\/megnyitasa.com\/tudas\/a-zene-szepsege-a-windows-media-player-vizualizacioival\/"},"modified":"2023-04-24T00:00:00","modified_gmt":"2023-04-24T00:00:00","slug":"a-zene-szepsege-a-windows-media-player-vizualizacioival","status":"publish","type":"post","link":"https:\/\/megnyitasa.com\/tudas\/a-zene-szepsege-a-windows-media-player-vizualizacioival\/","title":{"rendered":"A zene sz\u00e9ps\u00e9ge a Windows Media Player vizualiz\u00e1ci\u00f3ival"},"content":{"rendered":"<div class=\"articlecontent\">\n<div class=\"newlinediv\"><\/div>\n<p> A Windows Media Player egy n\u00e9pszer\u0171 m\u00e9dialej\u00e1tsz\u00f3, amelyet vil\u00e1gszerte felhaszn\u00e1l\u00f3k milli\u00f3i haszn\u00e1lnak. Ez egy sokoldal\u00fa m\u00e9dialej\u00e1tsz\u00f3, amely k\u00fcl\u00f6nb\u00f6z\u0151 t\u00edpus\u00fa m\u00e9diaform\u00e1tumok, k\u00f6zt\u00fck zen\u00e9k \u00e9s vide\u00f3k lej\u00e1tsz\u00e1s\u00e1ra alkalmas. A Windows Media Player egyik legleny\u0171g\u00f6z\u0151bb funkci\u00f3ja a vizualiz\u00e1ci\u00f3s funkci\u00f3ja, amely lehet\u0151v\u00e9 teszi a felhaszn\u00e1l\u00f3k sz\u00e1m\u00e1ra, hogy vizu\u00e1lisan leny\u0171g\u00f6z\u0151 m\u00f3don \u00e9lvezz\u00e9k a zen\u00e9t. Ebben a cikkben eligaz\u00edtjuk, hogyan kapcsolhatja be a vizualiz\u00e1ci\u00f3t a Windows Media Playerben. <\/p>\n<div class=\"title\"> 1. l\u00e9p\u00e9s: A Windows Media Player megnyit\u00e1sa <\/div>\n<div class=\"newlinediv\"><\/div>\n<p> A Windows Media Playerben a vizualiz\u00e1ci\u00f3k bekapcsol\u00e1s\u00e1hoz meg kell nyitnia a m\u00e9dialej\u00e1tsz\u00f3t. Kattintson a &#8222;Start&#8221; gombra, \u00e9s \u00edrja be a keres\u0151mez\u0151be a &#8222;Windows Media Player&#8221; sz\u00f3t. Kattintson a Windows Media Player ikonj\u00e1ra a megnyit\u00e1shoz. <\/p>\n<div class=\"title\"> 2. l\u00e9p\u00e9s: A vizualiz\u00e1ci\u00f3k bekapcsol\u00e1sa <\/div>\n<p> Miut\u00e1n megnyitotta a Windows Media Playert, kattintson a k\u00e9perny\u0151 jobb als\u00f3 sark\u00e1ban tal\u00e1lhat\u00f3 &#8222;Most lej\u00e1tsz\u00e1sra v\u00e1lt\u00e1s&#8221; gombra. Ezzel a Most lej\u00e1tsz\u00e1s ablakba l\u00e9p. Kattintson a jobb gombbal a Now Playing ablakra, \u00e9s v\u00e1lassza a kontextusmen\u00fcb\u0151l a &#8222;Visualizations&#8221; lehet\u0151s\u00e9get. Megjelenik a rendelkez\u00e9sre \u00e1ll\u00f3 vizualiz\u00e1ci\u00f3k list\u00e1ja. <\/p>\n<div class=\"title\"> 3. l\u00e9p\u00e9s: V\u00e1lasszon vizualiz\u00e1ci\u00f3t <\/div>\n<p> V\u00e1lassza ki a haszn\u00e1lni k\u00edv\u00e1nt vizualiz\u00e1ci\u00f3t. Az egyes vizualiz\u00e1ci\u00f3kat el\u0151n\u00e9zetben megtekintheti, ha r\u00e1juk kattint. Ha megtal\u00e1lta a tetsz\u0151 vizualiz\u00e1ci\u00f3t, kattintson r\u00e1 a kiv\u00e1laszt\u00e1s\u00e1hoz. A vizualiz\u00e1ci\u00f3 mostant\u00f3l megjelenik a Most lej\u00e1tsz\u00e1s ablakban. <\/p>\n<div class=\"title\"> 4. l\u00e9p\u00e9s: \u00c9lvezze a vizualiz\u00e1ci\u00f3t <\/div>\n<p> Most, hogy bekapcsolta a vizualiz\u00e1ci\u00f3t, vizu\u00e1lisan leny\u0171g\u00f6z\u0151 m\u00f3don \u00e9lvezheti a zen\u00e9t. A vizualiz\u00e1ci\u00f3 reag\u00e1lni fog a lej\u00e1tszott zen\u00e9re, \u00e9s olyan sz\u00ednek \u00e9s mint\u00e1k leny\u0171g\u00f6z\u0151 megjelen\u00edt\u00e9s\u00e9t hozza l\u00e9tre, amelyek t\u00f6k\u00e9letesen kieg\u00e9sz\u00edtik a zen\u00e9t. <\/p>\n<div class=\"newlinediv\"><\/div>\n<p> \u00d6sszefoglalva, a vizualiz\u00e1ci\u00f3 bekapcsol\u00e1sa a Windows Media Playerben egy egyszer\u0171 folyamat, amely teljesen \u00faj dimenzi\u00f3t adhat a zenehallgat\u00e1s \u00e9lm\u00e9ny\u00e9hez. A vizualiz\u00e1ci\u00f3k sz\u00e9les sk\u00e1l\u00e1j\u00e1b\u00f3l v\u00e1laszthat, \u00edgy megtal\u00e1lhatja a hangulat\u00e1nak \u00e9s st\u00edlus\u00e1nak megfelel\u0151t. Mi\u00e9rt ne szabad\u00edtan\u00e1 h\u00e1t fel a zene sz\u00e9ps\u00e9g\u00e9t a Windows Media Player vizualiz\u00e1ci\u00f3ival m\u00e9g ma!<\/p><\/div>\n<div class=\"questions\">\n<div class=\"questionstitle\">FAQ<\/div>\n<div class=\"question\">\n<div class=\"qtitle\"> Hogyan kapcsolhatom be a vizualiz\u00e1l\u00f3t?<\/div>\n<p> Felt\u00e9telezve, hogy a k\u00e9rd\u00e9s a vizualiz\u00e1l\u00f3 funkci\u00f3 bekapcsol\u00e1s\u00e1ra vonatkozik egy zenelej\u00e1tsz\u00f3 vagy m\u00e9dialej\u00e1tsz\u00f3 alkalmaz\u00e1sban, \u00edme egy \u00e1ltal\u00e1nos \u00fatmutat\u00f3 arr\u00f3l, hogyan kell ezt megtenni n\u00e9h\u00e1ny n\u00e9pszer\u0171 alkalmaz\u00e1sban: <\/p>\n<div class=\"newlinediv\"><\/div>\n<p> 1. Spotify: A Spotify-ban a megjelen\u00edt\u0151 bekapcsol\u00e1s\u00e1hoz el\u0151sz\u00f6r aktiv\u00e1lnia kell azt a be\u00e1ll\u00edt\u00e1sok men\u00fcb\u0151l. Ehhez v\u00e1lassza a &#8222;Be\u00e1ll\u00edt\u00e1sok&#8221; &gt; &#8222;Megjelen\u00edt\u00e9si be\u00e1ll\u00edt\u00e1sok&#8221; &gt; &#8222;V\u00e1szon&#8221; men\u00fcpontot. Itt v\u00e1laszthat a k\u00fcl\u00f6nb\u00f6z\u0151 megjelen\u00edt\u0151k k\u00f6z\u00fcl, \u00e9s enged\u00e9lyezheti a &#8222;Canvas&#8221; \u00fczemm\u00f3dot. Miut\u00e1n enged\u00e9lyezte a vizualiz\u00e1tort, lej\u00e1tszhat egy dalt, \u00e9s az elkezdi megjelen\u00edteni a vizu\u00e1lis elemeket. <\/p>\n<div class=\"newlinediv\"><\/div>\n<p> 2. iTunes: A vizualiz\u00e1tor bekapcsol\u00e1s\u00e1hoz az iTunes-ban egyszer\u0171en kattintson a men\u00fcsorban a &#8222;View&#8221; (N\u00e9zet) gombra, \u00e9s v\u00e1lassza a &#8222;Visualizer&#8221; (Vizualiz\u00e1tor) lehet\u0151s\u00e9get. K\u00fcl\u00f6nb\u00f6z\u0151 vizualiz\u00e1l\u00f3 opci\u00f3k k\u00f6z\u00fcl v\u00e1laszthat, \u00e9s testre szabhatja a be\u00e1ll\u00edt\u00e1sokat. <\/p>\n<div class=\"newlinediv\"><\/div>\n<p> 3. Windows Media Player: A Windows Media Playerben a megjelen\u00edt\u0151 bekapcsol\u00e1s\u00e1hoz kattintson a men\u00fcsorban a &#8222;N\u00e9zet&#8221; gombra, \u00e9s v\u00e1lassza a &#8222;Megjelen\u00edt\u00e9sek&#8221; lehet\u0151s\u00e9get. Itt v\u00e1laszthat a k\u00fcl\u00f6nb\u00f6z\u0151 megjelen\u00edt\u0151 opci\u00f3k k\u00f6z\u00fcl, \u00e9s enged\u00e9lyezheti azokat. <\/p>\n<div class=\"newlinediv\"><\/div>\n<p> 4. VLC: A vizualiz\u00e1tor bekapcsol\u00e1s\u00e1hoz a VLC-ben v\u00e1lassza az &#8222;Eszk\u00f6z\u00f6k&#8221; &gt; &#8222;Be\u00e1ll\u00edt\u00e1sok&#8221; &gt; &#8222;Hang&#8221; &gt; &#8222;Vizualiz\u00e1ci\u00f3k&#8221; men\u00fcpontot. Itt v\u00e1laszthat a k\u00fcl\u00f6nb\u00f6z\u0151 vizualiz\u00e1l\u00f3 opci\u00f3k k\u00f6z\u00fcl, \u00e9s enged\u00e9lyezheti \u0151ket. <\/p>\n<div class=\"newlinediv\"><\/div>\n<p> \u00c1ltal\u00e1noss\u00e1gban elmondhat\u00f3, hogy a legt\u00f6bb m\u00e9dialej\u00e1tsz\u00f3 alkalmaz\u00e1s hasonl\u00f3 m\u00f3don kapcsolja be a vizualiz\u00e1tort. Egyszer\u0171en keressen egy &#8222;Visualizer&#8221; vagy &#8222;Visualizations&#8221; opci\u00f3t az alkalmaz\u00e1s men\u00fcsor\u00e1ban vagy be\u00e1ll\u00edt\u00e1si men\u00fcj\u00e9ben, \u00e9s kapcsolja be. Miut\u00e1n bekapcsolta, elkezdheti a zenelej\u00e1tsz\u00e1st \u00e9s \u00e9lvezheti a vizu\u00e1lis megjelen\u00edt\u00e9st. <\/p>\n<\/div>\n<div class=\"question\">\n<div class=\"qtitle\"> Hogyan t\u00f6lthetek le vizualiz\u00e1ci\u00f3kat a Windows Media Playerhez?<\/div>\n<p> A Windows Media Playerhez tartoz\u00f3 vizualiz\u00e1ci\u00f3k let\u00f6lt\u00e9s\u00e9hez k\u00f6vesse az al\u00e1bbi l\u00e9p\u00e9seket: <\/p>\n<div class=\"newlinediv\"><\/div>\n<p> 1. Nyissa meg a Windows Media Playert a sz\u00e1m\u00edt\u00f3g\u00e9p\u00e9n. <\/p>\n<div class=\"newlinediv\"><\/div>\n<p> 2. Kattintson a k\u00e9perny\u0151 tetej\u00e9n tal\u00e1lhat\u00f3 &#8222;N\u00e9zet&#8221; men\u00fcre. <\/p>\n<div class=\"newlinediv\"><\/div>\n<p> 3. V\u00e1lassza ki a &#8222;Vizualiz\u00e1ci\u00f3k&#8221; men\u00fcpontot a leg\u00f6rd\u00fcl\u0151 men\u00fcb\u0151l. <\/p>\n<div class=\"newlinediv\"><\/div>\n<p> 4. Kattintson az ablak alj\u00e1n tal\u00e1lhat\u00f3 &#8222;Download Visualizations&#8221; (Vizualiz\u00e1ci\u00f3k let\u00f6lt\u00e9se) gombra. <\/p>\n<div class=\"newlinediv\"><\/div>\n<p> 5. B\u00f6ng\u00e9sszen a rendelkez\u00e9sre \u00e1ll\u00f3 vizualiz\u00e1ci\u00f3k k\u00f6z\u00f6tt, \u00e9s v\u00e1lassza ki a let\u00f6lteni k\u00edv\u00e1ntat. <\/p>\n<div class=\"newlinediv\"><\/div>\n<p> 6. Kattintson a &#8222;Let\u00f6lt\u00e9s&#8221; gombra a vizualiz\u00e1ci\u00f3 mellett. <\/p>\n<div class=\"newlinediv\"><\/div>\n<p> 7. K\u00f6vesse az utas\u00edt\u00e1sokat a let\u00f6lt\u00e9si \u00e9s telep\u00edt\u00e9si folyamat befejez\u00e9s\u00e9hez. <\/p>\n<div class=\"newlinediv\"><\/div>\n<p> Vegye figyelembe, hogy egyes vizualiz\u00e1ci\u00f3k megfelel\u0151 m\u0171k\u00f6d\u00e9s\u00e9hez tov\u00e1bbi szoftverekre vagy b\u0151v\u00edtm\u00e9nyekre lehet sz\u00fcks\u00e9g. A let\u00f6lt\u00e9s \u00e9s telep\u00edt\u00e9s el\u0151tt mindenk\u00e9ppen olvassa el a vizualiz\u00e1ci\u00f3hoz mell\u00e9kelt utas\u00edt\u00e1sokat. <\/p>\n<\/div>\n<div class=\"question\">\n<div class=\"qtitle\"> A Windows 10 rendelkezik vizualiz\u00e1torral?<\/div>\n<p> A Windows 10 nem rendelkezik be\u00e9p\u00edtett vizualiz\u00e1torral. Azonban t\u00f6bb olyan, harmadik f\u00e9lt\u0151l sz\u00e1rmaz\u00f3 vizualiz\u00e1tor is let\u00f6lthet\u0151, amely haszn\u00e1lhat\u00f3 a Windows 10 rendszerrel. Ezek a vizualiz\u00e1torok olyan szoftverek, amelyek a sz\u00e1m\u00edt\u00f3g\u00e9pen lej\u00e1tszott hang alapj\u00e1n dinamikus \u00e9s interakt\u00edv vizualiz\u00e1ci\u00f3kat hoznak l\u00e9tre. B\u00e1rmilyen m\u00e9dialej\u00e1tsz\u00f3val haszn\u00e1lhat\u00f3k, amely t\u00e1mogatja a vizualiz\u00e1ci\u00f3s b\u0151v\u00edtm\u00e9nyeket. N\u00e9h\u00e1ny n\u00e9pszer\u0171 vizualiz\u00e1tor a Windows 10 sz\u00e1m\u00e1ra: MilkDrop, Plane9 \u00e9s VSXu. Ezek a vizualiz\u00e1torok nagyszer\u0171 kieg\u00e9sz\u00edt\u0151i lehetnek minden zenekedvel\u0151 asztali be\u00e1ll\u00edt\u00e1s\u00e1nak, \u00e9s jav\u00edthatj\u00e1k az \u00e1ltal\u00e1nos zenehallgat\u00e1si \u00e9lm\u00e9nyt. Fontos megjegyezni, hogy egyes vizualiz\u00e1torok tov\u00e1bbi rendszerer\u0151forr\u00e1sokat ig\u00e9nyelhetnek, ez\u00e9rt fontos meggy\u0151z\u0151dni arr\u00f3l, hogy sz\u00e1m\u00edt\u00f3g\u00e9pe megfelel-e a haszn\u00e1lni k\u00edv\u00e1nt vizualiz\u00e1tor aj\u00e1nlott specifik\u00e1ci\u00f3inak. <\/p>\n<\/div>\n<div class=\"question\">\n<div class=\"qtitle\"> Mi\u00e9rt nem m\u0171k\u00f6dik a megjelen\u00edt\u00e9s?<\/div>\n<p> Ahhoz, hogy \u00e1tfog\u00f3 v\u00e1laszt adhassunk erre a k\u00e9rd\u00e9sre, t\u00f6bb kontextusra van sz\u00fcks\u00e9g. \u00cdme azonban n\u00e9h\u00e1ny \u00e1ltal\u00e1nos ok, ami\u00e9rt a vizualiz\u00e1ci\u00f3 esetleg nem m\u0171k\u00f6dik a rekl\u00e1moz\u00e1sban \u00e9s a marketingben: <\/p>\n<div class=\"newlinediv\"><\/div>\n<p> 1. Rossz tervez\u00e9s: Ha egy rekl\u00e1m vizu\u00e1lis elemei nem j\u00f3l megtervezettek, el\u0151fordulhat, hogy nem k\u00f6zvet\u00edtik hat\u00e9konyan a k\u00edv\u00e1nt \u00fczenetet. Ez mag\u00e1ban foglalhatja a sz\u00ednekkel, a bet\u0171t\u00edpussal, a kompoz\u00edci\u00f3val vagy a k\u00e9pekkel kapcsolatos probl\u00e9m\u00e1kat. <\/p>\n<div class=\"newlinediv\"><\/div>\n<p> 2. Nem relev\u00e1ns vizu\u00e1lis elemek: Ha a rekl\u00e1mban haszn\u00e1lt vizu\u00e1lis elemek nem kapcsol\u00f3dnak a rekl\u00e1mozott term\u00e9khez vagy szolg\u00e1ltat\u00e1shoz, el\u0151fordulhat, hogy nem tal\u00e1lnak visszhangra a c\u00e9lk\u00f6z\u00f6ns\u00e9gn\u00e9l, \u00e9s nem seg\u00edtik a m\u00e1rka ismerts\u00e9g\u00e9nek kialak\u00edt\u00e1s\u00e1t. <\/p>\n<div class=\"newlinediv\"><\/div>\n<p> 3. A k\u00f6vetkezetess\u00e9g hi\u00e1nya: Ha egy rekl\u00e1mkamp\u00e1ny vizu\u00e1lis m\u00e1rkaelemei nem k\u00f6vetkezetesek, az zavar\u00f3 lehet a fogyaszt\u00f3k sz\u00e1m\u00e1ra, \u00e9s cs\u00f6kkentheti az \u00e1ltal\u00e1nos \u00fczenet hat\u00e1s\u00e1t. <\/p>\n<div class=\"newlinediv\"><\/div>\n<p> 4. T\u00falbonyol\u00edt\u00e1s: Ha egy rekl\u00e1m t\u00fals\u00e1gosan \u00f6sszetett vagy zs\u00fafolt, az megterhel\u0151 lehet a n\u00e9z\u0151k sz\u00e1m\u00e1ra, \u00e9s elvesz\u00edthetik az \u00e9rdekl\u0151d\u00e9s\u00fcket, vagy nem veszik \u00e9szre a k\u00edv\u00e1nt \u00fczenetet. <\/p>\n<div class=\"newlinediv\"><\/div>\n<p> 5. Rossz c\u00e9lz\u00e1s: Ha egy hirdet\u00e9s vizu\u00e1lis elemei nem a c\u00e9lk\u00f6z\u00f6ns\u00e9gre szabottak, akkor nem biztos, hogy hat\u00e9konyan megragadj\u00e1k a figyelm\u00fcket, vagy nem tudnak rezon\u00e1lni r\u00e1juk. <\/p>\n<div class=\"newlinediv\"><\/div>\n<p> \u00d6sszess\u00e9g\u00e9ben a vizualiz\u00e1ci\u00f3 hat\u00e9konys\u00e1ga a rekl\u00e1mban \u00e9s a marketingben sz\u00e1mos t\u00e9nyez\u0151t\u0151l f\u00fcgg, t\u00f6bbek k\u00f6z\u00f6tt a tervez\u00e9st\u0151l, a relevanci\u00e1t\u00f3l, a k\u00f6vetkezetess\u00e9gt\u0151l, az egyszer\u0171s\u00e9gt\u0151l \u00e9s a c\u00e9lz\u00e1st\u00f3l. Ha e t\u00e9nyez\u0151k b\u00e1rmelyik\u00e9t nem hat\u00e9konyan hajtj\u00e1k v\u00e9gre, az azt eredm\u00e9nyezheti, hogy a vizualiz\u00e1ci\u00f3 nem m\u0171k\u00f6dik a k\u00edv\u00e1nt m\u00f3don.<\/p>\n<\/div>\n<\/div>\n","protected":false},"excerpt":{"rendered":"<p>A Windows Media Player egy n\u00e9pszer\u0171 m\u00e9dialej\u00e1tsz\u00f3, amelyet vil\u00e1gszerte felhaszn\u00e1l\u00f3k milli\u00f3i haszn\u00e1lnak. Ez egy sokoldal\u00fa m\u00e9dialej\u00e1tsz\u00f3, amely k\u00fcl\u00f6nb\u00f6z\u0151 t\u00edpus\u00fa m\u00e9diaform\u00e1tumok, k\u00f6zt\u00fck zen\u00e9k \u00e9s vide\u00f3k lej\u00e1tsz\u00e1s\u00e1ra alkalmas. A Windows Media Player egyik legleny\u0171g\u00f6z\u0151bb funkci\u00f3ja a vizualiz\u00e1ci\u00f3s funkci\u00f3ja, amely lehet\u0151v\u00e9 teszi a felhaszn\u00e1l\u00f3k sz\u00e1m\u00e1ra, hogy vizu\u00e1lisan leny\u0171g\u00f6z\u0151 m\u00f3don \u00e9lvezz\u00e9k a zen\u00e9t. Ebben a cikkben eligaz\u00edtjuk, hogyan kapcsolhatja &#8230; <a title=\"A zene sz\u00e9ps\u00e9ge a Windows Media Player vizualiz\u00e1ci\u00f3ival\" class=\"read-more\" href=\"https:\/\/megnyitasa.com\/tudas\/a-zene-szepsege-a-windows-media-player-vizualizacioival\/\" aria-label=\"Read more about A zene sz\u00e9ps\u00e9ge a Windows Media Player vizualiz\u00e1ci\u00f3ival\">Read more<\/a><\/p>\n","protected":false},"author":1872,"featured_media":0,"comment_status":"closed","ping_status":"closed","sticky":false,"template":"","format":"standard","meta":{"footnotes":""},"categories":[6],"tags":[],"class_list":["post-2512","post","type-post","status-publish","format-standard","hentry","category-reklam-es-marketing"],"_links":{"self":[{"href":"https:\/\/megnyitasa.com\/tudas\/wp-json\/wp\/v2\/posts\/2512","targetHints":{"allow":["GET"]}}],"collection":[{"href":"https:\/\/megnyitasa.com\/tudas\/wp-json\/wp\/v2\/posts"}],"about":[{"href":"https:\/\/megnyitasa.com\/tudas\/wp-json\/wp\/v2\/types\/post"}],"author":[{"embeddable":true,"href":"https:\/\/megnyitasa.com\/tudas\/wp-json\/wp\/v2\/users\/1872"}],"replies":[{"embeddable":true,"href":"https:\/\/megnyitasa.com\/tudas\/wp-json\/wp\/v2\/comments?post=2512"}],"version-history":[{"count":0,"href":"https:\/\/megnyitasa.com\/tudas\/wp-json\/wp\/v2\/posts\/2512\/revisions"}],"wp:attachment":[{"href":"https:\/\/megnyitasa.com\/tudas\/wp-json\/wp\/v2\/media?parent=2512"}],"wp:term":[{"taxonomy":"category","embeddable":true,"href":"https:\/\/megnyitasa.com\/tudas\/wp-json\/wp\/v2\/categories?post=2512"},{"taxonomy":"post_tag","embeddable":true,"href":"https:\/\/megnyitasa.com\/tudas\/wp-json\/wp\/v2\/tags?post=2512"}],"curies":[{"name":"wp","href":"https:\/\/api.w.org\/{rel}","templated":true}]}}