{"id":2777,"date":"2023-04-24T00:00:00","date_gmt":"2023-04-24T00:00:00","guid":{"rendered":"https:\/\/megnyitasa.com\/tudas\/az-eltunt-baratok-rejtelye-honnan-tudhatod-ha-valaki-blokkolt-teged-a-facebookon\/"},"modified":"2023-04-24T00:00:00","modified_gmt":"2023-04-24T00:00:00","slug":"az-eltunt-baratok-rejtelye-honnan-tudhatod-ha-valaki-blokkolt-teged-a-facebookon","status":"publish","type":"post","link":"https:\/\/megnyitasa.com\/tudas\/az-eltunt-baratok-rejtelye-honnan-tudhatod-ha-valaki-blokkolt-teged-a-facebookon\/","title":{"rendered":"Az elt\u0171nt bar\u00e1tok rejt\u00e9lye: Honnan tudhatod, ha valaki blokkolt t\u00e9ged a Facebookon"},"content":{"rendered":"<div class=\"articlecontent\">\n<div class=\"newlinediv\"><\/div>\n<p> A k\u00f6z\u00f6ss\u00e9gi m\u00e9dia \u00e9let\u00fcnk szerves r\u00e9sz\u00e9v\u00e9 v\u00e1lt, \u00e9s a Facebook az egyik legn\u00e9pszer\u0171bb platform a bar\u00e1tokkal \u00e9s a csal\u00e1ddal val\u00f3 kapcsolattart\u00e1sra. N\u00e9ha azonban el\u0151fordulhat, hogy egy bar\u00e1tod m\u00e1r nem jelenik meg a Facebook-csatorn\u00e1don, \u00e9s elgondolkodhatsz azon, hogy vajon letiltott-e t\u00e9ged. B\u00e1r a Facebook nem ad k\u00f6zvetlen \u00e9rtes\u00edt\u00e9st arr\u00f3l, hogy valaki blokkolta \u00d6nt, van n\u00e9h\u00e1ny jel, amely seg\u00edthet kider\u00edteni a dolgot. <\/p>\n<div class=\"newlinediv\"><\/div>\n<p> Az els\u0151 jele annak, hogy valaki letiltotta \u00d6nt a Facebookon, az, hogy nem tal\u00e1lja meg a bar\u00e1tok list\u00e1j\u00e1ban vagy a keres\u00e9si eredm\u00e9nyek k\u00f6z\u00f6tt. Ha megpr\u00f3b\u00e1lsz r\u00e1keresni a profilj\u00e1ra, az nem jelenik meg, \u00e9s nem l\u00e1thatod a posztjait, hozz\u00e1sz\u00f3l\u00e1sait vagy m\u00e1sok posztjaira adott reakci\u00f3it. Ha kor\u00e1bban besz\u00e9lgett\u00e9l vel\u00fck, azok is elt\u0171nnek az \u00fczenetek bej\u00f6v\u0151 \u00fczeneteib\u0151l. Ezek egy\u00e9rtelm\u0171 jelei annak, hogy letiltott\u00e1k. <\/p>\n<div class=\"newlinediv\"><\/div>\n<p> Egy m\u00e1sik m\u00f3dja annak, hogy megtudja, hogy valaki letiltotta-e \u00d6nt a Facebookon, ha ellen\u0151rzi, hogy m\u00e9g mindig tagja-e valamelyik csoportnak, amelynek mindketten tagjai voltatok. Ha nem tal\u00e1lod \u0151t ezekben a csoportokban, akkor lehet, hogy vagy kil\u00e9pett a csoportb\u00f3l, vagy letiltott t\u00e9ged. Ha azonban m\u00e9g mindig l\u00e1tod a kommentjeit vagy reakci\u00f3it a csoportban, akkor nem blokkolt t\u00e9ged. <\/p>\n<div class=\"newlinediv\"><\/div>\n<p> Megpr\u00f3b\u00e1lhatsz k\u00f6zvetlen\u00fcl is \u00fczenetet k\u00fcldeni a szem\u00e9lynek, h\u00e1tha v\u00e1laszol. Ha az \u00fczenete \u00e1tmegy, az azt jelenti, hogy nem blokkolta \u00d6nt. Ha azonban az \u00fczenete nem \u00e9rkezik meg, akkor az az\u00e9rt lehet, mert letiltotta \u00d6nt, vagy a fi\u00f3kj\u00e1t deaktiv\u00e1lt\u00e1k. <\/p>\n<div class=\"newlinediv\"><\/div>\n<p> V\u00e9g\u00fcl megpr\u00f3b\u00e1lhat egy \u00faj Facebook-fi\u00f3kot is l\u00e9trehozni, \u00e9s megkeresni az illet\u0151t. Ha nem tal\u00e1lja az \u00faj fi\u00f3kban, akkor val\u00f3sz\u00edn\u0171leg letiltotta \u00d6nt. Fontos azonban megjegyezni, hogy egy hamis fi\u00f3k l\u00e9trehoz\u00e1sa ellenkezik a Facebook szolg\u00e1ltat\u00e1si felt\u00e9teleivel, \u00e9s a fi\u00f3k felf\u00fcggeszt\u00e9s\u00e9t eredm\u00e9nyezheti. <\/p>\n<div class=\"newlinediv\"><\/div>\n<p> \u00d6sszefoglalva, b\u00e1r a Facebook nem ad k\u00f6zvetlen \u00e9rtes\u00edt\u00e9st arr\u00f3l, ha valaki letiltja \u00d6nt, sz\u00e1mos olyan jel van, amely seg\u00edthet kider\u00edteni a dolgot. Ha nem tal\u00e1lod a profilj\u00e1t vagy kor\u00e1bbi besz\u00e9lget\u00e9seit, akkor val\u00f3sz\u00edn\u0171leg letiltott t\u00e9ged. Fontos, hogy tiszteletben tartsd a m\u00e1sik szem\u00e9ly d\u00f6nt\u00e9s\u00e9t, \u00e9s l\u00e9pj tov\u00e1bb, ha letiltottak. Ne feledje, hogy a k\u00f6z\u00f6ss\u00e9gi m\u00e9dia csak egy aspektusa az \u00e9let\u00fcnknek, \u00e9s rengeteg m\u00e1s m\u00f3dja van annak, hogy kapcsolatba l\u00e9pj\u00fcnk az emberekkel.<\/p><\/div>\n","protected":false},"excerpt":{"rendered":"<p>A k\u00f6z\u00f6ss\u00e9gi m\u00e9dia \u00e9let\u00fcnk szerves r\u00e9sz\u00e9v\u00e9 v\u00e1lt, \u00e9s a Facebook az egyik legn\u00e9pszer\u0171bb platform a bar\u00e1tokkal \u00e9s a csal\u00e1ddal val\u00f3 kapcsolattart\u00e1sra. N\u00e9ha azonban el\u0151fordulhat, hogy egy bar\u00e1tod m\u00e1r nem jelenik meg a Facebook-csatorn\u00e1don, \u00e9s elgondolkodhatsz azon, hogy vajon letiltott-e t\u00e9ged. B\u00e1r a Facebook nem ad k\u00f6zvetlen \u00e9rtes\u00edt\u00e9st arr\u00f3l, hogy valaki blokkolta \u00d6nt, van n\u00e9h\u00e1ny jel, &#8230; <a title=\"Az elt\u0171nt bar\u00e1tok rejt\u00e9lye: Honnan tudhatod, ha valaki blokkolt t\u00e9ged a Facebookon\" class=\"read-more\" href=\"https:\/\/megnyitasa.com\/tudas\/az-eltunt-baratok-rejtelye-honnan-tudhatod-ha-valaki-blokkolt-teged-a-facebookon\/\" aria-label=\"Read more about Az elt\u0171nt bar\u00e1tok rejt\u00e9lye: Honnan tudhatod, ha valaki blokkolt t\u00e9ged a Facebookon\">Read more<\/a><\/p>\n","protected":false},"author":2018,"featured_media":0,"comment_status":"closed","ping_status":"closed","sticky":false,"template":"","format":"standard","meta":{"footnotes":""},"categories":[8],"tags":[],"class_list":["post-2777","post","type-post","status-publish","format-standard","hentry","category-szamvitel-es-konyveles"],"_links":{"self":[{"href":"https:\/\/megnyitasa.com\/tudas\/wp-json\/wp\/v2\/posts\/2777","targetHints":{"allow":["GET"]}}],"collection":[{"href":"https:\/\/megnyitasa.com\/tudas\/wp-json\/wp\/v2\/posts"}],"about":[{"href":"https:\/\/megnyitasa.com\/tudas\/wp-json\/wp\/v2\/types\/post"}],"author":[{"embeddable":true,"href":"https:\/\/megnyitasa.com\/tudas\/wp-json\/wp\/v2\/users\/2018"}],"replies":[{"embeddable":true,"href":"https:\/\/megnyitasa.com\/tudas\/wp-json\/wp\/v2\/comments?post=2777"}],"version-history":[{"count":0,"href":"https:\/\/megnyitasa.com\/tudas\/wp-json\/wp\/v2\/posts\/2777\/revisions"}],"wp:attachment":[{"href":"https:\/\/megnyitasa.com\/tudas\/wp-json\/wp\/v2\/media?parent=2777"}],"wp:term":[{"taxonomy":"category","embeddable":true,"href":"https:\/\/megnyitasa.com\/tudas\/wp-json\/wp\/v2\/categories?post=2777"},{"taxonomy":"post_tag","embeddable":true,"href":"https:\/\/megnyitasa.com\/tudas\/wp-json\/wp\/v2\/tags?post=2777"}],"curies":[{"name":"wp","href":"https:\/\/api.w.org\/{rel}","templated":true}]}}