{"id":2986,"date":"2023-04-24T00:00:00","date_gmt":"2023-04-24T00:00:00","guid":{"rendered":"https:\/\/megnyitasa.com\/tudas\/az-onfoglalkoztatas-legfontosabb-mutatoi\/"},"modified":"2023-04-24T00:00:00","modified_gmt":"2023-04-24T00:00:00","slug":"az-onfoglalkoztatas-legfontosabb-mutatoi","status":"publish","type":"post","link":"https:\/\/megnyitasa.com\/tudas\/az-onfoglalkoztatas-legfontosabb-mutatoi\/","title":{"rendered":"Az \u00f6nfoglalkoztat\u00e1s legfontosabb mutat\u00f3i"},"content":{"rendered":"<div class=\"articlecontent\">\n<div class=\"newlinediv\"><\/div>\n<p> Az \u00f6nfoglalkoztat\u00e1s n\u00f6vekv\u0151 tendencia a modern munka vil\u00e1g\u00e1ban. Sokan d\u00f6ntenek \u00fagy, hogy saj\u00e1t maguknak dolgoznak, ahelyett, hogy valaki m\u00e1st alkalmazn\u00e1nak. Ahhoz azonban, hogy valaki \u00f6nfoglalkoztat\u00f3nak min\u0151s\u00fclj\u00f6n, bizonyos t\u00e9nyez\u0151knek meg kell jelenni\u00fck. Ez a cikk azokat a legfontosabb mutat\u00f3kat vizsg\u00e1lja, amelyek meghat\u00e1rozz\u00e1k, hogy valaki \u00f6nfoglalkoztat\u00f3nak min\u0151s\u00fcl-e. <\/p>\n<div class=\"newlinediv\"><\/div>\n<p> Az els\u0151 \u00e9s legnyilv\u00e1nval\u00f3bb mutat\u00f3 az, hogy az illet\u0151 saj\u00e1t mag\u00e1nak dolgozik. Ez azt jelenti, hogy nem egy v\u00e1llalat vagy szervezet alkalmazottja. \u0150k a saj\u00e1t f\u0151n\u00f6k\u00fck, \u00e9s felel\u0151sek a saj\u00e1t j\u00f6vedelm\u00fck megteremt\u00e9s\u00e9\u00e9rt. Az \u00f6nfoglalkoztat\u00f3k teljes m\u00e9rt\u00e9kben maguk ir\u00e1ny\u00edtj\u00e1k munk\u00e1jukat, \u00e9s maguk v\u00e1laszthatj\u00e1k meg \u00fcgyfeleiket, projektjeiket \u00e9s munkaidej\u00fcket. <\/p>\n<div class=\"newlinediv\"><\/div>\n<p> Az \u00f6nfoglalkoztat\u00e1s m\u00e1sik mutat\u00f3ja, hogy a szem\u00e9ly saj\u00e1t maga felel az ad\u00f3z\u00e1s\u00e9rt. Az alkalmazottakkal ellent\u00e9tben, akiknek az ad\u00f3t levonj\u00e1k a fizet\u00e9s\u00fckb\u0151l, az \u00f6nfoglalkoztat\u00f3knak maguknak kell beny\u00fajtaniuk ad\u00f3bevall\u00e1sukat \u00e9s fizetni\u00fck az \u00f6nfoglalkoztat\u00f3i ad\u00f3t. Ez \u00f6sszetett folyamat lehet, mivel eg\u00e9sz \u00e9vben nyomon kell k\u00f6vetni\u00fck bev\u00e9teleiket \u00e9s kiad\u00e1saikat. <\/p>\n<div class=\"newlinediv\"><\/div>\n<p> Az \u00f6nfoglalkoztat\u00f3 mag\u00e1nszem\u00e9lyek kiz\u00e1r\u00f3lagos felel\u0151ss\u00e9get viselnek \u00fczleti kiad\u00e1saik\u00e9rt is. Saj\u00e1t maguknak kell megv\u00e1s\u00e1rolniuk a felszerel\u00e9s\u00fcket \u00e9s a k\u00e9szleteiket, saj\u00e1t maguknak kell fizetni\u00fck a biztos\u00edt\u00e1sukat, \u00e9s fedezni\u00fck kell minden egy\u00e9b, a v\u00e1llalkoz\u00e1sukkal kapcsolatos kiad\u00e1st. Ez jelent\u0151s p\u00e9nz\u00fcgyi terhet jelenthet, k\u00fcl\u00f6n\u00f6sen a p\u00e1lyakezd\u0151k sz\u00e1m\u00e1ra. <\/p>\n<div class=\"newlinediv\"><\/div>\n<p> V\u00e9gezet\u00fcl az \u00f6n\u00e1ll\u00f3 v\u00e1llalkoz\u00f3knak szabads\u00e1guk van arra, hogy b\u00e1rhol dolgozhassanak, ahol csak akarnak. Nem k\u00f6t\u0151dnek egy adott helyhez vagy irod\u00e1hoz, \u00e9s dolgozhatnak otthonr\u00f3l, egy k\u00e1v\u00e9z\u00f3b\u00f3l, vagy ak\u00e1r utaz\u00e1s k\u00f6zben is. Ez a rugalmass\u00e1g az \u00f6nfoglalkoztat\u00e1s egyik legvonz\u00f3bb aspektusa, mivel lehet\u0151v\u00e9 teszi az egy\u00e9nek sz\u00e1m\u00e1ra, hogy a munk\u00e1t \u00e9s a mag\u00e1n\u00e9letet a sz\u00e1mukra megfelel\u0151 m\u00f3don egyens\u00falyba hozz\u00e1k. <\/p>\n<div class=\"newlinediv\"><\/div>\n<p> \u00d6sszefoglalva, az \u00f6nfoglalkoztat\u00e1s legfontosabb mutat\u00f3i a saj\u00e1t magunknak val\u00f3 munkav\u00e9gz\u00e9s, az ad\u00f3fizet\u00e9si k\u00f6telezetts\u00e9g, az \u00fczleti k\u00f6lts\u00e9gek kiz\u00e1r\u00f3lagos visel\u00e9se, valamint a b\u00e1rhonnan val\u00f3 munkav\u00e9gz\u00e9s szabads\u00e1ga. B\u00e1r az \u00f6nfoglalkoztat\u00e1s kih\u00edv\u00e1st jelenthet, az egy\u00e9nek sz\u00e1m\u00e1ra olyan m\u00e9rt\u00e9k\u0171 ellen\u0151rz\u00e9st \u00e9s rugalmass\u00e1got is biztos\u00edt, amely a hagyom\u00e1nyos munkaviszonyban nem \u00e1ll rendelkez\u00e9sre. Ha \u00d6n az \u00f6nfoglalkoztat\u00e1st fontolgatja, fontos, hogy meg\u00e9rtse ezeket a mutat\u00f3kat, \u00e9s hogy mit jelentenek az \u00d6n v\u00e1llalkoz\u00e1sa sz\u00e1m\u00e1ra.<\/p><\/div>\n<div class=\"questions\">\n<div class=\"questionstitle\">FAQ<\/div>\n<div class=\"question\">\n<div class=\"qtitle\"> Mi min\u0151s\u00fcl \u00f6n\u00e1ll\u00f3 v\u00e1llalkoz\u00f3i j\u00f6vedelemnek?<\/div>\n<p> Az \u00f6n\u00e1ll\u00f3 v\u00e1llalkoz\u00f3i j\u00f6vedelem azt a p\u00e9nzt jelenti, amelyet egy mag\u00e1nszem\u00e9ly a saj\u00e1t v\u00e1llalkoz\u00e1s\u00e1b\u00f3l vagy kereskedelm\u00e9b\u0151l, nem pedig egy munk\u00e1ltat\u00f3t\u00f3l szerez. Ez mag\u00e1ban foglalhatja az egy\u00e9ni v\u00e1llalkoz\u00e1s, t\u00e1rsas v\u00e1llalkoz\u00e1s vagy LLC (korl\u00e1tolt felel\u0151ss\u00e9g\u0171 t\u00e1rsas\u00e1g) m\u0171k\u00f6dtet\u00e9s\u00e9b\u0151l sz\u00e1rmaz\u00f3 j\u00f6vedelmet. Az \u00f6n\u00e1ll\u00f3 v\u00e1llalkoz\u00f3i j\u00f6vedelem sz\u00e1mos forr\u00e1sb\u00f3l sz\u00e1rmazhat, bele\u00e9rtve a szabad\u00fasz\u00f3 munk\u00e1t, a tan\u00e1csad\u00e1st, az \u00e1ruk vagy szolg\u00e1ltat\u00e1sok \u00e9rt\u00e9kes\u00edt\u00e9s\u00e9t, vagy ak\u00e1r az egy\u00e9n tulajdon\u00e1ban l\u00e9v\u0151 ingatlanb\u00f3l sz\u00e1rmaz\u00f3 b\u00e9rleti d\u00edjat is. <\/p>\n<div class=\"newlinediv\"><\/div>\n<p> Ahhoz, hogy \u00f6n\u00e1ll\u00f3 v\u00e1llalkoz\u00f3i j\u00f6vedelemnek min\u0151s\u00fclj\u00f6n, a mag\u00e1nszem\u00e9lynek felel\u0151snek kell lennie a v\u00e1llalkoz\u00e1s vagy kereskedelem ir\u00e1ny\u00edt\u00e1s\u00e1\u00e9rt \u00e9s m\u0171k\u00f6dtet\u00e9s\u00e9\u00e9rt. Ez mag\u00e1ban foglalja a p\u00e9nz\u00fcgyekre, a m\u0171k\u00f6d\u00e9sre \u00e9s a marketingre vonatkoz\u00f3 d\u00f6nt\u00e9sek meghozatal\u00e1t. A mag\u00e1nszem\u00e9lynek viselnie kell a v\u00e1llalkoz\u00e1s p\u00e9nz\u00fcgyi kock\u00e1zat\u00e1t is, ami azt jelenti, hogy \u0151 felel a felmer\u00fcl\u0151 vesztes\u00e9gek\u00e9rt vagy kiad\u00e1sok\u00e9rt. <\/p>\n<div class=\"newlinediv\"><\/div>\n<p> Fontos megjegyezni, hogy az \u00f6n\u00e1ll\u00f3 v\u00e1llalkoz\u00f3i j\u00f6vedelem az \u00f6n\u00e1ll\u00f3 v\u00e1llalkoz\u00f3i ad\u00f3 hat\u00e1lya al\u00e1 tartozik, amely elk\u00fcl\u00f6n\u00fcl a rendes j\u00f6vedelemad\u00f3t\u00f3l. Ezek az ad\u00f3k fedezik a t\u00e1rsadalombiztos\u00edt\u00e1si \u00e9s a Medicare-hozz\u00e1j\u00e1rul\u00e1sokat, mivel az \u00f6n\u00e1ll\u00f3 v\u00e1llalkoz\u00f3kra jellemz\u0151en nem terjed ki a munk\u00e1ltat\u00f3 juttat\u00e1si csomagja. <\/p>\n<div class=\"newlinediv\"><\/div>\n<p> \u00d6sszefoglalva, az \u00f6n\u00e1ll\u00f3 v\u00e1llalkoz\u00f3i j\u00f6vedelem a mag\u00e1nszem\u00e9ly saj\u00e1t v\u00e1llalkoz\u00e1s\u00e1n vagy kereskedelm\u00e9n kereszt\u00fcl szerzett p\u00e9nzt jelenti, ahol a mag\u00e1nszem\u00e9ly felel\u0151s a v\u00e1llalkoz\u00e1s ir\u00e1ny\u00edt\u00e1s\u00e1\u00e9rt \u00e9s m\u0171k\u00f6dtet\u00e9s\u00e9\u00e9rt, \u00e9s viseli a p\u00e9nz\u00fcgyi kock\u00e1zatot. <\/p>\n<\/div>\n<div class=\"question\">\n<div class=\"qtitle\"> Mi nem min\u0151s\u00fcl \u00f6n\u00e1ll\u00f3 v\u00e1llalkoz\u00f3nak?<\/div>\n<p> Az \u00f6nfoglalkoztat\u00e1s azt jelenti, hogy valaki m\u00e1s \u00e1ltal alkalmazott helyett saj\u00e1t mag\u00e1nak dolgozik. Az emberi er\u0151forr\u00e1sokkal \u00f6sszef\u00fcgg\u00e9sben az \u00f6nfoglalkoztat\u00e1s gyakran olyan k\u00e9rd\u00e9sek szempontj\u00e1b\u00f3l relev\u00e1ns, mint az ad\u00f3z\u00e1s, a juttat\u00e1sok \u00e9s a munkajog. <\/p>\n<div class=\"newlinediv\"><\/div>\n<p> \u00c1ltal\u00e1noss\u00e1gban az \u00f6nfoglalkoztat\u00f3 olyan szem\u00e9ly, aki saj\u00e1t v\u00e1llalkoz\u00e1st m\u0171k\u00f6dtet, vagy f\u00fcggetlen v\u00e1llalkoz\u00f3k\u00e9nt ny\u00fajt szolg\u00e1ltat\u00e1sokat. Ez azt jelenti, hogy felel\u0151sek saj\u00e1t \u00fcgyfeleik vagy \u00fcgyfeleik felkutat\u00e1s\u00e1\u00e9rt, saj\u00e1t d\u00edjszab\u00e1suk meghat\u00e1roz\u00e1s\u00e1\u00e9rt \u00e9s saj\u00e1t p\u00e9nz\u00fcgyeik kezel\u00e9s\u00e9\u00e9rt. Az \u00f6n\u00e1ll\u00f3 v\u00e1llalkoz\u00f3k k\u00f6z\u00e9 tartoznak p\u00e9ld\u00e1ul a szabad\u00fasz\u00f3k, a tan\u00e1csad\u00f3k vagy a kisv\u00e1llalkoz\u00e1sok tulajdonosai. <\/p>\n<div class=\"newlinediv\"><\/div>\n<p> M\u00e1sr\u00e9szr\u0151l vannak bizonyos t\u00edpus\u00fa munk\u00e1k vagy meg\u00e1llapod\u00e1sok, amelyek nem min\u0151s\u00fclnek \u00f6nfoglalkoztat\u00e1snak. P\u00e9ld\u00e1ul: <\/p>\n<div class=\"newlinediv\"><\/div>\n<p> &#8211; Alkalmazottak: Az a szem\u00e9ly, aki m\u00e1snak dolgozik, \u00e9s rendszeres fizet\u00e9st kap, nem \u00f6n\u00e1ll\u00f3 v\u00e1llalkoz\u00f3. Alkalmazottnak min\u0151s\u00fcl, \u00e9s a munk\u00e1ltat\u00f3ja felel\u0151s az ad\u00f3k visszatart\u00e1s\u00e1\u00e9rt, a juttat\u00e1sok biztos\u00edt\u00e1s\u00e1\u00e9rt \u00e9s a munka\u00fcgyi t\u00f6rv\u00e9nyek betart\u00e1s\u00e1\u00e9rt. <\/p>\n<div class=\"newlinediv\"><\/div>\n<p> &#8211; \u00d6nk\u00e9ntesek: Aki fizet\u00e9s n\u00e9lk\u00fcl vagy egy nonprofit szervezetnek dolgozik, nem tekinthet\u0151 \u00f6n\u00e1ll\u00f3 v\u00e1llalkoz\u00f3nak, mivel nem ellenszolg\u00e1ltat\u00e1s fej\u00e9ben ny\u00fajt szolg\u00e1ltat\u00e1st. <\/p>\n<div class=\"newlinediv\"><\/div>\n<p> &#8211; Ideiglenes munkav\u00e1llal\u00f3k: Az ideiglenes \u00fcgyn\u00f6ks\u00e9geknek dolgoz\u00f3 vagy r\u00f6vid t\u00e1v\u00fa munk\u00e1kra felvett szem\u00e9lyek nem tekinthet\u0151k \u00f6nfoglalkoztat\u00f3nak, mivel technikailag az \u00fcgyn\u00f6ks\u00e9g vagy az \u00fcgyf\u00e9l alkalmaz\u00e1s\u00e1ban \u00e1llnak. <\/p>\n<div class=\"newlinediv\"><\/div>\n<p> &#8211; Gyakornokok: A helyzett\u0151l f\u00fcgg\u0151en a gyakornokok sem tekinthet\u0151k \u00f6n\u00e1ll\u00f3 v\u00e1llalkoz\u00f3nak. Ha tanulm\u00e1nyi kredit\u00e9rt dolgoznak, vagy nem kapnak d\u00edjaz\u00e1st, akkor nem tekinthet\u0151k \u00f6n\u00e1ll\u00f3 v\u00e1llalkoz\u00f3nak. <\/p>\n<div class=\"newlinediv\"><\/div>\n<p> \u00d6sszess\u00e9g\u00e9ben az, hogy valaki \u00f6n\u00e1ll\u00f3 v\u00e1llalkoz\u00f3nak min\u0151s\u00fcl-e vagy sem, jelent\u0151s hat\u00e1ssal lehet p\u00e9nz\u00fcgyi \u00e9s jogi k\u00f6telezetts\u00e9geire. Fontos, hogy meg\u00e9rtse a k\u00fcl\u00f6nb\u00f6z\u0151 t\u00edpus\u00fa munkaszerz\u0151d\u00e9sek k\u00f6z\u00f6tti k\u00fcl\u00f6nbs\u00e9geket, \u00e9s konzult\u00e1ljon jogi vagy p\u00e9nz\u00fcgyi szakemberrel, ha bizonytalan a st\u00e1tusz\u00e1t illet\u0151en.<\/p>\n<\/div>\n<\/div>\n","protected":false},"excerpt":{"rendered":"<p>Az \u00f6nfoglalkoztat\u00e1s n\u00f6vekv\u0151 tendencia a modern munka vil\u00e1g\u00e1ban. Sokan d\u00f6ntenek \u00fagy, hogy saj\u00e1t maguknak dolgoznak, ahelyett, hogy valaki m\u00e1st alkalmazn\u00e1nak. Ahhoz azonban, hogy valaki \u00f6nfoglalkoztat\u00f3nak min\u0151s\u00fclj\u00f6n, bizonyos t\u00e9nyez\u0151knek meg kell jelenni\u00fck. Ez a cikk azokat a legfontosabb mutat\u00f3kat vizsg\u00e1lja, amelyek meghat\u00e1rozz\u00e1k, hogy valaki \u00f6nfoglalkoztat\u00f3nak min\u0151s\u00fcl-e. Az els\u0151 \u00e9s legnyilv\u00e1nval\u00f3bb mutat\u00f3 az, hogy az illet\u0151 saj\u00e1t &#8230; <a title=\"Az \u00f6nfoglalkoztat\u00e1s legfontosabb mutat\u00f3i\" class=\"read-more\" href=\"https:\/\/megnyitasa.com\/tudas\/az-onfoglalkoztatas-legfontosabb-mutatoi\/\" aria-label=\"Read more about Az \u00f6nfoglalkoztat\u00e1s legfontosabb mutat\u00f3i\">Read more<\/a><\/p>\n","protected":false},"author":2122,"featured_media":0,"comment_status":"closed","ping_status":"closed","sticky":false,"template":"","format":"standard","meta":{"footnotes":""},"categories":[32],"tags":[],"class_list":["post-2986","post","type-post","status-publish","format-standard","hentry","category-humaneroforras"],"_links":{"self":[{"href":"https:\/\/megnyitasa.com\/tudas\/wp-json\/wp\/v2\/posts\/2986","targetHints":{"allow":["GET"]}}],"collection":[{"href":"https:\/\/megnyitasa.com\/tudas\/wp-json\/wp\/v2\/posts"}],"about":[{"href":"https:\/\/megnyitasa.com\/tudas\/wp-json\/wp\/v2\/types\/post"}],"author":[{"embeddable":true,"href":"https:\/\/megnyitasa.com\/tudas\/wp-json\/wp\/v2\/users\/2122"}],"replies":[{"embeddable":true,"href":"https:\/\/megnyitasa.com\/tudas\/wp-json\/wp\/v2\/comments?post=2986"}],"version-history":[{"count":0,"href":"https:\/\/megnyitasa.com\/tudas\/wp-json\/wp\/v2\/posts\/2986\/revisions"}],"wp:attachment":[{"href":"https:\/\/megnyitasa.com\/tudas\/wp-json\/wp\/v2\/media?parent=2986"}],"wp:term":[{"taxonomy":"category","embeddable":true,"href":"https:\/\/megnyitasa.com\/tudas\/wp-json\/wp\/v2\/categories?post=2986"},{"taxonomy":"post_tag","embeddable":true,"href":"https:\/\/megnyitasa.com\/tudas\/wp-json\/wp\/v2\/tags?post=2986"}],"curies":[{"name":"wp","href":"https:\/\/api.w.org\/{rel}","templated":true}]}}