{"id":3333,"date":"2023-04-24T00:00:00","date_gmt":"2023-04-24T00:00:00","guid":{"rendered":"https:\/\/megnyitasa.com\/tudas\/konnyu-nyomtatas-a-hp-nyomtatok-kompatibilitasa-a-mac-szamitogepekkel\/"},"modified":"2023-04-24T00:00:00","modified_gmt":"2023-04-24T00:00:00","slug":"konnyu-nyomtatas-a-hp-nyomtatok-kompatibilitasa-a-mac-szamitogepekkel","status":"publish","type":"post","link":"https:\/\/megnyitasa.com\/tudas\/konnyu-nyomtatas-a-hp-nyomtatok-kompatibilitasa-a-mac-szamitogepekkel\/","title":{"rendered":"K\u00f6nny\u0171 nyomtat\u00e1s: A HP nyomtat\u00f3k kompatibilit\u00e1sa a Mac sz\u00e1m\u00edt\u00f3g\u00e9pekkel"},"content":{"rendered":"<div class=\"articlecontent\">\n<div class=\"newlinediv\"><\/div>\n<p> A nyomtat\u00e1s minden irodai vagy otthoni berendez\u00e9s alapvet\u0151 r\u00e9sze. B\u00e1r a piacon t\u00f6bbf\u00e9le nyomtat\u00f3m\u00e1rka is kaphat\u00f3, a HP az egyik legn\u00e9pszer\u0171bb \u00e9s legmegb\u00edzhat\u00f3bb n\u00e9v. Ha azonban Mac-felhaszn\u00e1l\u00f3 vagy, elgondolkodhatsz azon, hogy a HP nyomtat\u00f3k kompatibilisek-e az eszk\u00f6z\u00f6ddel. A j\u00f3 h\u00edr az, hogy a HP nyomtat\u00f3k z\u00f6kken\u0151mentesen m\u0171k\u00f6dnek a Mac sz\u00e1m\u00edt\u00f3g\u00e9pekkel. Ebben a cikkben arr\u00f3l lesz sz\u00f3, hogyan \u00e1ll\u00edthatja be HP nyomtat\u00f3j\u00e1t a Mac sz\u00e1m\u00edt\u00f3g\u00e9p\u00e9vel, \u00e9s mit kell tennie, ha b\u00e1rmilyen probl\u00e9ma mer\u00fclne fel. <\/p>\n<div class=\"title\"> A HP nyomtat\u00f3k kompatibilit\u00e1sa a Mac sz\u00e1m\u00edt\u00f3g\u00e9pekkel <\/div>\n<p> A HP nyomtat\u00f3kat \u00fagy tervezt\u00e9k, hogy Mac \u00e9s Windows oper\u00e1ci\u00f3s rendszerekkel egyar\u00e1nt m\u0171k\u00f6djenek. A Mac-felhaszn\u00e1l\u00f3k k\u00f6nnyen csatlakoztathatj\u00e1k HP nyomtat\u00f3ikat a k\u00e9sz\u00fcl\u00e9keikhez USB-k\u00e1bel vagy Wi-Fi seg\u00edts\u00e9g\u00e9vel. A HP nyomtat\u00f3k t\u00e1mogatj\u00e1k az Apple AirPrint funkci\u00f3t is, amely lehet\u0151v\u00e9 teszi a vezet\u00e9k n\u00e9lk\u00fcli nyomtat\u00e1st iPadr\u0151l, iPhone-r\u00f3l vagy Macr\u0151l tov\u00e1bbi szoftverek n\u00e9lk\u00fcl. <\/p>\n<div class=\"title\"> A HP nyomtat\u00f3 be\u00e1ll\u00edt\u00e1sa a Mac sz\u00e1m\u00edt\u00f3g\u00e9pen <\/div>\n<p> A HP nyomtat\u00f3 be\u00e1ll\u00edt\u00e1sa a Mac sz\u00e1m\u00edt\u00f3g\u00e9pen egyszer\u0171 folyamat. Az els\u0151 l\u00e9p\u00e9s annak biztos\u00edt\u00e1sa, hogy a nyomtat\u00f3 \u00e9s a Mac ugyanahhoz a Wi-Fi h\u00e1l\u00f3zathoz legyen csatlakoztatva. Ezut\u00e1n csatlakoztassa a HP nyomtat\u00f3t a Mac sz\u00e1m\u00edt\u00f3g\u00e9phez egy USB-k\u00e1bel seg\u00edts\u00e9g\u00e9vel. A nyomtat\u00f3 csatlakoztat\u00e1sa ut\u00e1n a Mac automatikusan let\u00f6lti \u00e9s telep\u00edti a sz\u00fcks\u00e9ges illeszt\u0151programokat. <\/p>\n<div class=\"newlinediv\"><\/div>\n<p> Ha a nyomtat\u00f3t ink\u00e1bb vezet\u00e9k n\u00e9lk\u00fcl szeretn\u00e9 be\u00e1ll\u00edtani, ezt a Mac rendszerbe\u00e1ll\u00edt\u00e1sain kereszt\u00fcl teheti meg. Menjen a Nyomtat\u00f3k \u00e9s szkennerek szakaszra, kattintson a &#8222;+&#8221; gombra, \u00e9s v\u00e1lassza ki a HP nyomtat\u00f3j\u00e1t az el\u00e9rhet\u0151 eszk\u00f6z\u00f6k list\u00e1j\u00e1b\u00f3l. K\u00f6vesse a k\u00e9perny\u0151n megjelen\u0151 utas\u00edt\u00e1sokat a be\u00e1ll\u00edt\u00e1si folyamat befejez\u00e9s\u00e9hez. <\/p>\n<div class=\"title\"> A HP nyomtat\u00f3val kapcsolatos probl\u00e9m\u00e1k elh\u00e1r\u00edt\u00e1sa a Mac sz\u00e1m\u00edt\u00f3g\u00e9peken <\/div>\n<p> Ha a HP nyomtat\u00f3val kapcsolatos probl\u00e9m\u00e1k mer\u00fclnek fel a Mac sz\u00e1m\u00edt\u00f3g\u00e9pen, van n\u00e9h\u00e1ny dolog, amit megpr\u00f3b\u00e1lhat. El\u0151sz\u00f6r is gy\u0151z\u0151dj\u00f6n meg arr\u00f3l, hogy a nyomtat\u00f3 \u00e9s a Mac ugyanahhoz a Wi-Fi h\u00e1l\u00f3zathoz csatlakozik. Ha a Mac nem ismeri fel a nyomtat\u00f3t, pr\u00f3b\u00e1lja meg vissza\u00e1ll\u00edtani a nyomtat\u00f3 h\u00e1l\u00f3zati be\u00e1ll\u00edt\u00e1sait, \u00e9s csatlakoztassa \u00fajra a Wi-Fi h\u00e1l\u00f3zathoz. <\/p>\n<div class=\"newlinediv\"><\/div>\n<p> Ha m\u00e9g mindig gondjai vannak, ellen\u0151rizze, hogy vannak-e szoftverfriss\u00edt\u00e9sek a nyomtat\u00f3hoz \u00e9s a Mac sz\u00e1m\u00edt\u00f3g\u00e9phez. Az elavult szoftverek kompatibilit\u00e1si probl\u00e9m\u00e1kat okozhatnak. A HP webhely\u00e9n is ellen\u0151rizheti az el\u00e9rhet\u0151 illeszt\u0151program-friss\u00edt\u00e9seket. <\/p>\n<div class=\"title\"> K\u00f6vetkeztet\u00e9s <\/div>\n<p> A HP nyomtat\u00f3k kompatibilisek a Mac sz\u00e1m\u00edt\u00f3g\u00e9pekkel, \u00e9s a nyomtat\u00f3 be\u00e1ll\u00edt\u00e1sa a k\u00e9sz\u00fcl\u00e9kkel egyszer\u0171 folyamat. A megfelel\u0151 csatlakoz\u00e1ssal \u00e9s illeszt\u0151program-friss\u00edt\u00e9sekkel z\u00f6kken\u0151mentes nyomtat\u00e1st \u00e9lvezhet Mac-r\u0151l a HP nyomtat\u00f3val. Ha b\u00e1rmilyen probl\u00e9m\u00e1val tal\u00e1lkozik, sz\u00e1mos hibaelh\u00e1r\u00edt\u00e1si l\u00e9p\u00e9st tehet a probl\u00e9ma megold\u00e1sa \u00e9rdek\u00e9ben.<\/p><\/div>\n<div class=\"questions\">\n<div class=\"questionstitle\">FAQ<\/div>\n<div class=\"question\">\n<div class=\"qtitle\"> Mi\u00e9rt nem ismeri fel a Mac a HP nyomtat\u00f3mat?<\/div>\n<p> T\u00f6bb oka is lehet annak, hogy a Mac nem ismeri fel a HP nyomtat\u00f3j\u00e1t. \u00cdme n\u00e9h\u00e1ny lehets\u00e9ges megold\u00e1s erre a probl\u00e9m\u00e1ra: <\/p>\n<div class=\"newlinediv\"><\/div>\n<p> 1. Gy\u0151z\u0151dj\u00f6n meg r\u00f3la, hogy a nyomtat\u00f3 be van kapcsolva \u00e9s csatlakoztatva van a Mac sz\u00e1m\u00edt\u00f3g\u00e9phez. Ellen\u0151rizze, hogy a k\u00e1belek biztons\u00e1gosan be vannak-e dugva, \u00e9s a nyomtat\u00f3 \u00e1ramot kap-e. <\/p>\n<div class=\"newlinediv\"><\/div>\n<p> 2. Gy\u0151z\u0151dj\u00f6n meg arr\u00f3l, hogy a nyomtat\u00f3 kompatibilis a Mac oper\u00e1ci\u00f3s rendszer\u00e9vel. Keresse meg a HP webhely\u00e9n a Mac oper\u00e1ci\u00f3s rendszerrel m\u0171k\u00f6d\u0151 friss\u00edtett illeszt\u0151programokat \u00e9s szoftvereket. <\/p>\n<div class=\"newlinediv\"><\/div>\n<p> 3. Ellen\u0151rizze a nyomtat\u00f3 be\u00e1ll\u00edt\u00e1sait a Mac sz\u00e1m\u00edt\u00f3g\u00e9pen. Menjen a Rendszerbe\u00e1ll\u00edt\u00e1sok &gt; Nyomtat\u00f3k \u00e9s szkennerek men\u00fcpontba, \u00e9s n\u00e9zze meg, hogy a HP nyomtat\u00f3ja szerepel-e a list\u00e1ban. Ha nem, kattintson a &#8222;+&#8221; gombra, \u00e9s adja hozz\u00e1 k\u00e9zzel. <\/p>\n<div class=\"newlinediv\"><\/div>\n<p> 4. Ind\u00edtsa \u00fajra a nyomtat\u00f3t \u00e9s a Mac sz\u00e1m\u00edt\u00f3g\u00e9pet. N\u00e9ha egy egyszer\u0171 \u00fajraind\u00edt\u00e1s megoldhatja a csatlakoz\u00e1si probl\u00e9m\u00e1kat. <\/p>\n<div class=\"newlinediv\"><\/div>\n<p> 5. T\u00e1vol\u00edtson el minden olyan t\u0171zfal- vagy v\u00edrusirt\u00f3 szoftvert, amely akad\u00e1lyozza a nyomtat\u00f3t a Mac sz\u00e1m\u00edt\u00f3g\u00e9p\u00e9vel val\u00f3 kommunik\u00e1ci\u00f3ban. <\/p>\n<div class=\"newlinediv\"><\/div>\n<p> 6. \u00c1ll\u00edtsa vissza a Mac nyomtat\u00e1si rendszer\u00e9t. V\u00e1lassza a Rendszerbe\u00e1ll\u00edt\u00e1sok &gt; Nyomtat\u00f3k \u00e9s lapolvas\u00f3k men\u00fcpontot, \u00e9s kattintson a jobb gombbal a nyomtat\u00f3k list\u00e1j\u00e1ra. V\u00e1lassza a &#8222;Nyomtat\u00e1si rendszer vissza\u00e1ll\u00edt\u00e1sa&#8221; lehet\u0151s\u00e9get, \u00e9s er\u0151s\u00edtse meg a m\u0171veletet. <\/p>\n<div class=\"newlinediv\"><\/div>\n<p> Ha a fenti megold\u00e1sok egyike sem m\u0171k\u00f6dik, fontolja meg, hogy tov\u00e1bbi seg\u00edts\u00e9g\u00e9rt forduljon a HP \u00fcgyf\u00e9lszolg\u00e1lat\u00e1hoz. \u0150k tal\u00e1n k\u00e9pesek lesznek diagnosztiz\u00e1lni a probl\u00e9m\u00e1t, \u00e9s az \u00d6n nyomtat\u00f3modellj\u00e9re \u00e9s Mac-konfigur\u00e1ci\u00f3j\u00e1ra szabott megold\u00e1st k\u00edn\u00e1lni. <\/p>\n<\/div>\n<div class=\"question\">\n<div class=\"qtitle\"> Minden nyomtat\u00f3 m\u0171k\u00f6dik Mac rendszerrel?<\/div>\n<p> Nem minden nyomtat\u00f3 kompatibilis a Mac sz\u00e1m\u00edt\u00f3g\u00e9pekkel. Fontos, hogy ellen\u0151rizze a nyomtat\u00f3 gy\u00e1rt\u00f3j\u00e1nak weboldal\u00e1n, hogy a nyomtat\u00f3 kompatibilis-e a Mac oper\u00e1ci\u00f3s rendszerekkel. Emellett fontos, hogy a nyomtat\u00f3 megfelel\u0151 m\u0171k\u00f6d\u00e9s\u00e9nek biztos\u00edt\u00e1sa \u00e9rdek\u00e9ben a megfelel\u0151 illeszt\u0151programokat telep\u00edtse a Mac sz\u00e1m\u00edt\u00f3g\u00e9pre. Egyes nyomtat\u00f3k eset\u00e9ben tov\u00e1bbi szoftverekre vagy be\u00e1ll\u00edt\u00e1sok m\u00f3dos\u00edt\u00e1s\u00e1ra lehet sz\u00fcks\u00e9g a Mac sz\u00e1m\u00edt\u00f3g\u00e9pen val\u00f3 m\u0171k\u00f6d\u00e9shez. Javasoljuk, hogy a nyomtat\u00f3 megv\u00e1s\u00e1rl\u00e1sa el\u0151tt v\u00e9gezzen kutat\u00e1st \u00e9s er\u0151s\u00edtse meg a kompatibilit\u00e1st, hogy megbizonyosodjon arr\u00f3l, hogy a nyomtat\u00f3 megfelel\u0151en m\u0171k\u00f6dik a Mac sz\u00e1m\u00edt\u00f3g\u00e9pen. <\/p>\n<\/div>\n<div class=\"question\">\n<div class=\"qtitle\"> Hogyan csatlakoztathatom a HP vezet\u00e9k n\u00e9lk\u00fcli nyomtat\u00f3mat a Mac sz\u00e1m\u00edt\u00f3g\u00e9pemhez?<\/div>\n<p> A HP vezet\u00e9k n\u00e9lk\u00fcli nyomtat\u00f3 Mac sz\u00e1m\u00edt\u00f3g\u00e9phez t\u00f6rt\u00e9n\u0151 csatlakoztat\u00e1s\u00e1hoz k\u00f6vesse az al\u00e1bbi l\u00e9p\u00e9seket: <\/p>\n<div class=\"newlinediv\"><\/div>\n<p> 1. Kapcsolja be a HP vezet\u00e9k n\u00e9lk\u00fcli nyomtat\u00f3t, \u00e9s gy\u0151z\u0151dj\u00f6n meg r\u00f3la, hogy csatlakozik a Wi-Fi h\u00e1l\u00f3zathoz. <\/p>\n<div class=\"newlinediv\"><\/div>\n<p> 2. A Mac sz\u00e1m\u00edt\u00f3g\u00e9pen kattintson az Apple men\u00fcre, \u00e9s v\u00e1lassza a &#8222;Rendszerbe\u00e1ll\u00edt\u00e1sok&#8221; lehet\u0151s\u00e9get. <\/p>\n<div class=\"newlinediv\"><\/div>\n<p> 3. Kattintson a &#8222;Nyomtat\u00f3k \u00e9s szkennerek&#8221; men\u00fcpontra. <\/p>\n<div class=\"newlinediv\"><\/div>\n<p> 4. Kattintson az ablak bal als\u00f3 sark\u00e1ban l\u00e9v\u0151 &#8222;+&#8221; gombra az \u00faj nyomtat\u00f3 hozz\u00e1ad\u00e1s\u00e1hoz. <\/p>\n<div class=\"newlinediv\"><\/div>\n<p> 5. A Mac megkeresi a h\u00e1l\u00f3zaton el\u00e9rhet\u0151 nyomtat\u00f3kat. V\u00e1lassza ki a list\u00e1b\u00f3l a HP vezet\u00e9k n\u00e9lk\u00fcli nyomtat\u00f3j\u00e1t. <\/p>\n<div class=\"newlinediv\"><\/div>\n<p> 6. Ha a nyomtat\u00f3ja nem szerepel a list\u00e1ban, kattintson a &#8222;Nyomtat\u00f3 vagy szkenner hozz\u00e1ad\u00e1sa&#8221; gombra, \u00e9s k\u00f6vesse a k\u00e9perny\u0151n megjelen\u0151 utas\u00edt\u00e1sokat a nyomtat\u00f3 hozz\u00e1ad\u00e1s\u00e1hoz. <\/p>\n<div class=\"newlinediv\"><\/div>\n<p> 7. Ha a nyomtat\u00f3t kiv\u00e1lasztotta, kattintson a &#8222;Hozz\u00e1ad\u00e1s&#8221; gombra, hogy felvegye az el\u00e9rhet\u0151 nyomtat\u00f3k list\u00e1j\u00e1ra. <\/p>\n<div class=\"newlinediv\"><\/div>\n<p> 8. A HP vezet\u00e9k n\u00e9lk\u00fcli nyomtat\u00f3j\u00e1nak most m\u00e1r csatlakoztatva kell lennie a Mac sz\u00e1m\u00edt\u00f3g\u00e9p\u00e9hez, \u00e9s haszn\u00e1latra k\u00e9szen kell \u00e1llnia. <\/p>\n<div class=\"newlinediv\"><\/div>\n<p> Megjegyz\u00e9s: Gy\u0151z\u0151dj\u00f6n meg arr\u00f3l, hogy a HP vezet\u00e9k n\u00e9lk\u00fcli nyomtat\u00f3ja kompatibilis a Mac oper\u00e1ci\u00f3s rendszer\u00e9vel. A HP webhely\u00e9n t\u00e1j\u00e9koz\u00f3dhat a kompatibilit\u00e1si inform\u00e1ci\u00f3kr\u00f3l, \u00e9s let\u00f6ltheti a nyomtat\u00f3j\u00e1hoz sz\u00fcks\u00e9ges illeszt\u0151programokat \u00e9s szoftvereket. <\/p>\n<\/div>\n<div class=\"question\">\n<div class=\"qtitle\"> Mi\u00e9rt nem nyomtat a nyomtat\u00f3m a Mac-r\u0151l?<\/div>\n<p> T\u00f6bb oka is lehet annak, hogy a nyomtat\u00f3 nem nyomtat a Mac-r\u0151l. \u00cdme n\u00e9h\u00e1ny lehets\u00e9ges megold\u00e1s, amelyet kipr\u00f3b\u00e1lhat: <\/p>\n<div class=\"newlinediv\"><\/div>\n<p> 1. Gy\u0151z\u0151dj\u00f6n meg r\u00f3la, hogy a nyomtat\u00f3 be van kapcsolva \u00e9s csatlakoztatva van a Mac sz\u00e1m\u00edt\u00f3g\u00e9phez. Ellen\u0151rizze a k\u00e1beleket, \u00e9s gy\u0151z\u0151dj\u00f6n meg r\u00f3la, hogy megfelel\u0151en vannak-e csatlakoztatva. <\/p>\n<div class=\"newlinediv\"><\/div>\n<p> 2. Ellen\u0151rizze, hogy a nyomtat\u00f3 kompatibilis-e a Mac sz\u00e1m\u00edt\u00f3g\u00e9p\u00e9vel. L\u00e1togasson el a gy\u00e1rt\u00f3 weboldal\u00e1ra, hogy let\u00f6ltse a nyomtat\u00f3 leg\u00fajabb illeszt\u0151programjait \u00e9s szoftvereit. <\/p>\n<div class=\"newlinediv\"><\/div>\n<p> 3. Ellen\u0151rizze, hogy a nyomtat\u00f3ja be van-e jel\u00f6lve alap\u00e9rtelmezett nyomtat\u00f3nak. V\u00e1lassza a Rendszerbe\u00e1ll\u00edt\u00e1sok &gt; Nyomtat\u00f3k \u00e9s lapolvas\u00f3k men\u00fcpontot, \u00e9s v\u00e1lassza ki a nyomtat\u00f3t a list\u00e1b\u00f3l. Gy\u0151z\u0151dj\u00f6n meg r\u00f3la, hogy az &#8222;Alap\u00e9rtelmezett nyomtat\u00f3&#8221; jel\u00f6l\u0151n\u00e9gyzet be van jel\u00f6lve. <\/p>\n<div class=\"newlinediv\"><\/div>\n<p> 4. Ellen\u0151rizze, hogy vannak-e elakadt nyomtat\u00e1si feladatok a nyomtat\u00e1si sorban. V\u00e1lassza a Rendszerbe\u00e1ll\u00edt\u00e1sok &gt; Nyomtat\u00f3k \u00e9s lapolvas\u00f3k men\u00fcpontot, \u00e9s v\u00e1lassza ki a nyomtat\u00f3t a list\u00e1b\u00f3l. Kattintson a &#8222;Nyomtat\u00e1si sor megnyit\u00e1sa&#8221; gombra, \u00e9s t\u00f6r\u00f6lje a beragadt nyomtat\u00e1si feladatokat. <\/p>\n<div class=\"newlinediv\"><\/div>\n<p> 5. \u00c1ll\u00edtsa vissza a nyomtat\u00f3 nyomtat\u00e1si rendszer\u00e9t. Menjen a Rendszerbe\u00e1ll\u00edt\u00e1sok &gt; Nyomtat\u00f3k \u00e9s lapolvas\u00f3k men\u00fcpontba, kattintson a jobb gombbal a nyomtat\u00f3ra, \u00e9s v\u00e1lassza a &#8222;Nyomtat\u00e1si rendszer vissza\u00e1ll\u00edt\u00e1sa&#8221; lehet\u0151s\u00e9get. Ez elt\u00e1vol\u00edtja az \u00f6sszes nyomtat\u00f3t \u00e9s nyomtat\u00e1si feladatot a Mac-r\u0151l. <\/p>\n<div class=\"newlinediv\"><\/div>\n<p> 6. Ind\u00edtsa \u00fajra a Mac sz\u00e1m\u00edt\u00f3g\u00e9pet \u00e9s a nyomtat\u00f3t. N\u00e9ha egy egyszer\u0171 \u00fajraind\u00edt\u00e1s is megoldja a probl\u00e9m\u00e1t. <\/p>\n<div class=\"newlinediv\"><\/div>\n<p> Ha a fenti megold\u00e1sok egyike sem m\u0171k\u00f6dik, tov\u00e1bbi seg\u00edts\u00e9g\u00e9rt forduljon a gy\u00e1rt\u00f3 \u00fcgyf\u00e9lszolg\u00e1lat\u00e1hoz.<\/p>\n<\/div>\n<\/div>\n","protected":false},"excerpt":{"rendered":"<p>A nyomtat\u00e1s minden irodai vagy otthoni berendez\u00e9s alapvet\u0151 r\u00e9sze. B\u00e1r a piacon t\u00f6bbf\u00e9le nyomtat\u00f3m\u00e1rka is kaphat\u00f3, a HP az egyik legn\u00e9pszer\u0171bb \u00e9s legmegb\u00edzhat\u00f3bb n\u00e9v. Ha azonban Mac-felhaszn\u00e1l\u00f3 vagy, elgondolkodhatsz azon, hogy a HP nyomtat\u00f3k kompatibilisek-e az eszk\u00f6z\u00f6ddel. A j\u00f3 h\u00edr az, hogy a HP nyomtat\u00f3k z\u00f6kken\u0151mentesen m\u0171k\u00f6dnek a Mac sz\u00e1m\u00edt\u00f3g\u00e9pekkel. Ebben a cikkben arr\u00f3l lesz &#8230; <a title=\"K\u00f6nny\u0171 nyomtat\u00e1s: A HP nyomtat\u00f3k kompatibilit\u00e1sa a Mac sz\u00e1m\u00edt\u00f3g\u00e9pekkel\" class=\"read-more\" href=\"https:\/\/megnyitasa.com\/tudas\/konnyu-nyomtatas-a-hp-nyomtatok-kompatibilitasa-a-mac-szamitogepekkel\/\" aria-label=\"Read more about K\u00f6nny\u0171 nyomtat\u00e1s: A HP nyomtat\u00f3k kompatibilit\u00e1sa a Mac sz\u00e1m\u00edt\u00f3g\u00e9pekkel\">Read more<\/a><\/p>\n","protected":false},"author":98,"featured_media":0,"comment_status":"closed","ping_status":"closed","sticky":false,"template":"","format":"standard","meta":{"footnotes":""},"categories":[26],"tags":[],"class_list":["post-3333","post","type-post","status-publish","format-standard","hentry","category-az-alkalmazottak-kezelese"],"_links":{"self":[{"href":"https:\/\/megnyitasa.com\/tudas\/wp-json\/wp\/v2\/posts\/3333","targetHints":{"allow":["GET"]}}],"collection":[{"href":"https:\/\/megnyitasa.com\/tudas\/wp-json\/wp\/v2\/posts"}],"about":[{"href":"https:\/\/megnyitasa.com\/tudas\/wp-json\/wp\/v2\/types\/post"}],"author":[{"embeddable":true,"href":"https:\/\/megnyitasa.com\/tudas\/wp-json\/wp\/v2\/users\/98"}],"replies":[{"embeddable":true,"href":"https:\/\/megnyitasa.com\/tudas\/wp-json\/wp\/v2\/comments?post=3333"}],"version-history":[{"count":0,"href":"https:\/\/megnyitasa.com\/tudas\/wp-json\/wp\/v2\/posts\/3333\/revisions"}],"wp:attachment":[{"href":"https:\/\/megnyitasa.com\/tudas\/wp-json\/wp\/v2\/media?parent=3333"}],"wp:term":[{"taxonomy":"category","embeddable":true,"href":"https:\/\/megnyitasa.com\/tudas\/wp-json\/wp\/v2\/categories?post=3333"},{"taxonomy":"post_tag","embeddable":true,"href":"https:\/\/megnyitasa.com\/tudas\/wp-json\/wp\/v2\/tags?post=3333"}],"curies":[{"name":"wp","href":"https:\/\/api.w.org\/{rel}","templated":true}]}}