{"id":3345,"date":"2023-07-08T20:17:10","date_gmt":"2023-07-08T20:17:10","guid":{"rendered":"https:\/\/megnyitasa.com\/tudas\/?p=3345"},"modified":"2023-07-08T20:17:10","modified_gmt":"2023-07-08T20:17:10","slug":"hogyan-tartsa-naprakeszen-a-vista-fotogaleriat","status":"publish","type":"post","link":"https:\/\/megnyitasa.com\/tudas\/hogyan-tartsa-naprakeszen-a-vista-fotogaleriat\/","title":{"rendered":"Hogyan tartsa naprak\u00e9szen a Vista Fot\u00f3gal\u00e9ri\u00e1t"},"content":{"rendered":"<div class=\"articlecontent\">\n<div class=\"newlinediv\"><\/div>\n<p> A Vista Fot\u00f3gal\u00e9ria egy hat\u00e9kony eszk\u00f6z a f\u00e9nyk\u00e9pek kezel\u00e9s\u00e9re \u00e9s rendszerez\u00e9s\u00e9re. Azonban, mint minden szoftver eset\u00e9ben, itt is fontos, hogy naprak\u00e9szen tartsa, hogy tov\u00e1bbra is z\u00f6kken\u0151mentesen \u00e9s hat\u00e9konyan m\u0171k\u00f6dj\u00f6n. Ebben a cikkben megmutatjuk, hogyan friss\u00edtheti a Vista Photo Gallery-t, \u00e9s hogyan tarthatja cs\u00facsform\u00e1ban a f\u00e9nyk\u00e9pgy\u0171jtem\u00e9ny\u00e9t. <\/p>\n<div class=\"newlinediv\"><\/div>\n<div class=\"newlinediv\"><\/div>\n<p> 1. l\u00e9p\u00e9s: Friss\u00edt\u00e9sek keres\u00e9se <\/p>\n<div class=\"newlinediv\"><\/div>\n<p> Az els\u0151 dolog, amit meg kell tennie, hogy ellen\u0151rzi, hogy vannak-e friss\u00edt\u00e9sek a Vista Photo Gallery sz\u00e1m\u00e1ra. Ehhez nyissa meg a programot, \u00e9s kattintson a fels\u0151 men\u00fcsor &#8222;S\u00fag\u00f3&#8221; gombj\u00e1ra. Ott v\u00e1lassza ki a &#8222;Friss\u00edt\u00e9sek keres\u00e9se&#8221; men\u00fcpontot. Ha vannak el\u00e9rhet\u0151 friss\u00edt\u00e9sek, k\u00f6vesse az utas\u00edt\u00e1sokat a let\u00f6lt\u00e9shez \u00e9s telep\u00edt\u00e9shez. <\/p>\n<div class=\"newlinediv\"><\/div>\n<p> 2. l\u00e9p\u00e9s: A friss\u00edt\u00e9s telep\u00edt\u00e9se <\/p>\n<div class=\"newlinediv\"><\/div>\n<p> Miut\u00e1n let\u00f6lt\u00f6tte a friss\u00edt\u00e9st, telep\u00edtenie kell azt. Ez a folyamat az adott friss\u00edt\u00e9st\u0151l f\u00fcgg\u0151en v\u00e1ltozik, de a legt\u00f6bb esetben egyszer\u0171en csak dupl\u00e1n kell kattintania a let\u00f6lt\u00f6tt f\u00e1jlra, \u00e9s k\u00f6vetnie kell az utas\u00edt\u00e1sokat a telep\u00edt\u00e9s befejez\u00e9s\u00e9hez. <\/p>\n<div class=\"newlinediv\"><\/div>\n<p> 3. l\u00e9p\u00e9s: Ind\u00edtsa \u00fajra a Vista Photo Gallery-t <\/p>\n<div class=\"newlinediv\"><\/div>\n<p> A friss\u00edt\u00e9s telep\u00edt\u00e9se ut\u00e1n \u00fajra kell ind\u00edtania a Vista Photo Gallery-t, hogy a m\u00f3dos\u00edt\u00e1sok hat\u00e1lyba l\u00e9pjenek. Egyszer\u0171en z\u00e1rja be a programot, majd nyissa meg \u00fajra, hogy a friss\u00edt\u00e9s teljes m\u00e9rt\u00e9kben telep\u00fclj\u00f6n \u00e9s haszn\u00e1latra k\u00e9sz legyen. <\/p>\n<div class=\"newlinediv\"><\/div>\n<p> 4. l\u00e9p\u00e9s: \u00c9lvezze az \u00faj funkci\u00f3kat <\/p>\n<div class=\"newlinediv\"><\/div>\n<p> Miut\u00e1n friss\u00edtette a Vista Photo Gallery-t, sz\u00e1njon egy kis id\u0151t a hozz\u00e1adott \u00faj funkci\u00f3k \u00e9s fejleszt\u00e9sek felfedez\u00e9s\u00e9re. P\u00e9ld\u00e1ul \u00e9szreveheti, hogy a program mostant\u00f3l jobb teljes\u00edtm\u00e9nyt, \u00faj sz\u0171r\u0151ket vagy effektusokat, illetve jobb szervez\u00e9si lehet\u0151s\u00e9geket k\u00edn\u00e1l. <\/p>\n<div class=\"newlinediv\"><\/div>\n<p> \u00d6sszefoglalva, a Vista Photo Gallery friss\u00edt\u00e9se elengedhetetlen ahhoz, hogy a program tov\u00e1bbra is z\u00f6kken\u0151mentesen \u00e9s hat\u00e9konyan m\u0171k\u00f6dj\u00f6n. A cikkben ismertetett egyszer\u0171 l\u00e9p\u00e9sek k\u00f6vet\u00e9s\u00e9vel k\u00f6nnyed\u00e9n ellen\u0151rizheti a friss\u00edt\u00e9seket, telep\u00edtheti azokat, \u00e9s \u00e9lvezheti a hozz\u00e1adott \u00faj funkci\u00f3kat vagy fejleszt\u00e9seket. Mi\u00e9rt v\u00e1rjon? Friss\u00edtse Vista Fot\u00f3gal\u00e9ri\u00e1j\u00e1t m\u00e9g ma, \u00e9s \u00e9lvezze fot\u00f3gy\u0171jtem\u00e9ny\u00e9t \u00fagy, mint m\u00e9g soha!<\/p><\/div>\n<div class=\"questions\">\n<div class=\"questionstitle\">FAQ<\/div>\n<div class=\"question\">\n<div class=\"qtitle\"> Friss\u00edthet\u0151 a Windows Vista?<\/div>\n<p> A Windows Vista friss\u00edthet\u0151, de ez att\u00f3l f\u00fcgg, hogy milyen t\u00edpus\u00fa friss\u00edt\u00e9sr\u0151l van sz\u00f3. <\/p>\n<div class=\"newlinediv\"><\/div>\n<p> El\u0151sz\u00f6r is, ha szoftverfriss\u00edt\u00e9sekre \u00e9s biztons\u00e1gi jav\u00edt\u00e1sokra gondol, akkor igen, a Windows Vista tov\u00e1bbra is kaphat ilyen friss\u00edt\u00e9seket a Microsoftt\u00f3l. A Microsoft azonban 2012-ben megsz\u00fcntette a Windows Vista \u00e1ltal\u00e1nos t\u00e1mogat\u00e1s\u00e1t, ami azt jelenti, hogy t\u00f6bb\u00e9 nem ad ki \u00faj funkci\u00f3kat vagy nem biztons\u00e1gi friss\u00edt\u00e9seket az oper\u00e1ci\u00f3s rendszerhez. 2017 \u00e1prilisa \u00f3ta a Microsoft a Windows Vista biztons\u00e1gi friss\u00edt\u00e9seit is le\u00e1ll\u00edtotta, ami azt jelenti, hogy ennek az oper\u00e1ci\u00f3s rendszernek a haszn\u00e1lata m\u00e1r kock\u00e1zatosnak sz\u00e1m\u00edt a lehets\u00e9ges biztons\u00e1gi r\u00e9sek miatt. <\/p>\n<div class=\"newlinediv\"><\/div>\n<p> M\u00e1sodszor, ha a Windows Vista friss\u00edt\u00e9s\u00e9re utal a Windows egy \u00fajabb Windows-verzi\u00f3ra, p\u00e9ld\u00e1ul a Windows 7-re vagy a Windows 10-re, akkor ezt megteheti, de fontos megjegyezni, hogy egy r\u00e9gebbi oper\u00e1ci\u00f3s rendszer friss\u00edt\u00e9se \u00f6sszetett folyamat lehet, \u00e9s szakember seg\u00edts\u00e9g\u00e9t ig\u00e9nyelheti. Ezenk\u00edv\u00fcl arr\u00f3l is gondoskodnia kell, hogy sz\u00e1m\u00edt\u00f3g\u00e9pe megfeleljen az \u00fajabb oper\u00e1ci\u00f3s rendszer minim\u00e1lis rendszerk\u00f6vetelm\u00e9nyeinek. <\/p>\n<div class=\"newlinediv\"><\/div>\n<p> \u00d6sszefoglalva, b\u00e1r a Windows Vista tov\u00e1bbra is kaphat szoftverfriss\u00edt\u00e9seket \u00e9s biztons\u00e1gi jav\u00edt\u00e1sokat, a Microsoft m\u00e1r nem t\u00e1mogatja akt\u00edvan, \u00e9s az \u00fajabb oper\u00e1ci\u00f3s rendszerre val\u00f3 friss\u00edt\u00e9s jobb v\u00e1laszt\u00e1s lehet azok sz\u00e1m\u00e1ra, akik biztons\u00e1gosabb \u00e9s naprak\u00e9szebb rendszert keresnek. <\/p>\n<\/div>\n<div class=\"question\">\n<div class=\"qtitle\"> Lehet ingyen friss\u00edteni a Vist\u00e1r\u00f3l Windows 7-re?<\/div>\n<p> Nem, a Windows Vist\u00e1r\u00f3l Windows 7-re t\u00f6rt\u00e9n\u0151 friss\u00edt\u00e9s nem ingyenes. A Microsoft a Windows 7 megjelen\u00e9se ut\u00e1n korl\u00e1tozott ideig ingyenes friss\u00edt\u00e9st k\u00edn\u00e1lt a Windows 10-r\u0151l a Windows 10-re, de ez az aj\u00e1nlat nem terjedt ki a Vist\u00e1ra. Ahhoz, hogy Vist\u00e1r\u00f3l Windows 7-re friss\u00edthessen, \u00faj Windows 7 licencet kell v\u00e1s\u00e1rolnia. Fontos megjegyezni, hogy a Windows 7-et a Microsoft m\u00e1r nem t\u00e1mogatja, \u00edgy nem biztos, hogy ez a legjobb megold\u00e1s egy \u00faj v\u00e1llalkoz\u00e1s sz\u00e1m\u00e1ra. Aj\u00e1nlott megfontolni a friss\u00edt\u00e9st egy \u00fajabb oper\u00e1ci\u00f3s rendszerre, p\u00e9ld\u00e1ul a Windows 10-re vagy egy felh\u0151alap\u00fa megold\u00e1sra, p\u00e9ld\u00e1ul a Microsoft 365-re. <\/p>\n<\/div>\n<div class=\"question\">\n<div class=\"qtitle\"> Hogyan friss\u00edthet\u0151 a Windows Vista Windows 11-re?<\/div>\n<p> Sajnos nem lehets\u00e9ges a Windows Vista k\u00f6zvetlen friss\u00edt\u00e9se Windows 11-re. A Windows 11 legal\u00e1bb 4 GB RAM-ot \u00e9s 64 bites processzort ig\u00e9nyel, amelyeket a Windows Vista nem t\u00e1mogat. Ezenk\u00edv\u00fcl a Microsoft megsz\u00fcntette a Windows Vista t\u00e1mogat\u00e1s\u00e1t, ami azt jelenti, hogy az oper\u00e1ci\u00f3s rendszerhez m\u00e1r nem \u00e1llnak rendelkez\u00e9sre biztons\u00e1gi friss\u00edt\u00e9sek \u00e9s technikai t\u00e1mogat\u00e1s. <\/p>\n<div class=\"newlinediv\"><\/div>\n<p> Ha \u00faj v\u00e1llalkoz\u00e1st alap\u00edt, \u00e9s friss\u00edtenie kell az oper\u00e1ci\u00f3s rendszert, akkor olyan \u00faj sz\u00e1m\u00edt\u00f3g\u00e9pet vagy eszk\u00f6zt kell v\u00e1s\u00e1rolnia, amely megfelel a Windows 11 minim\u00e1lis k\u00f6vetelm\u00e9nyeinek. Alternat\u00edv megold\u00e1sk\u00e9nt megfontolhatja a Windows 10-re val\u00f3 friss\u00edt\u00e9st, amelyet a Microsoft m\u00e9g mindig t\u00e1mogat, \u00e9s amely k\u00f6zvetlen\u00fcl friss\u00edthet\u0151 a Windows Vist\u00e1r\u00f3l. <\/p>\n<div class=\"newlinediv\"><\/div>\n<p> Az oper\u00e1ci\u00f3s rendszer friss\u00edt\u00e9se el\u0151tt fontos, hogy minden fontos f\u00e1jlj\u00e1r\u00f3l \u00e9s adat\u00e1r\u00f3l biztons\u00e1gi m\u00e1solatot k\u00e9sz\u00edtsen, hogy megel\u0151zze az esetleges adatveszt\u00e9st. Javasoljuk tov\u00e1bb\u00e1, hogy ellen\u0151rizze a v\u00e1llalkoz\u00e1s\u00e1ban haszn\u00e1lt szoftverek \u00e9s alkalmaz\u00e1sok kompatibilit\u00e1s\u00e1t, hogy azok biztosan m\u0171k\u00f6dni fognak az \u00faj oper\u00e1ci\u00f3s rendszerrel. <\/p>\n<\/div>\n<div class=\"question\">\n<div class=\"qtitle\"> Hogyan friss\u00edthetek a Photo Viewer leg\u00fajabb verzi\u00f3j\u00e1ra?<\/div>\n<p> Felt\u00e9telezve, hogy a sz\u00e1m\u00edt\u00f3g\u00e9p\u00e9n l\u00e9v\u0151 f\u00e9nyk\u00e9pn\u00e9zeget\u0151 szoftverre utal, az al\u00e1bbi l\u00e9p\u00e9seket k\u00f6vetve friss\u00edtheti azt a leg\u00fajabb verzi\u00f3ra: <\/p>\n<div class=\"newlinediv\"><\/div>\n<p> 1. Nyissa meg a Microsoft Store alkalmaz\u00e1st a Windows 10 sz\u00e1m\u00edt\u00f3g\u00e9p\u00e9n. <\/p>\n<div class=\"newlinediv\"><\/div>\n<p> 2. A k\u00e9perny\u0151 jobb fels\u0151 sark\u00e1ban tal\u00e1lhat\u00f3 keres\u0151s\u00e1vba \u00edrja be a &#8222;Fot\u00f3k&#8221; sz\u00f3t, majd nyomja meg az Entert. <\/p>\n<div class=\"newlinediv\"><\/div>\n<p> 3. A keres\u00e9si eredm\u00e9nyek k\u00f6z\u00fcl kattintson a &#8222;Microsoft Photos&#8221; alkalmaz\u00e1sra, \u00e9s nyissa meg annak oldal\u00e1t. <\/p>\n<div class=\"newlinediv\"><\/div>\n<p> 4. Ha az alkalmaz\u00e1shoz el\u00e9rhet\u0151 friss\u00edt\u00e9s, akkor az alkalmaz\u00e1s oldal\u00e1n megjelenik egy &#8222;Friss\u00edt\u00e9s&#8221; gomb. Kattintson r\u00e1 az alkalmaz\u00e1s leg\u00fajabb verzi\u00f3j\u00e1nak let\u00f6lt\u00e9s\u00e9hez \u00e9s telep\u00edt\u00e9s\u00e9hez. <\/p>\n<div class=\"newlinediv\"><\/div>\n<p> 5. Ha az alkalmaz\u00e1s m\u00e1r naprak\u00e9sz, akkor a &#8222;Friss\u00edt\u00e9s&#8221; helyett a &#8222;Megnyit\u00e1s&#8221; gombot l\u00e1tja. <\/p>\n<div class=\"newlinediv\"><\/div>\n<p> 6. A friss\u00edt\u00e9s befejez\u00e9se ut\u00e1n megnyithatja a f\u00e9nyk\u00e9pn\u00e9zeget\u0151 alkalmaz\u00e1st, \u00e9s elkezdheti haszn\u00e1lni a leg\u00fajabb verzi\u00f3t az \u00f6sszes \u00faj funkci\u00f3val \u00e9s fejleszt\u00e9ssel. <\/p>\n<div class=\"newlinediv\"><\/div>\n<p> Vegye figyelembe, hogy ha sz\u00e1m\u00edt\u00f3g\u00e9p\u00e9n kikapcsolta az automatikus alkalmaz\u00e1sfriss\u00edt\u00e9seket, akkor manu\u00e1lisan kell ellen\u0151rizni az egyes alkalmaz\u00e1sok friss\u00edt\u00e9seit a Microsoft Store alkalmaz\u00e1sb\u00f3l. Gy\u0151z\u0151dj\u00f6n meg arr\u00f3l is, hogy sz\u00e1m\u00edt\u00f3g\u00e9pe csatlakozik az internethez, \u00e9s elegend\u0151 t\u00e1rhellyel rendelkezik az alkalmaz\u00e1s leg\u00fajabb verzi\u00f3j\u00e1nak let\u00f6lt\u00e9s\u00e9hez \u00e9s telep\u00edt\u00e9s\u00e9hez.<\/p>\n<\/div>\n<\/div>\n","protected":false},"excerpt":{"rendered":"<p>A Vista Fot\u00f3gal\u00e9ria egy hat\u00e9kony eszk\u00f6z a f\u00e9nyk\u00e9pek kezel\u00e9s\u00e9re \u00e9s rendszerez\u00e9s\u00e9re. Azonban, mint minden szoftver eset\u00e9ben, itt is fontos, hogy naprak\u00e9szen tartsa, hogy tov\u00e1bbra is z\u00f6kken\u0151mentesen \u00e9s hat\u00e9konyan m\u0171k\u00f6dj\u00f6n. Ebben a cikkben megmutatjuk, hogyan friss\u00edtheti a Vista Photo Gallery-t, \u00e9s hogyan tarthatja cs\u00facsform\u00e1ban a f\u00e9nyk\u00e9pgy\u0171jtem\u00e9ny\u00e9t. 1. l\u00e9p\u00e9s: Friss\u00edt\u00e9sek keres\u00e9se Az els\u0151 dolog, amit meg kell &#8230; <a title=\"Hogyan tartsa naprak\u00e9szen a Vista Fot\u00f3gal\u00e9ri\u00e1t\" class=\"read-more\" href=\"https:\/\/megnyitasa.com\/tudas\/hogyan-tartsa-naprakeszen-a-vista-fotogaleriat\/\" aria-label=\"Read more about Hogyan tartsa naprak\u00e9szen a Vista Fot\u00f3gal\u00e9ri\u00e1t\">Read more<\/a><\/p>\n","protected":false},"author":1543,"featured_media":0,"comment_status":"closed","ping_status":"closed","sticky":false,"template":"","format":"standard","meta":{"footnotes":""},"categories":[5],"tags":[],"class_list":["post-3345","post","type-post","status-publish","format-standard","hentry","category-uj-vallalkozas-letrehozasa"],"_links":{"self":[{"href":"https:\/\/megnyitasa.com\/tudas\/wp-json\/wp\/v2\/posts\/3345","targetHints":{"allow":["GET"]}}],"collection":[{"href":"https:\/\/megnyitasa.com\/tudas\/wp-json\/wp\/v2\/posts"}],"about":[{"href":"https:\/\/megnyitasa.com\/tudas\/wp-json\/wp\/v2\/types\/post"}],"author":[{"embeddable":true,"href":"https:\/\/megnyitasa.com\/tudas\/wp-json\/wp\/v2\/users\/1543"}],"replies":[{"embeddable":true,"href":"https:\/\/megnyitasa.com\/tudas\/wp-json\/wp\/v2\/comments?post=3345"}],"version-history":[{"count":0,"href":"https:\/\/megnyitasa.com\/tudas\/wp-json\/wp\/v2\/posts\/3345\/revisions"}],"wp:attachment":[{"href":"https:\/\/megnyitasa.com\/tudas\/wp-json\/wp\/v2\/media?parent=3345"}],"wp:term":[{"taxonomy":"category","embeddable":true,"href":"https:\/\/megnyitasa.com\/tudas\/wp-json\/wp\/v2\/categories?post=3345"},{"taxonomy":"post_tag","embeddable":true,"href":"https:\/\/megnyitasa.com\/tudas\/wp-json\/wp\/v2\/tags?post=3345"}],"curies":[{"name":"wp","href":"https:\/\/api.w.org\/{rel}","templated":true}]}}