{"id":3764,"date":"2023-04-24T00:00:00","date_gmt":"2023-04-24T00:00:00","guid":{"rendered":"https:\/\/megnyitasa.com\/tudas\/a-webkamera-fontossaga-a-modern-vilagban\/"},"modified":"2023-04-24T00:00:00","modified_gmt":"2023-04-24T00:00:00","slug":"a-webkamera-fontossaga-a-modern-vilagban","status":"publish","type":"post","link":"https:\/\/megnyitasa.com\/tudas\/a-webkamera-fontossaga-a-modern-vilagban\/","title":{"rendered":"A webkamera fontoss\u00e1ga a modern vil\u00e1gban"},"content":{"rendered":"<div class=\"articlecontent\">\n<div class=\"newlinediv\"><\/div>\n<p> A webkamer\u00e1k a mai vil\u00e1g n\u00e9lk\u00fcl\u00f6zhetetlen r\u00e9sz\u00e9v\u00e9 v\u00e1ltak. Az online megbesz\u00e9l\u00e9sekt\u0151l kezdve az online tanfolyamokig a webkamer\u00e1k m\u00e1ra sz\u00fcks\u00e9gess\u00e9 v\u00e1ltak. Ezek olyan kis videokamer\u00e1k, amelyeket sz\u00e1m\u00edt\u00f3g\u00e9phez, laptophoz vagy mobil eszk\u00f6zh\u00f6z lehet csatlakoztatni. Lehet\u0151v\u00e9 teszik a felhaszn\u00e1l\u00f3k sz\u00e1m\u00e1ra, hogy felv\u00e9telt k\u00e9sz\u00edtsenek, k\u00f6zvet\u00edtsenek vagy videochateljenek m\u00e1sokkal. Az\u00e9rt v\u00e1ltak n\u00e9pszer\u0171v\u00e9, mert k\u00e9pesek \u00f6sszekapcsolni a vil\u00e1g k\u00fcl\u00f6nb\u00f6z\u0151 r\u00e9szein \u00e9l\u0151 embereket. Ebben a cikkben a webkamera el\u0151nyeit t\u00e1rgyaljuk. <\/p>\n<div class=\"newlinediv\"><\/div>\n<div class=\"title\"> 1. Fokozott kommunik\u00e1ci\u00f3 <\/div>\n<p> A webkamera birtokl\u00e1s\u00e1nak egyik legjelent\u0151sebb el\u0151nye, hogy jav\u00edtja a kommunik\u00e1ci\u00f3t. Lehet\u0151v\u00e9 teszi, hogy az emberek l\u00e1ss\u00e1k egym\u00e1st, ami seg\u00edt abban, hogy jobban meg\u00e9rts\u00e9k egym\u00e1st. Ak\u00e1r csal\u00e1dj\u00e1val, bar\u00e1taival vagy koll\u00e9g\u00e1ival videochatel, a webkamera szem\u00e9lyesebb\u00e9 \u00e9s mag\u00e1val ragad\u00f3bb\u00e1 teheti az \u00e9lm\u00e9nyt. <\/p>\n<div class=\"title\"> 2. T\u00e1vmunka <\/div>\n<p> A webkamera m\u00e1sik el\u0151nye, hogy lehet\u0151v\u00e9 teszi a t\u00e1vmunk\u00e1t. A t\u00e1vmunka terjed\u00e9s\u00e9vel a webkamer\u00e1k n\u00e9lk\u00fcl\u00f6zhetetlen eszk\u00f6zz\u00e9 v\u00e1ltak az otthonr\u00f3l dolgoz\u00f3k sz\u00e1m\u00e1ra. Lehet\u0151v\u00e9 teszik a munkav\u00e1llal\u00f3k sz\u00e1m\u00e1ra, hogy kapcsolatban maradjanak csapatt\u00e1rsaikkal \u00e9s munk\u00e1ltat\u00f3ikkal, f\u00fcggetlen\u00fcl att\u00f3l, hogy a vil\u00e1g mely pontj\u00e1n tart\u00f3zkodnak. <\/p>\n<div class=\"title\"> 3. Oktat\u00e1s <\/div>\n<p> A webkamer\u00e1k forradalmas\u00edtott\u00e1k az oktat\u00e1si rendszert is. Mivel a vil\u00e1gj\u00e1rv\u00e1ny miatt az iskol\u00e1k k\u00e9nytelenek bez\u00e1rni kapuikat, a webkamer\u00e1k az online tanul\u00e1s kritikus eszk\u00f6z\u00e9v\u00e9 v\u00e1ltak. Lehet\u0151v\u00e9 teszik a tan\u00e1rok sz\u00e1m\u00e1ra, hogy online \u00f3r\u00e1kat tartsanak, \u00e9s val\u00f3s id\u0151ben l\u00e9pjenek kapcsolatba a di\u00e1kokkal. A di\u00e1kok is haszn\u00e1lhatj\u00e1k a webkamer\u00e1kat vide\u00f3k r\u00f6gz\u00edt\u00e9s\u00e9re \u00e9s a feladatok beny\u00fajt\u00e1s\u00e1ra. <\/p>\n<div class=\"title\"> 4. Sz\u00f3rakoz\u00e1s <\/div>\n<p> A webkamer\u00e1k nem csak munk\u00e1ra \u00e9s oktat\u00e1sra szolg\u00e1lnak; sz\u00f3rakoz\u00e1sra is haszn\u00e1lhat\u00f3k. Lehet\u0151v\u00e9 teszik a felhaszn\u00e1l\u00f3k sz\u00e1m\u00e1ra, hogy \u00e9l\u0151 vide\u00f3kat k\u00f6zvet\u00edtsenek, \u00e9s megossz\u00e1k azokat bar\u00e1taikkal \u00e9s k\u00f6vet\u0151ikkel. Lehet\u0151v\u00e9 teszik tov\u00e1bb\u00e1, hogy a felhaszn\u00e1l\u00f3k saj\u00e1t vide\u00f3kat r\u00f6gz\u00edtsenek, \u00e9s felt\u00f6lts\u00e9k azokat a k\u00f6z\u00f6ss\u00e9gi m\u00e9diaplatformokra, p\u00e9ld\u00e1ul a YouTube-ra. <\/p>\n<div class=\"newlinediv\"><\/div>\n<p> \u00d6sszefoglalva, a webkamer\u00e1k n\u00e9lk\u00fcl\u00f6zhetetlen eszk\u00f6zz\u00e9 v\u00e1ltak a mai vil\u00e1gban. Sz\u00e1mos el\u0151ny\u00fck van, t\u00f6bbek k\u00f6z\u00f6tt jav\u00edtj\u00e1k a kommunik\u00e1ci\u00f3t, lehet\u0151v\u00e9 teszik a t\u00e1vmunk\u00e1t, forradalmas\u00edtj\u00e1k az oktat\u00e1st \u00e9s sz\u00f3rakoztat\u00e1st ny\u00fajtanak. Ha m\u00e9g nincs webkamer\u00e1ja, itt az ideje, hogy beszerezzen egyet, \u00e9s saj\u00e1t maga tapasztalja meg az el\u0151ny\u00f6ket.<\/p><\/div>\n<div class=\"questions\">\n<div class=\"questionstitle\">FAQ<\/div>\n<div class=\"question\">\n<div class=\"qtitle\"> Mi\u00e9rt haszn\u00e1ljon webkamer\u00e1t a laptop kamer\u00e1ja helyett?<\/div>\n<p> A webkamera haszn\u00e1lata laptopkamera helyett sz\u00e1mos el\u0151nnyel j\u00e1r az alkalmazottak ir\u00e1ny\u00edt\u00e1s\u00e1ban, k\u00fcl\u00f6n\u00f6sen t\u00e1voli munkak\u00f6rnyezetben. \u00cdme n\u00e9h\u00e1ny ok, ami\u00e9rt: <\/p>\n<div class=\"newlinediv\"><\/div>\n<p> 1. Jobb min\u0151s\u00e9g: A webkamer\u00e1k \u00e1ltal\u00e1ban jobb k\u00e9pmin\u0151s\u00e9ggel rendelkeznek, mint a laptop kamer\u00e1k. Ez fontos lehet a vide\u00f3s megbesz\u00e9l\u00e9sek lebonyol\u00edt\u00e1sakor, mivel tiszt\u00e1bb kommunik\u00e1ci\u00f3t \u00e9s professzion\u00e1lisabb megjelen\u00e9st tesz lehet\u0151v\u00e9. <\/p>\n<div class=\"newlinediv\"><\/div>\n<p> 2. Rugalmass\u00e1g: A webkamer\u00e1k \u00e1llv\u00e1nyra, monitorra vagy \u00edr\u00f3asztalra helyezhet\u0151k, ami nagyobb rugalmass\u00e1got biztos\u00edt a kamera elhelyez\u00e9s\u00e9ben. Ez fontos lehet, ha az alkalmazottnak valami konkr\u00e9t dolgot kell megmutatnia a videoh\u00edv\u00e1s sor\u00e1n, vagy ha a h\u00edv\u00e1s sor\u00e1n mozognia kell. <\/p>\n<div class=\"newlinediv\"><\/div>\n<p> 3. Adatv\u00e9delem: Sok webkamera adatv\u00e9delmi burkolattal van ell\u00e1tva, ami fontos lehet, ha az alkalmazottak mag\u00e1n\u00e9let\u00e9nek v\u00e9delm\u00e9r\u0151l van sz\u00f3. Ez k\u00fcl\u00f6n\u00f6sen akkor igaz, ha a webkamer\u00e1t munkaid\u0151n k\u00edv\u00fcl haszn\u00e1lj\u00e1k, vagy ha a munkav\u00e1llal\u00f3 k\u00f6z\u00f6s helyis\u00e9gben dolgozik. <\/p>\n<div class=\"newlinediv\"><\/div>\n<p> 4. Kompatibilit\u00e1s: A webkamer\u00e1k a szoftverek \u00e9s platformok sz\u00e9lesebb sk\u00e1l\u00e1j\u00e1val haszn\u00e1lhat\u00f3k, mint a laptop kamer\u00e1k, \u00edgy sokoldal\u00fabb megold\u00e1st jelentenek. Ez fontos lehet, ha az alkalmazottak k\u00fcl\u00f6nb\u00f6z\u0151 t\u00edpus\u00fa szoftvereket vagy platformokat haszn\u00e1lnak, vagy ha k\u00fcl\u00f6nb\u00f6z\u0151 eszk\u00f6z\u00f6k k\u00f6z\u00f6tt kell v\u00e1ltaniuk. <\/p>\n<div class=\"newlinediv\"><\/div>\n<p> \u00d6sszess\u00e9g\u00e9ben a webkamera haszn\u00e1lata laptopkamera helyett jobb min\u0151s\u00e9get, nagyobb rugalmass\u00e1got, nagyobb mag\u00e1n\u00e9letet \u00e9s jobb kompatibilit\u00e1st biztos\u00edthat. Ezek az el\u0151ny\u00f6k k\u00fcl\u00f6n\u00f6sen fontosak lehetnek a t\u00e1voli munkak\u00f6rnyezetben dolgoz\u00f3 alkalmazottak ir\u00e1ny\u00edt\u00e1sa sor\u00e1n. <\/p>\n<\/div>\n<div class=\"question\">\n<div class=\"qtitle\"> Jobb a webkamera, mint a kamera?<\/div>\n<p> A v\u00e1lasz arra, hogy a webkamera jobb-e, mint a kamera, att\u00f3l f\u00fcgg, hogy milyen k\u00f6rnyezetben \u00e9s milyen c\u00e9lra haszn\u00e1lj\u00e1k az eszk\u00f6zt. \u00c1ltal\u00e1noss\u00e1gban elmondhat\u00f3, hogy a webkamer\u00e1k \u00e9s a f\u00e9nyk\u00e9pez\u0151g\u00e9pek k\u00fcl\u00f6nb\u00f6z\u0151 funkci\u00f3kat l\u00e1tnak el, \u00e9s k\u00fcl\u00f6nb\u00f6z\u0151 jellemz\u0151kkel rendelkeznek, amelyek alkalmass\u00e1 teszik \u0151ket k\u00fcl\u00f6nb\u00f6z\u0151 feladatokra. <\/p>\n<div class=\"newlinediv\"><\/div>\n<p> A webkamer\u00e1kat els\u0151sorban videokonferenci\u00e1kra \u00e9s \u00e9l\u0151 k\u00f6zvet\u00edt\u00e9sekre tervezt\u00e9k. Kompaktak, hordozhat\u00f3k \u00e9s k\u00f6nnyen be\u00e1ll\u00edthat\u00f3k, \u00edgy ide\u00e1lisak t\u00e1vmunk\u00e1sok, online tan\u00e1rok \u00e9s tartalomk\u00e9sz\u00edt\u0151k sz\u00e1m\u00e1ra. A webkamer\u00e1k \u00e1ltal\u00e1ban be\u00e9p\u00edtett mikrofonnal \u00e9s autof\u00f3kusz funkci\u00f3kkal rendelkeznek, amelyek lehet\u0151v\u00e9 teszik a tiszta \u00e9s stabil videokommunik\u00e1ci\u00f3t. <\/p>\n<div class=\"newlinediv\"><\/div>\n<p> A kamer\u00e1kat viszont kiv\u00e1l\u00f3 min\u0151s\u00e9g\u0171 k\u00e9pek \u00e9s vide\u00f3k r\u00f6gz\u00edt\u00e9s\u00e9re tervezt\u00e9k. Nagyobb \u00e9rz\u00e9kel\u0151kkel, jobb objekt\u00edvekkel \u00e9s t\u00f6bb k\u00e9zi vez\u00e9rl\u00e9ssel rendelkeznek, amelyek nagyobb rugalmass\u00e1got \u00e9s kreativit\u00e1st tesznek lehet\u0151v\u00e9 a f\u00e9nyk\u00e9pez\u00e9s \u00e9s vide\u00f3z\u00e1s ter\u00e9n. A f\u00e9nyk\u00e9pez\u0151g\u00e9peket gyakran haszn\u00e1lj\u00e1k professzion\u00e1lis fot\u00f3sok, filmesek \u00e9s vide\u00f3sok, akiknek nagyfok\u00fa kontrollra van sz\u00fcks\u00e9g\u00fck a k\u00e9peik felett. <\/p>\n<div class=\"newlinediv\"><\/div>\n<p> Az alkalmazottak ir\u00e1ny\u00edt\u00e1sa szempontj\u00e1b\u00f3l a webkamera \u00e9s a f\u00e9nyk\u00e9pez\u0151g\u00e9p k\u00f6z\u00f6tti v\u00e1laszt\u00e1s a munka jelleg\u00e9t\u0151l \u00e9s a csapat kommunik\u00e1ci\u00f3s ig\u00e9nyeit\u0151l f\u00fcgg. Ha a csapat gyakori videokonferenci\u00e1t ig\u00e9nyel, a webkamera egyszer\u0171s\u00e9ge \u00e9s k\u00f6nny\u0171 kezelhet\u0151s\u00e9ge miatt jobb v\u00e1laszt\u00e1s lehet. Ha azonban a csapatnak kiv\u00e1l\u00f3 min\u0151s\u00e9g\u0171 k\u00e9peket vagy vide\u00f3kat kell k\u00e9sz\u00edtenie marketing vagy k\u00e9pz\u00e9si c\u00e9lokra, akkor a kamera megfelel\u0151bb v\u00e1laszt\u00e1s lehet. <\/p>\n<div class=\"newlinediv\"><\/div>\n<p> V\u00e9gs\u0151 soron a webkamera \u00e9s a kamera k\u00f6z\u00f6tti d\u00f6nt\u00e9s a csapat konkr\u00e9t ig\u00e9nyeit\u0151l \u00e9s a rendelkez\u00e9sre \u00e1ll\u00f3 k\u00f6lts\u00e9gvet\u00e9st\u0151l f\u00fcgg. Fontos, hogy \u00e9rt\u00e9kelje az egyes eszk\u00f6z\u00f6k jellemz\u0151it \u00e9s k\u00e9pess\u00e9geit, \u00e9s v\u00e1lassza ki azt, amelyik a legjobban megfelel a szervezet ig\u00e9nyeinek. <\/p>\n<\/div>\n<div class=\"question\">\n<div class=\"qtitle\"> Mi a Cam 5 el\u0151nye?<\/div>\n<p> A Cam vagy sz\u00e1m\u00edt\u00f3g\u00e9ppel t\u00e1mogatott gy\u00e1rt\u00e1s sz\u00e1mos el\u0151nnyel j\u00e1r az alkalmazottak ir\u00e1ny\u00edt\u00e1s\u00e1ban. \u00cdme a CAM \u00f6t el\u0151nye: <\/p>\n<div class=\"newlinediv\"><\/div>\n<p> 1. Fokozott hat\u00e9konys\u00e1g: A CAM-szoftver automatiz\u00e1lja a gy\u00e1rt\u00e1si folyamatot, ami cs\u00f6kkenti a k\u00e9zi beavatkoz\u00e1s sz\u00fcks\u00e9gess\u00e9g\u00e9t. Ez a termel\u00e9s hat\u00e9konys\u00e1g\u00e1nak n\u00f6veked\u00e9s\u00e9hez vezet, mivel a g\u00e9pek folyamatosan, sz\u00fcnet vagy pihen\u00e9s n\u00e9lk\u00fcl dolgozhatnak. Ez k\u00f6lts\u00e9gmegtakar\u00edt\u00e1shoz vezethet, mivel kevesebb alkalmazottra van sz\u00fcks\u00e9g a gy\u00e1rt\u00e1si folyamat ir\u00e1ny\u00edt\u00e1s\u00e1hoz. <\/p>\n<div class=\"newlinediv\"><\/div>\n<p> 2. Nagyobb pontoss\u00e1g: A CAM-szoftverek sz\u00e1m\u00edt\u00f3g\u00e9pes tervez\u00e9si (CAD) f\u00e1jlokat haszn\u00e1lnak a gy\u00e1rt\u00e1si folyamat vez\u00e9rl\u00e9s\u00e9hez. Ez azt jelenti, hogy a tervek rendk\u00edv\u00fcl pontosak, \u00e9s a gy\u00e1rt\u00e1si hib\u00e1k sz\u00e1ma cs\u00f6kken. Ez k\u00fcl\u00f6n\u00f6sen fontos az olyan ipar\u00e1gakban, ahol a pontoss\u00e1g kulcsfontoss\u00e1g\u00fa, p\u00e9ld\u00e1ul a rep\u00fcl\u0151g\u00e9piparban, az aut\u00f3iparban \u00e9s az orvostechnikai eszk\u00f6z\u00f6k gy\u00e1rt\u00e1s\u00e1ban. <\/p>\n<div class=\"newlinediv\"><\/div>\n<p> 3. Magasabb min\u0151s\u00e9g\u0171 term\u00e9kek: A CAM-szoftverek a fejlett gy\u00e1rt\u00e1si technik\u00e1k, p\u00e9ld\u00e1ul a 3D nyomtat\u00e1s seg\u00edts\u00e9g\u00e9vel magasabb min\u0151s\u00e9g\u0171 term\u00e9keket \u00e1ll\u00edthatnak el\u0151. Ez jobb v\u00e9gterm\u00e9ket eredm\u00e9nyezhet, amely megfelel vagy meghaladja az \u00fcgyfelek elv\u00e1r\u00e1sait. <\/p>\n<div class=\"newlinediv\"><\/div>\n<p> 4. Nagyobb rugalmass\u00e1g: A CAM-szoftverek nagyobb rugalmass\u00e1got tesznek lehet\u0151v\u00e9 a gy\u00e1rt\u00e1si folyamatban. A terv m\u00f3dos\u00edt\u00e1sai gyorsan \u00e9s egyszer\u0171en elv\u00e9gezhet\u0151k, an\u00e9lk\u00fcl, hogy kiterjedt \u00e1tdolgoz\u00e1sra lenne sz\u00fcks\u00e9g. Ez k\u00fcl\u00f6n\u00f6sen hasznos lehet olyan ipar\u00e1gakban, ahol a term\u00e9ktervez\u00e9s gyakran v\u00e1ltozik, p\u00e9ld\u00e1ul a divatiparban. <\/p>\n<div class=\"newlinediv\"><\/div>\n<p> 5. Jav\u00edtott biztons\u00e1g: A CAM-szoftver jav\u00edthatja a munkav\u00e1llal\u00f3k biztons\u00e1g\u00e1t az\u00e1ltal, hogy cs\u00f6kkenti a k\u00e9zi beavatkoz\u00e1s sz\u00fcks\u00e9gess\u00e9g\u00e9t. Ez cs\u00f6kkentheti a munkahelyi balesetek \u00e9s s\u00e9r\u00fcl\u00e9sek kock\u00e1zat\u00e1t. Emellett a CAM-szoftverek felhaszn\u00e1lhat\u00f3k a gy\u00e1rt\u00e1si folyamatok szimul\u00e1l\u00e1s\u00e1ra, ami seg\u00edthet a potenci\u00e1lis biztons\u00e1gi vesz\u00e9lyek azonos\u00edt\u00e1s\u00e1ban, miel\u0151tt azok bek\u00f6vetkezn\u00e9nek.<\/p>\n<\/div>\n<\/div>\n","protected":false},"excerpt":{"rendered":"<p>A webkamer\u00e1k a mai vil\u00e1g n\u00e9lk\u00fcl\u00f6zhetetlen r\u00e9sz\u00e9v\u00e9 v\u00e1ltak. Az online megbesz\u00e9l\u00e9sekt\u0151l kezdve az online tanfolyamokig a webkamer\u00e1k m\u00e1ra sz\u00fcks\u00e9gess\u00e9 v\u00e1ltak. Ezek olyan kis videokamer\u00e1k, amelyeket sz\u00e1m\u00edt\u00f3g\u00e9phez, laptophoz vagy mobil eszk\u00f6zh\u00f6z lehet csatlakoztatni. Lehet\u0151v\u00e9 teszik a felhaszn\u00e1l\u00f3k sz\u00e1m\u00e1ra, hogy felv\u00e9telt k\u00e9sz\u00edtsenek, k\u00f6zvet\u00edtsenek vagy videochateljenek m\u00e1sokkal. Az\u00e9rt v\u00e1ltak n\u00e9pszer\u0171v\u00e9, mert k\u00e9pesek \u00f6sszekapcsolni a vil\u00e1g k\u00fcl\u00f6nb\u00f6z\u0151 r\u00e9szein \u00e9l\u0151 &#8230; <a title=\"A webkamera fontoss\u00e1ga a modern vil\u00e1gban\" class=\"read-more\" href=\"https:\/\/megnyitasa.com\/tudas\/a-webkamera-fontossaga-a-modern-vilagban\/\" aria-label=\"Read more about A webkamera fontoss\u00e1ga a modern vil\u00e1gban\">Read more<\/a><\/p>\n","protected":false},"author":456,"featured_media":0,"comment_status":"closed","ping_status":"closed","sticky":false,"template":"","format":"standard","meta":{"footnotes":""},"categories":[26],"tags":[],"class_list":["post-3764","post","type-post","status-publish","format-standard","hentry","category-az-alkalmazottak-kezelese"],"_links":{"self":[{"href":"https:\/\/megnyitasa.com\/tudas\/wp-json\/wp\/v2\/posts\/3764","targetHints":{"allow":["GET"]}}],"collection":[{"href":"https:\/\/megnyitasa.com\/tudas\/wp-json\/wp\/v2\/posts"}],"about":[{"href":"https:\/\/megnyitasa.com\/tudas\/wp-json\/wp\/v2\/types\/post"}],"author":[{"embeddable":true,"href":"https:\/\/megnyitasa.com\/tudas\/wp-json\/wp\/v2\/users\/456"}],"replies":[{"embeddable":true,"href":"https:\/\/megnyitasa.com\/tudas\/wp-json\/wp\/v2\/comments?post=3764"}],"version-history":[{"count":0,"href":"https:\/\/megnyitasa.com\/tudas\/wp-json\/wp\/v2\/posts\/3764\/revisions"}],"wp:attachment":[{"href":"https:\/\/megnyitasa.com\/tudas\/wp-json\/wp\/v2\/media?parent=3764"}],"wp:term":[{"taxonomy":"category","embeddable":true,"href":"https:\/\/megnyitasa.com\/tudas\/wp-json\/wp\/v2\/categories?post=3764"},{"taxonomy":"post_tag","embeddable":true,"href":"https:\/\/megnyitasa.com\/tudas\/wp-json\/wp\/v2\/tags?post=3764"}],"curies":[{"name":"wp","href":"https:\/\/api.w.org\/{rel}","templated":true}]}}