{"id":3815,"date":"2023-04-24T00:00:00","date_gmt":"2023-04-24T00:00:00","guid":{"rendered":"https:\/\/megnyitasa.com\/tudas\/az-uzemeltetesi-strategia-jelentosege-az-uzleti-sikerben\/"},"modified":"2023-04-24T00:00:00","modified_gmt":"2023-04-24T00:00:00","slug":"az-uzemeltetesi-strategia-jelentosege-az-uzleti-sikerben","status":"publish","type":"post","link":"https:\/\/megnyitasa.com\/tudas\/az-uzemeltetesi-strategia-jelentosege-az-uzleti-sikerben\/","title":{"rendered":"Az \u00fczemeltet\u00e9si strat\u00e9gia jelent\u0151s\u00e9ge az \u00fczleti sikerben"},"content":{"rendered":"<div class=\"articlecontent\">\n<div class=\"newlinediv\"><\/div>\n<p> Az \u00fczemeltet\u00e9si strat\u00e9gia minden sikeres v\u00e1llalkoz\u00e1s alapvet\u0151 eleme. Azokra a tervekre \u00e9s taktik\u00e1kra utal, amelyeket a szervezetek a c\u00e9ljaik el\u00e9r\u00e9se \u00e9rdek\u00e9ben er\u0151forr\u00e1saik kezel\u00e9s\u00e9re \u00e9s optimaliz\u00e1l\u00e1s\u00e1ra haszn\u00e1lnak. Egy j\u00f3l megtervezett m\u0171k\u00f6d\u00e9si strat\u00e9gia seg\u00edthet a v\u00e1llalkoz\u00e1soknak termel\u00e9kenys\u00e9g\u00fck, hat\u00e9konys\u00e1guk \u00e9s nyeres\u00e9gess\u00e9g\u00fck jav\u00edt\u00e1s\u00e1ban. <\/p>\n<div class=\"newlinediv\"><\/div>\n<p> A m\u0171k\u00f6d\u00e9si strat\u00e9gi\u00e1ra sz\u00e1mos p\u00e9lda van, amelyet a v\u00e1llalkoz\u00e1sok a m\u0171k\u00f6d\u00e9s\u00fck jav\u00edt\u00e1sa \u00e9rdek\u00e9ben elfogadhatnak. Az egyik ilyen strat\u00e9gia a lean gy\u00e1rt\u00e1s. Ez a megk\u00f6zel\u00edt\u00e9s a pazarl\u00e1s kik\u00fcsz\u00f6b\u00f6l\u00e9s\u00e9t \u00e9s a gy\u00e1rt\u00e1si folyamatok optimaliz\u00e1l\u00e1s\u00e1t foglalja mag\u00e1ban a k\u00f6lts\u00e9gek cs\u00f6kkent\u00e9se \u00e9s a min\u0151s\u00e9g jav\u00edt\u00e1sa \u00e9rdek\u00e9ben. A lean gy\u00e1rt\u00e1s bevezet\u00e9s\u00e9vel a v\u00e1llalkoz\u00e1sok racionaliz\u00e1lhatj\u00e1k m\u0171k\u00f6d\u00e9s\u00fcket, cs\u00f6kkenthetik az \u00e1tfut\u00e1si id\u0151t \u00e9s jav\u00edthatj\u00e1k a term\u00e9kmin\u0151s\u00e9get. <\/p>\n<div class=\"newlinediv\"><\/div>\n<p> Egy m\u00e1sik p\u00e9lda a m\u0171k\u00f6d\u00e9si strat\u00e9gi\u00e1ra a teljes k\u00f6r\u0171 min\u0151s\u00e9gir\u00e1ny\u00edt\u00e1s (TQM). A TQM a min\u0151s\u00e9gir\u00e1ny\u00edt\u00e1s \u00e1tfog\u00f3 megk\u00f6zel\u00edt\u00e9se, amely a szervezet valamennyi alkalmazottj\u00e1t bevonja. A folyamatos fejleszt\u00e9sre, a vev\u0151i el\u00e9gedetts\u00e9gre \u00e9s a hib\u00e1k megel\u0151z\u00e9s\u00e9re \u00f6sszpontos\u00edt. A TQM bevezet\u00e9s\u00e9vel a v\u00e1llalkoz\u00e1sok jav\u00edthatj\u00e1k term\u00e9keiket \u00e9s szolg\u00e1ltat\u00e1saikat, n\u00f6velhetik az \u00fcgyfelek h\u0171s\u00e9g\u00e9t, \u00e9s cs\u00f6kkenthetik a hib\u00e1kkal \u00e9s az ut\u00f3munk\u00e1val kapcsolatos k\u00f6lts\u00e9geket. <\/p>\n<div class=\"newlinediv\"><\/div>\n<p> Az ell\u00e1t\u00e1si l\u00e1nc menedzsment egy m\u00e1sik p\u00e9lda a m\u0171k\u00f6d\u00e9si strat\u00e9gi\u00e1ra, amelyet a v\u00e1llalkoz\u00e1sok a m\u0171k\u00f6d\u00e9s\u00fck jav\u00edt\u00e1s\u00e1ra haszn\u00e1lhatnak. Ez a megk\u00f6zel\u00edt\u00e9s mag\u00e1ban foglalja az \u00e1ruk \u00e9s szolg\u00e1ltat\u00e1sok el\u0151\u00e1ll\u00edt\u00e1s\u00e1ban \u00e9s sz\u00e1ll\u00edt\u00e1s\u00e1ban r\u00e9szt vev\u0151 valamennyi tev\u00e9kenys\u00e9g ir\u00e1ny\u00edt\u00e1s\u00e1t. Az ell\u00e1t\u00e1si l\u00e1nc optimaliz\u00e1l\u00e1s\u00e1val a v\u00e1llalkoz\u00e1sok cs\u00f6kkenthetik a k\u00f6lts\u00e9geket, jav\u00edthatj\u00e1k a sz\u00e1ll\u00edt\u00e1si hat\u00e1rid\u0151ket \u00e9s n\u00f6velhetik az \u00fcgyfelek el\u00e9gedetts\u00e9g\u00e9t. <\/p>\n<div class=\"newlinediv\"><\/div>\n<p> V\u00e9g\u00fcl a v\u00e1llalkoz\u00e1sok m\u0171k\u00f6d\u00e9si strat\u00e9giak\u00e9nt alkalmazhatj\u00e1k az agilis m\u00f3dszertant. Az agilis egy olyan projektmenedzsment-megk\u00f6zel\u00edt\u00e9s, amely a rugalmass\u00e1got, az egy\u00fcttm\u0171k\u00f6d\u00e9st \u00e9s a gyors iter\u00e1ci\u00f3t hangs\u00falyozza. Az agilis m\u00f3dszer bevezet\u00e9s\u00e9vel a v\u00e1llalkoz\u00e1sok gyorsabban \u00e9s hat\u00e9konyabban tudnak reag\u00e1lni a v\u00e1ltoz\u00f3 piaci k\u00f6r\u00fclm\u00e9nyekre \u00e9s az \u00fcgyfelek ig\u00e9nyeire. <\/p>\n<div class=\"newlinediv\"><\/div>\n<p> \u00d6sszefoglalva, a m\u0171k\u00f6d\u00e9si strat\u00e9gia az \u00fczleti siker kritikus \u00f6sszetev\u0151je. A lean gy\u00e1rt\u00e1s, a teljes k\u00f6r\u0171 min\u0151s\u00e9gir\u00e1ny\u00edt\u00e1s, az ell\u00e1t\u00e1si l\u00e1nc menedzsment vagy az agilis m\u00f3dszertan bevezet\u00e9s\u00e9vel a v\u00e1llalkoz\u00e1sok jav\u00edthatj\u00e1k m\u0171k\u00f6d\u00e9s\u00fcket \u00e9s el\u00e9rhetik c\u00e9ljaikat. A szervezetek sz\u00e1m\u00e1ra alapvet\u0151 fontoss\u00e1g\u00fa, hogy olyan m\u0171k\u00f6d\u00e9si strat\u00e9gi\u00e1t fogadjanak el, amely \u00f6sszhangban van az \u00e1ltal\u00e1nos \u00fczleti strat\u00e9gi\u00e1jukkal \u00e9s c\u00e9lkit\u0171z\u00e9seikkel.<\/p><\/div>\n<div class=\"questions\">\n<div class=\"questionstitle\">FAQ<\/div>\n<div class=\"question\">\n<div class=\"qtitle\"> Melyek a m\u0171k\u00f6d\u00e9si strat\u00e9gi\u00e1k?<\/div>\n<p> Az \u00fczemeltet\u00e9si strat\u00e9gia a v\u00e1llalkoz\u00e1s napi m\u0171k\u00f6d\u00e9s\u00e9nek tervez\u00e9s\u00e9re, szervez\u00e9s\u00e9re \u00e9s ir\u00e1ny\u00edt\u00e1s\u00e1ra vonatkoz\u00f3 \u00e1tfog\u00f3 megk\u00f6zel\u00edt\u00e9st jelenti. Sz\u00e1mos m\u0171k\u00f6d\u00e9si strat\u00e9gi\u00e1t alkalmazhat egy v\u00e1llalkoz\u00e1s az er\u0151forr\u00e1sok \u00e9s folyamatok hat\u00e9kony \u00e9s k\u00f6lts\u00e9ghat\u00e9kony ir\u00e1ny\u00edt\u00e1s\u00e1nak biztos\u00edt\u00e1sa \u00e9rdek\u00e9ben. N\u00e9h\u00e1ny a leggyakoribb m\u0171k\u00f6d\u00e9si strat\u00e9gi\u00e1k k\u00f6z\u00fcl: <\/p>\n<div class=\"newlinediv\"><\/div>\n<p> 1. K\u00f6lts\u00e9gvezet\u00e9si strat\u00e9gia: Ez a strat\u00e9gia c\u00e9lja, hogy a lehet\u0151 legalacsonyabb k\u00f6lts\u00e9ggel \u00e1ll\u00edtson el\u0151 \u00e1rukat vagy szolg\u00e1ltat\u00e1sokat a min\u0151s\u00e9gi el\u0151\u00edr\u00e1sok fenntart\u00e1sa mellett. A v\u00e1llalkoz\u00e1sok a termel\u00e9si folyamatok optimaliz\u00e1l\u00e1s\u00e1val, a hullad\u00e9k cs\u00f6kkent\u00e9s\u00e9vel \u00e9s az ell\u00e1t\u00e1si l\u00e1nc ir\u00e1ny\u00edt\u00e1s\u00e1nak racionaliz\u00e1l\u00e1s\u00e1val \u00e9rhetik el a k\u00f6lts\u00e9gvezet\u00e9st. <\/p>\n<div class=\"newlinediv\"><\/div>\n<p> 2. Differenci\u00e1l\u00f3d\u00e1si strat\u00e9gia: Ez a strat\u00e9gia olyan egyedi \u00e9s \u00e9rt\u00e9kes term\u00e9kek vagy szolg\u00e1ltat\u00e1sok l\u00e9trehoz\u00e1s\u00e1ra \u00f6sszpontos\u00edt, amelyek kiemelkednek a versenyt\u00e1rsak k\u00f6z\u00fcl. A megk\u00fcl\u00f6nb\u00f6ztet\u00e9s innov\u00e1ci\u00f3val, diz\u00e1jnnal, m\u00e1rka\u00e9p\u00edt\u00e9ssel \u00e9s \u00fcgyf\u00e9lkiszolg\u00e1l\u00e1ssal \u00e9rhet\u0151 el. <\/p>\n<div class=\"newlinediv\"><\/div>\n<p> 3. F\u00f3kuszstrat\u00e9gia: Ez a strat\u00e9gia egy meghat\u00e1rozott piaci szegmens vagy piaci r\u00e9s megc\u00e9lz\u00e1s\u00e1t \u00e9s a term\u00e9kek vagy szolg\u00e1ltat\u00e1sok testre szab\u00e1s\u00e1t foglalja mag\u00e1ban, hogy azok megfeleljenek az adott szegmens ig\u00e9nyeinek. A f\u00f3kuszstrat\u00e9gia lehet\u0151v\u00e9 teszi a v\u00e1llalkoz\u00e1sok sz\u00e1m\u00e1ra, hogy egy adott ter\u00fcletre specializ\u00e1l\u00f3djanak, \u00e9s speci\u00e1lis szak\u00e9rtelem \u00e9s term\u00e9kek ny\u00fajt\u00e1s\u00e1val versenyel\u0151nyre tegyenek szert. <\/p>\n<div class=\"newlinediv\"><\/div>\n<p> 4. Rugalmass\u00e1gi strat\u00e9gia: Ez a strat\u00e9gia a v\u00e1ltoz\u00f3 piaci felt\u00e9telekhez, az \u00fcgyfelek ig\u00e9nyeihez \u00e9s a technol\u00f3giai fejl\u0151d\u00e9shez val\u00f3 gyors alkalmazkod\u00e1si k\u00e9pess\u00e9gre \u00f6sszpontos\u00edt. A rugalmass\u00e1got agilis termel\u00e9si folyamatokkal, lean menedzsment elvekkel \u00e9s hat\u00e9kony ell\u00e1t\u00e1si l\u00e1nc menedzsmenttel lehet el\u00e9rni. <\/p>\n<div class=\"newlinediv\"><\/div>\n<p> 5. Min\u0151s\u00e9gir\u00e1ny\u00edt\u00e1si strat\u00e9gia: Ez a strat\u00e9gia mag\u00e1ban foglalja a term\u00e9kek vagy szolg\u00e1ltat\u00e1sok min\u0151s\u00e9g\u00e9nek folyamatos jav\u00edt\u00e1sa ir\u00e1nti elk\u00f6telezetts\u00e9get a szigor\u00fa min\u0151s\u00e9gellen\u0151rz\u00e9si int\u00e9zked\u00e9sek, az alkalmazottak k\u00e9pz\u00e9se \u00e9s a vev\u0151i visszajelz\u00e9sek r\u00e9v\u00e9n. <\/p>\n<div class=\"newlinediv\"><\/div>\n<p> V\u00e9gs\u0151 soron a m\u0171k\u00f6d\u00e9si strat\u00e9gia kiv\u00e1laszt\u00e1sa a v\u00e1llalkoz\u00e1s c\u00e9ljait\u00f3l, er\u0151forr\u00e1sait\u00f3l \u00e9s versenyhelyzet\u00e9t\u0151l f\u00fcgg. A megfelel\u0151 m\u0171k\u00f6d\u00e9si strat\u00e9gia elfogad\u00e1s\u00e1val a v\u00e1llalkoz\u00e1sok jav\u00edthatj\u00e1k a hat\u00e9konys\u00e1got, cs\u00f6kkenthetik a k\u00f6lts\u00e9geket, \u00e9s versenyel\u0151nyre tehetnek szert a piacon. <\/p>\n<\/div>\n<div class=\"question\">\n<div class=\"qtitle\"> Mi az 5 m\u0171k\u00f6d\u00e9si strat\u00e9gia?<\/div>\n<p> Sz\u00e1mos m\u0171k\u00f6d\u00e9si strat\u00e9gia l\u00e9tezik, amelyet a v\u00e1llalkoz\u00e1sok alkalmazhatnak c\u00e9ljaik \u00e9s c\u00e9lkit\u0171z\u00e9seik el\u00e9r\u00e9se \u00e9rdek\u00e9ben. \u00cdme az \u00f6t leggyakoribb k\u00f6z\u00fcl\u00fck: <\/p>\n<div class=\"newlinediv\"><\/div>\n<p> 1. Lean \u00fczemeltet\u00e9si strat\u00e9gia: Ez a pazarl\u00e1s minimaliz\u00e1l\u00e1s\u00e1t \u00e9s a hat\u00e9konys\u00e1g maximaliz\u00e1l\u00e1s\u00e1t jelenti a felesleges l\u00e9p\u00e9sek \u00e9s folyamatok kik\u00fcsz\u00f6b\u00f6l\u00e9s\u00e9vel. Arra \u00f6sszpontos\u00edt, hogy \u00e9rt\u00e9ket ny\u00fajtson az \u00fcgyfeleknek, mik\u00f6zben cs\u00f6kkenti a k\u00f6lts\u00e9geket. <\/p>\n<div class=\"newlinediv\"><\/div>\n<p> 2. \u00dcgyf\u00e9lkapcsolat-kezel\u00e9si (CRM) strat\u00e9gia: Ez mag\u00e1ban foglalja az \u00fcgyfelekkel val\u00f3 szoros kapcsolatok ki\u00e9p\u00edt\u00e9s\u00e9t az ig\u00e9nyeik \u00e9s preferenci\u00e1ik meg\u00e9rt\u00e9s\u00e9vel. Mag\u00e1ban foglalja a szem\u00e9lyre szabott marketingkamp\u00e1nyok kidolgoz\u00e1s\u00e1t, a kiv\u00e1l\u00f3 \u00fcgyf\u00e9lkiszolg\u00e1l\u00e1st \u00e9s a h\u0171s\u00e9gprogramok ny\u00fajt\u00e1s\u00e1t. <\/p>\n<div class=\"newlinediv\"><\/div>\n<p> 3. Min\u0151s\u00e9gir\u00e1ny\u00edt\u00e1si strat\u00e9gia: Ez mag\u00e1ban foglalja annak biztos\u00edt\u00e1s\u00e1t, hogy a term\u00e9kek \u00e9s szolg\u00e1ltat\u00e1sok megfeleljenek vagy meghaladj\u00e1k az \u00fcgyfelek elv\u00e1r\u00e1sait. Mag\u00e1ban foglalja a min\u0151s\u00e9gellen\u0151rz\u00e9si int\u00e9zked\u00e9sek v\u00e9grehajt\u00e1s\u00e1t, a rendszeres ellen\u0151rz\u00e9sek \u00e9s auditok elv\u00e9gz\u00e9s\u00e9t, valamint a folyamatok folyamatos jav\u00edt\u00e1s\u00e1t. <\/p>\n<div class=\"newlinediv\"><\/div>\n<p> 4. Ell\u00e1t\u00e1si l\u00e1nc menedzsment strat\u00e9gia: Ez mag\u00e1ban foglalja az \u00e1ruk \u00e9s szolg\u00e1ltat\u00e1sok \u00e1raml\u00e1s\u00e1nak ir\u00e1ny\u00edt\u00e1s\u00e1t a besz\u00e1ll\u00edt\u00f3kt\u00f3l a vev\u0151kig. Mag\u00e1ban foglalja a k\u00e9szletszintek optimaliz\u00e1l\u00e1s\u00e1t, az \u00e1tfut\u00e1si id\u0151k cs\u00f6kkent\u00e9s\u00e9t \u00e9s a logisztika jav\u00edt\u00e1s\u00e1t. <\/p>\n<div class=\"newlinediv\"><\/div>\n<p> 5. Innov\u00e1ci\u00f3s strat\u00e9gia: Ez mag\u00e1ban foglalja az \u00faj term\u00e9kek, szolg\u00e1ltat\u00e1sok \u00e9s folyamatok fejleszt\u00e9s\u00e9t, hogy a versenyt\u00e1rsak el\u0151tt maradjon. Mag\u00e1ban foglalja a kutat\u00e1sba \u00e9s fejleszt\u00e9sbe val\u00f3 befektet\u00e9st, a kreativit\u00e1s \u00e9s k\u00eds\u00e9rletez\u00e9s kult\u00far\u00e1j\u00e1nak el\u0151mozd\u00edt\u00e1s\u00e1t, valamint a k\u00fcls\u0151 partnerekkel val\u00f3 egy\u00fcttm\u0171k\u00f6d\u00e9st.<\/p>\n<\/div>\n<\/div>\n","protected":false},"excerpt":{"rendered":"<p>Az \u00fczemeltet\u00e9si strat\u00e9gia minden sikeres v\u00e1llalkoz\u00e1s alapvet\u0151 eleme. Azokra a tervekre \u00e9s taktik\u00e1kra utal, amelyeket a szervezetek a c\u00e9ljaik el\u00e9r\u00e9se \u00e9rdek\u00e9ben er\u0151forr\u00e1saik kezel\u00e9s\u00e9re \u00e9s optimaliz\u00e1l\u00e1s\u00e1ra haszn\u00e1lnak. Egy j\u00f3l megtervezett m\u0171k\u00f6d\u00e9si strat\u00e9gia seg\u00edthet a v\u00e1llalkoz\u00e1soknak termel\u00e9kenys\u00e9g\u00fck, hat\u00e9konys\u00e1guk \u00e9s nyeres\u00e9gess\u00e9g\u00fck jav\u00edt\u00e1s\u00e1ban. A m\u0171k\u00f6d\u00e9si strat\u00e9gi\u00e1ra sz\u00e1mos p\u00e9lda van, amelyet a v\u00e1llalkoz\u00e1sok a m\u0171k\u00f6d\u00e9s\u00fck jav\u00edt\u00e1sa \u00e9rdek\u00e9ben elfogadhatnak. Az egyik &#8230; <a title=\"Az \u00fczemeltet\u00e9si strat\u00e9gia jelent\u0151s\u00e9ge az \u00fczleti sikerben\" class=\"read-more\" href=\"https:\/\/megnyitasa.com\/tudas\/az-uzemeltetesi-strategia-jelentosege-az-uzleti-sikerben\/\" aria-label=\"Read more about Az \u00fczemeltet\u00e9si strat\u00e9gia jelent\u0151s\u00e9ge az \u00fczleti sikerben\">Read more<\/a><\/p>\n","protected":false},"author":527,"featured_media":0,"comment_status":"closed","ping_status":"closed","sticky":false,"template":"","format":"standard","meta":{"footnotes":""},"categories":[18],"tags":[],"class_list":["post-3815","post","type-post","status-publish","format-standard","hentry","category-uzleti-tervezes-es-strategia"],"_links":{"self":[{"href":"https:\/\/megnyitasa.com\/tudas\/wp-json\/wp\/v2\/posts\/3815","targetHints":{"allow":["GET"]}}],"collection":[{"href":"https:\/\/megnyitasa.com\/tudas\/wp-json\/wp\/v2\/posts"}],"about":[{"href":"https:\/\/megnyitasa.com\/tudas\/wp-json\/wp\/v2\/types\/post"}],"author":[{"embeddable":true,"href":"https:\/\/megnyitasa.com\/tudas\/wp-json\/wp\/v2\/users\/527"}],"replies":[{"embeddable":true,"href":"https:\/\/megnyitasa.com\/tudas\/wp-json\/wp\/v2\/comments?post=3815"}],"version-history":[{"count":0,"href":"https:\/\/megnyitasa.com\/tudas\/wp-json\/wp\/v2\/posts\/3815\/revisions"}],"wp:attachment":[{"href":"https:\/\/megnyitasa.com\/tudas\/wp-json\/wp\/v2\/media?parent=3815"}],"wp:term":[{"taxonomy":"category","embeddable":true,"href":"https:\/\/megnyitasa.com\/tudas\/wp-json\/wp\/v2\/categories?post=3815"},{"taxonomy":"post_tag","embeddable":true,"href":"https:\/\/megnyitasa.com\/tudas\/wp-json\/wp\/v2\/tags?post=3815"}],"curies":[{"name":"wp","href":"https:\/\/api.w.org\/{rel}","templated":true}]}}