{"id":3845,"date":"2023-04-24T00:00:00","date_gmt":"2023-04-24T00:00:00","guid":{"rendered":"https:\/\/megnyitasa.com\/tudas\/a-szakkepzett-munkaero-fontossaga-a-modern-vilagban\/"},"modified":"2023-04-24T00:00:00","modified_gmt":"2023-04-24T00:00:00","slug":"a-szakkepzett-munkaero-fontossaga-a-modern-vilagban","status":"publish","type":"post","link":"https:\/\/megnyitasa.com\/tudas\/a-szakkepzett-munkaero-fontossaga-a-modern-vilagban\/","title":{"rendered":"A szakk\u00e9pzett munkaer\u0151 fontoss\u00e1ga a modern vil\u00e1gban"},"content":{"rendered":"<div class=\"articlecontent\">\n<div class=\"newlinediv\"><\/div>\n<p> A mai modern korban a szakk\u00e9pzett munkaer\u0151 fontosabb\u00e1 v\u00e1lt, mint valaha. A szakk\u00e9pzett munkaer\u0151 olyan munkav\u00e1llal\u00f3kra utal, akik speci\u00e1lis k\u00e9szs\u00e9gekkel \u00e9s tud\u00e1ssal rendelkeznek egy adott ter\u00fcleten, p\u00e9ld\u00e1ul az \u00e9p\u00edt\u0151iparban, a gy\u00e1rt\u00e1sban vagy az eg\u00e9szs\u00e9g\u00fcgyben. Ezek a munkav\u00e1llal\u00f3k n\u00e9lk\u00fcl\u00f6zhetetlenek a gazdas\u00e1g sz\u00e1m\u00e1ra, \u00e9s kritikus szerepet j\u00e1tszanak az infrastrukt\u00fara \u00e9s a t\u00e1rsadalom \u00e1ltal\u00e1nos m\u0171k\u00f6d\u0151k\u00e9pess\u00e9g\u00e9nek fenntart\u00e1s\u00e1ban. <\/p>\n<div class=\"newlinediv\"><\/div>\n<p> A szakk\u00e9pzett munkaer\u0151 egyik p\u00e9ld\u00e1ja az \u00e9p\u00edt\u0151ipar. Az \u00e9p\u00fcletek, otthonok \u00e9s egy\u00e9b \u00e9p\u00edtm\u00e9nyek \u00e9p\u00edt\u00e9s\u00e9hez \u00e9s karbantart\u00e1s\u00e1hoz olyan szakmunk\u00e1sokra van sz\u00fcks\u00e9g, mint az \u00e1csok, villanyszerel\u0151k \u00e9s v\u00edzvezet\u00e9k-szerel\u0151k. E szakmunk\u00e1sok n\u00e9lk\u00fcl az \u00e9p\u00edt\u0151ipar nem tudna m\u0171k\u00f6dni, \u00e9s a t\u00e1rsadalom nem jutna biztons\u00e1gos \u00e9s m\u0171k\u00f6d\u0151k\u00e9pes \u00e9p\u00fcletekhez. <\/p>\n<div class=\"newlinediv\"><\/div>\n<p> Egy m\u00e1sik p\u00e9lda a szakk\u00e9pzett munkaer\u0151re a feldolgoz\u00f3iparban tal\u00e1lhat\u00f3. Az olyan \u00e1ruk \u00e9s term\u00e9kek el\u0151\u00e1ll\u00edt\u00e1s\u00e1hoz, amelyeket nap mint nap haszn\u00e1lunk, szakk\u00e9pzett munk\u00e1sokra, p\u00e9ld\u00e1ul g\u00e9pkezel\u0151kre, hegeszt\u0151kre \u00e9s technikusokra van sz\u00fcks\u00e9g. Ezek a munkav\u00e1llal\u00f3k n\u00e9lk\u00fcl\u00f6zhetetlenek a gazdas\u00e1g sz\u00e1m\u00e1ra, \u00e9s kritikus szerepet j\u00e1tszanak az \u00e1ruk termel\u00e9s\u00e9nek \u00e9s eloszt\u00e1s\u00e1nak fenntart\u00e1s\u00e1ban. <\/p>\n<div class=\"newlinediv\"><\/div>\n<p> Az eg\u00e9szs\u00e9g\u00fcgyi \u00e1gazatban a szakk\u00e9pzett munkaer\u0151 szint\u00e9n kulcsfontoss\u00e1g\u00fa. Az orvosok, \u00e1pol\u00f3k \u00e9s m\u00e1s eg\u00e9szs\u00e9g\u00fcgyi szakemberek mind magasan k\u00e9pzett munkav\u00e1llal\u00f3k, akik alapvet\u0151 szolg\u00e1ltat\u00e1sokat ny\u00fajtanak a k\u00f6z\u00f6ss\u00e9gnek. E szakk\u00e9pzett munkaer\u0151 n\u00e9lk\u00fcl az eg\u00e9szs\u00e9g\u00fcgyi \u00e1gazat nem tudna m\u0171k\u00f6dni, \u00e9s az emberek nem jutn\u00e1nak hozz\u00e1 a sz\u00fcks\u00e9ges orvosi ell\u00e1t\u00e1shoz. <\/p>\n<div class=\"newlinediv\"><\/div>\n<p> V\u00e9g\u00fcl a szakk\u00e9pzett munkaer\u0151 a technol\u00f3giai iparban is fontos. A programoz\u00f3k, szoftverfejleszt\u0151k \u00e9s m\u00e1s informatikai szakemberek mind magasan k\u00e9pzett munkav\u00e1llal\u00f3k, akik fejlesztik \u00e9s karbantartj\u00e1k az \u00e1ltalunk nap mint nap haszn\u00e1lt technol\u00f3gi\u00e1t. E szakk\u00e9pzett munkaer\u0151 n\u00e9lk\u00fcl a t\u00e1rsadalom nem f\u00e9rne hozz\u00e1 a mindennapi \u00e9let\u00fcnkh\u00f6z n\u00e9lk\u00fcl\u00f6zhetetlenn\u00e9 v\u00e1lt technol\u00f3gi\u00e1hoz. <\/p>\n<div class=\"newlinediv\"><\/div>\n<p> \u00d6sszefoglalva, a szakk\u00e9pzett munkaer\u0151 n\u00e9lk\u00fcl\u00f6zhetetlen a gazdas\u00e1g \u00e9s a t\u00e1rsadalom \u00e1ltal\u00e1nos m\u0171k\u00f6d\u00e9se szempontj\u00e1b\u00f3l. Szakmunk\u00e1sok n\u00e9lk\u00fcl sz\u00e1mos ipar\u00e1g nem tudna m\u0171k\u00f6dni, \u00e9s a t\u00e1rsadalom nem f\u00e9rne hozz\u00e1 azokhoz az \u00e1rukhoz, szolg\u00e1ltat\u00e1sokhoz \u00e9s technol\u00f3gi\u00e1khoz, amelyekre nap mint nap t\u00e1maszkodunk. Fontos, hogy felismerj\u00fck a szakk\u00e9pzett munkaer\u0151 \u00e9rt\u00e9k\u00e9t, \u00e9s t\u00e1mogassuk a szakk\u00e9pzett munkav\u00e1llal\u00f3k oktat\u00e1s\u00e1t \u00e9s k\u00e9pz\u00e9s\u00e9t, hogy biztos\u00edtsuk t\u00e1rsadalmunk tov\u00e1bbi siker\u00e9t.<\/p><\/div>\n<div class=\"questions\">\n<div class=\"questionstitle\">FAQ<\/div>\n<div class=\"question\">\n<div class=\"qtitle\"> Mi a munkaer\u0151 4 t\u00edpusa?<\/div>\n<p> A munkaer\u0151-gazdas\u00e1gtan \u00e9s -menedzsment ter\u00fclet\u00e9n n\u00e9gyf\u00e9le munkaer\u0151t\u00edpust k\u00fcl\u00f6nb\u00f6ztet\u00fcnk meg: <\/p>\n<div class=\"newlinediv\"><\/div>\n<p> 1. Szakk\u00e9pzetlen munkaer\u0151: A szakk\u00e9pzetlen munka olyan munka, amely kev\u00e9s vagy semmilyen speci\u00e1lis k\u00e9pz\u00e9st, oktat\u00e1st vagy tapasztalatot nem ig\u00e9nyel. A szakk\u00e9pzetlen munkaer\u0151 p\u00e9ld\u00e1i k\u00f6z\u00e9 tartoznak az olyan munk\u00e1k, mint a gondnoki munka, a gyepmesteri munka vagy a csomagol\u00e1si \u00e9s fut\u00f3szalagos munka. <\/p>\n<div class=\"newlinediv\"><\/div>\n<p> 2. Szakk\u00e9pzett munkaer\u0151: A szakk\u00e9pzett munka olyan munka, amely speci\u00e1lis tud\u00e1st, k\u00e9pz\u00e9st vagy tapasztalatot ig\u00e9nyel. A szakmunk\u00e1ra p\u00e9lda az olyan munkak\u00f6r\u00f6k, mint a villanyszerel\u0151k, v\u00edzvezet\u00e9k-szerel\u0151k, \u00e1csok vagy szak\u00e1csok. <\/p>\n<div class=\"newlinediv\"><\/div>\n<p> 3. F\u00e9lig k\u00e9pzett munkaer\u0151: A f\u00e9lig szakk\u00e9pzett munka olyan munka, amely bizonyos speci\u00e1lis tud\u00e1st, k\u00e9pz\u00e9st vagy tapasztalatot ig\u00e9nyel, de nem \u00e9ri el a szakk\u00e9pzett munka szintj\u00e9t. A f\u00e9lig k\u00e9pzett munk\u00e1ra p\u00e9lda az olyan munkak\u00f6r\u00f6k, mint a g\u00e9pkezel\u0151k, teherg\u00e9pkocsi-vezet\u0151k vagy adminisztrat\u00edv asszisztensek. <\/p>\n<div class=\"newlinediv\"><\/div>\n<p> 4. Szakmai munka: A szakmai munka olyan munka, amely fels\u0151fok\u00fa v\u00e9gzetts\u00e9get, k\u00e9pz\u00e9st vagy k\u00e9pes\u00edt\u00e9st ig\u00e9nyel. A szakmai munk\u00e1ra p\u00e9lda az olyan munkak\u00f6r\u00f6k, mint az orvosok, \u00fcgyv\u00e9dek, m\u00e9rn\u00f6k\u00f6k vagy k\u00f6nyvel\u0151k. <\/p>\n<div class=\"newlinediv\"><\/div>\n<p> A k\u00fcl\u00f6nb\u00f6z\u0151 munkafajt\u00e1k meg\u00e9rt\u00e9se fontos a munk\u00e1ltat\u00f3k sz\u00e1m\u00e1ra a munkav\u00e1llal\u00f3k felv\u00e9tele \u00e9s ir\u00e1ny\u00edt\u00e1sa sor\u00e1n, mivel seg\u00edthet a megfelel\u0151 d\u00edjaz\u00e1s, a k\u00e9pz\u00e9si \u00e9s fejleszt\u00e9si ig\u00e9nyek, valamint a munkaer\u0151-tervez\u00e9si strat\u00e9gi\u00e1k meghat\u00e1roz\u00e1s\u00e1ban. <\/p>\n<\/div>\n<div class=\"question\">\n<div class=\"qtitle\"> Mi a szakk\u00e9pzett \u00e9s a szakk\u00e9pzetlen munkaer\u0151?<\/div>\n<p> A munkav\u00e1llal\u00f3k ir\u00e1ny\u00edt\u00e1s\u00e1val \u00f6sszef\u00fcgg\u00e9sben a szakk\u00e9pzett munkaer\u0151 olyan munkav\u00e1llal\u00f3kra utal, akik olyan speci\u00e1lis ismeretekkel, k\u00e9pzetts\u00e9ggel vagy k\u00e9pes\u00edt\u00e9sekkel rendelkeznek, amelyek lehet\u0151v\u00e9 teszik sz\u00e1mukra, hogy \u00f6sszetett feladatokat hajtsanak v\u00e9gre, vagy fejlett g\u00e9peket vagy berendez\u00e9seket kezeljenek. A szakmunk\u00e1soknak jellemz\u0151en kiterjedt munkahelyi k\u00e9pz\u00e9sre vagy form\u00e1lis oktat\u00e1sra van sz\u00fcks\u00e9g\u00fck a szak\u00e9rtelm\u00fck kialak\u00edt\u00e1s\u00e1hoz, \u00e9s olyan szakm\u00e1kat foglalhatnak magukban, mint a villanyszerel\u0151k, v\u00edzvezet\u00e9k-szerel\u0151k, \u00e1csok, g\u00e9p\u00e9szek, szoftverfejleszt\u0151k \u00e9s m\u00e9rn\u00f6k\u00f6k. <\/p>\n<div class=\"newlinediv\"><\/div>\n<p> M\u00e1sr\u00e9szr\u0151l a szakk\u00e9pzetlen munkaer\u0151 olyan munkav\u00e1llal\u00f3kra utal, akik viszonylag egyszer\u0171 vagy ism\u00e9tl\u0151d\u0151 feladatokat v\u00e9geznek, amelyek nem ig\u00e9nyelnek szakk\u00e9pz\u00e9st vagy k\u00e9pz\u00e9st. A szakk\u00e9pzetlen munk\u00e1sok k\u00f6z\u00e9 tartozhatnak p\u00e9ld\u00e1ul a seg\u00e9dmunk\u00e1sok, takar\u00edt\u00f3k, vend\u00e9gl\u00e1t\u00f3ipari dolgoz\u00f3k \u00e9s kiskereskedelmi elad\u00f3k. <\/p>\n<div class=\"newlinediv\"><\/div>\n<p> Fontos megjegyezni, hogy a &#8222;szakk\u00e9pzett&#8221; \u00e9s a &#8222;szakk\u00e9pzetlen&#8221; kifejez\u00e9sek nem felt\u00e9tlen\u00fcl a munkav\u00e1llal\u00f3 intelligenci\u00e1j\u00e1t vagy munkamor\u00e1lj\u00e1t t\u00fckr\u00f6zik, hanem ink\u00e1bb az adott munka elv\u00e9gz\u00e9s\u00e9hez sz\u00fcks\u00e9ges k\u00e9pz\u00e9s \u00e9s szak\u00e9rtelem szintj\u00e9re utalnak. Az alkalmazottak ir\u00e1ny\u00edt\u00e1sa sor\u00e1n fontos, hogy felismerj\u00fck az egyes munkav\u00e1llal\u00f3k egyedi k\u00e9szs\u00e9geit \u00e9s k\u00e9pess\u00e9geit, \u00e9s megfelel\u0151 k\u00e9pz\u00e9st \u00e9s t\u00e1mogat\u00e1st biztos\u00edtsunk sz\u00e1mukra, hogy sikeresek legyenek a szerep\u00fckben. <\/p>\n<\/div>\n<div class=\"question\">\n<div class=\"qtitle\"> Mik a magasan k\u00e9pzett munkak\u00f6r\u00f6k?<\/div>\n<p> A magasan k\u00e9pzett munkak\u00f6r\u00f6k olyan munkak\u00f6r\u00f6k, amelyek magas szint\u0171 szak\u00e9rtelmet, speci\u00e1lis ismereteket \u00e9s fejlett technikai k\u00e9szs\u00e9geket ig\u00e9nyelnek. Ezek a munkak\u00f6r\u00f6k jellemz\u0151en olyan \u00f6sszetett feladatokat foglalnak magukban, amelyek hat\u00e9kony elv\u00e9gz\u00e9s\u00e9hez jelent\u0151s mennyis\u00e9g\u0171 oktat\u00e1s, k\u00e9pz\u00e9s \u00e9s tapasztalat sz\u00fcks\u00e9ges. A magasan k\u00e9pzett munkak\u00f6r\u00f6k k\u00f6z\u00e9 tartoznak p\u00e9ld\u00e1ul az orvosok, \u00fcgyv\u00e9dek, m\u00e9rn\u00f6k\u00f6k, sz\u00e1m\u00edt\u00f3g\u00e9pes programoz\u00f3k, tud\u00f3sok \u00e9s m\u00e1s, speci\u00e1lis ter\u00fcleteken dolgoz\u00f3 szakemberek. <\/p>\n<div class=\"newlinediv\"><\/div>\n<p> A magasan k\u00e9pzett munkak\u00f6r\u00f6k a technikai k\u00e9szs\u00e9gek mellett gyakran kiv\u00e1l\u00f3 kommunik\u00e1ci\u00f3s, probl\u00e9mamegold\u00f3 \u00e9s kritikai gondolkod\u00e1si k\u00e9pess\u00e9geket is ig\u00e9nyelnek. Ezek a munkak\u00f6r\u00f6k vezet\u0151i \u00e9s ir\u00e1ny\u00edt\u00e1si k\u00e9szs\u00e9geket, valamint m\u00e1sokkal val\u00f3 egy\u00fcttm\u0171k\u00f6d\u00e9sre val\u00f3 k\u00e9pess\u00e9get is ig\u00e9nyelhetnek. <\/p>\n<div class=\"newlinediv\"><\/div>\n<p> A magasan k\u00e9pzett munkak\u00f6r\u00f6k jellemz\u0151en nagy keresletnek \u00f6rvendenek, \u00e9s versenyk\u00e9pes fizet\u00e9st \u00e9s juttat\u00e1sokat k\u00edn\u00e1lnak. Ezek a poz\u00edci\u00f3k megk\u00f6vetelhetik, hogy a jel\u00f6ltek fels\u0151fok\u00fa v\u00e9gzetts\u00e9ggel, szakmai tan\u00fas\u00edtv\u00e1nyokkal vagy egy\u00e9b speci\u00e1lis k\u00e9pes\u00edt\u00e9sekkel rendelkezzenek. A munk\u00e1ltat\u00f3k gyakran nagy \u00f6sszegeket fektetnek be k\u00e9pz\u00e9si \u00e9s fejleszt\u00e9si programokba, hogy seg\u00edtsenek a munkav\u00e1llal\u00f3knak elsaj\u00e1t\u00edtani azokat a k\u00e9szs\u00e9geket \u00e9s ismereteket, amelyek sz\u00fcks\u00e9gesek ahhoz, hogy kit\u0171njenek ezekben a poz\u00edci\u00f3kban.<\/p>\n<\/div>\n<\/div>\n","protected":false},"excerpt":{"rendered":"<p>A mai modern korban a szakk\u00e9pzett munkaer\u0151 fontosabb\u00e1 v\u00e1lt, mint valaha. A szakk\u00e9pzett munkaer\u0151 olyan munkav\u00e1llal\u00f3kra utal, akik speci\u00e1lis k\u00e9szs\u00e9gekkel \u00e9s tud\u00e1ssal rendelkeznek egy adott ter\u00fcleten, p\u00e9ld\u00e1ul az \u00e9p\u00edt\u0151iparban, a gy\u00e1rt\u00e1sban vagy az eg\u00e9szs\u00e9g\u00fcgyben. Ezek a munkav\u00e1llal\u00f3k n\u00e9lk\u00fcl\u00f6zhetetlenek a gazdas\u00e1g sz\u00e1m\u00e1ra, \u00e9s kritikus szerepet j\u00e1tszanak az infrastrukt\u00fara \u00e9s a t\u00e1rsadalom \u00e1ltal\u00e1nos m\u0171k\u00f6d\u0151k\u00e9pess\u00e9g\u00e9nek fenntart\u00e1s\u00e1ban. A szakk\u00e9pzett &#8230; <a title=\"A szakk\u00e9pzett munkaer\u0151 fontoss\u00e1ga a modern vil\u00e1gban\" class=\"read-more\" href=\"https:\/\/megnyitasa.com\/tudas\/a-szakkepzett-munkaero-fontossaga-a-modern-vilagban\/\" aria-label=\"Read more about A szakk\u00e9pzett munkaer\u0151 fontoss\u00e1ga a modern vil\u00e1gban\">Read more<\/a><\/p>\n","protected":false},"author":2538,"featured_media":0,"comment_status":"closed","ping_status":"closed","sticky":false,"template":"","format":"standard","meta":{"footnotes":""},"categories":[37],"tags":[],"class_list":["post-3845","post","type-post","status-publish","format-standard","hentry","category-a-munkavallalok-iranyitasa"],"_links":{"self":[{"href":"https:\/\/megnyitasa.com\/tudas\/wp-json\/wp\/v2\/posts\/3845","targetHints":{"allow":["GET"]}}],"collection":[{"href":"https:\/\/megnyitasa.com\/tudas\/wp-json\/wp\/v2\/posts"}],"about":[{"href":"https:\/\/megnyitasa.com\/tudas\/wp-json\/wp\/v2\/types\/post"}],"author":[{"embeddable":true,"href":"https:\/\/megnyitasa.com\/tudas\/wp-json\/wp\/v2\/users\/2538"}],"replies":[{"embeddable":true,"href":"https:\/\/megnyitasa.com\/tudas\/wp-json\/wp\/v2\/comments?post=3845"}],"version-history":[{"count":0,"href":"https:\/\/megnyitasa.com\/tudas\/wp-json\/wp\/v2\/posts\/3845\/revisions"}],"wp:attachment":[{"href":"https:\/\/megnyitasa.com\/tudas\/wp-json\/wp\/v2\/media?parent=3845"}],"wp:term":[{"taxonomy":"category","embeddable":true,"href":"https:\/\/megnyitasa.com\/tudas\/wp-json\/wp\/v2\/categories?post=3845"},{"taxonomy":"post_tag","embeddable":true,"href":"https:\/\/megnyitasa.com\/tudas\/wp-json\/wp\/v2\/tags?post=3845"}],"curies":[{"name":"wp","href":"https:\/\/api.w.org\/{rel}","templated":true}]}}