{"id":3989,"date":"2024-03-04T20:17:36","date_gmt":"2024-03-04T20:17:36","guid":{"rendered":"https:\/\/megnyitasa.com\/tudas\/?p=3989"},"modified":"2024-03-04T20:17:36","modified_gmt":"2024-03-04T20:17:36","slug":"a-potencial-felszabaditasa-a-munkatarsak-kepessegeinek-fejlesztese-fejlesztesi-tevekenysegekkel-2","status":"publish","type":"post","link":"https:\/\/megnyitasa.com\/tudas\/a-potencial-felszabaditasa-a-munkatarsak-kepessegeinek-fejlesztese-fejlesztesi-tevekenysegekkel-2\/","title":{"rendered":"A potenci\u00e1l felszabad\u00edt\u00e1sa: A munkat\u00e1rsak k\u00e9pess\u00e9geinek fejleszt\u00e9se fejleszt\u00e9si tev\u00e9kenys\u00e9gekkel"},"content":{"rendered":"<div class=\"articlecontent\">\n<div class=\"newlinediv\"><\/div>\n<p> A munkat\u00e1rsak fejleszt\u00e9se kulcsfontoss\u00e1g\u00fa minden szervezet n\u00f6veked\u00e9se \u00e9s sikere szempontj\u00e1b\u00f3l. Ez egy olyan folyamat, amely a munkav\u00e1llal\u00f3 tud\u00e1s\u00e1nak, k\u00e9szs\u00e9geinek \u00e9s k\u00e9pess\u00e9geinek fejleszt\u00e9s\u00e9re ir\u00e1nyul, hogy n\u00f6velje teljes\u00edtm\u00e9ny\u00e9t \u00e9s termel\u00e9kenys\u00e9g\u00e9t. A munkav\u00e1llal\u00f3i fejleszt\u00e9si tev\u00e9kenys\u00e9gekbe val\u00f3 befektet\u00e9s nemcsak a munkav\u00e1llal\u00f3 karrierlehet\u0151s\u00e9geit jav\u00edtja, hanem a szervezetet is seg\u00edti c\u00e9ljainak el\u00e9r\u00e9s\u00e9ben. Ebben a cikkben a szervezetek \u00e1ltal v\u00e9gezhet\u0151 munkav\u00e1llal\u00f3-fejleszt\u00e9si tev\u00e9kenys\u00e9gek n\u00e9h\u00e1ny p\u00e9ld\u00e1j\u00e1t t\u00e1rgyaljuk. <\/p>\n<div class=\"newlinediv\"><\/div>\n<p> 1. K\u00e9pz\u00e9si programok: <\/p>\n<div class=\"newlinediv\"><\/div>\n<p> A k\u00e9pz\u00e9si programok hat\u00e9kony m\u00f3dja a munkav\u00e1llal\u00f3k ismereteinek \u00e9s k\u00e9szs\u00e9geinek b\u0151v\u00edt\u00e9s\u00e9nek. Ezeket a programokat lehet h\u00e1zon bel\u00fcl vagy k\u00e9pz\u00e9si szolg\u00e1ltat\u00f3knak kiszervezve v\u00e9gezni. A h\u00e1zon bel\u00fcli k\u00e9pz\u00e9si programokat a szervezet saj\u00e1tos ig\u00e9nyeihez igaz\u00edtj\u00e1k, m\u00edg a kiszervezett k\u00e9pz\u00e9si programok sz\u00e9lesebb k\u00f6r\u0171 szak\u00e9rtelmet k\u00edn\u00e1lnak. A k\u00e9pz\u00e9si programok k\u00fcl\u00f6nb\u00f6z\u0151 form\u00e1tumokban v\u00e9gezhet\u0151k, p\u00e9ld\u00e1ul tantermi k\u00e9pz\u00e9s, online k\u00e9pz\u00e9s vagy workshopok form\u00e1j\u00e1ban. Ezek a programok a t\u00e9m\u00e1k sz\u00e9les sk\u00e1l\u00e1j\u00e1t fedhetik le, mint p\u00e9ld\u00e1ul a technikai k\u00e9szs\u00e9gek, a puha k\u00e9szs\u00e9gek \u00e9s a vezet\u0151i k\u00e9pess\u00e9gek fejleszt\u00e9se. <\/p>\n<div class=\"newlinediv\"><\/div>\n<p> 2. Job Shadowing \u00e9s mentor\u00e1l\u00e1s: <\/p>\n<div class=\"newlinediv\"><\/div>\n<p> A munkahelyi \u00e1rny\u00e9kol\u00e1s \u00e9s a mentor\u00e1l\u00e1s kiv\u00e1l\u00f3 munkav\u00e1llal\u00f3fejleszt\u00e9si tev\u00e9kenys\u00e9gek, amelyek gyakorlati tapasztalatot ny\u00fajtanak a munkav\u00e1llal\u00f3knak. A job shadowing sor\u00e1n a munkav\u00e1llal\u00f3 megfigyeli \u00e9s tanul egy m\u00e1sik munkav\u00e1llal\u00f3 munkak\u00f6ri feladatait, m\u00edg a mentor\u00e1l\u00e1s sor\u00e1n egy vezet\u0151 beoszt\u00e1s\u00fa munkav\u00e1llal\u00f3 ir\u00e1ny\u00edtja \u00e9s oktatja a fiatalabb munkav\u00e1llal\u00f3t. Mindk\u00e9t tev\u00e9kenys\u00e9g \u00e9rt\u00e9kes betekint\u00e9st \u00e9s k\u00e9szs\u00e9geket ny\u00fajt, amelyeket a k\u00e9pz\u00e9si programokban nem tan\u00edtanak. A munkahelyi megfigyel\u00e9s \u00e9s a mentor\u00e1l\u00e1s el\u0151seg\u00edti a szervezeten bel\u00fcli csapatmunk\u00e1t \u00e9s egy\u00fcttm\u0171k\u00f6d\u00e9st is. <\/p>\n<div class=\"newlinediv\"><\/div>\n<p> 3. Konferenci\u00e1k \u00e9s szemin\u00e1riumok: <\/p>\n<div class=\"newlinediv\"><\/div>\n<p> A konferenci\u00e1k \u00e9s szemin\u00e1riumok kiv\u00e1l\u00f3 lehet\u0151s\u00e9get ny\u00fajtanak a munkav\u00e1llal\u00f3knak arra, hogy \u00faj k\u00e9szs\u00e9geket saj\u00e1t\u00edtsanak el, \u00e9s h\u00e1l\u00f3zatot \u00e9p\u00edtsenek ki az ipar\u00e1gi szakemberekkel. Ezek az esem\u00e9nyek platformot biztos\u00edtanak a munkav\u00e1llal\u00f3k sz\u00e1m\u00e1ra a tud\u00e1scser\u00e9re, a tapasztalatok megoszt\u00e1s\u00e1ra, valamint az \u00faj trendek \u00e9s technol\u00f3gi\u00e1k megismer\u00e9s\u00e9re. A szervezetek szponzor\u00e1lhatj\u00e1k a munkav\u00e1llal\u00f3kat, hogy r\u00e9szt vehessenek a munkak\u00f6r\u00fck szempontj\u00e1b\u00f3l relev\u00e1ns konferenci\u00e1kon \u00e9s szemin\u00e1riumokon. Az ilyen esem\u00e9nyeken val\u00f3 r\u00e9szv\u00e9tel arra is motiv\u00e1lhatja a munkav\u00e1llal\u00f3kat, hogy naprak\u00e9szek maradjanak az ipar\u00e1gi fejlem\u00e9nyekkel kapcsolatban, \u00e9s fokozz\u00e1k szakmai fejl\u0151d\u00e9s\u00fcket. <\/p>\n<div class=\"newlinediv\"><\/div>\n<p> 4. Keresztk\u00e9pz\u00e9s: <\/p>\n<div class=\"newlinediv\"><\/div>\n<p> A keresztk\u00e9pz\u00e9s az alkalmazottak k\u00fcl\u00f6nb\u00f6z\u0151 oszt\u00e1lyokon vagy munkak\u00f6r\u00f6kben t\u00f6rt\u00e9n\u0151 k\u00e9pz\u00e9s\u00e9nek folyamata. Ez a tev\u00e9kenys\u00e9g sz\u00e9lesebb k\u00f6r\u0171 ismereteket ny\u00fajt a munkav\u00e1llal\u00f3knak a szervezet m\u0171k\u00f6d\u00e9s\u00e9r\u0151l, \u00e9s n\u00f6veli sokoldal\u00fas\u00e1gukat. A keresztk\u00e9pz\u00e9s azt is lehet\u0151v\u00e9 teszi a munkav\u00e1llal\u00f3k sz\u00e1m\u00e1ra, hogy \u00faj feladatokat \u00e9s szerepeket v\u00e1llaljanak, ami karrier\u00e9p\u00edt\u00e9si lehet\u0151s\u00e9gekhez vezethet. A keresztk\u00e9pz\u00e9s el\u0151seg\u00edti a szervezeten bel\u00fcli csapatmunka \u00e9s egy\u00fcttm\u0171k\u00f6d\u00e9s kult\u00far\u00e1j\u00e1t is. <\/p>\n<div class=\"newlinediv\"><\/div>\n<p> \u00d6sszefoglalva, a munkav\u00e1llal\u00f3i fejleszt\u00e9si tev\u00e9kenys\u00e9gek elengedhetetlenek egy szervezet n\u00f6veked\u00e9s\u00e9hez \u00e9s siker\u00e9hez. Ezek a tev\u00e9kenys\u00e9gek nemcsak a munkav\u00e1llal\u00f3i k\u00e9szs\u00e9geket fejlesztik, hanem jav\u00edtj\u00e1k a munkav\u00e1llal\u00f3i mor\u00e1lt \u00e9s a munkahelyi el\u00e9gedetts\u00e9get is. A szervezeteknek be kell fektetni\u00fck a munkav\u00e1llal\u00f3i fejleszt\u00e9si tev\u00e9kenys\u00e9gekbe, hogy el\u0151seg\u00edts\u00e9k a folyamatos tanul\u00e1s \u00e9s fejl\u0151d\u00e9s kult\u00far\u00e1j\u00e1t. Az ebben a cikkben t\u00e1rgyalt p\u00e9ld\u00e1k csak n\u00e9h\u00e1nyat mutatnak a sz\u00e1mos munkav\u00e1llal\u00f3-fejleszt\u00e9si tev\u00e9kenys\u00e9g k\u00f6z\u00fcl, amelyeket a szervezetek v\u00e9gezhetnek.<\/p><\/div>\n<div class=\"questions\">\n<div class=\"questionstitle\">FAQ<\/div>\n<div class=\"question\">\n<div class=\"qtitle\"> Mi a p\u00e9lda a szakmai fejleszt\u00e9si tev\u00e9kenys\u00e9gre?<\/div>\n<p> A szakmai fejleszt\u00e9si tev\u00e9kenys\u00e9gek c\u00e9lja, hogy seg\u00edtsenek az alkalmazottaknak fejleszteni k\u00e9szs\u00e9geiket, tud\u00e1sukat \u00e9s szak\u00e9rtelm\u00fcket egy adott ter\u00fcleten. A szakmai fejleszt\u00e9si tev\u00e9kenys\u00e9gekre sz\u00e1mos p\u00e9lda l\u00e9tezik, de az egyik leggyakoribb p\u00e9lda a saj\u00e1t szakter\u00fclet\u00fckh\u00f6z kapcsol\u00f3d\u00f3 konferenci\u00e1n vagy workshopon val\u00f3 r\u00e9szv\u00e9tel. Ezeket az esem\u00e9nyeket jellemz\u0151en ipar\u00e1gi szervezetek, oktat\u00e1si int\u00e9zm\u00e9nyek vagy szakmai sz\u00f6vets\u00e9gek tartj\u00e1k, \u00e9s lehet\u0151s\u00e9get ny\u00fajtanak a munkav\u00e1llal\u00f3knak arra, hogy megismerj\u00e9k a ter\u00fclet\u00fck\u00f6n a leg\u00fajabb trendeket \u00e9s a legjobb gyakorlatokat, h\u00e1l\u00f3zatot \u00e9p\u00edtsenek ki t\u00e1rsaikkal, \u00e9s \u00e9rt\u00e9kes ismereteket szerezzenek a szak\u00e9rt\u0151kt\u0151l. <\/p>\n<div class=\"newlinediv\"><\/div>\n<p> Tov\u00e1bbi p\u00e9ld\u00e1k a szakmai fejleszt\u00e9si tev\u00e9kenys\u00e9gekre az online tanfolyamok, a mentorprogramok, a munkahelyi megfigyel\u00e9s vagy a keresztk\u00e9pz\u00e9si lehet\u0151s\u00e9gek, a tan\u00fas\u00edtv\u00e1nyok \u00e9s a tov\u00e1bbk\u00e9pz\u00e9si programok. Ezek a tev\u00e9kenys\u00e9gek seg\u00edthetnek a munkav\u00e1llal\u00f3knak \u00faj k\u00e9szs\u00e9geket fejleszteni, el\u0151r\u00e9bb l\u00e9pni karrierj\u00fckben, \u00e9s naprak\u00e9sznek maradni a ter\u00fclet\u00fck leg\u00fajabb trendjeivel \u00e9s technol\u00f3gi\u00e1ival kapcsolatban. A szakmai fejleszt\u00e9si tev\u00e9kenys\u00e9gekbe val\u00f3 befektet\u00e9ssel a szervezetek seg\u00edthetik alkalmazottaik fejl\u0151d\u00e9s\u00e9t \u00e9s gyarapod\u00e1s\u00e1t, ami v\u00e9gs\u0151 soron jobb munkahelyi el\u00e9gedetts\u00e9ghez, magasabb megtart\u00e1si ar\u00e1nyhoz \u00e9s jobb \u00fczleti eredm\u00e9nyekhez vezethet. <\/p>\n<\/div>\n<div class=\"question\">\n<div class=\"qtitle\"> Milyen p\u00e9ld\u00e1k vannak a munkav\u00e1llal\u00f3knak sz\u00f3l\u00f3 fejleszt\u00e9si tervekre?<\/div>\n<p> A munkav\u00e1llal\u00f3knak sz\u00f3l\u00f3 fejleszt\u00e9si tervek c\u00e9lja, hogy seg\u00edtsenek nekik n\u00f6vekedni \u00e9s fejleszteni k\u00e9szs\u00e9geiket \u00e9s k\u00e9pess\u00e9geiket annak \u00e9rdek\u00e9ben, hogy a szervezet hat\u00e9konyabb \u00e9s \u00e9rt\u00e9kesebb tagjaiv\u00e1 v\u00e1ljanak. N\u00e9h\u00e1ny p\u00e9lda a munkav\u00e1llal\u00f3knak sz\u00f3l\u00f3 fejleszt\u00e9si tervekre: <\/p>\n<div class=\"newlinediv\"><\/div>\n<p> 1. K\u00e9pz\u00e9sek \u00e9s workshopok: Ez azt jelenti, hogy az alkalmazottaknak lehet\u0151s\u00e9get biztos\u00edtanak arra, hogy k\u00e9pz\u00e9seken, workshopokon \u00e9s szemin\u00e1riumokon vegyenek r\u00e9szt, hogy a szervezetben bet\u00f6lt\u00f6tt szerep\u00fck szempontj\u00e1b\u00f3l relev\u00e1ns \u00faj k\u00e9szs\u00e9geket \u00e9s technik\u00e1kat saj\u00e1t\u00edthassanak el. Ez mag\u00e1ban foglalhat munkahelyi k\u00e9pz\u00e9st \u00e9s coachingot is. <\/p>\n<div class=\"newlinediv\"><\/div>\n<p> 2. Mentor\u00e1l\u00e1s \u00e9s coaching: Ez mag\u00e1ban foglalja a munkav\u00e1llal\u00f3k tapasztalt mentorokkal vagy coachokkal val\u00f3 p\u00e1ros\u00edt\u00e1s\u00e1t, akik \u00fatmutat\u00e1st, t\u00e1mogat\u00e1st \u00e9s visszajelz\u00e9st tudnak ny\u00fajtani, hogy seg\u00edts\u00e9k \u0151ket teljes\u00edtm\u00e9ny\u00fck jav\u00edt\u00e1s\u00e1ban \u00e9s k\u00e9pess\u00e9geik fejleszt\u00e9s\u00e9ben. <\/p>\n<div class=\"newlinediv\"><\/div>\n<p> 3. Munkahelyek rot\u00e1ci\u00f3ja \u00e9s keresztk\u00e9pz\u00e9s: Ez azt jelenti, hogy a munkav\u00e1llal\u00f3k lehet\u0151s\u00e9get kapnak arra, hogy a szervezeten bel\u00fcl k\u00fcl\u00f6nb\u00f6z\u0151 szerepk\u00f6r\u00f6kben dolgozzanak, vagy hogy keresztk\u00e9pz\u00e9sen kereszt\u00fcl k\u00fcl\u00f6nb\u00f6z\u0151 k\u00e9szs\u00e9geket saj\u00e1t\u00edtsanak el. Ez seg\u00edti a munkav\u00e1llal\u00f3kat abban, hogy sz\u00e9lesebb k\u00f6r\u0171 k\u00e9szs\u00e9geket \u00e9s ismereteket fejlesszenek ki, amelyek hasznosak lehetnek a jelenlegi szerep\u00fckben \u00e9s a szervezeten bel\u00fcli j\u00f6v\u0151beli szerepeikben. <\/p>\n<div class=\"newlinediv\"><\/div>\n<p> 4. Teljes\u00edtm\u00e9nyc\u00e9lok \u00e9s c\u00e9lkit\u0171z\u00e9sek: Ez konkr\u00e9t teljes\u00edtm\u00e9nyc\u00e9lok \u00e9s c\u00e9lkit\u0171z\u00e9sek kit\u0171z\u00e9s\u00e9t jelenti a munkav\u00e1llal\u00f3k sz\u00e1m\u00e1ra, amelyek seg\u00edthetnek nekik abban, hogy er\u0151fesz\u00edt\u00e9seiket \u00f6sszpontos\u00edts\u00e1k, \u00e9s id\u0151vel m\u00e9rj\u00e9k fejl\u0151d\u00e9s\u00fcket. A rendszeres visszajelz\u00e9sek \u00e9s teljes\u00edtm\u00e9ny\u00e9rt\u00e9kel\u00e9sek szint\u00e9n seg\u00edthetnek a munkav\u00e1llal\u00f3knak a fejlesztend\u0151 ter\u00fcletek azonos\u00edt\u00e1s\u00e1ban \u00e9s a c\u00e9ljaik fel\u00e9 tett el\u0151rehalad\u00e1suk nyomon k\u00f6vet\u00e9s\u00e9ben. <\/p>\n<div class=\"newlinediv\"><\/div>\n<p> 5. Oktat\u00e1s \u00e9s tand\u00edj-visszat\u00e9r\u00edt\u00e9s: Ez azt jelenti, hogy a munkav\u00e1llal\u00f3knak p\u00e9nz\u00fcgyi t\u00e1mogat\u00e1st ny\u00fajtanak a szervezetben bet\u00f6lt\u00f6tt szerep\u00fck szempontj\u00e1b\u00f3l relev\u00e1ns tov\u00e1bbtanul\u00e1shoz vagy k\u00e9pz\u00e9shez. Ez seg\u00edthet a munkav\u00e1llal\u00f3knak \u00faj k\u00e9szs\u00e9gek \u00e9s ismeretek fejleszt\u00e9s\u00e9ben, ami mind a munkav\u00e1llal\u00f3, mind a szervezet eg\u00e9sze sz\u00e1m\u00e1ra el\u0151ny\u00f6s lehet.<\/p>\n<\/div>\n<\/div>\n","protected":false},"excerpt":{"rendered":"<p>A munkat\u00e1rsak fejleszt\u00e9se kulcsfontoss\u00e1g\u00fa minden szervezet n\u00f6veked\u00e9se \u00e9s sikere szempontj\u00e1b\u00f3l. Ez egy olyan folyamat, amely a munkav\u00e1llal\u00f3 tud\u00e1s\u00e1nak, k\u00e9szs\u00e9geinek \u00e9s k\u00e9pess\u00e9geinek fejleszt\u00e9s\u00e9re ir\u00e1nyul, hogy n\u00f6velje teljes\u00edtm\u00e9ny\u00e9t \u00e9s termel\u00e9kenys\u00e9g\u00e9t. A munkav\u00e1llal\u00f3i fejleszt\u00e9si tev\u00e9kenys\u00e9gekbe val\u00f3 befektet\u00e9s nemcsak a munkav\u00e1llal\u00f3 karrierlehet\u0151s\u00e9geit jav\u00edtja, hanem a szervezetet is seg\u00edti c\u00e9ljainak el\u00e9r\u00e9s\u00e9ben. Ebben a cikkben a szervezetek \u00e1ltal v\u00e9gezhet\u0151 munkav\u00e1llal\u00f3-fejleszt\u00e9si tev\u00e9kenys\u00e9gek &#8230; <a title=\"A potenci\u00e1l felszabad\u00edt\u00e1sa: A munkat\u00e1rsak k\u00e9pess\u00e9geinek fejleszt\u00e9se fejleszt\u00e9si tev\u00e9kenys\u00e9gekkel\" class=\"read-more\" href=\"https:\/\/megnyitasa.com\/tudas\/a-potencial-felszabaditasa-a-munkatarsak-kepessegeinek-fejlesztese-fejlesztesi-tevekenysegekkel-2\/\" aria-label=\"Read more about A potenci\u00e1l felszabad\u00edt\u00e1sa: A munkat\u00e1rsak k\u00e9pess\u00e9geinek fejleszt\u00e9se fejleszt\u00e9si tev\u00e9kenys\u00e9gekkel\">Read more<\/a><\/p>\n","protected":false},"author":1189,"featured_media":0,"comment_status":"closed","ping_status":"closed","sticky":false,"template":"","format":"standard","meta":{"footnotes":""},"categories":[37],"tags":[],"class_list":["post-3989","post","type-post","status-publish","format-standard","hentry","category-a-munkavallalok-iranyitasa"],"_links":{"self":[{"href":"https:\/\/megnyitasa.com\/tudas\/wp-json\/wp\/v2\/posts\/3989","targetHints":{"allow":["GET"]}}],"collection":[{"href":"https:\/\/megnyitasa.com\/tudas\/wp-json\/wp\/v2\/posts"}],"about":[{"href":"https:\/\/megnyitasa.com\/tudas\/wp-json\/wp\/v2\/types\/post"}],"author":[{"embeddable":true,"href":"https:\/\/megnyitasa.com\/tudas\/wp-json\/wp\/v2\/users\/1189"}],"replies":[{"embeddable":true,"href":"https:\/\/megnyitasa.com\/tudas\/wp-json\/wp\/v2\/comments?post=3989"}],"version-history":[{"count":1,"href":"https:\/\/megnyitasa.com\/tudas\/wp-json\/wp\/v2\/posts\/3989\/revisions"}],"predecessor-version":[{"id":23547,"href":"https:\/\/megnyitasa.com\/tudas\/wp-json\/wp\/v2\/posts\/3989\/revisions\/23547"}],"wp:attachment":[{"href":"https:\/\/megnyitasa.com\/tudas\/wp-json\/wp\/v2\/media?parent=3989"}],"wp:term":[{"taxonomy":"category","embeddable":true,"href":"https:\/\/megnyitasa.com\/tudas\/wp-json\/wp\/v2\/categories?post=3989"},{"taxonomy":"post_tag","embeddable":true,"href":"https:\/\/megnyitasa.com\/tudas\/wp-json\/wp\/v2\/tags?post=3989"}],"curies":[{"name":"wp","href":"https:\/\/api.w.org\/{rel}","templated":true}]}}