{"id":41,"date":"2023-04-24T00:00:00","date_gmt":"2023-04-24T00:00:00","guid":{"rendered":"https:\/\/megnyitasa.com\/tudas\/emlekeid-felfedezese-utmutato-az-icloud-fotok-megtekintesehez\/"},"modified":"2023-04-24T00:00:00","modified_gmt":"2023-04-24T00:00:00","slug":"emlekeid-felfedezese-utmutato-az-icloud-fotok-megtekintesehez","status":"publish","type":"post","link":"https:\/\/megnyitasa.com\/tudas\/emlekeid-felfedezese-utmutato-az-icloud-fotok-megtekintesehez\/","title":{"rendered":"Eml\u00e9keid felfedez\u00e9se: \u00datmutat\u00f3 az iCloud-fot\u00f3k megtekint\u00e9s\u00e9hez"},"content":{"rendered":"<div class=\"articlecontent\">\n<div class=\"newlinediv\"><\/div>\n<p> Az iCloud Fot\u00f3k egy felh\u0151alap\u00fa t\u00e1rhelyszolg\u00e1ltat\u00e1s, amely lehet\u0151v\u00e9 teszi az Apple-felhaszn\u00e1l\u00f3k sz\u00e1m\u00e1ra, hogy fot\u00f3ikat \u00e9s vide\u00f3ikat az \u00f6sszes Apple-eszk\u00f6z\u00fck\u00f6n t\u00e1rolj\u00e1k \u00e9s el\u00e9rj\u00e9k. Az iCloud Fot\u00f3k haszn\u00e1lat\u00e1val minden f\u00e9nyk\u00e9p\u00e9t \u00e9s vide\u00f3j\u00e1t automatikusan felt\u00f6ltheti a felh\u0151be, \u00edgy k\u00f6nnyen hozz\u00e1f\u00e9rhet hozz\u00e1juk b\u00e1rmilyen eszk\u00f6zr\u0151l, b\u00e1rhol \u00e9s b\u00e1rmikor. Ebben a cikkben megmutatjuk, hogyan tekintheti meg iCloud-fot\u00f3it \u00e9s -vide\u00f3it. <\/p>\n<div class=\"newlinediv\"><\/div>\n<p> 1. l\u00e9p\u00e9s: Kapcsolja be az iCloud-fot\u00f3kat <\/p>\n<div class=\"newlinediv\"><\/div>\n<p> Miel\u0151tt megtekinthetn\u00e9 iCloud-fot\u00f3it, biztos\u00edtania kell, hogy az iCloud-fot\u00f3k funkci\u00f3 enged\u00e9lyezve legyen a k\u00e9sz\u00fcl\u00e9k\u00e9n. Ehhez v\u00e1lassza a Be\u00e1ll\u00edt\u00e1sok &gt; [Az \u00d6n neve] &gt; iCloud &gt; Fot\u00f3k men\u00fcpontot, \u00e9s kapcsolja be az iCloud Fot\u00f3k funkci\u00f3t. Ez biztos\u00edtja, hogy az \u00f6sszes f\u00e9nyk\u00e9p \u00e9s vide\u00f3 automatikusan felt\u00f6lt\u0151dj\u00f6n az iCloudba. <\/p>\n<div class=\"newlinediv\"><\/div>\n<p> 2. l\u00e9p\u00e9s: Hozz\u00e1f\u00e9r\u00e9s az iCloud-fot\u00f3khoz <\/p>\n<div class=\"newlinediv\"><\/div>\n<p> Ha bekapcsolta az iCloud-fot\u00f3kat, b\u00e1rmelyik eszk\u00f6zr\u0151l hozz\u00e1f\u00e9rhet a fot\u00f3khoz \u00e9s vide\u00f3khoz, amelyik ugyanazzal az Apple ID-val van bejelentkezve. Az iCloud-fot\u00f3k megtekint\u00e9s\u00e9hez iPhone vagy iPad k\u00e9sz\u00fcl\u00e9k\u00e9n nyissa meg a Fot\u00f3k alkalmaz\u00e1st, \u00e9s koppintson a Fot\u00f3k f\u00fclre. A f\u00e9nyk\u00e9pek \u00e9s vide\u00f3k d\u00e1tum \u00e9s helysz\u00edn szerint lesznek rendezve, \u00edgy k\u00f6nnyen megtal\u00e1lod, amit keresel. <\/p>\n<div class=\"newlinediv\"><\/div>\n<p> 3. l\u00e9p\u00e9s: A f\u00e9nyk\u00e9pek megtekint\u00e9se a Mac sz\u00e1m\u00edt\u00f3g\u00e9pen <\/p>\n<div class=\"newlinediv\"><\/div>\n<p> Az iCloud-fot\u00f3k megtekint\u00e9s\u00e9hez a Mac sz\u00e1m\u00edt\u00f3g\u00e9pen nyissa meg a Fot\u00f3k alkalmaz\u00e1st, \u00e9s kattintson az oldals\u00e1vban a Fot\u00f3k gombra. A f\u00e9nyk\u00e9pek \u00e9s vide\u00f3k ugyan\u00fagy lesznek rendszerezve, mint az iPhone vagy iPad k\u00e9sz\u00fcl\u00e9k\u00e9n, \u00edgy k\u00f6nnyen megtal\u00e1lhatja, amit keres. <\/p>\n<div class=\"newlinediv\"><\/div>\n<p> 4. l\u00e9p\u00e9s: Az iCloud-fot\u00f3k online el\u00e9r\u00e9se <\/p>\n<div class=\"newlinediv\"><\/div>\n<p> Ha nincs hozz\u00e1f\u00e9r\u00e9se Apple-eszk\u00f6zh\u00f6z, akkor is megtekintheti iCloud-fot\u00f3it az iCloud.com webhelyre val\u00f3 bejelentkez\u00e9ssel b\u00e1rmelyik webb\u00f6ng\u00e9sz\u0151ben. Miut\u00e1n bejelentkezett, kattintson a Fot\u00f3k ikonra, \u00e9s megtekintheti az \u00f6sszes f\u00e9nyk\u00e9p\u00e9t \u00e9s vide\u00f3j\u00e1t. <\/p>\n<div class=\"newlinediv\"><\/div>\n<p> \u00d6sszefoglalva, az iCloud Fot\u00f3k nagyszer\u0171 m\u00f3dja a f\u00e9nyk\u00e9pek \u00e9s vide\u00f3k t\u00e1rol\u00e1s\u00e1nak \u00e9s el\u00e9r\u00e9s\u00e9nek az \u00f6sszes Apple-eszk\u00f6z\u00f6n. Ha k\u00f6veti ezeket az egyszer\u0171 l\u00e9p\u00e9seket, b\u00e1rhol \u00e9s b\u00e1rmikor k\u00f6nnyed\u00e9n megtekintheti iCloud-fot\u00f3it \u00e9s -vide\u00f3it.<\/p><\/div>\n","protected":false},"excerpt":{"rendered":"<p>Az iCloud Fot\u00f3k egy felh\u0151alap\u00fa t\u00e1rhelyszolg\u00e1ltat\u00e1s, amely lehet\u0151v\u00e9 teszi az Apple-felhaszn\u00e1l\u00f3k sz\u00e1m\u00e1ra, hogy fot\u00f3ikat \u00e9s vide\u00f3ikat az \u00f6sszes Apple-eszk\u00f6z\u00fck\u00f6n t\u00e1rolj\u00e1k \u00e9s el\u00e9rj\u00e9k. Az iCloud Fot\u00f3k haszn\u00e1lat\u00e1val minden f\u00e9nyk\u00e9p\u00e9t \u00e9s vide\u00f3j\u00e1t automatikusan felt\u00f6ltheti a felh\u0151be, \u00edgy k\u00f6nnyen hozz\u00e1f\u00e9rhet hozz\u00e1juk b\u00e1rmilyen eszk\u00f6zr\u0151l, b\u00e1rhol \u00e9s b\u00e1rmikor. Ebben a cikkben megmutatjuk, hogyan tekintheti meg iCloud-fot\u00f3it \u00e9s -vide\u00f3it. 1. l\u00e9p\u00e9s: &#8230; <a title=\"Eml\u00e9keid felfedez\u00e9se: \u00datmutat\u00f3 az iCloud-fot\u00f3k megtekint\u00e9s\u00e9hez\" class=\"read-more\" href=\"https:\/\/megnyitasa.com\/tudas\/emlekeid-felfedezese-utmutato-az-icloud-fotok-megtekintesehez\/\" aria-label=\"Read more about Eml\u00e9keid felfedez\u00e9se: \u00datmutat\u00f3 az iCloud-fot\u00f3k megtekint\u00e9s\u00e9hez\">Read more<\/a><\/p>\n","protected":false},"author":16,"featured_media":0,"comment_status":"closed","ping_status":"closed","sticky":false,"template":"","format":"standard","meta":{"footnotes":""},"categories":[5],"tags":[],"class_list":["post-41","post","type-post","status-publish","format-standard","hentry","category-uj-vallalkozas-letrehozasa"],"_links":{"self":[{"href":"https:\/\/megnyitasa.com\/tudas\/wp-json\/wp\/v2\/posts\/41","targetHints":{"allow":["GET"]}}],"collection":[{"href":"https:\/\/megnyitasa.com\/tudas\/wp-json\/wp\/v2\/posts"}],"about":[{"href":"https:\/\/megnyitasa.com\/tudas\/wp-json\/wp\/v2\/types\/post"}],"author":[{"embeddable":true,"href":"https:\/\/megnyitasa.com\/tudas\/wp-json\/wp\/v2\/users\/16"}],"replies":[{"embeddable":true,"href":"https:\/\/megnyitasa.com\/tudas\/wp-json\/wp\/v2\/comments?post=41"}],"version-history":[{"count":0,"href":"https:\/\/megnyitasa.com\/tudas\/wp-json\/wp\/v2\/posts\/41\/revisions"}],"wp:attachment":[{"href":"https:\/\/megnyitasa.com\/tudas\/wp-json\/wp\/v2\/media?parent=41"}],"wp:term":[{"taxonomy":"category","embeddable":true,"href":"https:\/\/megnyitasa.com\/tudas\/wp-json\/wp\/v2\/categories?post=41"},{"taxonomy":"post_tag","embeddable":true,"href":"https:\/\/megnyitasa.com\/tudas\/wp-json\/wp\/v2\/tags?post=41"}],"curies":[{"name":"wp","href":"https:\/\/api.w.org\/{rel}","templated":true}]}}