{"id":4592,"date":"2023-04-24T00:00:00","date_gmt":"2023-04-24T00:00:00","guid":{"rendered":"https:\/\/megnyitasa.com\/tudas\/a-globalizacio-hatasa-a-marketingstrategiakra\/"},"modified":"2023-04-24T00:00:00","modified_gmt":"2023-04-24T00:00:00","slug":"a-globalizacio-hatasa-a-marketingstrategiakra","status":"publish","type":"post","link":"https:\/\/megnyitasa.com\/tudas\/a-globalizacio-hatasa-a-marketingstrategiakra\/","title":{"rendered":"A globaliz\u00e1ci\u00f3 hat\u00e1sa a marketingstrat\u00e9gi\u00e1kra"},"content":{"rendered":"<div class=\"articlecontent\">\n<div class=\"newlinediv\"><\/div>\n<p> A globaliz\u00e1ci\u00f3 t\u00e9rnyer\u00e9se jelent\u0151s hat\u00e1ssal volt arra, ahogyan a v\u00e1llalkoz\u00e1sok a marketinget megk\u00f6zel\u00edtik. A marketing globaliz\u00e1ci\u00f3ja \u00fagy hat\u00e1rozhat\u00f3 meg, mint a marketingstrat\u00e9gi\u00e1knak a k\u00fcl\u00f6nb\u00f6z\u0151 kult\u00far\u00e1k \u00e9s piacok saj\u00e1tos ig\u00e9nyeihez val\u00f3 igaz\u00edt\u00e1s\u00e1nak folyamata vil\u00e1gszerte. A mai \u00f6sszekapcsolt vil\u00e1gban a v\u00e1llalkoz\u00e1soknak olyan marketingstrat\u00e9gi\u00e1kat kell elfogadniuk, amelyek egyszerre glob\u00e1lisak \u00e9s kultur\u00e1lisan \u00e9rz\u00e9kenyek. <\/p>\n<div class=\"newlinediv\"><\/div>\n<p> A globaliz\u00e1ci\u00f3 egyik legjelent\u0151sebb hat\u00e1sa a glob\u00e1lis fogyaszt\u00f3i kult\u00fara kialakul\u00e1sa. Ahogy a fogyaszt\u00f3k vil\u00e1gszerte egyre jobban \u00f6sszekapcsol\u00f3dnak a k\u00f6z\u00f6ss\u00e9gi m\u00e9di\u00e1n \u00e9s az interneten kereszt\u00fcl, hasonl\u00f3 term\u00e9keknek, trendeknek \u00e9s \u00e9letst\u00edlusoknak vannak kit\u00e9ve. Ez azt jelenti, hogy a v\u00e1llalkoz\u00e1soknak olyan marketingstrat\u00e9gi\u00e1kat kell elfogadniuk, amelyek a k\u00fcl\u00f6nb\u00f6z\u0151 kult\u00far\u00e1k \u00e9s piacok fogyaszt\u00f3it meg tudj\u00e1k sz\u00f3l\u00edtani. A Coca-Cola &#8222;Taste the Feeling&#8221; kamp\u00e1nya p\u00e9ld\u00e1ul olyan glob\u00e1lis marketingstrat\u00e9gia, amelynek c\u00e9lja, hogy \u00e9rzelmi szinten kapcsol\u00f3djon a fogyaszt\u00f3khoz, f\u00fcggetlen\u00fcl azok kultur\u00e1lis h\u00e1tter\u00e9t\u0151l. <\/p>\n<div class=\"newlinediv\"><\/div>\n<p> A globaliz\u00e1ci\u00f3 m\u00e1sik hat\u00e1sa a marketingstrat\u00e9gi\u00e1kra az, hogy a v\u00e1llalkoz\u00e1soknak kultur\u00e1lisan \u00e9rz\u00e9kenynek kell lenni\u00fck. Ez azt jelenti, hogy a v\u00e1llalkoz\u00e1soknak meg kell \u00e9rteni\u00fck a k\u00fcl\u00f6nb\u00f6z\u0151 piacok kultur\u00e1lis norm\u00e1it, \u00e9rt\u00e9keit \u00e9s hiedelmeit annak \u00e9rdek\u00e9ben, hogy ne s\u00e9rts\u00e9k meg a v\u00e1s\u00e1rl\u00f3ikat. A McDonald&#8217;s p\u00e9ld\u00e1ul a vil\u00e1g k\u00fcl\u00f6nb\u00f6z\u0151 kult\u00far\u00e1inak saj\u00e1tos ig\u00e9nyeihez \u00e9s preferenci\u00e1ihoz igaz\u00edtotta \u00e9tlapj\u00e1t. Indi\u00e1ban p\u00e9ld\u00e1ul a McDonald&#8217;s sz\u00e1mos veget\u00e1ri\u00e1nus opci\u00f3t k\u00edn\u00e1l, m\u00edg Jap\u00e1nban a tenger gy\u00fcm\u00f6lcsei k\u00f6z\u00fcl v\u00e1laszthatunk. <\/p>\n<div class=\"newlinediv\"><\/div>\n<p> A globaliz\u00e1ci\u00f3 \u00faj marketingcsatorn\u00e1k \u00e9s platformok megjelen\u00e9s\u00e9hez is vezetett. A k\u00f6z\u00f6ss\u00e9gi m\u00e9dia \u00e9s az e-kereskedelem t\u00e9rh\u00f3d\u00edt\u00e1s\u00e1val a v\u00e1llalkoz\u00e1sok ma m\u00e1r viszonylag k\u00f6nnyen el\u00e9rhetik a fogyaszt\u00f3kat szerte a vil\u00e1gon. Ez azonban azt is jelenti, hogy a v\u00e1llalkoz\u00e1soknak ezekre az \u00faj csatorn\u00e1kra \u00e9s platformokra kell igaz\u00edtaniuk marketingstrat\u00e9gi\u00e1jukat. Sok v\u00e1llalkoz\u00e1s p\u00e9ld\u00e1ul ma m\u00e1r a k\u00f6z\u00f6ss\u00e9gi m\u00e9dia influencereit haszn\u00e1lja fel term\u00e9kei \u00e9s szolg\u00e1ltat\u00e1sai n\u00e9pszer\u0171s\u00edt\u00e9s\u00e9re a glob\u00e1lis k\u00f6z\u00f6ns\u00e9g sz\u00e1m\u00e1ra. <\/p>\n<div class=\"newlinediv\"><\/div>\n<p> \u00d6sszefoglalva, a marketing globaliz\u00e1ci\u00f3 a mai \u00f6sszekapcsolt vil\u00e1gban minden \u00fczleti strat\u00e9gia kritikus r\u00e9sze. A v\u00e1llalkoz\u00e1soknak olyan marketingstrat\u00e9gi\u00e1kat kell elfogadniuk, amelyek egyszerre glob\u00e1lisak \u00e9s kultur\u00e1lisan \u00e9rz\u00e9kenyek annak \u00e9rdek\u00e9ben, hogy el\u00e9rj\u00e9k a k\u00fcl\u00f6nb\u00f6z\u0151 kult\u00far\u00e1k \u00e9s piacok fogyaszt\u00f3it. A megfelel\u0151 megk\u00f6zel\u00edt\u00e9ssel a v\u00e1llalkoz\u00e1sok kihaszn\u00e1lhatj\u00e1k a globaliz\u00e1ci\u00f3 ny\u00fajtotta lehet\u0151s\u00e9geket, \u00e9s val\u00f3ban glob\u00e1lis m\u00e1rk\u00e1t \u00e9p\u00edthetnek.<\/p><\/div>\n","protected":false},"excerpt":{"rendered":"<p>A globaliz\u00e1ci\u00f3 t\u00e9rnyer\u00e9se jelent\u0151s hat\u00e1ssal volt arra, ahogyan a v\u00e1llalkoz\u00e1sok a marketinget megk\u00f6zel\u00edtik. A marketing globaliz\u00e1ci\u00f3ja \u00fagy hat\u00e1rozhat\u00f3 meg, mint a marketingstrat\u00e9gi\u00e1knak a k\u00fcl\u00f6nb\u00f6z\u0151 kult\u00far\u00e1k \u00e9s piacok saj\u00e1tos ig\u00e9nyeihez val\u00f3 igaz\u00edt\u00e1s\u00e1nak folyamata vil\u00e1gszerte. A mai \u00f6sszekapcsolt vil\u00e1gban a v\u00e1llalkoz\u00e1soknak olyan marketingstrat\u00e9gi\u00e1kat kell elfogadniuk, amelyek egyszerre glob\u00e1lisak \u00e9s kultur\u00e1lisan \u00e9rz\u00e9kenyek. A globaliz\u00e1ci\u00f3 egyik legjelent\u0151sebb hat\u00e1sa a &#8230; <a title=\"A globaliz\u00e1ci\u00f3 hat\u00e1sa a marketingstrat\u00e9gi\u00e1kra\" class=\"read-more\" href=\"https:\/\/megnyitasa.com\/tudas\/a-globalizacio-hatasa-a-marketingstrategiakra\/\" aria-label=\"Read more about A globaliz\u00e1ci\u00f3 hat\u00e1sa a marketingstrat\u00e9gi\u00e1kra\">Read more<\/a><\/p>\n","protected":false},"author":2515,"featured_media":0,"comment_status":"closed","ping_status":"closed","sticky":false,"template":"","format":"standard","meta":{"footnotes":""},"categories":[6],"tags":[],"class_list":["post-4592","post","type-post","status-publish","format-standard","hentry","category-reklam-es-marketing"],"_links":{"self":[{"href":"https:\/\/megnyitasa.com\/tudas\/wp-json\/wp\/v2\/posts\/4592","targetHints":{"allow":["GET"]}}],"collection":[{"href":"https:\/\/megnyitasa.com\/tudas\/wp-json\/wp\/v2\/posts"}],"about":[{"href":"https:\/\/megnyitasa.com\/tudas\/wp-json\/wp\/v2\/types\/post"}],"author":[{"embeddable":true,"href":"https:\/\/megnyitasa.com\/tudas\/wp-json\/wp\/v2\/users\/2515"}],"replies":[{"embeddable":true,"href":"https:\/\/megnyitasa.com\/tudas\/wp-json\/wp\/v2\/comments?post=4592"}],"version-history":[{"count":0,"href":"https:\/\/megnyitasa.com\/tudas\/wp-json\/wp\/v2\/posts\/4592\/revisions"}],"wp:attachment":[{"href":"https:\/\/megnyitasa.com\/tudas\/wp-json\/wp\/v2\/media?parent=4592"}],"wp:term":[{"taxonomy":"category","embeddable":true,"href":"https:\/\/megnyitasa.com\/tudas\/wp-json\/wp\/v2\/categories?post=4592"},{"taxonomy":"post_tag","embeddable":true,"href":"https:\/\/megnyitasa.com\/tudas\/wp-json\/wp\/v2\/tags?post=4592"}],"curies":[{"name":"wp","href":"https:\/\/api.w.org\/{rel}","templated":true}]}}