{"id":4765,"date":"2023-04-24T00:00:00","date_gmt":"2023-04-24T00:00:00","guid":{"rendered":"https:\/\/megnyitasa.com\/tudas\/a-dell-rejtett-kamerajanak-titkanak-feltarasa-utmutato-a-dell-integralt-webkamera-beallitasainak-megnyitasahoz\/"},"modified":"2023-04-24T00:00:00","modified_gmt":"2023-04-24T00:00:00","slug":"a-dell-rejtett-kamerajanak-titkanak-feltarasa-utmutato-a-dell-integralt-webkamera-beallitasainak-megnyitasahoz","status":"publish","type":"post","link":"https:\/\/megnyitasa.com\/tudas\/a-dell-rejtett-kamerajanak-titkanak-feltarasa-utmutato-a-dell-integralt-webkamera-beallitasainak-megnyitasahoz\/","title":{"rendered":"A Dell rejtett kamer\u00e1j\u00e1nak titk\u00e1nak felt\u00e1r\u00e1sa: \u00datmutat\u00f3 a Dell integr\u00e1lt webkamera be\u00e1ll\u00edt\u00e1sainak megnyit\u00e1s\u00e1hoz"},"content":{"rendered":"<div class=\"articlecontent\">\n<div class=\"newlinediv\"><\/div>\n<p> A Dell laptopok az egyik legmegb\u00edzhat\u00f3bb m\u00e1rka a piacon. Nagyszer\u0171 teljes\u00edtm\u00e9nyt, eleg\u00e1ns kialak\u00edt\u00e1st \u00e9s sz\u00e1mos funkci\u00f3t k\u00edn\u00e1lnak. Az egyik olyan funkci\u00f3, amelyet a legt\u00f6bb felhaszn\u00e1l\u00f3 praktikusnak tal\u00e1l, a be\u00e9p\u00edtett webkamera. N\u00e9h\u00e1ny felhaszn\u00e1l\u00f3 sz\u00e1m\u00e1ra azonban kih\u00edv\u00e1st jelenthet a webkamera be\u00e1ll\u00edt\u00e1sainak el\u00e9r\u00e9se. Ebben az \u00fatmutat\u00f3ban v\u00e9gigvezetj\u00fck \u00d6nt a Dell integr\u00e1lt webkamera be\u00e1ll\u00edt\u00e1sainak megnyit\u00e1s\u00e1hoz sz\u00fcks\u00e9ges l\u00e9p\u00e9seken. <\/p>\n<div class=\"newlinediv\"><\/div>\n<p> 1. l\u00e9p\u00e9s: A Dell Webcam Central megnyit\u00e1sa <\/p>\n<div class=\"newlinediv\"><\/div>\n<p> Az els\u0151 l\u00e9p\u00e9s a Dell Webcam Central megnyit\u00e1sa. Ezt \u00fagy teheti meg, hogy a Start men\u00fcre kattintva r\u00e1keres a &#8222;Dell Webcam Central&#8221; kifejez\u00e9sre. Ha megtal\u00e1lta az alkalmaz\u00e1st, kattintson r\u00e1 a megnyit\u00e1s\u00e1hoz. <\/p>\n<div class=\"newlinediv\"><\/div>\n<p> 2. l\u00e9p\u00e9s: A speci\u00e1lis be\u00e1ll\u00edt\u00e1sok el\u00e9r\u00e9se <\/p>\n<div class=\"newlinediv\"><\/div>\n<p> Miut\u00e1n megnyitotta a Dell Webcam Central alkalmaz\u00e1st, az alkalmaz\u00e1s jobb als\u00f3 sark\u00e1ban tal\u00e1lhat\u00f3 fogasker\u00e9k ikonra kattintva el\u00e9rheti a speci\u00e1lis be\u00e1ll\u00edt\u00e1sokat. Ez\u00e1ltal eljut a speci\u00e1lis be\u00e1ll\u00edt\u00e1sok oldalra. <\/p>\n<div class=\"newlinediv\"><\/div>\n<p> 3. l\u00e9p\u00e9s: A be\u00e1ll\u00edt\u00e1sok testreszab\u00e1sa <\/p>\n<div class=\"newlinediv\"><\/div>\n<p> A speci\u00e1lis be\u00e1ll\u00edt\u00e1sok oldalon testre szabhatja a webkamera be\u00e1ll\u00edt\u00e1sait a saj\u00e1t preferenci\u00e1inak megfelel\u0151en. Be\u00e1ll\u00edthatja a kamera f\u00e9nyerej\u00e9t, kontrasztj\u00e1t \u00e9s tel\u00edtetts\u00e9gi szintj\u00e9t. Emellett enged\u00e9lyezheti vagy letilthatja az automatikus \u00e9less\u00e9g\u00e1ll\u00edt\u00e1s funkci\u00f3t, \u00e9s m\u00f3dos\u00edthatja a kamera expoz\u00edci\u00f3s be\u00e1ll\u00edt\u00e1sait. <\/p>\n<div class=\"newlinediv\"><\/div>\n<p> 4. l\u00e9p\u00e9s: A be\u00e1ll\u00edt\u00e1sok ment\u00e9se <\/p>\n<div class=\"newlinediv\"><\/div>\n<p> Miut\u00e1n testre szabta a be\u00e1ll\u00edt\u00e1sokat, kattintson a &#8222;Ment\u00e9s&#8221; gombra a m\u00f3dos\u00edt\u00e1sok alkalmaz\u00e1s\u00e1hoz. Ha vissza szeretn\u00e9 \u00e1ll\u00edtani az alap\u00e9rtelmezett be\u00e1ll\u00edt\u00e1sokat, kattintson a &#8222;Reset&#8221; gombra. <\/p>\n<div class=\"newlinediv\"><\/div>\n<p> K\u00f6vetkeztet\u00e9s <\/p>\n<div class=\"newlinediv\"><\/div>\n<p> Ezekkel az egyszer\u0171 l\u00e9p\u00e9sekkel el\u00e9rheti \u00e9s testre szabhatja a Dell integr\u00e1lt webkamera be\u00e1ll\u00edt\u00e1sait. L\u00e9nyeges megjegyezni, hogy egyes Dell laptopok el\u0151re telep\u00edtett szoftverekkel \u00e9rkeznek, amelyek zavarhatj\u00e1k a webkamera be\u00e1ll\u00edt\u00e1sait. Ha b\u00e1rmilyen probl\u00e9ma mer\u00fcl fel, forduljon a Dell \u00fcgyf\u00e9lszolg\u00e1lat\u00e1hoz seg\u00edts\u00e9g\u00e9rt. Rem\u00e9lj\u00fck, hogy ez az \u00fatmutat\u00f3 hasznos volt a Dell rejtett kamer\u00e1j\u00e1nak titk\u00e1nak megfejt\u00e9s\u00e9ben.<\/p><\/div>\n<div class=\"questions\">\n<div class=\"questionstitle\">FAQ<\/div>\n<div class=\"question\">\n<div class=\"qtitle\"> Hogyan kapcsolhatom be a Dell laptop be\u00e9p\u00edtett kamer\u00e1j\u00e1t?<\/div>\n<p> A Dell laptop be\u00e9p\u00edtett kamer\u00e1j\u00e1nak bekapcsol\u00e1s\u00e1hoz a k\u00f6vetkez\u0151 l\u00e9p\u00e9seket k\u00f6vetheti: <\/p>\n<div class=\"newlinediv\"><\/div>\n<p> 1. Nyissa meg a Windows oper\u00e1ci\u00f3s rendszer Start men\u00fcj\u00e9t a k\u00e9perny\u0151 bal als\u00f3 sark\u00e1ban tal\u00e1lhat\u00f3 Windows ikonra kattintva. <\/p>\n<div class=\"newlinediv\"><\/div>\n<p> 2. Kattintson a &#8222;Be\u00e1ll\u00edt\u00e1sok&#8221; ikonra, amely egy fogasker\u00e9kre hasonl\u00edt. <\/p>\n<div class=\"newlinediv\"><\/div>\n<p> 3. A Be\u00e1ll\u00edt\u00e1sok men\u00fcben kattintson az &#8222;Adatv\u00e9delem&#8221; lehet\u0151s\u00e9gre. <\/p>\n<div class=\"newlinediv\"><\/div>\n<p> 4. Az Adatv\u00e9delem men\u00fcben keresse meg a bal oldalon a &#8222;Kamera&#8221; opci\u00f3t, \u00e9s kattintson r\u00e1. <\/p>\n<div class=\"newlinediv\"><\/div>\n<p> 5. Gy\u0151z\u0151dj\u00f6n meg r\u00f3la, hogy a &#8222;Alkalmaz\u00e1sok hozz\u00e1f\u00e9r\u00e9s\u00e9nek enged\u00e9lyez\u00e9se a kamer\u00e1hoz&#8221; kapcsol\u00f3 be van kapcsolva. <\/p>\n<div class=\"newlinediv\"><\/div>\n<p> 6. A &#8222;V\u00e1lassza ki, mely alkalmaz\u00e1sok f\u00e9rhetnek hozz\u00e1 a kamer\u00e1hoz&#8221; szakasz alatt keresse meg azt az alkalmaz\u00e1st, amellyel a kamer\u00e1t haszn\u00e1lni szeretn\u00e9, \u00e9s gy\u0151z\u0151dj\u00f6n meg r\u00f3la, hogy annak kapcsol\u00f3ja be van kapcsolva. <\/p>\n<div class=\"newlinediv\"><\/div>\n<p> 7. Miut\u00e1n ezeket a be\u00e1ll\u00edt\u00e1sokat elv\u00e9gezte, elind\u00edthatja azt az alkalmaz\u00e1st, amellyel a kamer\u00e1t haszn\u00e1lni szeretn\u00e9, \u00e9s annak automatikusan be kell kapcsolnia. <\/p>\n<div class=\"newlinediv\"><\/div>\n<p> Ha ezek a l\u00e9p\u00e9sek nem m\u0171k\u00f6dnek, gy\u0151z\u0151dj\u00f6n meg arr\u00f3l, hogy a Dell laptopj\u00e1ra telep\u00edtve vannak a kamera sz\u00e1m\u00e1ra sz\u00fcks\u00e9ges illeszt\u0151programok. Ezeket az illeszt\u0151programokat let\u00f6ltheti \u00e9s telep\u00edtheti a Dell weboldal\u00e1r\u00f3l vagy a Dell Update seg\u00e9dprogram seg\u00edts\u00e9g\u00e9vel. <\/p>\n<\/div>\n<div class=\"question\">\n<div class=\"qtitle\"> Hogyan kapcsolhatom be a be\u00e9p\u00edtett kamer\u00e1t a Dell monitoromon?<\/div>\n<p> A Dell monitor be\u00e9p\u00edtett kamer\u00e1j\u00e1nak bekapcsol\u00e1s\u00e1hoz az al\u00e1bbi l\u00e9p\u00e9seket kell k\u00f6vetnie: <\/p>\n<div class=\"newlinediv\"><\/div>\n<p> 1. El\u0151sz\u00f6r is gy\u0151z\u0151dj\u00f6n meg arr\u00f3l, hogy a monitor csatlakoztatva van a sz\u00e1m\u00edt\u00f3g\u00e9phez \u00e9s be van kapcsolva. <\/p>\n<div class=\"newlinediv\"><\/div>\n<p> 2. Ezut\u00e1n keresse meg a kamera ikonj\u00e1t a monitoron. Ez az ikon \u00e1ltal\u00e1ban a monitor tetej\u00e9n vagy alj\u00e1n tal\u00e1lhat\u00f3, \u00e9s \u00fagy n\u00e9z ki, mint egy kis kamera. <\/p>\n<div class=\"newlinediv\"><\/div>\n<p> 3. Kattintson a kamera ikonra a kamera alkalmaz\u00e1s elind\u00edt\u00e1s\u00e1hoz. <\/p>\n<div class=\"newlinediv\"><\/div>\n<p> 4. Amint a kamera alkalmaz\u00e1s megny\u00edlt, l\u00e1tnia kell mag\u00e1t a k\u00e9perny\u0151n. <\/p>\n<div class=\"newlinediv\"><\/div>\n<p> 5. Ha probl\u00e9m\u00e1i vannak a kamera m\u0171k\u00f6d\u00e9s\u00e9vel, pr\u00f3b\u00e1lja meg ellen\u0151rizni a sz\u00e1m\u00edt\u00f3g\u00e9p be\u00e1ll\u00edt\u00e1sait, hogy a kamera enged\u00e9lyezve legyen. <\/p>\n<div class=\"newlinediv\"><\/div>\n<p> 6. Megpr\u00f3b\u00e1lhatja friss\u00edteni a kamera illeszt\u0151programjait is, vagy tov\u00e1bbi seg\u00edts\u00e9g\u00e9rt fordulhat a Dell \u00fcgyf\u00e9lszolg\u00e1lat\u00e1hoz. <\/p>\n<div class=\"newlinediv\"><\/div>\n<p> Ha k\u00f6veti ezeket a l\u00e9p\u00e9seket, akkor be kell tudnia kapcsolni a Dell monitor be\u00e9p\u00edtett kamer\u00e1j\u00e1t, \u00e9s elkezdheti haszn\u00e1lni videoh\u00edv\u00e1sokhoz, f\u00e9nyk\u00e9pek k\u00e9sz\u00edt\u00e9s\u00e9hez vagy m\u00e1s alkalmaz\u00e1sokhoz. <\/p>\n<\/div>\n<div class=\"question\">\n<div class=\"qtitle\"> Hogyan f\u00e9rhetek hozz\u00e1 a Dell webkamera BIOS-\u00e1hoz?<\/div>\n<p> A Dell Webkamera BIOS-hoz val\u00f3 hozz\u00e1f\u00e9r\u00e9shez n\u00e9h\u00e1ny l\u00e9p\u00e9st kell k\u00f6vetnie: <\/p>\n<div class=\"newlinediv\"><\/div>\n<p> 1. Kapcsolja be a Dell sz\u00e1m\u00edt\u00f3g\u00e9pet. <\/p>\n<div class=\"newlinediv\"><\/div>\n<p> 2. Nyomja meg t\u00f6bbsz\u00f6r az &#8222;F2&#8221; billenty\u0171t a rendszerind\u00edt\u00e1s sor\u00e1n, hogy bel\u00e9pjen a BIOS be\u00e1ll\u00edt\u00e1si seg\u00e9dprogramba. <\/p>\n<div class=\"newlinediv\"><\/div>\n<p> 3. A ny\u00edlbillenty\u0171kkel navig\u00e1ljon az &#8222;Integr\u00e1lt perif\u00e9ri\u00e1k&#8221; vagy a &#8222;Speci\u00e1lis&#8221; men\u00fcponthoz. <\/p>\n<div class=\"newlinediv\"><\/div>\n<p> 4. V\u00e1lassza ki az &#8222;Integr\u00e1lt kamera&#8221; vagy a &#8222;Webkamera&#8221; lehet\u0151s\u00e9get a lehet\u0151s\u00e9gek list\u00e1j\u00e1b\u00f3l. <\/p>\n<div class=\"newlinediv\"><\/div>\n<p> 5. Ha sz\u00fcks\u00e9ges, enged\u00e9lyezze a kamer\u00e1t a leg\u00f6rd\u00fcl\u0151 men\u00fcb\u0151l az &#8222;Enable&#8221; (Enged\u00e9lyez\u00e9s) lehet\u0151s\u00e9g kiv\u00e1laszt\u00e1s\u00e1val. <\/p>\n<div class=\"newlinediv\"><\/div>\n<p> 6. Mentse a m\u00f3dos\u00edt\u00e1sokat, \u00e9s l\u00e9pjen ki a BIOS be\u00e1ll\u00edt\u00e1si seg\u00e9dprogramb\u00f3l az &#8222;F10&#8221; billenty\u0171 lenyom\u00e1s\u00e1val. <\/p>\n<div class=\"newlinediv\"><\/div>\n<p> 7. A v\u00e1ltoztat\u00e1sok alkalmaz\u00e1s\u00e1hoz ind\u00edtsa \u00fajra a Dell sz\u00e1m\u00edt\u00f3g\u00e9pet. <\/p>\n<div class=\"newlinediv\"><\/div>\n<p> Miut\u00e1n bel\u00e9pett a Dell Webkamera BIOS-ba, be\u00e1ll\u00edthatja a kamer\u00e1val kapcsolatos k\u00fcl\u00f6nb\u00f6z\u0151 be\u00e1ll\u00edt\u00e1sokat, p\u00e9ld\u00e1ul a k\u00e9pmin\u0151s\u00e9get, a felbont\u00e1st \u00e9s a sz\u00ednegyens\u00falyt. Emellett a webkamer\u00e1val kapcsolatban felmer\u00fcl\u0151 probl\u00e9m\u00e1kat is orvosolhatja. Fontos megjegyezni, hogy a Dell Webkamera BIOS-hoz val\u00f3 hozz\u00e1f\u00e9r\u00e9s l\u00e9p\u00e9sei a Dell sz\u00e1m\u00edt\u00f3g\u00e9p konkr\u00e9t modellj\u00e9t\u0151l \u00e9s verzi\u00f3j\u00e1t\u00f3l f\u00fcgg\u0151en v\u00e1ltozhatnak. Ha nem biztos a l\u00e9p\u00e9sek valamelyik\u00e9ben, vagy b\u00e1rmilyen probl\u00e9ma mer\u00fcl fel, olvassa el a felhaszn\u00e1l\u00f3i k\u00e9zik\u00f6nyvet, vagy forduljon seg\u00edts\u00e9g\u00e9rt a Dell \u00fcgyf\u00e9lszolg\u00e1lat\u00e1hoz. <\/p>\n<\/div>\n<div class=\"question\">\n<div class=\"qtitle\"> Hogyan enged\u00e9lyezhetem a be\u00e9p\u00edtett kamer\u00e1t?<\/div>\n<p> A k\u00e9sz\u00fcl\u00e9k integr\u00e1lt kamer\u00e1j\u00e1nak enged\u00e9lyez\u00e9se az \u00d6n \u00e1ltal haszn\u00e1lt oper\u00e1ci\u00f3s rendszert\u0151l f\u00fcgg\u0151en v\u00e1ltozhat. Az al\u00e1bbi l\u00e9p\u00e9sekkel enged\u00e9lyezheti az integr\u00e1lt kamer\u00e1t n\u00e9h\u00e1ny n\u00e9pszer\u0171 oper\u00e1ci\u00f3s rendszeren: <\/p>\n<div class=\"newlinediv\"><\/div>\n<p> Windows 10: <\/p>\n<div class=\"newlinediv\"><\/div>\n<p> 1. Kattintson a Windows ikonra a t\u00e1lc\u00e1n, \u00e9s v\u00e1lassza a Be\u00e1ll\u00edt\u00e1sok lehet\u0151s\u00e9get. <\/p>\n<div class=\"newlinediv\"><\/div>\n<p> 2. V\u00e1lassza az Adatv\u00e9delem lehet\u0151s\u00e9get. <\/p>\n<div class=\"newlinediv\"><\/div>\n<p> 3. G\u00f6rgessen le az Alkalmaz\u00e1senged\u00e9lyek r\u00e9szhez, \u00e9s kattintson a Kamer\u00e1ra. <\/p>\n<div class=\"newlinediv\"><\/div>\n<p> 4. Kapcsolja be a kapcsol\u00f3t az Alkalmaz\u00e1sok hozz\u00e1f\u00e9r\u00e9s\u00e9nek enged\u00e9lyez\u00e9se a kamer\u00e1hoz pont alatt. <\/p>\n<div class=\"newlinediv\"><\/div>\n<p> 5. G\u00f6rgessen lefel\u00e9 a Choose which Microsoft Store apps can access your camera szakaszhoz, \u00e9s kapcsolja a kapcsol\u00f3t On (Be) \u00e1ll\u00e1sba azokn\u00e1l az alkalmaz\u00e1sokn\u00e1l, amelyekkel haszn\u00e1lni szeretn\u00e9 a kamer\u00e1t. <\/p>\n<div class=\"newlinediv\"><\/div>\n<p> MacOS: <\/p>\n<div class=\"newlinediv\"><\/div>\n<p> 1. Kattintson a k\u00e9perny\u0151 bal fels\u0151 sark\u00e1ban l\u00e9v\u0151 Apple ikonra, \u00e9s v\u00e1lassza a Rendszerbe\u00e1ll\u00edt\u00e1sok lehet\u0151s\u00e9get. <\/p>\n<div class=\"newlinediv\"><\/div>\n<p> 2. V\u00e1lassza a Biztons\u00e1g \u00e9s adatv\u00e9delem lehet\u0151s\u00e9get. <\/p>\n<div class=\"newlinediv\"><\/div>\n<p> 3. Kattintson az Adatv\u00e9delem f\u00fclre. <\/p>\n<div class=\"newlinediv\"><\/div>\n<p> 4. V\u00e1lassza ki a bal oldals\u00e1vban a Kamera lehet\u0151s\u00e9get. <\/p>\n<div class=\"newlinediv\"><\/div>\n<p> 5. Jel\u00f6lje be a jel\u00f6l\u0151n\u00e9gyzetet a kamer\u00e1t haszn\u00e1lni k\u00edv\u00e1nt alkalmaz\u00e1s mellett. <\/p>\n<div class=\"newlinediv\"><\/div>\n<p> iOS: <\/p>\n<div class=\"newlinediv\"><\/div>\n<p> 1. Menjen a k\u00e9sz\u00fcl\u00e9k\u00e9n a Be\u00e1ll\u00edt\u00e1sok men\u00fcpontba. <\/p>\n<div class=\"newlinediv\"><\/div>\n<p> 2. V\u00e1lassza az Adatv\u00e9delem lehet\u0151s\u00e9get. <\/p>\n<div class=\"newlinediv\"><\/div>\n<p> 3. V\u00e1lassza ki a Kamera lehet\u0151s\u00e9get. <\/p>\n<div class=\"newlinediv\"><\/div>\n<p> 4. Kapcsolja be a kapcsol\u00f3t azokn\u00e1l az alkalmaz\u00e1sokn\u00e1l, amelyekkel a kamer\u00e1t haszn\u00e1lni szeretn\u00e9. <\/p>\n<div class=\"newlinediv\"><\/div>\n<p> Android: <\/p>\n<div class=\"newlinediv\"><\/div>\n<p> 1. V\u00e1lassza a k\u00e9sz\u00fcl\u00e9k be\u00e1ll\u00edt\u00e1sait. <\/p>\n<div class=\"newlinediv\"><\/div>\n<p> 2. V\u00e1lassza az Alkalmaz\u00e1sok \u00e9s \u00e9rtes\u00edt\u00e9sek lehet\u0151s\u00e9get. <\/p>\n<div class=\"newlinediv\"><\/div>\n<p> 3. V\u00e1lassza ki azt az alkalmaz\u00e1st, amellyel a kamer\u00e1t haszn\u00e1lni szeretn\u00e9. <\/p>\n<div class=\"newlinediv\"><\/div>\n<p> 4. V\u00e1lassza ki az Enged\u00e9lyek lehet\u0151s\u00e9get. <\/p>\n<div class=\"newlinediv\"><\/div>\n<p> 5. Kapcsolja a kapcsol\u00f3t a Kamera eset\u00e9ben Be. <\/p>\n<div class=\"newlinediv\"><\/div>\n<p> Fontos megjegyezni, hogy egyes k\u00e9sz\u00fcl\u00e9keken elt\u00e9r\u0151 be\u00e1ll\u00edt\u00e1sok vagy lehet\u0151s\u00e9gek lehetnek a kamera enged\u00e9lyez\u00e9s\u00e9re. Ilyen esetekben aj\u00e1nlott a k\u00e9sz\u00fcl\u00e9k k\u00e9zik\u00f6nyv\u00e9ben t\u00e1j\u00e9koz\u00f3dni, vagy az \u00fcgyf\u00e9lszolg\u00e1lathoz fordulni seg\u00edts\u00e9g\u00e9rt.<\/p>\n<\/div>\n<\/div>\n","protected":false},"excerpt":{"rendered":"<p>A Dell laptopok az egyik legmegb\u00edzhat\u00f3bb m\u00e1rka a piacon. Nagyszer\u0171 teljes\u00edtm\u00e9nyt, eleg\u00e1ns kialak\u00edt\u00e1st \u00e9s sz\u00e1mos funkci\u00f3t k\u00edn\u00e1lnak. Az egyik olyan funkci\u00f3, amelyet a legt\u00f6bb felhaszn\u00e1l\u00f3 praktikusnak tal\u00e1l, a be\u00e9p\u00edtett webkamera. N\u00e9h\u00e1ny felhaszn\u00e1l\u00f3 sz\u00e1m\u00e1ra azonban kih\u00edv\u00e1st jelenthet a webkamera be\u00e1ll\u00edt\u00e1sainak el\u00e9r\u00e9se. Ebben az \u00fatmutat\u00f3ban v\u00e9gigvezetj\u00fck \u00d6nt a Dell integr\u00e1lt webkamera be\u00e1ll\u00edt\u00e1sainak megnyit\u00e1s\u00e1hoz sz\u00fcks\u00e9ges l\u00e9p\u00e9seken. 1. l\u00e9p\u00e9s: &#8230; <a title=\"A Dell rejtett kamer\u00e1j\u00e1nak titk\u00e1nak felt\u00e1r\u00e1sa: \u00datmutat\u00f3 a Dell integr\u00e1lt webkamera be\u00e1ll\u00edt\u00e1sainak megnyit\u00e1s\u00e1hoz\" class=\"read-more\" href=\"https:\/\/megnyitasa.com\/tudas\/a-dell-rejtett-kamerajanak-titkanak-feltarasa-utmutato-a-dell-integralt-webkamera-beallitasainak-megnyitasahoz\/\" aria-label=\"Read more about A Dell rejtett kamer\u00e1j\u00e1nak titk\u00e1nak felt\u00e1r\u00e1sa: \u00datmutat\u00f3 a Dell integr\u00e1lt webkamera be\u00e1ll\u00edt\u00e1sainak megnyit\u00e1s\u00e1hoz\">Read more<\/a><\/p>\n","protected":false},"author":2898,"featured_media":0,"comment_status":"closed","ping_status":"closed","sticky":false,"template":"","format":"standard","meta":{"footnotes":""},"categories":[5],"tags":[],"class_list":["post-4765","post","type-post","status-publish","format-standard","hentry","category-uj-vallalkozas-letrehozasa"],"_links":{"self":[{"href":"https:\/\/megnyitasa.com\/tudas\/wp-json\/wp\/v2\/posts\/4765","targetHints":{"allow":["GET"]}}],"collection":[{"href":"https:\/\/megnyitasa.com\/tudas\/wp-json\/wp\/v2\/posts"}],"about":[{"href":"https:\/\/megnyitasa.com\/tudas\/wp-json\/wp\/v2\/types\/post"}],"author":[{"embeddable":true,"href":"https:\/\/megnyitasa.com\/tudas\/wp-json\/wp\/v2\/users\/2898"}],"replies":[{"embeddable":true,"href":"https:\/\/megnyitasa.com\/tudas\/wp-json\/wp\/v2\/comments?post=4765"}],"version-history":[{"count":0,"href":"https:\/\/megnyitasa.com\/tudas\/wp-json\/wp\/v2\/posts\/4765\/revisions"}],"wp:attachment":[{"href":"https:\/\/megnyitasa.com\/tudas\/wp-json\/wp\/v2\/media?parent=4765"}],"wp:term":[{"taxonomy":"category","embeddable":true,"href":"https:\/\/megnyitasa.com\/tudas\/wp-json\/wp\/v2\/categories?post=4765"},{"taxonomy":"post_tag","embeddable":true,"href":"https:\/\/megnyitasa.com\/tudas\/wp-json\/wp\/v2\/tags?post=4765"}],"curies":[{"name":"wp","href":"https:\/\/api.w.org\/{rel}","templated":true}]}}