{"id":4777,"date":"2023-04-24T00:00:00","date_gmt":"2023-04-24T00:00:00","guid":{"rendered":"https:\/\/megnyitasa.com\/tudas\/a-microsoft-word-frissitese-microsoft-word-eloszor-a-regi-verziot-kell-eltavolitani\/"},"modified":"2023-04-24T00:00:00","modified_gmt":"2023-04-24T00:00:00","slug":"a-microsoft-word-frissitese-microsoft-word-eloszor-a-regi-verziot-kell-eltavolitani","status":"publish","type":"post","link":"https:\/\/megnyitasa.com\/tudas\/a-microsoft-word-frissitese-microsoft-word-eloszor-a-regi-verziot-kell-eltavolitani\/","title":{"rendered":"A Microsoft Word friss\u00edt\u00e9se: Microsoft Word: El\u0151sz\u00f6r a r\u00e9gi verzi\u00f3t kell elt\u00e1vol\u00edtani?"},"content":{"rendered":"<div class=\"articlecontent\">\n<div class=\"newlinediv\"><\/div>\n<p> A Microsoft Word \u00fajabb verzi\u00f3j\u00e1ra t\u00f6rt\u00e9n\u0151 friss\u00edt\u00e9skor a felhaszn\u00e1l\u00f3k egyik leggyakoribb k\u00e9rd\u00e9se, hogy el\u0151sz\u00f6r a r\u00e9gi verzi\u00f3t kell-e elt\u00e1vol\u00edtaniuk. B\u00e1r a v\u00e1lasz a Word adott verzi\u00f3j\u00e1t\u00f3l \u00e9s az egy\u00e9ni k\u00f6r\u00fclm\u00e9nyekt\u0151l f\u00fcgg\u0151en v\u00e1ltozhat, van n\u00e9h\u00e1ny k\u00f6vetend\u0151 \u00e1ltal\u00e1nos ir\u00e1nyelv, amely seg\u00edthet a helyes d\u00f6nt\u00e9s meghozatal\u00e1ban. <\/p>\n<div class=\"newlinediv\"><\/div>\n<p> El\u0151sz\u00f6r is fontos megjegyezni, hogy nem felt\u00e9tlen\u00fcl kell elt\u00e1vol\u00edtania a Word r\u00e9gi verzi\u00f3j\u00e1t az \u00faj verzi\u00f3 telep\u00edt\u00e9se el\u0151tt. Val\u00f3j\u00e1ban sok felhaszn\u00e1l\u00f3 \u00fagy tal\u00e1lja, hogy egyszer\u0171en telep\u00edtheti az \u00faj verzi\u00f3t a r\u00e9gi verzi\u00f3 &#8222;tetej\u00e9re&#8221; minden probl\u00e9ma n\u00e9lk\u00fcl. Ez k\u00e9nyelmes \u00e9s id\u0151takar\u00e9kos megold\u00e1s lehet, mivel lehet\u0151v\u00e9 teszi a megl\u00e9v\u0151 be\u00e1ll\u00edt\u00e1sok \u00e9s preferenci\u00e1k meg\u0151rz\u00e9s\u00e9t. <\/p>\n<div class=\"newlinediv\"><\/div>\n<p> Vannak azonban olyan helyzetek, amikor a Word r\u00e9gi verzi\u00f3j\u00e1nak elt\u00e1vol\u00edt\u00e1sa sz\u00fcks\u00e9ges lehet. Ha p\u00e9ld\u00e1ul probl\u00e9m\u00e1i vannak a r\u00e9gi verzi\u00f3val, vagy ha egy l\u00e9nyegesen \u00fajabb verzi\u00f3ra friss\u00edt, amely esetleg nem kompatibilis a r\u00e9gebbivel, akkor lehet, hogy el\u0151sz\u00f6r az elt\u00e1vol\u00edt\u00e1s a legjobb megold\u00e1s. Ezenk\u00edv\u00fcl, ha fogyt\u00e1n van a lemezter\u00fclet, vagy ha egyszer\u0171en csak szeretn\u00e9 megtiszt\u00edtani a rendszer\u00e9t, a r\u00e9gi verzi\u00f3 elt\u00e1vol\u00edt\u00e1sa j\u00f3 megold\u00e1s lehet. <\/p>\n<div class=\"newlinediv\"><\/div>\n<p> Ha \u00fagy d\u00f6nt, hogy el\u0151sz\u00f6r a Word r\u00e9gi verzi\u00f3j\u00e1t t\u00e1vol\u00edtja el, fontos, hogy el\u0151zetesen biztons\u00e1gi m\u00e1solatot k\u00e9sz\u00edtsen a fontos dokumentumokr\u00f3l \u00e9s be\u00e1ll\u00edt\u00e1sokr\u00f3l. Ez seg\u00edthet elker\u00fclni, hogy az elt\u00e1vol\u00edt\u00e1si folyamat sor\u00e1n fontos adatok vagy be\u00e1ll\u00edt\u00e1sok vesszenek el. Ezenk\u00edv\u00fcl \u00e9rdemes megfontolni egy erre a c\u00e9lra kifejlesztett elt\u00e1vol\u00edt\u00f3 eszk\u00f6z haszn\u00e1lat\u00e1t, amely seg\u00edt abban, hogy a r\u00e9gi verzi\u00f3 minden nyom\u00e1t teljes m\u00e9rt\u00e9kben elt\u00e1vol\u00edtsa a rendszerb\u0151l. <\/p>\n<div class=\"newlinediv\"><\/div>\n<p> \u00d6sszefoglalva, az, hogy a Microsoft Word r\u00e9gi verzi\u00f3j\u00e1nak elt\u00e1vol\u00edt\u00e1sa sz\u00fcks\u00e9ges-e az \u00faj verzi\u00f3 telep\u00edt\u00e9se el\u0151tt, sz\u00e1mos t\u00e9nyez\u0151t\u0151l f\u00fcgg. B\u00e1r gyakran lehets\u00e9ges egyszer\u0171en telep\u00edteni az \u00faj verzi\u00f3t a r\u00e9gi f\u00f6l\u00e9, el\u0151fordulhatnak olyan helyzetek, amikor a legjobb, ha el\u0151bb elt\u00e1vol\u00edtja. Az egyes megk\u00f6zel\u00edt\u00e9sek el\u0151nyeinek \u00e9s h\u00e1tr\u00e1nyainak m\u00e9rlegel\u00e9s\u00e9vel \u00e9s a sz\u00fcks\u00e9ges \u00f3vint\u00e9zked\u00e9sek megt\u00e9tel\u00e9vel z\u00f6kken\u0151mentes \u00e9s sikeres friss\u00edt\u00e9st biztos\u00edthat a Microsoft Word leg\u00fajabb verzi\u00f3j\u00e1ra.<\/p><\/div>\n<div class=\"questions\">\n<div class=\"questionstitle\">FAQ<\/div>\n<div class=\"question\">\n<div class=\"qtitle\"> Elt\u00e1vol\u00edtsam a Microsoft Office r\u00e9gi verzi\u00f3it?<\/div>\n<p> Igen, aj\u00e1nlott a Microsoft Office r\u00e9gi verzi\u00f3inak elt\u00e1vol\u00edt\u00e1sa az \u00faj verzi\u00f3 telep\u00edt\u00e9se el\u0151tt. Ennek oka, hogy az Office t\u00f6bb verzi\u00f3j\u00e1nak ugyanazon a sz\u00e1m\u00edt\u00f3g\u00e9pen val\u00f3 telep\u00edt\u00e9se konfliktusokat \u00e9s kompatibilit\u00e1si probl\u00e9m\u00e1kat okozhat, ami hib\u00e1khoz \u00e9s teljes\u00edtm\u00e9nyprobl\u00e9m\u00e1khoz vezethet. Ezenk\u00edv\u00fcl az Office t\u00f6bb verzi\u00f3j\u00e1nak telep\u00edt\u00e9se \u00e9rt\u00e9kes t\u00e1rhelyet foglalhat a sz\u00e1m\u00edt\u00f3g\u00e9pen. <\/p>\n<div class=\"newlinediv\"><\/div>\n<p> Az Office r\u00e9gi verzi\u00f3j\u00e1nak elt\u00e1vol\u00edt\u00e1sa el\u0151tt fontos gondoskodni arr\u00f3l, hogy minden fontos f\u00e1jl \u00e9s adat ment\u00e9sre \u00e9s biztons\u00e1gi ment\u00e9sre ker\u00fclj\u00f6n. Meg kell gy\u0151z\u0151dnie arr\u00f3l is, hogy rendelkezik-e a telep\u00edteni k\u00edv\u00e1nt \u00faj Office-verzi\u00f3 telep\u00edt\u0151m\u00e9di\u00e1j\u00e1val vagy term\u00e9kkulcs\u00e1val. Ha ezt megtette, a Vez\u00e9rl\u0151pult vagy a Microsoft \u00e1ltal biztos\u00edtott speci\u00e1lis elt\u00e1vol\u00edt\u00f3 eszk\u00f6z seg\u00edts\u00e9g\u00e9vel elt\u00e1vol\u00edthatja az Office r\u00e9gi verzi\u00f3j\u00e1t. <\/p>\n<div class=\"newlinediv\"><\/div>\n<p> \u00c9rdemes megjegyezni azt is, hogy egyes szervezeteknek speci\u00e1lis szab\u00e1lyzata vagy elj\u00e1r\u00e1sa lehet a szoftverek telep\u00edt\u00e9s\u00e9re \u00e9s elt\u00e1vol\u00edt\u00e1s\u00e1ra vonatkoz\u00f3an. Ha bizonytalan az Office r\u00e9gi verzi\u00f3j\u00e1nak elt\u00e1vol\u00edt\u00e1s\u00e1val vagy annak m\u00f3dj\u00e1val kapcsolatban, forduljon az informatikai oszt\u00e1ly\u00e1hoz vagy egy k\u00e9pzett m\u0171szaki t\u00e1mogat\u00f3 szakemberhez. <\/p>\n<\/div>\n<div class=\"question\">\n<div class=\"qtitle\"> Telep\u00edthetek 2 Microsoft Office-verzi\u00f3t?<\/div>\n<p> Igen, lehets\u00e9ges, hogy a Microsoft Office 2 verzi\u00f3ja is telep\u00edtve legyen a sz\u00e1m\u00edt\u00f3g\u00e9p\u00e9n. Fontos azonban megjegyezni, hogy az Office t\u00f6bb verzi\u00f3j\u00e1nak telep\u00edt\u00e9se konfliktusokhoz \u00e9s kompatibilit\u00e1si probl\u00e9m\u00e1khoz vezethet. Ha p\u00e9ld\u00e1ul a Microsoft Word k\u00e9t verzi\u00f3ja van telep\u00edtve, \u00e9s az egyik verzi\u00f3ban megpr\u00f3b\u00e1l megnyitni egy olyan dokumentumot, amelyet a m\u00e1sik verzi\u00f3ban k\u00e9sz\u00edtett, el\u0151fordulhat, hogy a dokumentum nem ny\u00edlik meg megfelel\u0151en, vagy egyes form\u00e1z\u00e1sok elveszhetnek. <\/p>\n<div class=\"newlinediv\"><\/div>\n<p> Ha m\u00e9gis \u00fagy d\u00f6nt, hogy az Office t\u00f6bb verzi\u00f3j\u00e1t telep\u00edti, aj\u00e1nlott k\u00fcl\u00f6n k\u00f6nyvt\u00e1rakba telep\u00edteni \u0151ket, \u00e9s elker\u00fclni, hogy az egyik verzi\u00f3ban l\u00e9trehozott f\u00e1jlokat a m\u00e1sik verzi\u00f3val nyissa meg. Emellett fontos biztos\u00edtani, hogy a sz\u00e1m\u00edt\u00f3g\u00e9p megfeleljen az Office mindk\u00e9t verzi\u00f3j\u00e1nak rendszerk\u00f6vetelm\u00e9nyeinek. <\/p>\n<div class=\"newlinediv\"><\/div>\n<p> V\u00e9gs\u0151 soron hat\u00e9konyabb \u00e9s kev\u00e9sb\u00e9 probl\u00e9m\u00e1s lehet az Office egyik verzi\u00f3j\u00e1nak elt\u00e1vol\u00edt\u00e1sa a m\u00e1sik telep\u00edt\u00e9se el\u0151tt, k\u00fcl\u00f6n\u00f6sen akkor, ha nem haszn\u00e1lja gyakran mindk\u00e9t verzi\u00f3t. <\/p>\n<\/div>\n<div class=\"question\">\n<div class=\"qtitle\"> Elt\u00e1vol\u00edtsam az Office 2010-et az Office 2019 telep\u00edt\u00e9se el\u0151tt?<\/div>\n<p> Igen, az Office 2019 telep\u00edt\u00e9se el\u0151tt aj\u00e1nlott az Office 2010 elt\u00e1vol\u00edt\u00e1sa. Ennek oka, hogy az Office k\u00e9t verzi\u00f3j\u00e1nak ugyanazon a sz\u00e1m\u00edt\u00f3g\u00e9pen val\u00f3 telep\u00edt\u00e9se konfliktusokat \u00e9s hib\u00e1kat okozhat. Ezenk\u00edv\u00fcl az Office r\u00e9gi verzi\u00f3j\u00e1nak elt\u00e1vol\u00edt\u00e1s\u00e1val lemezter\u00fcletet is felszabad\u00edthat, \u00e9s jav\u00edthatja a sz\u00e1m\u00edt\u00f3g\u00e9p teljes\u00edtm\u00e9ny\u00e9t. <\/p>\n<div class=\"newlinediv\"><\/div>\n<p> Az Office 2010 elt\u00e1vol\u00edt\u00e1sa el\u0151tt fontos meggy\u0151z\u0151dnie arr\u00f3l, hogy minden f\u00e1jlt \u00e9s be\u00e1ll\u00edt\u00e1st elmentett. F\u00e1jljair\u00f3l biztons\u00e1gi m\u00e1solatot k\u00e9sz\u00edthet egy k\u00fcls\u0151 merevlemezre vagy felh\u0151alap\u00fa t\u00e1rhelyszolg\u00e1ltat\u00e1sra, hogy ne vesz\u00edtse el a fontos adatokat. <\/p>\n<div class=\"newlinediv\"><\/div>\n<p> Miut\u00e1n biztons\u00e1gi ment\u00e9st k\u00e9sz\u00edtett a f\u00e1jljair\u00f3l, folytathatja az elt\u00e1vol\u00edt\u00e1si folyamatot. Ehhez l\u00e9pjen a sz\u00e1m\u00edt\u00f3g\u00e9p Vez\u00e9rl\u0151pultj\u00e1ra, \u00e9s v\u00e1lassza a &#8222;Programok \u00e9s funkci\u00f3k&#8221; men\u00fcpontot. Keresse meg a Microsoft Office 2010-et a telep\u00edtett programok list\u00e1j\u00e1ban, \u00e9s kattintson az &#8222;Elt\u00e1vol\u00edt\u00e1s&#8221; gombra. K\u00f6vesse a k\u00e9perny\u0151n megjelen\u0151 utas\u00edt\u00e1sokat az elt\u00e1vol\u00edt\u00e1si folyamat befejez\u00e9s\u00e9hez. <\/p>\n<div class=\"newlinediv\"><\/div>\n<p> Az Office 2010 elt\u00e1vol\u00edt\u00e1sa ut\u00e1n folytathatja az Office 2019 telep\u00edt\u00e9s\u00e9t. Javasoljuk, hogy a Microsoft Office elt\u00e1vol\u00edt\u00f3 eszk\u00f6zzel t\u00e1vol\u00edtsa el a megmaradt f\u00e1jlokat \u00e9s a rendszerle\u00edr\u00f3 adatb\u00e1zis-bejegyz\u00e9seket a sz\u00e1m\u00edt\u00f3g\u00e9p\u00e9r\u0151l. Ez az eszk\u00f6z let\u00f6lthet\u0151 a Microsoft webhely\u00e9r\u0151l. <\/p>\n<div class=\"newlinediv\"><\/div>\n<p> \u00d6sszefoglalva, a konfliktusok \u00e9s hib\u00e1k elker\u00fcl\u00e9se \u00e9rdek\u00e9ben a legjobb gyakorlat az Office 2010 elt\u00e1vol\u00edt\u00e1sa az Office 2019 telep\u00edt\u00e9se el\u0151tt. Az elt\u00e1vol\u00edt\u00e1s el\u0151tt mindenk\u00e9ppen k\u00e9sz\u00edtsen biztons\u00e1gi m\u00e1solatot a f\u00e1jljair\u00f3l, \u00e9s a Microsoft Office elt\u00e1vol\u00edt\u00f3 eszk\u00f6zzel t\u00e1vol\u00edtsa el a megmaradt f\u00e1jlokat \u00e9s rendszerle\u00edr\u00f3 adatb\u00e1zis-bejegyz\u00e9seket.<\/p>\n<\/div>\n<\/div>\n","protected":false},"excerpt":{"rendered":"<p>A Microsoft Word \u00fajabb verzi\u00f3j\u00e1ra t\u00f6rt\u00e9n\u0151 friss\u00edt\u00e9skor a felhaszn\u00e1l\u00f3k egyik leggyakoribb k\u00e9rd\u00e9se, hogy el\u0151sz\u00f6r a r\u00e9gi verzi\u00f3t kell-e elt\u00e1vol\u00edtaniuk. B\u00e1r a v\u00e1lasz a Word adott verzi\u00f3j\u00e1t\u00f3l \u00e9s az egy\u00e9ni k\u00f6r\u00fclm\u00e9nyekt\u0151l f\u00fcgg\u0151en v\u00e1ltozhat, van n\u00e9h\u00e1ny k\u00f6vetend\u0151 \u00e1ltal\u00e1nos ir\u00e1nyelv, amely seg\u00edthet a helyes d\u00f6nt\u00e9s meghozatal\u00e1ban. El\u0151sz\u00f6r is fontos megjegyezni, hogy nem felt\u00e9tlen\u00fcl kell elt\u00e1vol\u00edtania a Word r\u00e9gi &#8230; <a title=\"A Microsoft Word friss\u00edt\u00e9se: Microsoft Word: El\u0151sz\u00f6r a r\u00e9gi verzi\u00f3t kell elt\u00e1vol\u00edtani?\" class=\"read-more\" href=\"https:\/\/megnyitasa.com\/tudas\/a-microsoft-word-frissitese-microsoft-word-eloszor-a-regi-verziot-kell-eltavolitani\/\" aria-label=\"Read more about A Microsoft Word friss\u00edt\u00e9se: Microsoft Word: El\u0151sz\u00f6r a r\u00e9gi verzi\u00f3t kell elt\u00e1vol\u00edtani?\">Read more<\/a><\/p>\n","protected":false},"author":2900,"featured_media":0,"comment_status":"closed","ping_status":"closed","sticky":false,"template":"","format":"standard","meta":{"footnotes":""},"categories":[32],"tags":[],"class_list":["post-4777","post","type-post","status-publish","format-standard","hentry","category-humaneroforras"],"_links":{"self":[{"href":"https:\/\/megnyitasa.com\/tudas\/wp-json\/wp\/v2\/posts\/4777","targetHints":{"allow":["GET"]}}],"collection":[{"href":"https:\/\/megnyitasa.com\/tudas\/wp-json\/wp\/v2\/posts"}],"about":[{"href":"https:\/\/megnyitasa.com\/tudas\/wp-json\/wp\/v2\/types\/post"}],"author":[{"embeddable":true,"href":"https:\/\/megnyitasa.com\/tudas\/wp-json\/wp\/v2\/users\/2900"}],"replies":[{"embeddable":true,"href":"https:\/\/megnyitasa.com\/tudas\/wp-json\/wp\/v2\/comments?post=4777"}],"version-history":[{"count":0,"href":"https:\/\/megnyitasa.com\/tudas\/wp-json\/wp\/v2\/posts\/4777\/revisions"}],"wp:attachment":[{"href":"https:\/\/megnyitasa.com\/tudas\/wp-json\/wp\/v2\/media?parent=4777"}],"wp:term":[{"taxonomy":"category","embeddable":true,"href":"https:\/\/megnyitasa.com\/tudas\/wp-json\/wp\/v2\/categories?post=4777"},{"taxonomy":"post_tag","embeddable":true,"href":"https:\/\/megnyitasa.com\/tudas\/wp-json\/wp\/v2\/tags?post=4777"}],"curies":[{"name":"wp","href":"https:\/\/api.w.org\/{rel}","templated":true}]}}